{"id":448499,"date":"2026-04-17T15:18:07","date_gmt":"2026-04-17T18:18:07","guid":{"rendered":"https:\/\/portaltela.pt\/noticias\/2026\/04\/17\/benfica-precisa-eliminar-o-aguas-santas-para-salvar-a-epoca-nas-meias-da-taca\/"},"modified":"2026-04-17T15:18:07","modified_gmt":"2026-04-17T18:18:07","slug":"benfica-precisa-eliminar-o-aguas-santas-para-salvar-a-epoca-nas-meias-da-taca","status":"publish","type":"post","link":"https:\/\/portaltela.pt\/desporto\/futebol\/2026\/04\/17\/benfica-precisa-eliminar-o-aguas-santas-para-salvar-a-epoca-nas-meias-da-taca\/","title":{"rendered":"Benfica precisa eliminar o \u00c1guas Santas para salvar a \u00e9poca nas meias da Ta\u00e7a"},"content":{"rendered":"<p>O Benfica est\u00e1 a disputar as meias-finais da Ta\u00e7a de Portugal de andebol na tentativa de salvar a temporada, ap\u00f3s ter visto o sonho do t\u00edtulo nacional ficar mais distante. A equipa precisa de vencer a eliminat\u00f3ria em duas m\u00e3os para chegar \u00e0 final, marcada para 7 de junho.<\/p>\n<p>Na Maia, os encarnados perderam por tr\u00eas golos de diferen\u00e7a na primeira m\u00e3o (31-28) e chegam com uma desvantagem que obrigar\u00e1 a uma vit\u00f3ria por mais de tr\u00eas golos no jogo da Luz, este s\u00e1bado \u00e0s 20h30. A equipa precisa de reagir de imediato para evitar a elimina\u00e7\u00e3o.<\/p>\n<p>Na ter\u00e7a-feira, o foco manteve-se firme entre os jogadores, que reconhecem a import\u00e2ncia da eliminat\u00f3ria para a \u00e9poca. O objetivo \u00e9 mostrar a grandeza do emblema desde o primeiro minuto, numa resposta que obrigue o advers\u00e1rio a seguir a toada do Benfica at\u00e9 ao final do encontro.<\/p>\n<h3>Desloca\u00e7\u00e3o e prepara\u00e7\u00e3o<\/h3>\n<p>Antes da segunda m\u00e3o, o Benfica mant\u00e9m a concentra\u00e7\u00e3o no que pode ser feito em casa, onde tem a oportunidade de reverter o resultado. A equipa tem de manter equil\u00edbrio defensivo e explorar as oportunidades de contra-ataque para aumentar o ritmo do jogo.<\/p>\n<h3>Coment\u00e1rios de refer\u00eancia<\/h3>\n<p>Do lado do opositor, o \u00c1guas Santas chega \u00e0 Luz com o foco em consolidar a vantagem constru\u00edda em casa. A equipa espera manter o n\u00edvel de intensidade e defender em conjunto para evitar surpresas no terreno do advers\u00e1rio.<\/p>\n<h3>Perspetivas para a final<\/h3>\n<p>Caso avance, o Benfica disputar\u00e1 a final da Ta\u00e7a de Portugal no dia 7 de junho. A equipa pretende manter o esp\u00edrito competitivo e o apoio da bancada para alcan\u00e7ar o objetivo sem concess\u00f5es.<\/p>\n","protected":false},"excerpt":{"rendered":"<ul>\n<li>Benfica precisa de inverter a desvantagem de tr\u00eas golos frente ao \u00c1guas Santas na segunda m\u00e3o, este s\u00e1bado, \u00e0s 20h30, na Luz.<\/li>\n<li>O objetivo \u00e9 chegar \u00e0 final da Ta\u00e7a de Portugal de andebol, marcada para o dia 7 de junho.<\/li>\n<li>Na Maia, as \u00c1guias foram derrotadas por 31-28, o que deixa a eliminat\u00f3ria em aberto.<\/li>\n<li>O piv\u00f4 Javi Rodr\u00edguez pediu atitude de in\u00edcio ao encontro decisivo para honrar o emblema e os adeptos.<\/li>\n<li>J\u00e1 o Sporting recebe o Mar\u00edtimo \u00e0s 18h00, com foco na defesa e na gest\u00e3o da vantagem de tr\u00eas golos para a segunda m\u00e3o.<\/li>\n<\/ul>\n","protected":false},"author":2,"featured_media":448508,"comment_status":"closed","ping_status":"closed","sticky":false,"template":"","format":"standard","meta":{"footnotes":""},"categories":[21,24],"tags":[5771,1946,152,4849,1743,1266],"class_list":["post-448499","post","type-post","status-publish","format-standard","has-post-thumbnail","hentry","category-desporto","category-futebol","tag-aguas-santas","tag-benfica","tag-desporto","tag-handebol","tag-maia","tag-taca-de-portugal"],"yoast_head":"<!-- This site is optimized with the Yoast SEO plugin v27.2 - https:\/\/yoast.com\/product\/yoast-seo-wordpress\/ -->\n<title>Benfica precisa eliminar o \u00c1guas Santas para salvar a \u00e9poca nas meias da Ta\u00e7a - Portal Tela Portugal<\/title>\n<meta name=\"robots\" content=\"index, follow, max-snippet:-1, max-image-preview:large, max-video-preview:-1\" \/>\n<meta property=\"og:locale\" content=\"pt_PT\" \/>\n<meta property=\"og:type\" content=\"article\" \/>\n<meta property=\"og:title\" content=\"Benfica precisa eliminar o \u00c1guas Santas para salvar a \u00e9poca nas meias da Ta\u00e7a - Portal Tela Portugal\" \/>\n<meta property=\"og:description\" content=\"Benfica precisa de inverter a desvantagem de tr\u00eas golos frente ao \u00c1guas Santas na segunda m\u00e3o, este s\u00e1bado, \u00e0s 20h30, na Luz. O objetivo \u00e9 chegar \u00e0 final da Ta\u00e7a de Portugal de andebol, marcada para o dia 7 de junho. Na Maia, as \u00c1guias foram derrotadas por 31-28, o que deixa a eliminat\u00f3ria em aberto. O piv\u00f4 Javi Rodr\u00edguez pediu atitude de in\u00edcio ao encontro decisivo para honrar o emblema e os adeptos. J\u00e1 o Sporting recebe o Mar\u00edtimo \u00e0s 18h00, com foco na defesa e na gest\u00e3o da vantagem de tr\u00eas golos para a segunda m\u00e3o.\" \/>\n<meta property=\"og:url\" content=\"https:\/\/portaltela.pt\/noticias\/2026\/04\/17\/benfica-precisa-eliminar-o-aguas-santas-para-salvar-a-epoca-nas-meias-da-taca\/\" \/>\n<meta property=\"og:site_name\" content=\"Portal Tela Portugal\" \/>\n<meta property=\"article:published_time\" content=\"2026-04-17T18:18:07+00:00\" \/>\n<meta name=\"author\" content=\"Telinha\" \/>\n<meta name=\"twitter:card\" content=\"summary_large_image\" \/>\n<meta name=\"twitter:label1\" content=\"Escrito por\" \/>\n\t<meta name=\"twitter:data1\" content=\"Telinha\" \/>\n\t<meta name=\"twitter:label2\" content=\"Tempo estimado de leitura\" \/>\n\t<meta name=\"twitter:data2\" content=\"1 minuto\" \/>\n<script type=\"application\/ld+json\" class=\"yoast-schema-graph\">{\"@context\":\"https:\/\/schema.org\",\"@graph\":[{\"@type\":\"Article\",\"@id\":\"https:\/\/portaltela.pt\/noticias\/2026\/04\/17\/benfica-precisa-eliminar-o-aguas-santas-para-salvar-a-epoca-nas-meias-da-taca\/#article\",\"isPartOf\":{\"@id\":\"https:\/\/portaltela.pt\/noticias\/2026\/04\/17\/benfica-precisa-eliminar-o-aguas-santas-para-salvar-a-epoca-nas-meias-da-taca\/\"},\"author\":{\"name\":\"Telinha\",\"@id\":\"https:\/\/portaltela.pt\/#\/schema\/person\/c4278d4a6028830caff9ee44b42d32ed\"},\"headline\":\"Benfica precisa eliminar o \u00c1guas Santas para salvar a \u00e9poca nas meias da Ta\u00e7a\",\"datePublished\":\"2026-04-17T18:18:07+00:00\",\"mainEntityOfPage\":{\"@id\":\"https:\/\/portaltela.pt\/noticias\/2026\/04\/17\/benfica-precisa-eliminar-o-aguas-santas-para-salvar-a-epoca-nas-meias-da-taca\/\"},\"wordCount\":311,\"image\":{\"@id\":\"https:\/\/portaltela.pt\/noticias\/2026\/04\/17\/benfica-precisa-eliminar-o-aguas-santas-para-salvar-a-epoca-nas-meias-da-taca\/#primaryimage\"},\"thumbnailUrl\":\"https:\/\/portaltela.pt\/s.01k8rhncp4jt1\/2026\/04\/img_920x518uu2026-04-17-19-02-13-2433639.jpg\",\"keywords\":[\"\u00c1guas Santas\",\"Benfica\",\"desporto\",\"handebol\",\"Maia\",\"Ta\u00e7a de Portugal\"],\"articleSection\":[\"Desporto\",\"Futebol\"],\"inLanguage\":\"pt-PT\"},{\"@type\":\"WebPage\",\"@id\":\"https:\/\/portaltela.pt\/noticias\/2026\/04\/17\/benfica-precisa-eliminar-o-aguas-santas-para-salvar-a-epoca-nas-meias-da-taca\/\",\"url\":\"https:\/\/portaltela.pt\/noticias\/2026\/04\/17\/benfica-precisa-eliminar-o-aguas-santas-para-salvar-a-epoca-nas-meias-da-taca\/\",\"name\":\"Benfica precisa eliminar o \u00c1guas Santas para salvar a \u00e9poca nas meias da Ta\u00e7a - Portal Tela Portugal\",\"isPartOf\":{\"@id\":\"https:\/\/portaltela.pt\/#website\"},\"primaryImageOfPage\":{\"@id\":\"https:\/\/portaltela.pt\/noticias\/2026\/04\/17\/benfica-precisa-eliminar-o-aguas-santas-para-salvar-a-epoca-nas-meias-da-taca\/#primaryimage\"},\"image\":{\"@id\":\"https:\/\/portaltela.pt\/noticias\/2026\/04\/17\/benfica-precisa-eliminar-o-aguas-santas-para-salvar-a-epoca-nas-meias-da-taca\/#primaryimage\"},\"thumbnailUrl\":\"https:\/\/portaltela.pt\/s.01k8rhncp4jt1\/2026\/04\/img_920x518uu2026-04-17-19-02-13-2433639.jpg\",\"datePublished\":\"2026-04-17T18:18:07+00:00\",\"author\":{\"@id\":\"https:\/\/portaltela.pt\/#\/schema\/person\/c4278d4a6028830caff9ee44b42d32ed\"},\"breadcrumb\":{\"@id\":\"https:\/\/portaltela.pt\/noticias\/2026\/04\/17\/benfica-precisa-eliminar-o-aguas-santas-para-salvar-a-epoca-nas-meias-da-taca\/#breadcrumb\"},\"inLanguage\":\"pt-PT\",\"potentialAction\":[{\"@type\":\"ReadAction\",\"target\":[\"https:\/\/portaltela.pt\/noticias\/2026\/04\/17\/benfica-precisa-eliminar-o-aguas-santas-para-salvar-a-epoca-nas-meias-da-taca\/\"]}]},{\"@type\":\"ImageObject\",\"inLanguage\":\"pt-PT\",\"@id\":\"https:\/\/portaltela.pt\/noticias\/2026\/04\/17\/benfica-precisa-eliminar-o-aguas-santas-para-salvar-a-epoca-nas-meias-da-taca\/#primaryimage\",\"url\":\"https:\/\/portaltela.pt\/s.01k8rhncp4jt1\/2026\/04\/img_920x518uu2026-04-17-19-02-13-2433639.jpg\",\"contentUrl\":\"https:\/\/portaltela.pt\/s.01k8rhncp4jt1\/2026\/04\/img_920x518uu2026-04-17-19-02-13-2433639.jpg\",\"width\":796,\"height\":448,\"caption\":\"Benfica perdeu em \u00c1guas Santas\"},{\"@type\":\"BreadcrumbList\",\"@id\":\"https:\/\/portaltela.pt\/noticias\/2026\/04\/17\/benfica-precisa-eliminar-o-aguas-santas-para-salvar-a-epoca-nas-meias-da-taca\/#breadcrumb\",\"itemListElement\":[{\"@type\":\"ListItem\",\"position\":1,\"name\":\"In\u00edcio\",\"item\":\"https:\/\/portaltela.pt\/\"},{\"@type\":\"ListItem\",\"position\":2,\"name\":\"Benfica precisa eliminar o \u00c1guas Santas para salvar a \u00e9poca nas meias da Ta\u00e7a\"}]},{\"@type\":\"WebSite\",\"@id\":\"https:\/\/portaltela.pt\/#website\",\"url\":\"https:\/\/portaltela.pt\/\",\"name\":\"Portal Tela Portugal\",\"description\":\"\",\"potentialAction\":[{\"@type\":\"SearchAction\",\"target\":{\"@type\":\"EntryPoint\",\"urlTemplate\":\"https:\/\/portaltela.pt\/?s={search_term_string}\"},\"query-input\":{\"@type\":\"PropertyValueSpecification\",\"valueRequired\":true,\"valueName\":\"search_term_string\"}}],\"inLanguage\":\"pt-PT\"},{\"@type\":\"Person\",\"@id\":\"https:\/\/portaltela.pt\/#\/schema\/person\/c4278d4a6028830caff9ee44b42d32ed\",\"name\":\"Telinha\",\"image\":{\"@type\":\"ImageObject\",\"inLanguage\":\"pt-PT\",\"@id\":\"https:\/\/portaltela.pt\/s.01k8rhncp4jt1\/2025\/11\/talking-bot-125x125.png\",\"url\":\"https:\/\/portaltela.pt\/s.01k8rhncp4jt1\/2025\/11\/talking-bot-125x125.png\",\"contentUrl\":\"https:\/\/portaltela.pt\/s.01k8rhncp4jt1\/2025\/11\/talking-bot-125x125.png\",\"caption\":\"Telinha\"},\"sameAs\":[\"https:\/\/portaltela.pt\/\"],\"url\":\"https:\/\/portaltela.pt\/por\/367410592786\/\"}]}<\/script>\n<!-- \/ Yoast SEO plugin. -->","yoast_head_json":{"title":"Benfica precisa eliminar o \u00c1guas Santas para salvar a \u00e9poca nas meias da Ta\u00e7a - Portal Tela Portugal","robots":{"index":"index","follow":"follow","max-snippet":"max-snippet:-1","max-image-preview":"max-image-preview:large","max-video-preview":"max-video-preview:-1"},"og_locale":"pt_PT","og_type":"article","og_title":"Benfica precisa eliminar o \u00c1guas Santas para salvar a \u00e9poca nas meias da Ta\u00e7a - Portal Tela Portugal","og_description":"Benfica precisa de inverter a desvantagem de tr\u00eas golos frente ao \u00c1guas Santas na segunda m\u00e3o, este s\u00e1bado, \u00e0s 20h30, na Luz. O objetivo \u00e9 chegar \u00e0 final da Ta\u00e7a de Portugal de andebol, marcada para o dia 7 de junho. Na Maia, as \u00c1guias foram derrotadas por 31-28, o que deixa a eliminat\u00f3ria em aberto. O piv\u00f4 Javi Rodr\u00edguez pediu atitude de in\u00edcio ao encontro decisivo para honrar o emblema e os adeptos. J\u00e1 o Sporting recebe o Mar\u00edtimo \u00e0s 18h00, com foco na defesa e na gest\u00e3o da vantagem de tr\u00eas golos para a segunda m\u00e3o.","og_url":"https:\/\/portaltela.pt\/noticias\/2026\/04\/17\/benfica-precisa-eliminar-o-aguas-santas-para-salvar-a-epoca-nas-meias-da-taca\/","og_site_name":"Portal Tela Portugal","article_published_time":"2026-04-17T18:18:07+00:00","author":"Telinha","twitter_card":"summary_large_image","twitter_misc":{"Escrito por":"Telinha","Tempo estimado de leitura":"1 minuto"},"schema":{"@context":"https:\/\/schema.org","@graph":[{"@type":"Article","@id":"https:\/\/portaltela.pt\/noticias\/2026\/04\/17\/benfica-precisa-eliminar-o-aguas-santas-para-salvar-a-epoca-nas-meias-da-taca\/#article","isPartOf":{"@id":"https:\/\/portaltela.pt\/noticias\/2026\/04\/17\/benfica-precisa-eliminar-o-aguas-santas-para-salvar-a-epoca-nas-meias-da-taca\/"},"author":{"name":"Telinha","@id":"https:\/\/portaltela.pt\/#\/schema\/person\/c4278d4a6028830caff9ee44b42d32ed"},"headline":"Benfica precisa eliminar o \u00c1guas Santas para salvar a \u00e9poca nas meias da Ta\u00e7a","datePublished":"2026-04-17T18:18:07+00:00","mainEntityOfPage":{"@id":"https:\/\/portaltela.pt\/noticias\/2026\/04\/17\/benfica-precisa-eliminar-o-aguas-santas-para-salvar-a-epoca-nas-meias-da-taca\/"},"wordCount":311,"image":{"@id":"https:\/\/portaltela.pt\/noticias\/2026\/04\/17\/benfica-precisa-eliminar-o-aguas-santas-para-salvar-a-epoca-nas-meias-da-taca\/#primaryimage"},"thumbnailUrl":"https:\/\/portaltela.pt\/s.01k8rhncp4jt1\/2026\/04\/img_920x518uu2026-04-17-19-02-13-2433639.jpg","keywords":["\u00c1guas Santas","Benfica","desporto","handebol","Maia","Ta\u00e7a de Portugal"],"articleSection":["Desporto","Futebol"],"inLanguage":"pt-PT"},{"@type":"WebPage","@id":"https:\/\/portaltela.pt\/noticias\/2026\/04\/17\/benfica-precisa-eliminar-o-aguas-santas-para-salvar-a-epoca-nas-meias-da-taca\/","url":"https:\/\/portaltela.pt\/noticias\/2026\/04\/17\/benfica-precisa-eliminar-o-aguas-santas-para-salvar-a-epoca-nas-meias-da-taca\/","name":"Benfica precisa eliminar o \u00c1guas Santas para salvar a \u00e9poca nas meias da Ta\u00e7a - Portal Tela Portugal","isPartOf":{"@id":"https:\/\/portaltela.pt\/#website"},"primaryImageOfPage":{"@id":"https:\/\/portaltela.pt\/noticias\/2026\/04\/17\/benfica-precisa-eliminar-o-aguas-santas-para-salvar-a-epoca-nas-meias-da-taca\/#primaryimage"},"image":{"@id":"https:\/\/portaltela.pt\/noticias\/2026\/04\/17\/benfica-precisa-eliminar-o-aguas-santas-para-salvar-a-epoca-nas-meias-da-taca\/#primaryimage"},"thumbnailUrl":"https:\/\/portaltela.pt\/s.01k8rhncp4jt1\/2026\/04\/img_920x518uu2026-04-17-19-02-13-2433639.jpg","datePublished":"2026-04-17T18:18:07+00:00","author":{"@id":"https:\/\/portaltela.pt\/#\/schema\/person\/c4278d4a6028830caff9ee44b42d32ed"},"breadcrumb":{"@id":"https:\/\/portaltela.pt\/noticias\/2026\/04\/17\/benfica-precisa-eliminar-o-aguas-santas-para-salvar-a-epoca-nas-meias-da-taca\/#breadcrumb"},"inLanguage":"pt-PT","potentialAction":[{"@type":"ReadAction","target":["https:\/\/portaltela.pt\/noticias\/2026\/04\/17\/benfica-precisa-eliminar-o-aguas-santas-para-salvar-a-epoca-nas-meias-da-taca\/"]}]},{"@type":"ImageObject","inLanguage":"pt-PT","@id":"https:\/\/portaltela.pt\/noticias\/2026\/04\/17\/benfica-precisa-eliminar-o-aguas-santas-para-salvar-a-epoca-nas-meias-da-taca\/#primaryimage","url":"https:\/\/portaltela.pt\/s.01k8rhncp4jt1\/2026\/04\/img_920x518uu2026-04-17-19-02-13-2433639.jpg","contentUrl":"https:\/\/portaltela.pt\/s.01k8rhncp4jt1\/2026\/04\/img_920x518uu2026-04-17-19-02-13-2433639.jpg","width":796,"height":448,"caption":"Benfica perdeu em \u00c1guas Santas"},{"@type":"BreadcrumbList","@id":"https:\/\/portaltela.pt\/noticias\/2026\/04\/17\/benfica-precisa-eliminar-o-aguas-santas-para-salvar-a-epoca-nas-meias-da-taca\/#breadcrumb","itemListElement":[{"@type":"ListItem","position":1,"name":"In\u00edcio","item":"https:\/\/portaltela.pt\/"},{"@type":"ListItem","position":2,"name":"Benfica precisa eliminar o \u00c1guas Santas para salvar a \u00e9poca nas meias da Ta\u00e7a"}]},{"@type":"WebSite","@id":"https:\/\/portaltela.pt\/#website","url":"https:\/\/portaltela.pt\/","name":"Portal Tela Portugal","description":"","potentialAction":[{"@type":"SearchAction","target":{"@type":"EntryPoint","urlTemplate":"https:\/\/portaltela.pt\/?s={search_term_string}"},"query-input":{"@type":"PropertyValueSpecification","valueRequired":true,"valueName":"search_term_string"}}],"inLanguage":"pt-PT"},{"@type":"Person","@id":"https:\/\/portaltela.pt\/#\/schema\/person\/c4278d4a6028830caff9ee44b42d32ed","name":"Telinha","image":{"@type":"ImageObject","inLanguage":"pt-PT","@id":"https:\/\/portaltela.pt\/s.01k8rhncp4jt1\/2025\/11\/talking-bot-125x125.png","url":"https:\/\/portaltela.pt\/s.01k8rhncp4jt1\/2025\/11\/talking-bot-125x125.png","contentUrl":"https:\/\/portaltela.pt\/s.01k8rhncp4jt1\/2025\/11\/talking-bot-125x125.png","caption":"Telinha"},"sameAs":["https:\/\/portaltela.pt\/"],"url":"https:\/\/portaltela.pt\/por\/367410592786\/"}]}},"_links":{"self":[{"href":"https:\/\/portaltela.pt\/api\/wp\/v2\/posts\/448499","targetHints":{"allow":["GET"]}}],"collection":[{"href":"https:\/\/portaltela.pt\/api\/wp\/v2\/posts"}],"about":[{"href":"https:\/\/portaltela.pt\/api\/wp\/v2\/types\/post"}],"author":[{"embeddable":true,"href":"https:\/\/portaltela.pt\/api\/wp\/v2\/users\/2"}],"replies":[{"embeddable":true,"href":"https:\/\/portaltela.pt\/api\/wp\/v2\/comments?post=448499"}],"version-history":[{"count":0,"href":"https:\/\/portaltela.pt\/api\/wp\/v2\/posts\/448499\/revisions"}],"wp:featuredmedia":[{"embeddable":true,"href":"https:\/\/portaltela.pt\/api\/wp\/v2\/media\/448508"}],"wp:attachment":[{"href":"https:\/\/portaltela.pt\/api\/wp\/v2\/media?parent=448499"}],"wp:term":[{"taxonomy":"category","embeddable":true,"href":"https:\/\/portaltela.pt\/api\/wp\/v2\/categories?post=448499"},{"taxonomy":"post_tag","embeddable":true,"href":"https:\/\/portaltela.pt\/api\/wp\/v2\/tags?post=448499"}],"curies":[{"name":"wp","href":"https:\/\/api.w.org\/{rel}","templated":true}]}}