{"id":448404,"date":"2026-04-17T14:33:22","date_gmt":"2026-04-17T17:33:22","guid":{"rendered":"https:\/\/portaltela.pt\/noticias\/2026\/04\/17\/jaime-faria-falha-match-point-e-e-eliminado-nas-quartas-de-final-em-oeiras\/"},"modified":"2026-04-17T14:33:22","modified_gmt":"2026-04-17T17:33:22","slug":"jaime-faria-falha-match-point-e-e-eliminado-nas-quartas-de-final-em-oeiras","status":"publish","type":"post","link":"https:\/\/portaltela.pt\/desporto\/futebol\/2026\/04\/17\/jaime-faria-falha-match-point-e-e-eliminado-nas-quartas-de-final-em-oeiras\/","title":{"rendered":"Jaime Faria falha match point e \u00e9 eliminado nas quartas de final em Oeiras"},"content":{"rendered":"<p>Jaime Faria foi eliminado do Challenger 125 de Oeiras na ter\u00e7a-feira, 22 de janeiro de 2026, ap\u00f3s perder nos quartos de final contra o russo Roman Safiullin (226.\u00ba ATP). O encontro realizou-se em Oeiras, no quadro de seniores masculinos.<\/p>\n<p>O portugu\u00eas chegou a desperdi\u00e7ar um match point aos 5-4 do terceiro set e salvou outro aos 5-6. No tie-break decisivo, Safiullin levou a melhor, vencendo por 7-6(1) e garantindo a passagem \u00e0s meias-finais.<\/p>\n<p>Faria cedeu com parciais de 4-6, 6-3 e 6-7(1) diante do advers\u00e1rio russo, que tem posi\u00e7\u00e3o mais baixa no ranking. O desfecho manteve Vivenda em aberto para o duelo seguinte, j\u00e1 que Henrique Rocha vai discutir um lugar na final frente a Safiullin.<\/p>\n<h3>Pr\u00f3ximos passos<\/h3>\n<ul>\n<li>Henrique Rocha enfrenta Safiullin nas meias-finais, procurando alcan\u00e7ar a final do torneio em Oeiras.<\/li>\n<li>O resultado define se haver\u00e1 um embate entre jogadores portugueses na final, ainda sem confirma\u00e7\u00e3o de programa\u00e7\u00e3o.<\/li>\n<\/ul>\n","protected":false},"excerpt":{"rendered":"<ul>\n<li>Jaime Faria foi eliminado nos quartos de final do Challenger 125 de Oeiras, ao perder com Roman Safiullin por 4-6, 6-3 e 7-6(1).<\/li>\n<li>O jogador portugu\u00eas desperdi\u00e7ou um match point aos 5-4 do terceiro set e salvou outro aos 5-6.<\/li>\n<li>O tie-break decisivo ficou 7-6(1) a favor de Safiullin, com Faria a conquistar apenas um ponto.<\/li>\n<li>Faria, n\u00famero tr\u00eas portugu\u00eas e 142.\u00ba mundial, n\u00e3o conseguiu seguir em frente para as meias-finais.<\/li>\n<li>Henrique Rocha vai disputar as meias-finais contra Safiullin, pelo caminho para uma poss\u00edvel final 100 por cento portugu\u00eas.<\/li>\n<\/ul>\n","protected":false},"author":2,"featured_media":448408,"comment_status":"closed","ping_status":"closed","sticky":false,"template":"","format":"standard","meta":{"footnotes":""},"categories":[21,24],"tags":[2463,152,1198,1014,94,2713],"class_list":["post-448404","post","type-post","status-publish","format-standard","has-post-thumbnail","hentry","category-desporto","category-futebol","tag-competicao-internacional","tag-desporto","tag-oeiras","tag-portugal","tag-tenis","tag-tenistas"],"yoast_head":"<!-- This site is optimized with the Yoast SEO plugin v27.2 - https:\/\/yoast.com\/product\/yoast-seo-wordpress\/ -->\n<title>Jaime Faria falha match point e \u00e9 eliminado nas quartas de final em Oeiras - Portal Tela Portugal<\/title>\n<meta name=\"robots\" content=\"index, follow, max-snippet:-1, max-image-preview:large, max-video-preview:-1\" \/>\n<meta property=\"og:locale\" content=\"pt_PT\" \/>\n<meta property=\"og:type\" content=\"article\" \/>\n<meta property=\"og:title\" content=\"Jaime Faria falha match point e \u00e9 eliminado nas quartas de final em Oeiras - Portal Tela Portugal\" \/>\n<meta property=\"og:description\" content=\"Jaime Faria foi eliminado nos quartos de final do Challenger 125 de Oeiras, ao perder com Roman Safiullin por 4-6, 6-3 e 7-6(1). O jogador portugu\u00eas desperdi\u00e7ou um match point aos 5-4 do terceiro set e salvou outro aos 5-6. O tie-break decisivo ficou 7-6(1) a favor de Safiullin, com Faria a conquistar apenas um ponto. Faria, n\u00famero tr\u00eas portugu\u00eas e 142.\u00ba mundial, n\u00e3o conseguiu seguir em frente para as meias-finais. Henrique Rocha vai disputar as meias-finais contra Safiullin, pelo caminho para uma poss\u00edvel final 100 por cento portugu\u00eas.\" \/>\n<meta property=\"og:url\" content=\"https:\/\/portaltela.pt\/noticias\/2026\/04\/17\/jaime-faria-falha-match-point-e-e-eliminado-nas-quartas-de-final-em-oeiras\/\" \/>\n<meta property=\"og:site_name\" content=\"Portal Tela Portugal\" \/>\n<meta property=\"article:published_time\" content=\"2026-04-17T17:33:22+00:00\" \/>\n<meta name=\"author\" content=\"Telinha\" \/>\n<meta name=\"twitter:card\" content=\"summary_large_image\" \/>\n<meta name=\"twitter:label1\" content=\"Escrito por\" \/>\n\t<meta name=\"twitter:data1\" content=\"Telinha\" \/>\n\t<meta name=\"twitter:label2\" content=\"Tempo estimado de leitura\" \/>\n\t<meta name=\"twitter:data2\" content=\"1 minuto\" \/>\n<script type=\"application\/ld+json\" class=\"yoast-schema-graph\">{\"@context\":\"https:\/\/schema.org\",\"@graph\":[{\"@type\":\"Article\",\"@id\":\"https:\/\/portaltela.pt\/noticias\/2026\/04\/17\/jaime-faria-falha-match-point-e-e-eliminado-nas-quartas-de-final-em-oeiras\/#article\",\"isPartOf\":{\"@id\":\"https:\/\/portaltela.pt\/noticias\/2026\/04\/17\/jaime-faria-falha-match-point-e-e-eliminado-nas-quartas-de-final-em-oeiras\/\"},\"author\":{\"name\":\"Telinha\",\"@id\":\"https:\/\/portaltela.pt\/#\/schema\/person\/c4278d4a6028830caff9ee44b42d32ed\"},\"headline\":\"Jaime Faria falha match point e \u00e9 eliminado nas quartas de final em Oeiras\",\"datePublished\":\"2026-04-17T17:33:22+00:00\",\"mainEntityOfPage\":{\"@id\":\"https:\/\/portaltela.pt\/noticias\/2026\/04\/17\/jaime-faria-falha-match-point-e-e-eliminado-nas-quartas-de-final-em-oeiras\/\"},\"wordCount\":168,\"image\":{\"@id\":\"https:\/\/portaltela.pt\/noticias\/2026\/04\/17\/jaime-faria-falha-match-point-e-e-eliminado-nas-quartas-de-final-em-oeiras\/#primaryimage\"},\"thumbnailUrl\":\"https:\/\/portaltela.pt\/s.01k8rhncp4jt1\/2026\/04\/img_920x518uu2026-01-22-10-05-00-2416504.jpg\",\"keywords\":[\"competi\u00e7\u00e3o internacional\",\"desporto\",\"Oeiras\",\"Portugal\",\"t\u00eanis\",\"tenistas\"],\"articleSection\":[\"Desporto\",\"Futebol\"],\"inLanguage\":\"pt-PT\"},{\"@type\":\"WebPage\",\"@id\":\"https:\/\/portaltela.pt\/noticias\/2026\/04\/17\/jaime-faria-falha-match-point-e-e-eliminado-nas-quartas-de-final-em-oeiras\/\",\"url\":\"https:\/\/portaltela.pt\/noticias\/2026\/04\/17\/jaime-faria-falha-match-point-e-e-eliminado-nas-quartas-de-final-em-oeiras\/\",\"name\":\"Jaime Faria falha match point e \u00e9 eliminado nas quartas de final em Oeiras - Portal Tela Portugal\",\"isPartOf\":{\"@id\":\"https:\/\/portaltela.pt\/#website\"},\"primaryImageOfPage\":{\"@id\":\"https:\/\/portaltela.pt\/noticias\/2026\/04\/17\/jaime-faria-falha-match-point-e-e-eliminado-nas-quartas-de-final-em-oeiras\/#primaryimage\"},\"image\":{\"@id\":\"https:\/\/portaltela.pt\/noticias\/2026\/04\/17\/jaime-faria-falha-match-point-e-e-eliminado-nas-quartas-de-final-em-oeiras\/#primaryimage\"},\"thumbnailUrl\":\"https:\/\/portaltela.pt\/s.01k8rhncp4jt1\/2026\/04\/img_920x518uu2026-01-22-10-05-00-2416504.jpg\",\"datePublished\":\"2026-04-17T17:33:22+00:00\",\"author\":{\"@id\":\"https:\/\/portaltela.pt\/#\/schema\/person\/c4278d4a6028830caff9ee44b42d32ed\"},\"breadcrumb\":{\"@id\":\"https:\/\/portaltela.pt\/noticias\/2026\/04\/17\/jaime-faria-falha-match-point-e-e-eliminado-nas-quartas-de-final-em-oeiras\/#breadcrumb\"},\"inLanguage\":\"pt-PT\",\"potentialAction\":[{\"@type\":\"ReadAction\",\"target\":[\"https:\/\/portaltela.pt\/noticias\/2026\/04\/17\/jaime-faria-falha-match-point-e-e-eliminado-nas-quartas-de-final-em-oeiras\/\"]}]},{\"@type\":\"ImageObject\",\"inLanguage\":\"pt-PT\",\"@id\":\"https:\/\/portaltela.pt\/noticias\/2026\/04\/17\/jaime-faria-falha-match-point-e-e-eliminado-nas-quartas-de-final-em-oeiras\/#primaryimage\",\"url\":\"https:\/\/portaltela.pt\/s.01k8rhncp4jt1\/2026\/04\/img_920x518uu2026-01-22-10-05-00-2416504.jpg\",\"contentUrl\":\"https:\/\/portaltela.pt\/s.01k8rhncp4jt1\/2026\/04\/img_920x518uu2026-01-22-10-05-00-2416504.jpg\",\"width\":796,\"height\":448,\"caption\":\"Jaime Faria eliminado\"},{\"@type\":\"BreadcrumbList\",\"@id\":\"https:\/\/portaltela.pt\/noticias\/2026\/04\/17\/jaime-faria-falha-match-point-e-e-eliminado-nas-quartas-de-final-em-oeiras\/#breadcrumb\",\"itemListElement\":[{\"@type\":\"ListItem\",\"position\":1,\"name\":\"In\u00edcio\",\"item\":\"https:\/\/portaltela.pt\/\"},{\"@type\":\"ListItem\",\"position\":2,\"name\":\"Jaime Faria falha match point e \u00e9 eliminado nas quartas de final em Oeiras\"}]},{\"@type\":\"WebSite\",\"@id\":\"https:\/\/portaltela.pt\/#website\",\"url\":\"https:\/\/portaltela.pt\/\",\"name\":\"Portal Tela Portugal\",\"description\":\"\",\"potentialAction\":[{\"@type\":\"SearchAction\",\"target\":{\"@type\":\"EntryPoint\",\"urlTemplate\":\"https:\/\/portaltela.pt\/?s={search_term_string}\"},\"query-input\":{\"@type\":\"PropertyValueSpecification\",\"valueRequired\":true,\"valueName\":\"search_term_string\"}}],\"inLanguage\":\"pt-PT\"},{\"@type\":\"Person\",\"@id\":\"https:\/\/portaltela.pt\/#\/schema\/person\/c4278d4a6028830caff9ee44b42d32ed\",\"name\":\"Telinha\",\"image\":{\"@type\":\"ImageObject\",\"inLanguage\":\"pt-PT\",\"@id\":\"https:\/\/portaltela.pt\/s.01k8rhncp4jt1\/2025\/11\/talking-bot-125x125.png\",\"url\":\"https:\/\/portaltela.pt\/s.01k8rhncp4jt1\/2025\/11\/talking-bot-125x125.png\",\"contentUrl\":\"https:\/\/portaltela.pt\/s.01k8rhncp4jt1\/2025\/11\/talking-bot-125x125.png\",\"caption\":\"Telinha\"},\"sameAs\":[\"https:\/\/portaltela.pt\/\"],\"url\":\"https:\/\/portaltela.pt\/por\/367410592786\/\"}]}<\/script>\n<!-- \/ Yoast SEO plugin. -->","yoast_head_json":{"title":"Jaime Faria falha match point e \u00e9 eliminado nas quartas de final em Oeiras - Portal Tela Portugal","robots":{"index":"index","follow":"follow","max-snippet":"max-snippet:-1","max-image-preview":"max-image-preview:large","max-video-preview":"max-video-preview:-1"},"og_locale":"pt_PT","og_type":"article","og_title":"Jaime Faria falha match point e \u00e9 eliminado nas quartas de final em Oeiras - Portal Tela Portugal","og_description":"Jaime Faria foi eliminado nos quartos de final do Challenger 125 de Oeiras, ao perder com Roman Safiullin por 4-6, 6-3 e 7-6(1). O jogador portugu\u00eas desperdi\u00e7ou um match point aos 5-4 do terceiro set e salvou outro aos 5-6. O tie-break decisivo ficou 7-6(1) a favor de Safiullin, com Faria a conquistar apenas um ponto. Faria, n\u00famero tr\u00eas portugu\u00eas e 142.\u00ba mundial, n\u00e3o conseguiu seguir em frente para as meias-finais. Henrique Rocha vai disputar as meias-finais contra Safiullin, pelo caminho para uma poss\u00edvel final 100 por cento portugu\u00eas.","og_url":"https:\/\/portaltela.pt\/noticias\/2026\/04\/17\/jaime-faria-falha-match-point-e-e-eliminado-nas-quartas-de-final-em-oeiras\/","og_site_name":"Portal Tela Portugal","article_published_time":"2026-04-17T17:33:22+00:00","author":"Telinha","twitter_card":"summary_large_image","twitter_misc":{"Escrito por":"Telinha","Tempo estimado de leitura":"1 minuto"},"schema":{"@context":"https:\/\/schema.org","@graph":[{"@type":"Article","@id":"https:\/\/portaltela.pt\/noticias\/2026\/04\/17\/jaime-faria-falha-match-point-e-e-eliminado-nas-quartas-de-final-em-oeiras\/#article","isPartOf":{"@id":"https:\/\/portaltela.pt\/noticias\/2026\/04\/17\/jaime-faria-falha-match-point-e-e-eliminado-nas-quartas-de-final-em-oeiras\/"},"author":{"name":"Telinha","@id":"https:\/\/portaltela.pt\/#\/schema\/person\/c4278d4a6028830caff9ee44b42d32ed"},"headline":"Jaime Faria falha match point e \u00e9 eliminado nas quartas de final em Oeiras","datePublished":"2026-04-17T17:33:22+00:00","mainEntityOfPage":{"@id":"https:\/\/portaltela.pt\/noticias\/2026\/04\/17\/jaime-faria-falha-match-point-e-e-eliminado-nas-quartas-de-final-em-oeiras\/"},"wordCount":168,"image":{"@id":"https:\/\/portaltela.pt\/noticias\/2026\/04\/17\/jaime-faria-falha-match-point-e-e-eliminado-nas-quartas-de-final-em-oeiras\/#primaryimage"},"thumbnailUrl":"https:\/\/portaltela.pt\/s.01k8rhncp4jt1\/2026\/04\/img_920x518uu2026-01-22-10-05-00-2416504.jpg","keywords":["competi\u00e7\u00e3o internacional","desporto","Oeiras","Portugal","t\u00eanis","tenistas"],"articleSection":["Desporto","Futebol"],"inLanguage":"pt-PT"},{"@type":"WebPage","@id":"https:\/\/portaltela.pt\/noticias\/2026\/04\/17\/jaime-faria-falha-match-point-e-e-eliminado-nas-quartas-de-final-em-oeiras\/","url":"https:\/\/portaltela.pt\/noticias\/2026\/04\/17\/jaime-faria-falha-match-point-e-e-eliminado-nas-quartas-de-final-em-oeiras\/","name":"Jaime Faria falha match point e \u00e9 eliminado nas quartas de final em Oeiras - Portal Tela Portugal","isPartOf":{"@id":"https:\/\/portaltela.pt\/#website"},"primaryImageOfPage":{"@id":"https:\/\/portaltela.pt\/noticias\/2026\/04\/17\/jaime-faria-falha-match-point-e-e-eliminado-nas-quartas-de-final-em-oeiras\/#primaryimage"},"image":{"@id":"https:\/\/portaltela.pt\/noticias\/2026\/04\/17\/jaime-faria-falha-match-point-e-e-eliminado-nas-quartas-de-final-em-oeiras\/#primaryimage"},"thumbnailUrl":"https:\/\/portaltela.pt\/s.01k8rhncp4jt1\/2026\/04\/img_920x518uu2026-01-22-10-05-00-2416504.jpg","datePublished":"2026-04-17T17:33:22+00:00","author":{"@id":"https:\/\/portaltela.pt\/#\/schema\/person\/c4278d4a6028830caff9ee44b42d32ed"},"breadcrumb":{"@id":"https:\/\/portaltela.pt\/noticias\/2026\/04\/17\/jaime-faria-falha-match-point-e-e-eliminado-nas-quartas-de-final-em-oeiras\/#breadcrumb"},"inLanguage":"pt-PT","potentialAction":[{"@type":"ReadAction","target":["https:\/\/portaltela.pt\/noticias\/2026\/04\/17\/jaime-faria-falha-match-point-e-e-eliminado-nas-quartas-de-final-em-oeiras\/"]}]},{"@type":"ImageObject","inLanguage":"pt-PT","@id":"https:\/\/portaltela.pt\/noticias\/2026\/04\/17\/jaime-faria-falha-match-point-e-e-eliminado-nas-quartas-de-final-em-oeiras\/#primaryimage","url":"https:\/\/portaltela.pt\/s.01k8rhncp4jt1\/2026\/04\/img_920x518uu2026-01-22-10-05-00-2416504.jpg","contentUrl":"https:\/\/portaltela.pt\/s.01k8rhncp4jt1\/2026\/04\/img_920x518uu2026-01-22-10-05-00-2416504.jpg","width":796,"height":448,"caption":"Jaime Faria eliminado"},{"@type":"BreadcrumbList","@id":"https:\/\/portaltela.pt\/noticias\/2026\/04\/17\/jaime-faria-falha-match-point-e-e-eliminado-nas-quartas-de-final-em-oeiras\/#breadcrumb","itemListElement":[{"@type":"ListItem","position":1,"name":"In\u00edcio","item":"https:\/\/portaltela.pt\/"},{"@type":"ListItem","position":2,"name":"Jaime Faria falha match point e \u00e9 eliminado nas quartas de final em Oeiras"}]},{"@type":"WebSite","@id":"https:\/\/portaltela.pt\/#website","url":"https:\/\/portaltela.pt\/","name":"Portal Tela Portugal","description":"","potentialAction":[{"@type":"SearchAction","target":{"@type":"EntryPoint","urlTemplate":"https:\/\/portaltela.pt\/?s={search_term_string}"},"query-input":{"@type":"PropertyValueSpecification","valueRequired":true,"valueName":"search_term_string"}}],"inLanguage":"pt-PT"},{"@type":"Person","@id":"https:\/\/portaltela.pt\/#\/schema\/person\/c4278d4a6028830caff9ee44b42d32ed","name":"Telinha","image":{"@type":"ImageObject","inLanguage":"pt-PT","@id":"https:\/\/portaltela.pt\/s.01k8rhncp4jt1\/2025\/11\/talking-bot-125x125.png","url":"https:\/\/portaltela.pt\/s.01k8rhncp4jt1\/2025\/11\/talking-bot-125x125.png","contentUrl":"https:\/\/portaltela.pt\/s.01k8rhncp4jt1\/2025\/11\/talking-bot-125x125.png","caption":"Telinha"},"sameAs":["https:\/\/portaltela.pt\/"],"url":"https:\/\/portaltela.pt\/por\/367410592786\/"}]}},"_links":{"self":[{"href":"https:\/\/portaltela.pt\/api\/wp\/v2\/posts\/448404","targetHints":{"allow":["GET"]}}],"collection":[{"href":"https:\/\/portaltela.pt\/api\/wp\/v2\/posts"}],"about":[{"href":"https:\/\/portaltela.pt\/api\/wp\/v2\/types\/post"}],"author":[{"embeddable":true,"href":"https:\/\/portaltela.pt\/api\/wp\/v2\/users\/2"}],"replies":[{"embeddable":true,"href":"https:\/\/portaltela.pt\/api\/wp\/v2\/comments?post=448404"}],"version-history":[{"count":0,"href":"https:\/\/portaltela.pt\/api\/wp\/v2\/posts\/448404\/revisions"}],"wp:featuredmedia":[{"embeddable":true,"href":"https:\/\/portaltela.pt\/api\/wp\/v2\/media\/448408"}],"wp:attachment":[{"href":"https:\/\/portaltela.pt\/api\/wp\/v2\/media?parent=448404"}],"wp:term":[{"taxonomy":"category","embeddable":true,"href":"https:\/\/portaltela.pt\/api\/wp\/v2\/categories?post=448404"},{"taxonomy":"post_tag","embeddable":true,"href":"https:\/\/portaltela.pt\/api\/wp\/v2\/tags?post=448404"}],"curies":[{"name":"wp","href":"https:\/\/api.w.org\/{rel}","templated":true}]}}