{"id":448353,"date":"2026-04-17T14:17:39","date_gmt":"2026-04-17T17:17:39","guid":{"rendered":"https:\/\/portaltela.pt\/noticias\/2026\/04\/17\/regulamento-de-centralizacao-dos-direitos-audiovisuais-e-aprovado-pelos-clubes\/"},"modified":"2026-04-17T14:17:39","modified_gmt":"2026-04-17T17:17:39","slug":"regulamento-de-centralizacao-dos-direitos-audiovisuais-e-aprovado-pelos-clubes","status":"publish","type":"post","link":"https:\/\/portaltela.pt\/desporto\/futebol\/2026\/04\/17\/regulamento-de-centralizacao-dos-direitos-audiovisuais-e-aprovado-pelos-clubes\/","title":{"rendered":"Regulamento de centraliza\u00e7\u00e3o dos direitos audiovisuais \u00e9 aprovado pelos clubes"},"content":{"rendered":"<p>A Assembleia Geral da Liga Portuguesa de Futebol Profissional aprovou o regulamento de centraliza\u00e7\u00e3o dos direitos audiovisuais com o apoio superior a 90% dos votos. Participaram as 33 sociedades desportivas da I e II Ligas.<\/p>\n<p>O Benfica votou contra, enquanto o Nacional da Madeira absteve-se. As restantes clubes aprovaram o modelo apresentado pela Liga \u00e0 Autoridade da Concorr\u00eancia.<\/p>\n<p>O regulamento estabelece um mecanismo \u00fanico para a comercializa\u00e7\u00e3o dos direitos, aplicado a todas as equipas participantes na I e II Ligas, conforme o parecer do organismo.<\/p>\n<p>Na pr\u00e1tica, o pr\u00f3ximo passo envolve discutir a chave de distribui\u00e7\u00e3o dos rendimentos, ponto considerado sens\u00edvel por v\u00e1rias coletividades, sobretudo pelos tr\u00eas grandes que hoje recebem a maior fatia.<\/p>\n<h3>Pr\u00f3xima etapa<\/h3>\n<p>O presidente da Liga, Reinaldo Teixeira, afirmou que este \u00e9 o in\u00edcio de um processo e agradeceu a coopera\u00e7\u00e3o de todas as sociedades desportivas, ap\u00f3s a vota\u00e7\u00e3o na sede do \u00f3rg\u00e3o, no Porto.<\/p>\n","protected":false},"excerpt":{"rendered":"<ul>\n<li>A Assembleia Geral da Liga Portuguesa de Futebol Profissional aprovou, com maioria superior a noventa por cento, o regulamento de centraliza\u00e7\u00e3o dos direitos audiovisuais.<\/li>\n<li>A vota\u00e7\u00e3o contou com a participa\u00e7\u00e3o de 33 sociedades desportivas da I e II Ligas, realizada na sede do organismo, no Porto.<\/li>\n<li>O Benfica votou contra e o Nacional da Madeira absteve-se; as restantes sociedades apoiaram o modelo apresentado pela Liga \u00e0 Autoridade da Concorr\u00eancia.<\/li>\n<li>Na pr\u00f3xima reuni\u00e3o, ser\u00e1 discutida a chave de distribui\u00e7\u00e3o, tema mais sens\u00edvel para os clubes, principalmente para os tr\u00eas grandes.<\/li>\n<li>O presidente da Liga, Reinaldo Teixeira, destacou que este \u00e9 o in\u00edcio de uma caminhada e agradeceu a coopera\u00e7\u00e3o das Sociedades Desportivas.<\/li>\n<\/ul>\n","protected":false},"author":2,"featured_media":448359,"comment_status":"closed","ping_status":"closed","sticky":false,"template":"","format":"standard","meta":{"footnotes":""},"categories":[21,24],"tags":[8756,8832,7755,8096,1946,1319],"class_list":["post-448353","post","type-post","status-publish","format-standard","has-post-thumbnail","hentry","category-desporto","category-futebol","tag-_1-a-liga","tag-_2-a-liga","tag-_futebol","tag-_liga","tag-benfica","tag-nacional"],"yoast_head":"<!-- This site is optimized with the Yoast SEO plugin v27.2 - https:\/\/yoast.com\/product\/yoast-seo-wordpress\/ -->\n<title>Regulamento de centraliza\u00e7\u00e3o dos direitos audiovisuais \u00e9 aprovado pelos clubes - Portal Tela Portugal<\/title>\n<meta name=\"robots\" content=\"index, follow, max-snippet:-1, max-image-preview:large, max-video-preview:-1\" \/>\n<meta property=\"og:locale\" content=\"pt_PT\" \/>\n<meta property=\"og:type\" content=\"article\" \/>\n<meta property=\"og:title\" content=\"Regulamento de centraliza\u00e7\u00e3o dos direitos audiovisuais \u00e9 aprovado pelos clubes - Portal Tela Portugal\" \/>\n<meta property=\"og:description\" content=\"A Assembleia Geral da Liga Portuguesa de Futebol Profissional aprovou, com maioria superior a noventa por cento, o regulamento de centraliza\u00e7\u00e3o dos direitos audiovisuais. A vota\u00e7\u00e3o contou com a participa\u00e7\u00e3o de 33 sociedades desportivas da I e II Ligas, realizada na sede do organismo, no Porto. O Benfica votou contra e o Nacional da Madeira absteve-se; as restantes sociedades apoiaram o modelo apresentado pela Liga \u00e0 Autoridade da Concorr\u00eancia. Na pr\u00f3xima reuni\u00e3o, ser\u00e1 discutida a chave de distribui\u00e7\u00e3o, tema mais sens\u00edvel para os clubes, principalmente para os tr\u00eas grandes. O presidente da Liga, Reinaldo Teixeira, destacou que este \u00e9 o in\u00edcio de uma caminhada e agradeceu a coopera\u00e7\u00e3o das Sociedades Desportivas.\" \/>\n<meta property=\"og:url\" content=\"https:\/\/portaltela.pt\/noticias\/2026\/04\/17\/regulamento-de-centralizacao-dos-direitos-audiovisuais-e-aprovado-pelos-clubes\/\" \/>\n<meta property=\"og:site_name\" content=\"Portal Tela Portugal\" \/>\n<meta property=\"article:published_time\" content=\"2026-04-17T17:17:39+00:00\" \/>\n<meta name=\"author\" content=\"Telinha\" \/>\n<meta name=\"twitter:card\" content=\"summary_large_image\" \/>\n<meta name=\"twitter:label1\" content=\"Escrito por\" \/>\n\t<meta name=\"twitter:data1\" content=\"Telinha\" \/>\n\t<meta name=\"twitter:label2\" content=\"Tempo estimado de leitura\" \/>\n\t<meta name=\"twitter:data2\" content=\"1 minuto\" \/>\n<script type=\"application\/ld+json\" class=\"yoast-schema-graph\">{\"@context\":\"https:\/\/schema.org\",\"@graph\":[{\"@type\":\"Article\",\"@id\":\"https:\/\/portaltela.pt\/noticias\/2026\/04\/17\/regulamento-de-centralizacao-dos-direitos-audiovisuais-e-aprovado-pelos-clubes\/#article\",\"isPartOf\":{\"@id\":\"https:\/\/portaltela.pt\/noticias\/2026\/04\/17\/regulamento-de-centralizacao-dos-direitos-audiovisuais-e-aprovado-pelos-clubes\/\"},\"author\":{\"name\":\"Telinha\",\"@id\":\"https:\/\/portaltela.pt\/#\/schema\/person\/c4278d4a6028830caff9ee44b42d32ed\"},\"headline\":\"Regulamento de centraliza\u00e7\u00e3o dos direitos audiovisuais \u00e9 aprovado pelos clubes\",\"datePublished\":\"2026-04-17T17:17:39+00:00\",\"mainEntityOfPage\":{\"@id\":\"https:\/\/portaltela.pt\/noticias\/2026\/04\/17\/regulamento-de-centralizacao-dos-direitos-audiovisuais-e-aprovado-pelos-clubes\/\"},\"wordCount\":170,\"image\":{\"@id\":\"https:\/\/portaltela.pt\/noticias\/2026\/04\/17\/regulamento-de-centralizacao-dos-direitos-audiovisuais-e-aprovado-pelos-clubes\/#primaryimage\"},\"thumbnailUrl\":\"https:\/\/portaltela.pt\/s.01k8rhncp4jt1\/2026\/04\/2082195.jpg\",\"keywords\":[\"_1.\u00aa Liga\",\"_2.\u00aa Liga\",\"_futebol\",\"_Liga\",\"Benfica\",\"Nacional\"],\"articleSection\":[\"Desporto\",\"Futebol\"],\"inLanguage\":\"pt-PT\"},{\"@type\":\"WebPage\",\"@id\":\"https:\/\/portaltela.pt\/noticias\/2026\/04\/17\/regulamento-de-centralizacao-dos-direitos-audiovisuais-e-aprovado-pelos-clubes\/\",\"url\":\"https:\/\/portaltela.pt\/noticias\/2026\/04\/17\/regulamento-de-centralizacao-dos-direitos-audiovisuais-e-aprovado-pelos-clubes\/\",\"name\":\"Regulamento de centraliza\u00e7\u00e3o dos direitos audiovisuais \u00e9 aprovado pelos clubes - Portal Tela Portugal\",\"isPartOf\":{\"@id\":\"https:\/\/portaltela.pt\/#website\"},\"primaryImageOfPage\":{\"@id\":\"https:\/\/portaltela.pt\/noticias\/2026\/04\/17\/regulamento-de-centralizacao-dos-direitos-audiovisuais-e-aprovado-pelos-clubes\/#primaryimage\"},\"image\":{\"@id\":\"https:\/\/portaltela.pt\/noticias\/2026\/04\/17\/regulamento-de-centralizacao-dos-direitos-audiovisuais-e-aprovado-pelos-clubes\/#primaryimage\"},\"thumbnailUrl\":\"https:\/\/portaltela.pt\/s.01k8rhncp4jt1\/2026\/04\/2082195.jpg\",\"datePublished\":\"2026-04-17T17:17:39+00:00\",\"author\":{\"@id\":\"https:\/\/portaltela.pt\/#\/schema\/person\/c4278d4a6028830caff9ee44b42d32ed\"},\"breadcrumb\":{\"@id\":\"https:\/\/portaltela.pt\/noticias\/2026\/04\/17\/regulamento-de-centralizacao-dos-direitos-audiovisuais-e-aprovado-pelos-clubes\/#breadcrumb\"},\"inLanguage\":\"pt-PT\",\"potentialAction\":[{\"@type\":\"ReadAction\",\"target\":[\"https:\/\/portaltela.pt\/noticias\/2026\/04\/17\/regulamento-de-centralizacao-dos-direitos-audiovisuais-e-aprovado-pelos-clubes\/\"]}]},{\"@type\":\"ImageObject\",\"inLanguage\":\"pt-PT\",\"@id\":\"https:\/\/portaltela.pt\/noticias\/2026\/04\/17\/regulamento-de-centralizacao-dos-direitos-audiovisuais-e-aprovado-pelos-clubes\/#primaryimage\",\"url\":\"https:\/\/portaltela.pt\/s.01k8rhncp4jt1\/2026\/04\/2082195.jpg\",\"contentUrl\":\"https:\/\/portaltela.pt\/s.01k8rhncp4jt1\/2026\/04\/2082195.jpg\",\"width\":796,\"height\":448,\"caption\":\"A Assembleia Geral da Liga aprovou o regulamento de comercializa\u00e7\u00e3o dos direitos audiovisuais\"},{\"@type\":\"BreadcrumbList\",\"@id\":\"https:\/\/portaltela.pt\/noticias\/2026\/04\/17\/regulamento-de-centralizacao-dos-direitos-audiovisuais-e-aprovado-pelos-clubes\/#breadcrumb\",\"itemListElement\":[{\"@type\":\"ListItem\",\"position\":1,\"name\":\"In\u00edcio\",\"item\":\"https:\/\/portaltela.pt\/\"},{\"@type\":\"ListItem\",\"position\":2,\"name\":\"Regulamento de centraliza\u00e7\u00e3o dos direitos audiovisuais \u00e9 aprovado pelos clubes\"}]},{\"@type\":\"WebSite\",\"@id\":\"https:\/\/portaltela.pt\/#website\",\"url\":\"https:\/\/portaltela.pt\/\",\"name\":\"Portal Tela Portugal\",\"description\":\"\",\"potentialAction\":[{\"@type\":\"SearchAction\",\"target\":{\"@type\":\"EntryPoint\",\"urlTemplate\":\"https:\/\/portaltela.pt\/?s={search_term_string}\"},\"query-input\":{\"@type\":\"PropertyValueSpecification\",\"valueRequired\":true,\"valueName\":\"search_term_string\"}}],\"inLanguage\":\"pt-PT\"},{\"@type\":\"Person\",\"@id\":\"https:\/\/portaltela.pt\/#\/schema\/person\/c4278d4a6028830caff9ee44b42d32ed\",\"name\":\"Telinha\",\"image\":{\"@type\":\"ImageObject\",\"inLanguage\":\"pt-PT\",\"@id\":\"https:\/\/portaltela.pt\/s.01k8rhncp4jt1\/2025\/11\/talking-bot-125x125.png\",\"url\":\"https:\/\/portaltela.pt\/s.01k8rhncp4jt1\/2025\/11\/talking-bot-125x125.png\",\"contentUrl\":\"https:\/\/portaltela.pt\/s.01k8rhncp4jt1\/2025\/11\/talking-bot-125x125.png\",\"caption\":\"Telinha\"},\"sameAs\":[\"https:\/\/portaltela.pt\/\"],\"url\":\"https:\/\/portaltela.pt\/por\/367410592786\/\"}]}<\/script>\n<!-- \/ Yoast SEO plugin. -->","yoast_head_json":{"title":"Regulamento de centraliza\u00e7\u00e3o dos direitos audiovisuais \u00e9 aprovado pelos clubes - Portal Tela Portugal","robots":{"index":"index","follow":"follow","max-snippet":"max-snippet:-1","max-image-preview":"max-image-preview:large","max-video-preview":"max-video-preview:-1"},"og_locale":"pt_PT","og_type":"article","og_title":"Regulamento de centraliza\u00e7\u00e3o dos direitos audiovisuais \u00e9 aprovado pelos clubes - Portal Tela Portugal","og_description":"A Assembleia Geral da Liga Portuguesa de Futebol Profissional aprovou, com maioria superior a noventa por cento, o regulamento de centraliza\u00e7\u00e3o dos direitos audiovisuais. A vota\u00e7\u00e3o contou com a participa\u00e7\u00e3o de 33 sociedades desportivas da I e II Ligas, realizada na sede do organismo, no Porto. O Benfica votou contra e o Nacional da Madeira absteve-se; as restantes sociedades apoiaram o modelo apresentado pela Liga \u00e0 Autoridade da Concorr\u00eancia. Na pr\u00f3xima reuni\u00e3o, ser\u00e1 discutida a chave de distribui\u00e7\u00e3o, tema mais sens\u00edvel para os clubes, principalmente para os tr\u00eas grandes. O presidente da Liga, Reinaldo Teixeira, destacou que este \u00e9 o in\u00edcio de uma caminhada e agradeceu a coopera\u00e7\u00e3o das Sociedades Desportivas.","og_url":"https:\/\/portaltela.pt\/noticias\/2026\/04\/17\/regulamento-de-centralizacao-dos-direitos-audiovisuais-e-aprovado-pelos-clubes\/","og_site_name":"Portal Tela Portugal","article_published_time":"2026-04-17T17:17:39+00:00","author":"Telinha","twitter_card":"summary_large_image","twitter_misc":{"Escrito por":"Telinha","Tempo estimado de leitura":"1 minuto"},"schema":{"@context":"https:\/\/schema.org","@graph":[{"@type":"Article","@id":"https:\/\/portaltela.pt\/noticias\/2026\/04\/17\/regulamento-de-centralizacao-dos-direitos-audiovisuais-e-aprovado-pelos-clubes\/#article","isPartOf":{"@id":"https:\/\/portaltela.pt\/noticias\/2026\/04\/17\/regulamento-de-centralizacao-dos-direitos-audiovisuais-e-aprovado-pelos-clubes\/"},"author":{"name":"Telinha","@id":"https:\/\/portaltela.pt\/#\/schema\/person\/c4278d4a6028830caff9ee44b42d32ed"},"headline":"Regulamento de centraliza\u00e7\u00e3o dos direitos audiovisuais \u00e9 aprovado pelos clubes","datePublished":"2026-04-17T17:17:39+00:00","mainEntityOfPage":{"@id":"https:\/\/portaltela.pt\/noticias\/2026\/04\/17\/regulamento-de-centralizacao-dos-direitos-audiovisuais-e-aprovado-pelos-clubes\/"},"wordCount":170,"image":{"@id":"https:\/\/portaltela.pt\/noticias\/2026\/04\/17\/regulamento-de-centralizacao-dos-direitos-audiovisuais-e-aprovado-pelos-clubes\/#primaryimage"},"thumbnailUrl":"https:\/\/portaltela.pt\/s.01k8rhncp4jt1\/2026\/04\/2082195.jpg","keywords":["_1.\u00aa Liga","_2.\u00aa Liga","_futebol","_Liga","Benfica","Nacional"],"articleSection":["Desporto","Futebol"],"inLanguage":"pt-PT"},{"@type":"WebPage","@id":"https:\/\/portaltela.pt\/noticias\/2026\/04\/17\/regulamento-de-centralizacao-dos-direitos-audiovisuais-e-aprovado-pelos-clubes\/","url":"https:\/\/portaltela.pt\/noticias\/2026\/04\/17\/regulamento-de-centralizacao-dos-direitos-audiovisuais-e-aprovado-pelos-clubes\/","name":"Regulamento de centraliza\u00e7\u00e3o dos direitos audiovisuais \u00e9 aprovado pelos clubes - Portal Tela Portugal","isPartOf":{"@id":"https:\/\/portaltela.pt\/#website"},"primaryImageOfPage":{"@id":"https:\/\/portaltela.pt\/noticias\/2026\/04\/17\/regulamento-de-centralizacao-dos-direitos-audiovisuais-e-aprovado-pelos-clubes\/#primaryimage"},"image":{"@id":"https:\/\/portaltela.pt\/noticias\/2026\/04\/17\/regulamento-de-centralizacao-dos-direitos-audiovisuais-e-aprovado-pelos-clubes\/#primaryimage"},"thumbnailUrl":"https:\/\/portaltela.pt\/s.01k8rhncp4jt1\/2026\/04\/2082195.jpg","datePublished":"2026-04-17T17:17:39+00:00","author":{"@id":"https:\/\/portaltela.pt\/#\/schema\/person\/c4278d4a6028830caff9ee44b42d32ed"},"breadcrumb":{"@id":"https:\/\/portaltela.pt\/noticias\/2026\/04\/17\/regulamento-de-centralizacao-dos-direitos-audiovisuais-e-aprovado-pelos-clubes\/#breadcrumb"},"inLanguage":"pt-PT","potentialAction":[{"@type":"ReadAction","target":["https:\/\/portaltela.pt\/noticias\/2026\/04\/17\/regulamento-de-centralizacao-dos-direitos-audiovisuais-e-aprovado-pelos-clubes\/"]}]},{"@type":"ImageObject","inLanguage":"pt-PT","@id":"https:\/\/portaltela.pt\/noticias\/2026\/04\/17\/regulamento-de-centralizacao-dos-direitos-audiovisuais-e-aprovado-pelos-clubes\/#primaryimage","url":"https:\/\/portaltela.pt\/s.01k8rhncp4jt1\/2026\/04\/2082195.jpg","contentUrl":"https:\/\/portaltela.pt\/s.01k8rhncp4jt1\/2026\/04\/2082195.jpg","width":796,"height":448,"caption":"A Assembleia Geral da Liga aprovou o regulamento de comercializa\u00e7\u00e3o dos direitos audiovisuais"},{"@type":"BreadcrumbList","@id":"https:\/\/portaltela.pt\/noticias\/2026\/04\/17\/regulamento-de-centralizacao-dos-direitos-audiovisuais-e-aprovado-pelos-clubes\/#breadcrumb","itemListElement":[{"@type":"ListItem","position":1,"name":"In\u00edcio","item":"https:\/\/portaltela.pt\/"},{"@type":"ListItem","position":2,"name":"Regulamento de centraliza\u00e7\u00e3o dos direitos audiovisuais \u00e9 aprovado pelos clubes"}]},{"@type":"WebSite","@id":"https:\/\/portaltela.pt\/#website","url":"https:\/\/portaltela.pt\/","name":"Portal Tela Portugal","description":"","potentialAction":[{"@type":"SearchAction","target":{"@type":"EntryPoint","urlTemplate":"https:\/\/portaltela.pt\/?s={search_term_string}"},"query-input":{"@type":"PropertyValueSpecification","valueRequired":true,"valueName":"search_term_string"}}],"inLanguage":"pt-PT"},{"@type":"Person","@id":"https:\/\/portaltela.pt\/#\/schema\/person\/c4278d4a6028830caff9ee44b42d32ed","name":"Telinha","image":{"@type":"ImageObject","inLanguage":"pt-PT","@id":"https:\/\/portaltela.pt\/s.01k8rhncp4jt1\/2025\/11\/talking-bot-125x125.png","url":"https:\/\/portaltela.pt\/s.01k8rhncp4jt1\/2025\/11\/talking-bot-125x125.png","contentUrl":"https:\/\/portaltela.pt\/s.01k8rhncp4jt1\/2025\/11\/talking-bot-125x125.png","caption":"Telinha"},"sameAs":["https:\/\/portaltela.pt\/"],"url":"https:\/\/portaltela.pt\/por\/367410592786\/"}]}},"_links":{"self":[{"href":"https:\/\/portaltela.pt\/api\/wp\/v2\/posts\/448353","targetHints":{"allow":["GET"]}}],"collection":[{"href":"https:\/\/portaltela.pt\/api\/wp\/v2\/posts"}],"about":[{"href":"https:\/\/portaltela.pt\/api\/wp\/v2\/types\/post"}],"author":[{"embeddable":true,"href":"https:\/\/portaltela.pt\/api\/wp\/v2\/users\/2"}],"replies":[{"embeddable":true,"href":"https:\/\/portaltela.pt\/api\/wp\/v2\/comments?post=448353"}],"version-history":[{"count":0,"href":"https:\/\/portaltela.pt\/api\/wp\/v2\/posts\/448353\/revisions"}],"wp:featuredmedia":[{"embeddable":true,"href":"https:\/\/portaltela.pt\/api\/wp\/v2\/media\/448359"}],"wp:attachment":[{"href":"https:\/\/portaltela.pt\/api\/wp\/v2\/media?parent=448353"}],"wp:term":[{"taxonomy":"category","embeddable":true,"href":"https:\/\/portaltela.pt\/api\/wp\/v2\/categories?post=448353"},{"taxonomy":"post_tag","embeddable":true,"href":"https:\/\/portaltela.pt\/api\/wp\/v2\/tags?post=448353"}],"curies":[{"name":"wp","href":"https:\/\/api.w.org\/{rel}","templated":true}]}}