{"id":448132,"date":"2026-04-17T12:18:03","date_gmt":"2026-04-17T15:18:03","guid":{"rendered":"https:\/\/portaltela.pt\/noticias\/2026\/04\/17\/angel-alarcon-afirma-que-farioli-ensinou-o-que-se-exige-ao-mais-alto-nivel\/"},"modified":"2026-04-17T12:18:03","modified_gmt":"2026-04-17T15:18:03","slug":"angel-alarcon-afirma-que-farioli-ensinou-o-que-se-exige-ao-mais-alto-nivel","status":"publish","type":"post","link":"https:\/\/portaltela.pt\/desporto\/futebol\/2026\/04\/17\/angel-alarcon-afirma-que-farioli-ensinou-o-que-se-exige-ao-mais-alto-nivel\/","title":{"rendered":"\u00c1ngel Alarc\u00f3n afirma que Farioli ensinou o que se exige ao mais alto n\u00edvel"},"content":{"rendered":"<p>\u00c1ngel Alarc\u00f3n, extremo espanhol do FC Porto, foi emprestado ao Utrecht em janeiro e afirmou n\u00e3o guardar ressentimentos pela aus\u00eancia de espa\u00e7o na equipa principal dos azuis e brancos. Na sua vis\u00e3o, Farioli, atual t\u00e9cnico do Porto, teve um papel decisivo no seu crescimento.<\/p>\n<p>Segundo o jogador, Farioli \u00e9 exigente e prioriza o trabalho f\u00edsico, com foco no pr\u00f3ximo jogo. O treinador tamb\u00e9m enfatizou que uma derrota pode exigir consequ\u00eancias para o resto da \u00e9poca, o que, segundo Alarc\u00f3n, lhe ajudou a evoluir mentalmente e a perceber o que se exige ao mais alto n\u00edvel.<\/p>\n<p>Alarc\u00f3n explicou que a sa\u00edda do Drag\u00e3o foi oportuno, destacando o apoio de Farioli na breve passagem de interesse a uma poss\u00edvel mudan\u00e7a para o Utrecht. O t\u00e9cnico revelou ter mostrado o interesse do clube holand\u00eas, embora preferisse que o jogador permanecesse.<\/p>\n<p>Na Holanda, o extremo observou um estilo de jogo diferente daquelequestevia na Liga portuguesa e na forma\u00e7\u00e3o do Barcelona. A Eredivisie \u00e9 descrita como uma liga forte, com jogo mais atacante, transi\u00e7\u00f5es r\u00e1pidas e menos pausas, em contraste com o ritmo mais f\u00edsico e direto da Primeira Liga.<\/p>\n<h3>Adapta\u00e7\u00e3o e perspetivas<\/h3>\n<p>O jogador descreve a Eredivisie como mais orientada para a circula\u00e7\u00e3o de bola e recupera\u00e7\u00e3o cont\u00ednua, semelhante ao que se v\u00ea em Portugal, mas com maior incid\u00eancia ofensiva. A experi\u00eancia holandesa \u00e9 apresentada como um passo que pode potenciar a carreira, conforme expressa em entrevista \u00e0 Voetbal International.<\/p>\n","protected":false},"excerpt":{"rendered":"<ul>\n<li>\u00c1ngel Alarc\u00f3n saiu do FC Porto em janeiro por empr\u00e9stimo ao Utrecht, sem guardar ressentimentos pelo room de chegada \u00e0 equipa principal.<\/li>\n<li>O extremo elogia Francesco Farioli, atual treinador dos drag\u00f5es, descrevendo-o como en\u00e9rgico, exigente e muito focado no jogo seguinte, que o ajudou a crescer mentalmente.<\/li>\n<li>Farioli afirmou que o Utrecht era uma hip\u00f3tese importante para a carreira do jogador, embora preferisse que ele tivesse ficado no Porto.<\/li>\n<li>Em termos de estilo, Alarc\u00f3n diz que a Eredivisie \u00e9 mais exigente do que esperava, com todas as equipas a jogar para o ataque e o campeonato a ser bastante competitivo.<\/li>\n<li>O jogador compara ainda o futebol espanhol e portugu\u00eas, destacando que a Eredivisie \u00e9 mais centrada na posse de bola, enquanto Portugal tende a ser mais f\u00edsico e direto.<\/li>\n<\/ul>\n","protected":false},"author":2,"featured_media":448138,"comment_status":"closed","ping_status":"closed","sticky":false,"template":"","format":"standard","meta":{"footnotes":""},"categories":[21,24],"tags":[2587,2028,32,2227,242,1809],"class_list":["post-448132","post","type-post","status-publish","format-standard","has-post-thumbnail","hentry","category-desporto","category-futebol","tag-barcelona","tag-fc-porto","tag-futebol","tag-holanda","tag-jogadores","tag-paises-baixos"],"yoast_head":"<!-- This site is optimized with the Yoast SEO plugin v27.2 - https:\/\/yoast.com\/product\/yoast-seo-wordpress\/ -->\n<title>\u00c1ngel Alarc\u00f3n afirma que Farioli ensinou o que se exige ao mais alto n\u00edvel - Portal Tela Portugal<\/title>\n<meta name=\"robots\" content=\"index, follow, max-snippet:-1, max-image-preview:large, max-video-preview:-1\" \/>\n<meta property=\"og:locale\" content=\"pt_PT\" \/>\n<meta property=\"og:type\" content=\"article\" \/>\n<meta property=\"og:title\" content=\"\u00c1ngel Alarc\u00f3n afirma que Farioli ensinou o que se exige ao mais alto n\u00edvel - Portal Tela Portugal\" \/>\n<meta property=\"og:description\" content=\"\u00c1ngel Alarc\u00f3n saiu do FC Porto em janeiro por empr\u00e9stimo ao Utrecht, sem guardar ressentimentos pelo room de chegada \u00e0 equipa principal. O extremo elogia Francesco Farioli, atual treinador dos drag\u00f5es, descrevendo-o como en\u00e9rgico, exigente e muito focado no jogo seguinte, que o ajudou a crescer mentalmente. Farioli afirmou que o Utrecht era uma hip\u00f3tese importante para a carreira do jogador, embora preferisse que ele tivesse ficado no Porto. Em termos de estilo, Alarc\u00f3n diz que a Eredivisie \u00e9 mais exigente do que esperava, com todas as equipas a jogar para o ataque e o campeonato a ser bastante competitivo. O jogador compara ainda o futebol espanhol e portugu\u00eas, destacando que a Eredivisie \u00e9 mais centrada na posse de bola, enquanto Portugal tende a ser mais f\u00edsico e direto.\" \/>\n<meta property=\"og:url\" content=\"https:\/\/portaltela.pt\/noticias\/2026\/04\/17\/angel-alarcon-afirma-que-farioli-ensinou-o-que-se-exige-ao-mais-alto-nivel\/\" \/>\n<meta property=\"og:site_name\" content=\"Portal Tela Portugal\" \/>\n<meta property=\"article:published_time\" content=\"2026-04-17T15:18:03+00:00\" \/>\n<meta name=\"author\" content=\"Telinha\" \/>\n<meta name=\"twitter:card\" content=\"summary_large_image\" \/>\n<meta name=\"twitter:label1\" content=\"Escrito por\" \/>\n\t<meta name=\"twitter:data1\" content=\"Telinha\" \/>\n\t<meta name=\"twitter:label2\" content=\"Tempo estimado de leitura\" \/>\n\t<meta name=\"twitter:data2\" content=\"1 minuto\" \/>\n<script type=\"application\/ld+json\" class=\"yoast-schema-graph\">{\"@context\":\"https:\/\/schema.org\",\"@graph\":[{\"@type\":\"Article\",\"@id\":\"https:\/\/portaltela.pt\/noticias\/2026\/04\/17\/angel-alarcon-afirma-que-farioli-ensinou-o-que-se-exige-ao-mais-alto-nivel\/#article\",\"isPartOf\":{\"@id\":\"https:\/\/portaltela.pt\/noticias\/2026\/04\/17\/angel-alarcon-afirma-que-farioli-ensinou-o-que-se-exige-ao-mais-alto-nivel\/\"},\"author\":{\"name\":\"Telinha\",\"@id\":\"https:\/\/portaltela.pt\/#\/schema\/person\/c4278d4a6028830caff9ee44b42d32ed\"},\"headline\":\"\u00c1ngel Alarc\u00f3n afirma que Farioli ensinou o que se exige ao mais alto n\u00edvel\",\"datePublished\":\"2026-04-17T15:18:03+00:00\",\"mainEntityOfPage\":{\"@id\":\"https:\/\/portaltela.pt\/noticias\/2026\/04\/17\/angel-alarcon-afirma-que-farioli-ensinou-o-que-se-exige-ao-mais-alto-nivel\/\"},\"wordCount\":277,\"image\":{\"@id\":\"https:\/\/portaltela.pt\/noticias\/2026\/04\/17\/angel-alarcon-afirma-que-farioli-ensinou-o-que-se-exige-ao-mais-alto-nivel\/#primaryimage\"},\"thumbnailUrl\":\"https:\/\/portaltela.pt\/s.01k8rhncp4jt1\/2026\/04\/img_920x518uu2026-03-15-18-16-27-2427178-im-639091954114448042.jpg\",\"keywords\":[\"Barcelona\",\"FC Porto\",\"futebol\",\"Holanda\",\"jogadores\",\"Pa\u00edses Baixos\"],\"articleSection\":[\"Desporto\",\"Futebol\"],\"inLanguage\":\"pt-PT\"},{\"@type\":\"WebPage\",\"@id\":\"https:\/\/portaltela.pt\/noticias\/2026\/04\/17\/angel-alarcon-afirma-que-farioli-ensinou-o-que-se-exige-ao-mais-alto-nivel\/\",\"url\":\"https:\/\/portaltela.pt\/noticias\/2026\/04\/17\/angel-alarcon-afirma-que-farioli-ensinou-o-que-se-exige-ao-mais-alto-nivel\/\",\"name\":\"\u00c1ngel Alarc\u00f3n afirma que Farioli ensinou o que se exige ao mais alto n\u00edvel - Portal Tela Portugal\",\"isPartOf\":{\"@id\":\"https:\/\/portaltela.pt\/#website\"},\"primaryImageOfPage\":{\"@id\":\"https:\/\/portaltela.pt\/noticias\/2026\/04\/17\/angel-alarcon-afirma-que-farioli-ensinou-o-que-se-exige-ao-mais-alto-nivel\/#primaryimage\"},\"image\":{\"@id\":\"https:\/\/portaltela.pt\/noticias\/2026\/04\/17\/angel-alarcon-afirma-que-farioli-ensinou-o-que-se-exige-ao-mais-alto-nivel\/#primaryimage\"},\"thumbnailUrl\":\"https:\/\/portaltela.pt\/s.01k8rhncp4jt1\/2026\/04\/img_920x518uu2026-03-15-18-16-27-2427178-im-639091954114448042.jpg\",\"datePublished\":\"2026-04-17T15:18:03+00:00\",\"author\":{\"@id\":\"https:\/\/portaltela.pt\/#\/schema\/person\/c4278d4a6028830caff9ee44b42d32ed\"},\"breadcrumb\":{\"@id\":\"https:\/\/portaltela.pt\/noticias\/2026\/04\/17\/angel-alarcon-afirma-que-farioli-ensinou-o-que-se-exige-ao-mais-alto-nivel\/#breadcrumb\"},\"inLanguage\":\"pt-PT\",\"potentialAction\":[{\"@type\":\"ReadAction\",\"target\":[\"https:\/\/portaltela.pt\/noticias\/2026\/04\/17\/angel-alarcon-afirma-que-farioli-ensinou-o-que-se-exige-ao-mais-alto-nivel\/\"]}]},{\"@type\":\"ImageObject\",\"inLanguage\":\"pt-PT\",\"@id\":\"https:\/\/portaltela.pt\/noticias\/2026\/04\/17\/angel-alarcon-afirma-que-farioli-ensinou-o-que-se-exige-ao-mais-alto-nivel\/#primaryimage\",\"url\":\"https:\/\/portaltela.pt\/s.01k8rhncp4jt1\/2026\/04\/img_920x518uu2026-03-15-18-16-27-2427178-im-639091954114448042.jpg\",\"contentUrl\":\"https:\/\/portaltela.pt\/s.01k8rhncp4jt1\/2026\/04\/img_920x518uu2026-03-15-18-16-27-2427178-im-639091954114448042.jpg\",\"width\":796,\"height\":448,\"caption\":\"\u00c1ngel Alarc\u00f3n destaca-se no Utrecht\"},{\"@type\":\"BreadcrumbList\",\"@id\":\"https:\/\/portaltela.pt\/noticias\/2026\/04\/17\/angel-alarcon-afirma-que-farioli-ensinou-o-que-se-exige-ao-mais-alto-nivel\/#breadcrumb\",\"itemListElement\":[{\"@type\":\"ListItem\",\"position\":1,\"name\":\"In\u00edcio\",\"item\":\"https:\/\/portaltela.pt\/\"},{\"@type\":\"ListItem\",\"position\":2,\"name\":\"\u00c1ngel Alarc\u00f3n afirma que Farioli ensinou o que se exige ao mais alto n\u00edvel\"}]},{\"@type\":\"WebSite\",\"@id\":\"https:\/\/portaltela.pt\/#website\",\"url\":\"https:\/\/portaltela.pt\/\",\"name\":\"Portal Tela Portugal\",\"description\":\"\",\"potentialAction\":[{\"@type\":\"SearchAction\",\"target\":{\"@type\":\"EntryPoint\",\"urlTemplate\":\"https:\/\/portaltela.pt\/?s={search_term_string}\"},\"query-input\":{\"@type\":\"PropertyValueSpecification\",\"valueRequired\":true,\"valueName\":\"search_term_string\"}}],\"inLanguage\":\"pt-PT\"},{\"@type\":\"Person\",\"@id\":\"https:\/\/portaltela.pt\/#\/schema\/person\/c4278d4a6028830caff9ee44b42d32ed\",\"name\":\"Telinha\",\"image\":{\"@type\":\"ImageObject\",\"inLanguage\":\"pt-PT\",\"@id\":\"https:\/\/portaltela.pt\/s.01k8rhncp4jt1\/2025\/11\/talking-bot-125x125.png\",\"url\":\"https:\/\/portaltela.pt\/s.01k8rhncp4jt1\/2025\/11\/talking-bot-125x125.png\",\"contentUrl\":\"https:\/\/portaltela.pt\/s.01k8rhncp4jt1\/2025\/11\/talking-bot-125x125.png\",\"caption\":\"Telinha\"},\"sameAs\":[\"https:\/\/portaltela.pt\/\"],\"url\":\"https:\/\/portaltela.pt\/por\/367410592786\/\"}]}<\/script>\n<!-- \/ Yoast SEO plugin. -->","yoast_head_json":{"title":"\u00c1ngel Alarc\u00f3n afirma que Farioli ensinou o que se exige ao mais alto n\u00edvel - Portal Tela Portugal","robots":{"index":"index","follow":"follow","max-snippet":"max-snippet:-1","max-image-preview":"max-image-preview:large","max-video-preview":"max-video-preview:-1"},"og_locale":"pt_PT","og_type":"article","og_title":"\u00c1ngel Alarc\u00f3n afirma que Farioli ensinou o que se exige ao mais alto n\u00edvel - Portal Tela Portugal","og_description":"\u00c1ngel Alarc\u00f3n saiu do FC Porto em janeiro por empr\u00e9stimo ao Utrecht, sem guardar ressentimentos pelo room de chegada \u00e0 equipa principal. O extremo elogia Francesco Farioli, atual treinador dos drag\u00f5es, descrevendo-o como en\u00e9rgico, exigente e muito focado no jogo seguinte, que o ajudou a crescer mentalmente. Farioli afirmou que o Utrecht era uma hip\u00f3tese importante para a carreira do jogador, embora preferisse que ele tivesse ficado no Porto. Em termos de estilo, Alarc\u00f3n diz que a Eredivisie \u00e9 mais exigente do que esperava, com todas as equipas a jogar para o ataque e o campeonato a ser bastante competitivo. O jogador compara ainda o futebol espanhol e portugu\u00eas, destacando que a Eredivisie \u00e9 mais centrada na posse de bola, enquanto Portugal tende a ser mais f\u00edsico e direto.","og_url":"https:\/\/portaltela.pt\/noticias\/2026\/04\/17\/angel-alarcon-afirma-que-farioli-ensinou-o-que-se-exige-ao-mais-alto-nivel\/","og_site_name":"Portal Tela Portugal","article_published_time":"2026-04-17T15:18:03+00:00","author":"Telinha","twitter_card":"summary_large_image","twitter_misc":{"Escrito por":"Telinha","Tempo estimado de leitura":"1 minuto"},"schema":{"@context":"https:\/\/schema.org","@graph":[{"@type":"Article","@id":"https:\/\/portaltela.pt\/noticias\/2026\/04\/17\/angel-alarcon-afirma-que-farioli-ensinou-o-que-se-exige-ao-mais-alto-nivel\/#article","isPartOf":{"@id":"https:\/\/portaltela.pt\/noticias\/2026\/04\/17\/angel-alarcon-afirma-que-farioli-ensinou-o-que-se-exige-ao-mais-alto-nivel\/"},"author":{"name":"Telinha","@id":"https:\/\/portaltela.pt\/#\/schema\/person\/c4278d4a6028830caff9ee44b42d32ed"},"headline":"\u00c1ngel Alarc\u00f3n afirma que Farioli ensinou o que se exige ao mais alto n\u00edvel","datePublished":"2026-04-17T15:18:03+00:00","mainEntityOfPage":{"@id":"https:\/\/portaltela.pt\/noticias\/2026\/04\/17\/angel-alarcon-afirma-que-farioli-ensinou-o-que-se-exige-ao-mais-alto-nivel\/"},"wordCount":277,"image":{"@id":"https:\/\/portaltela.pt\/noticias\/2026\/04\/17\/angel-alarcon-afirma-que-farioli-ensinou-o-que-se-exige-ao-mais-alto-nivel\/#primaryimage"},"thumbnailUrl":"https:\/\/portaltela.pt\/s.01k8rhncp4jt1\/2026\/04\/img_920x518uu2026-03-15-18-16-27-2427178-im-639091954114448042.jpg","keywords":["Barcelona","FC Porto","futebol","Holanda","jogadores","Pa\u00edses Baixos"],"articleSection":["Desporto","Futebol"],"inLanguage":"pt-PT"},{"@type":"WebPage","@id":"https:\/\/portaltela.pt\/noticias\/2026\/04\/17\/angel-alarcon-afirma-que-farioli-ensinou-o-que-se-exige-ao-mais-alto-nivel\/","url":"https:\/\/portaltela.pt\/noticias\/2026\/04\/17\/angel-alarcon-afirma-que-farioli-ensinou-o-que-se-exige-ao-mais-alto-nivel\/","name":"\u00c1ngel Alarc\u00f3n afirma que Farioli ensinou o que se exige ao mais alto n\u00edvel - Portal Tela Portugal","isPartOf":{"@id":"https:\/\/portaltela.pt\/#website"},"primaryImageOfPage":{"@id":"https:\/\/portaltela.pt\/noticias\/2026\/04\/17\/angel-alarcon-afirma-que-farioli-ensinou-o-que-se-exige-ao-mais-alto-nivel\/#primaryimage"},"image":{"@id":"https:\/\/portaltela.pt\/noticias\/2026\/04\/17\/angel-alarcon-afirma-que-farioli-ensinou-o-que-se-exige-ao-mais-alto-nivel\/#primaryimage"},"thumbnailUrl":"https:\/\/portaltela.pt\/s.01k8rhncp4jt1\/2026\/04\/img_920x518uu2026-03-15-18-16-27-2427178-im-639091954114448042.jpg","datePublished":"2026-04-17T15:18:03+00:00","author":{"@id":"https:\/\/portaltela.pt\/#\/schema\/person\/c4278d4a6028830caff9ee44b42d32ed"},"breadcrumb":{"@id":"https:\/\/portaltela.pt\/noticias\/2026\/04\/17\/angel-alarcon-afirma-que-farioli-ensinou-o-que-se-exige-ao-mais-alto-nivel\/#breadcrumb"},"inLanguage":"pt-PT","potentialAction":[{"@type":"ReadAction","target":["https:\/\/portaltela.pt\/noticias\/2026\/04\/17\/angel-alarcon-afirma-que-farioli-ensinou-o-que-se-exige-ao-mais-alto-nivel\/"]}]},{"@type":"ImageObject","inLanguage":"pt-PT","@id":"https:\/\/portaltela.pt\/noticias\/2026\/04\/17\/angel-alarcon-afirma-que-farioli-ensinou-o-que-se-exige-ao-mais-alto-nivel\/#primaryimage","url":"https:\/\/portaltela.pt\/s.01k8rhncp4jt1\/2026\/04\/img_920x518uu2026-03-15-18-16-27-2427178-im-639091954114448042.jpg","contentUrl":"https:\/\/portaltela.pt\/s.01k8rhncp4jt1\/2026\/04\/img_920x518uu2026-03-15-18-16-27-2427178-im-639091954114448042.jpg","width":796,"height":448,"caption":"\u00c1ngel Alarc\u00f3n destaca-se no Utrecht"},{"@type":"BreadcrumbList","@id":"https:\/\/portaltela.pt\/noticias\/2026\/04\/17\/angel-alarcon-afirma-que-farioli-ensinou-o-que-se-exige-ao-mais-alto-nivel\/#breadcrumb","itemListElement":[{"@type":"ListItem","position":1,"name":"In\u00edcio","item":"https:\/\/portaltela.pt\/"},{"@type":"ListItem","position":2,"name":"\u00c1ngel Alarc\u00f3n afirma que Farioli ensinou o que se exige ao mais alto n\u00edvel"}]},{"@type":"WebSite","@id":"https:\/\/portaltela.pt\/#website","url":"https:\/\/portaltela.pt\/","name":"Portal Tela Portugal","description":"","potentialAction":[{"@type":"SearchAction","target":{"@type":"EntryPoint","urlTemplate":"https:\/\/portaltela.pt\/?s={search_term_string}"},"query-input":{"@type":"PropertyValueSpecification","valueRequired":true,"valueName":"search_term_string"}}],"inLanguage":"pt-PT"},{"@type":"Person","@id":"https:\/\/portaltela.pt\/#\/schema\/person\/c4278d4a6028830caff9ee44b42d32ed","name":"Telinha","image":{"@type":"ImageObject","inLanguage":"pt-PT","@id":"https:\/\/portaltela.pt\/s.01k8rhncp4jt1\/2025\/11\/talking-bot-125x125.png","url":"https:\/\/portaltela.pt\/s.01k8rhncp4jt1\/2025\/11\/talking-bot-125x125.png","contentUrl":"https:\/\/portaltela.pt\/s.01k8rhncp4jt1\/2025\/11\/talking-bot-125x125.png","caption":"Telinha"},"sameAs":["https:\/\/portaltela.pt\/"],"url":"https:\/\/portaltela.pt\/por\/367410592786\/"}]}},"_links":{"self":[{"href":"https:\/\/portaltela.pt\/api\/wp\/v2\/posts\/448132","targetHints":{"allow":["GET"]}}],"collection":[{"href":"https:\/\/portaltela.pt\/api\/wp\/v2\/posts"}],"about":[{"href":"https:\/\/portaltela.pt\/api\/wp\/v2\/types\/post"}],"author":[{"embeddable":true,"href":"https:\/\/portaltela.pt\/api\/wp\/v2\/users\/2"}],"replies":[{"embeddable":true,"href":"https:\/\/portaltela.pt\/api\/wp\/v2\/comments?post=448132"}],"version-history":[{"count":0,"href":"https:\/\/portaltela.pt\/api\/wp\/v2\/posts\/448132\/revisions"}],"wp:featuredmedia":[{"embeddable":true,"href":"https:\/\/portaltela.pt\/api\/wp\/v2\/media\/448138"}],"wp:attachment":[{"href":"https:\/\/portaltela.pt\/api\/wp\/v2\/media?parent=448132"}],"wp:term":[{"taxonomy":"category","embeddable":true,"href":"https:\/\/portaltela.pt\/api\/wp\/v2\/categories?post=448132"},{"taxonomy":"post_tag","embeddable":true,"href":"https:\/\/portaltela.pt\/api\/wp\/v2\/tags?post=448132"}],"curies":[{"name":"wp","href":"https:\/\/api.w.org\/{rel}","templated":true}]}}