{"id":448114,"date":"2026-04-17T12:03:58","date_gmt":"2026-04-17T15:03:58","guid":{"rendered":"https:\/\/portaltela.pt\/noticias\/2026\/04\/17\/lesao-no-pulso-direito-afasta-carlos-alcaraz-do-masters-1-000-de-madrid\/"},"modified":"2026-04-17T12:03:58","modified_gmt":"2026-04-17T15:03:58","slug":"lesao-no-pulso-direito-afasta-carlos-alcaraz-do-masters-1-000-de-madrid","status":"publish","type":"post","link":"https:\/\/portaltela.pt\/desporto\/futebol\/2026\/04\/17\/lesao-no-pulso-direito-afasta-carlos-alcaraz-do-masters-1-000-de-madrid\/","title":{"rendered":"Les\u00e3o no pulso direito afasta Carlos Alcaraz do Masters 1.000 de Madrid"},"content":{"rendered":"<p>Carlos Alcaraz est\u00e1 afastado do Masters 1.000 de Madrid devido a uma les\u00e3o no pulso direito. A confirma\u00e7\u00e3o veio pouco antes do torneio, que ter\u00e1 in\u00edcio na pr\u00f3xima semana, marcando a segunda aus\u00eancia consecutiva do jogador espanhol nesta prova.<\/p>\n<p>O n\u00famero 2 do mundo n\u00e3o disputar\u00e1 o evento que domina com duas vit\u00f3rias consecutivas. A recupera\u00e7\u00e3o da les\u00e3o, adquirida na primeira ronda do ATP 500 de Barcelona, n\u00e3o permitiu o regresso a tempo de competir em Madrid.<\/p>\n<p>Alcaraz, natural de M\u00farcia, j\u00e1 tinha anunciado nas redes sociais a sua dor pela aus\u00eancia, destacando o significado do torneio para ele e os adeptos. A cidade de Madrid \u00e9 considerada uma das refer\u00eancias do calend\u00e1rio para o tenista.<\/p>\n<p>A les\u00e3o tamb\u00e9m coloca em foco o calend\u00e1rio de maior express\u00e3o da temporada. A equipa m\u00e9dica acompanha a evolu\u00e7\u00e3o, com aten\u00e7\u00e3o ao Roland Garros, que come\u00e7a a 18 de maio, lugar onde o espanhol quer voltar aos Courts.<\/p>\n<p>Hist\u00f3rico de aus\u00eancias refor\u00e7a o foco na prepara\u00e7\u00e3o para 2025. Em 2025, Alcaraz ficou ausente de Madrid por problemas na zona lombar, o que refor\u00e7a a necessidade de gest\u00e3o cuidadosa do seu regime de competi\u00e7\u00e3o e recupera\u00e7\u00e3o.<\/p>\n<h3>Impacto no torneio e pr\u00f3ximos passos<\/h3>\n<p>A aus\u00eancia de Alcaraz altera o desenho competitivo de Madrid, abrindo espa\u00e7o para outros jogadores emergirem no quadro principal. O clube t\u00e9cnico ainda n\u00e3o revelou datas de retorno nem a extens\u00e3o da recupera\u00e7\u00e3o do pulso direito.<\/p>\n","protected":false},"excerpt":{"rendered":"<ul>\n<li>Carlos Alcaraz est\u00e1 fora do Masters 1.000 de Madrid devido a uma les\u00e3o no pulso direito, a menos de uma semana do torneio.<\/li>\n<li>\u00c9 a segunda temporada consecutiva em que o n\u00famero dois do mundo falha o maior torneio de t\u00e9nis espanhol.<\/li>\n<li>A defini\u00e7\u00e3o foi anunciada por meio de uma mensagem do jogador nas redes sociais, expressando a dor por n\u00e3o poder jogar diante do seu p\u00fablico.<\/li>\n<li>Alcaraz, campe\u00f3n de Madrid em 2022 e 2023, lesionou-se na primeira ronda do ATP 500 de Barcelona.<\/li>\n<li>O foco passa agora pelo Roland Garros, que come\u00e7a a dezoito de maio; em 2025 o jogador n\u00e3o disputou o evento devido a problemas na zona lombar.<\/li>\n<\/ul>\n","protected":false},"author":2,"featured_media":448121,"comment_status":"closed","ping_status":"closed","sticky":false,"template":"","format":"standard","meta":{"footnotes":""},"categories":[21,24],"tags":[7408,2463,2681,2538,7221,94,2713],"class_list":["post-448114","post","type-post","status-publish","format-standard","has-post-thumbnail","hentry","category-desporto","category-futebol","tag-atp","tag-competicao-internacional","tag-desporto-internacional","tag-lesoes","tag-noticias","tag-tenis","tag-tenistas"],"yoast_head":"<!-- This site is optimized with the Yoast SEO plugin v27.2 - https:\/\/yoast.com\/product\/yoast-seo-wordpress\/ -->\n<title>Les\u00e3o no pulso direito afasta Carlos Alcaraz do Masters 1.000 de Madrid - Portal Tela Portugal<\/title>\n<meta name=\"robots\" content=\"index, follow, max-snippet:-1, max-image-preview:large, max-video-preview:-1\" \/>\n<meta property=\"og:locale\" content=\"pt_PT\" \/>\n<meta property=\"og:type\" content=\"article\" \/>\n<meta property=\"og:title\" content=\"Les\u00e3o no pulso direito afasta Carlos Alcaraz do Masters 1.000 de Madrid - Portal Tela Portugal\" \/>\n<meta property=\"og:description\" content=\"Carlos Alcaraz est\u00e1 fora do Masters 1.000 de Madrid devido a uma les\u00e3o no pulso direito, a menos de uma semana do torneio. \u00c9 a segunda temporada consecutiva em que o n\u00famero dois do mundo falha o maior torneio de t\u00e9nis espanhol. A defini\u00e7\u00e3o foi anunciada por meio de uma mensagem do jogador nas redes sociais, expressando a dor por n\u00e3o poder jogar diante do seu p\u00fablico. Alcaraz, campe\u00f3n de Madrid em 2022 e 2023, lesionou-se na primeira ronda do ATP 500 de Barcelona. O foco passa agora pelo Roland Garros, que come\u00e7a a dezoito de maio; em 2025 o jogador n\u00e3o disputou o evento devido a problemas na zona lombar.\" \/>\n<meta property=\"og:url\" content=\"https:\/\/portaltela.pt\/noticias\/2026\/04\/17\/lesao-no-pulso-direito-afasta-carlos-alcaraz-do-masters-1-000-de-madrid\/\" \/>\n<meta property=\"og:site_name\" content=\"Portal Tela Portugal\" \/>\n<meta property=\"article:published_time\" content=\"2026-04-17T15:03:58+00:00\" \/>\n<meta name=\"author\" content=\"Telinha\" \/>\n<meta name=\"twitter:card\" content=\"summary_large_image\" \/>\n<meta name=\"twitter:label1\" content=\"Escrito por\" \/>\n\t<meta name=\"twitter:data1\" content=\"Telinha\" \/>\n\t<meta name=\"twitter:label2\" content=\"Tempo estimado de leitura\" \/>\n\t<meta name=\"twitter:data2\" content=\"1 minuto\" \/>\n<script type=\"application\/ld+json\" class=\"yoast-schema-graph\">{\"@context\":\"https:\/\/schema.org\",\"@graph\":[{\"@type\":\"Article\",\"@id\":\"https:\/\/portaltela.pt\/noticias\/2026\/04\/17\/lesao-no-pulso-direito-afasta-carlos-alcaraz-do-masters-1-000-de-madrid\/#article\",\"isPartOf\":{\"@id\":\"https:\/\/portaltela.pt\/noticias\/2026\/04\/17\/lesao-no-pulso-direito-afasta-carlos-alcaraz-do-masters-1-000-de-madrid\/\"},\"author\":{\"name\":\"Telinha\",\"@id\":\"https:\/\/portaltela.pt\/#\/schema\/person\/c4278d4a6028830caff9ee44b42d32ed\"},\"headline\":\"Les\u00e3o no pulso direito afasta Carlos Alcaraz do Masters 1.000 de Madrid\",\"datePublished\":\"2026-04-17T15:03:58+00:00\",\"mainEntityOfPage\":{\"@id\":\"https:\/\/portaltela.pt\/noticias\/2026\/04\/17\/lesao-no-pulso-direito-afasta-carlos-alcaraz-do-masters-1-000-de-madrid\/\"},\"wordCount\":276,\"image\":{\"@id\":\"https:\/\/portaltela.pt\/noticias\/2026\/04\/17\/lesao-no-pulso-direito-afasta-carlos-alcaraz-do-masters-1-000-de-madrid\/#primaryimage\"},\"thumbnailUrl\":\"https:\/\/portaltela.pt\/s.01k8rhncp4jt1\/2026\/04\/img_920x518uu2026-04-17-15-51-08-2433592-im-639120378973041645.jpg\",\"keywords\":[\"ATP\",\"competi\u00e7\u00e3o internacional\",\"desporto internacional\",\"les\u00f5es\",\"not\u00edcias\",\"t\u00eanis\",\"tenistas\"],\"articleSection\":[\"Desporto\",\"Futebol\"],\"inLanguage\":\"pt-PT\"},{\"@type\":\"WebPage\",\"@id\":\"https:\/\/portaltela.pt\/noticias\/2026\/04\/17\/lesao-no-pulso-direito-afasta-carlos-alcaraz-do-masters-1-000-de-madrid\/\",\"url\":\"https:\/\/portaltela.pt\/noticias\/2026\/04\/17\/lesao-no-pulso-direito-afasta-carlos-alcaraz-do-masters-1-000-de-madrid\/\",\"name\":\"Les\u00e3o no pulso direito afasta Carlos Alcaraz do Masters 1.000 de Madrid - Portal Tela Portugal\",\"isPartOf\":{\"@id\":\"https:\/\/portaltela.pt\/#website\"},\"primaryImageOfPage\":{\"@id\":\"https:\/\/portaltela.pt\/noticias\/2026\/04\/17\/lesao-no-pulso-direito-afasta-carlos-alcaraz-do-masters-1-000-de-madrid\/#primaryimage\"},\"image\":{\"@id\":\"https:\/\/portaltela.pt\/noticias\/2026\/04\/17\/lesao-no-pulso-direito-afasta-carlos-alcaraz-do-masters-1-000-de-madrid\/#primaryimage\"},\"thumbnailUrl\":\"https:\/\/portaltela.pt\/s.01k8rhncp4jt1\/2026\/04\/img_920x518uu2026-04-17-15-51-08-2433592-im-639120378973041645.jpg\",\"datePublished\":\"2026-04-17T15:03:58+00:00\",\"author\":{\"@id\":\"https:\/\/portaltela.pt\/#\/schema\/person\/c4278d4a6028830caff9ee44b42d32ed\"},\"breadcrumb\":{\"@id\":\"https:\/\/portaltela.pt\/noticias\/2026\/04\/17\/lesao-no-pulso-direito-afasta-carlos-alcaraz-do-masters-1-000-de-madrid\/#breadcrumb\"},\"inLanguage\":\"pt-PT\",\"potentialAction\":[{\"@type\":\"ReadAction\",\"target\":[\"https:\/\/portaltela.pt\/noticias\/2026\/04\/17\/lesao-no-pulso-direito-afasta-carlos-alcaraz-do-masters-1-000-de-madrid\/\"]}]},{\"@type\":\"ImageObject\",\"inLanguage\":\"pt-PT\",\"@id\":\"https:\/\/portaltela.pt\/noticias\/2026\/04\/17\/lesao-no-pulso-direito-afasta-carlos-alcaraz-do-masters-1-000-de-madrid\/#primaryimage\",\"url\":\"https:\/\/portaltela.pt\/s.01k8rhncp4jt1\/2026\/04\/img_920x518uu2026-04-17-15-51-08-2433592-im-639120378973041645.jpg\",\"contentUrl\":\"https:\/\/portaltela.pt\/s.01k8rhncp4jt1\/2026\/04\/img_920x518uu2026-04-17-15-51-08-2433592-im-639120378973041645.jpg\",\"width\":796,\"height\":448,\"caption\":\"Carlos Alcaraz lesionou-se no ATP 500 de Barcelona\"},{\"@type\":\"BreadcrumbList\",\"@id\":\"https:\/\/portaltela.pt\/noticias\/2026\/04\/17\/lesao-no-pulso-direito-afasta-carlos-alcaraz-do-masters-1-000-de-madrid\/#breadcrumb\",\"itemListElement\":[{\"@type\":\"ListItem\",\"position\":1,\"name\":\"In\u00edcio\",\"item\":\"https:\/\/portaltela.pt\/\"},{\"@type\":\"ListItem\",\"position\":2,\"name\":\"Les\u00e3o no pulso direito afasta Carlos Alcaraz do Masters 1.000 de Madrid\"}]},{\"@type\":\"WebSite\",\"@id\":\"https:\/\/portaltela.pt\/#website\",\"url\":\"https:\/\/portaltela.pt\/\",\"name\":\"Portal Tela Portugal\",\"description\":\"\",\"potentialAction\":[{\"@type\":\"SearchAction\",\"target\":{\"@type\":\"EntryPoint\",\"urlTemplate\":\"https:\/\/portaltela.pt\/?s={search_term_string}\"},\"query-input\":{\"@type\":\"PropertyValueSpecification\",\"valueRequired\":true,\"valueName\":\"search_term_string\"}}],\"inLanguage\":\"pt-PT\"},{\"@type\":\"Person\",\"@id\":\"https:\/\/portaltela.pt\/#\/schema\/person\/c4278d4a6028830caff9ee44b42d32ed\",\"name\":\"Telinha\",\"image\":{\"@type\":\"ImageObject\",\"inLanguage\":\"pt-PT\",\"@id\":\"https:\/\/portaltela.pt\/s.01k8rhncp4jt1\/2025\/11\/talking-bot-125x125.png\",\"url\":\"https:\/\/portaltela.pt\/s.01k8rhncp4jt1\/2025\/11\/talking-bot-125x125.png\",\"contentUrl\":\"https:\/\/portaltela.pt\/s.01k8rhncp4jt1\/2025\/11\/talking-bot-125x125.png\",\"caption\":\"Telinha\"},\"sameAs\":[\"https:\/\/portaltela.pt\/\"],\"url\":\"https:\/\/portaltela.pt\/por\/367410592786\/\"}]}<\/script>\n<!-- \/ Yoast SEO plugin. -->","yoast_head_json":{"title":"Les\u00e3o no pulso direito afasta Carlos Alcaraz do Masters 1.000 de Madrid - Portal Tela Portugal","robots":{"index":"index","follow":"follow","max-snippet":"max-snippet:-1","max-image-preview":"max-image-preview:large","max-video-preview":"max-video-preview:-1"},"og_locale":"pt_PT","og_type":"article","og_title":"Les\u00e3o no pulso direito afasta Carlos Alcaraz do Masters 1.000 de Madrid - Portal Tela Portugal","og_description":"Carlos Alcaraz est\u00e1 fora do Masters 1.000 de Madrid devido a uma les\u00e3o no pulso direito, a menos de uma semana do torneio. \u00c9 a segunda temporada consecutiva em que o n\u00famero dois do mundo falha o maior torneio de t\u00e9nis espanhol. A defini\u00e7\u00e3o foi anunciada por meio de uma mensagem do jogador nas redes sociais, expressando a dor por n\u00e3o poder jogar diante do seu p\u00fablico. Alcaraz, campe\u00f3n de Madrid em 2022 e 2023, lesionou-se na primeira ronda do ATP 500 de Barcelona. O foco passa agora pelo Roland Garros, que come\u00e7a a dezoito de maio; em 2025 o jogador n\u00e3o disputou o evento devido a problemas na zona lombar.","og_url":"https:\/\/portaltela.pt\/noticias\/2026\/04\/17\/lesao-no-pulso-direito-afasta-carlos-alcaraz-do-masters-1-000-de-madrid\/","og_site_name":"Portal Tela Portugal","article_published_time":"2026-04-17T15:03:58+00:00","author":"Telinha","twitter_card":"summary_large_image","twitter_misc":{"Escrito por":"Telinha","Tempo estimado de leitura":"1 minuto"},"schema":{"@context":"https:\/\/schema.org","@graph":[{"@type":"Article","@id":"https:\/\/portaltela.pt\/noticias\/2026\/04\/17\/lesao-no-pulso-direito-afasta-carlos-alcaraz-do-masters-1-000-de-madrid\/#article","isPartOf":{"@id":"https:\/\/portaltela.pt\/noticias\/2026\/04\/17\/lesao-no-pulso-direito-afasta-carlos-alcaraz-do-masters-1-000-de-madrid\/"},"author":{"name":"Telinha","@id":"https:\/\/portaltela.pt\/#\/schema\/person\/c4278d4a6028830caff9ee44b42d32ed"},"headline":"Les\u00e3o no pulso direito afasta Carlos Alcaraz do Masters 1.000 de Madrid","datePublished":"2026-04-17T15:03:58+00:00","mainEntityOfPage":{"@id":"https:\/\/portaltela.pt\/noticias\/2026\/04\/17\/lesao-no-pulso-direito-afasta-carlos-alcaraz-do-masters-1-000-de-madrid\/"},"wordCount":276,"image":{"@id":"https:\/\/portaltela.pt\/noticias\/2026\/04\/17\/lesao-no-pulso-direito-afasta-carlos-alcaraz-do-masters-1-000-de-madrid\/#primaryimage"},"thumbnailUrl":"https:\/\/portaltela.pt\/s.01k8rhncp4jt1\/2026\/04\/img_920x518uu2026-04-17-15-51-08-2433592-im-639120378973041645.jpg","keywords":["ATP","competi\u00e7\u00e3o internacional","desporto internacional","les\u00f5es","not\u00edcias","t\u00eanis","tenistas"],"articleSection":["Desporto","Futebol"],"inLanguage":"pt-PT"},{"@type":"WebPage","@id":"https:\/\/portaltela.pt\/noticias\/2026\/04\/17\/lesao-no-pulso-direito-afasta-carlos-alcaraz-do-masters-1-000-de-madrid\/","url":"https:\/\/portaltela.pt\/noticias\/2026\/04\/17\/lesao-no-pulso-direito-afasta-carlos-alcaraz-do-masters-1-000-de-madrid\/","name":"Les\u00e3o no pulso direito afasta Carlos Alcaraz do Masters 1.000 de Madrid - Portal Tela Portugal","isPartOf":{"@id":"https:\/\/portaltela.pt\/#website"},"primaryImageOfPage":{"@id":"https:\/\/portaltela.pt\/noticias\/2026\/04\/17\/lesao-no-pulso-direito-afasta-carlos-alcaraz-do-masters-1-000-de-madrid\/#primaryimage"},"image":{"@id":"https:\/\/portaltela.pt\/noticias\/2026\/04\/17\/lesao-no-pulso-direito-afasta-carlos-alcaraz-do-masters-1-000-de-madrid\/#primaryimage"},"thumbnailUrl":"https:\/\/portaltela.pt\/s.01k8rhncp4jt1\/2026\/04\/img_920x518uu2026-04-17-15-51-08-2433592-im-639120378973041645.jpg","datePublished":"2026-04-17T15:03:58+00:00","author":{"@id":"https:\/\/portaltela.pt\/#\/schema\/person\/c4278d4a6028830caff9ee44b42d32ed"},"breadcrumb":{"@id":"https:\/\/portaltela.pt\/noticias\/2026\/04\/17\/lesao-no-pulso-direito-afasta-carlos-alcaraz-do-masters-1-000-de-madrid\/#breadcrumb"},"inLanguage":"pt-PT","potentialAction":[{"@type":"ReadAction","target":["https:\/\/portaltela.pt\/noticias\/2026\/04\/17\/lesao-no-pulso-direito-afasta-carlos-alcaraz-do-masters-1-000-de-madrid\/"]}]},{"@type":"ImageObject","inLanguage":"pt-PT","@id":"https:\/\/portaltela.pt\/noticias\/2026\/04\/17\/lesao-no-pulso-direito-afasta-carlos-alcaraz-do-masters-1-000-de-madrid\/#primaryimage","url":"https:\/\/portaltela.pt\/s.01k8rhncp4jt1\/2026\/04\/img_920x518uu2026-04-17-15-51-08-2433592-im-639120378973041645.jpg","contentUrl":"https:\/\/portaltela.pt\/s.01k8rhncp4jt1\/2026\/04\/img_920x518uu2026-04-17-15-51-08-2433592-im-639120378973041645.jpg","width":796,"height":448,"caption":"Carlos Alcaraz lesionou-se no ATP 500 de Barcelona"},{"@type":"BreadcrumbList","@id":"https:\/\/portaltela.pt\/noticias\/2026\/04\/17\/lesao-no-pulso-direito-afasta-carlos-alcaraz-do-masters-1-000-de-madrid\/#breadcrumb","itemListElement":[{"@type":"ListItem","position":1,"name":"In\u00edcio","item":"https:\/\/portaltela.pt\/"},{"@type":"ListItem","position":2,"name":"Les\u00e3o no pulso direito afasta Carlos Alcaraz do Masters 1.000 de Madrid"}]},{"@type":"WebSite","@id":"https:\/\/portaltela.pt\/#website","url":"https:\/\/portaltela.pt\/","name":"Portal Tela Portugal","description":"","potentialAction":[{"@type":"SearchAction","target":{"@type":"EntryPoint","urlTemplate":"https:\/\/portaltela.pt\/?s={search_term_string}"},"query-input":{"@type":"PropertyValueSpecification","valueRequired":true,"valueName":"search_term_string"}}],"inLanguage":"pt-PT"},{"@type":"Person","@id":"https:\/\/portaltela.pt\/#\/schema\/person\/c4278d4a6028830caff9ee44b42d32ed","name":"Telinha","image":{"@type":"ImageObject","inLanguage":"pt-PT","@id":"https:\/\/portaltela.pt\/s.01k8rhncp4jt1\/2025\/11\/talking-bot-125x125.png","url":"https:\/\/portaltela.pt\/s.01k8rhncp4jt1\/2025\/11\/talking-bot-125x125.png","contentUrl":"https:\/\/portaltela.pt\/s.01k8rhncp4jt1\/2025\/11\/talking-bot-125x125.png","caption":"Telinha"},"sameAs":["https:\/\/portaltela.pt\/"],"url":"https:\/\/portaltela.pt\/por\/367410592786\/"}]}},"_links":{"self":[{"href":"https:\/\/portaltela.pt\/api\/wp\/v2\/posts\/448114","targetHints":{"allow":["GET"]}}],"collection":[{"href":"https:\/\/portaltela.pt\/api\/wp\/v2\/posts"}],"about":[{"href":"https:\/\/portaltela.pt\/api\/wp\/v2\/types\/post"}],"author":[{"embeddable":true,"href":"https:\/\/portaltela.pt\/api\/wp\/v2\/users\/2"}],"replies":[{"embeddable":true,"href":"https:\/\/portaltela.pt\/api\/wp\/v2\/comments?post=448114"}],"version-history":[{"count":0,"href":"https:\/\/portaltela.pt\/api\/wp\/v2\/posts\/448114\/revisions"}],"wp:featuredmedia":[{"embeddable":true,"href":"https:\/\/portaltela.pt\/api\/wp\/v2\/media\/448121"}],"wp:attachment":[{"href":"https:\/\/portaltela.pt\/api\/wp\/v2\/media?parent=448114"}],"wp:term":[{"taxonomy":"category","embeddable":true,"href":"https:\/\/portaltela.pt\/api\/wp\/v2\/categories?post=448114"},{"taxonomy":"post_tag","embeddable":true,"href":"https:\/\/portaltela.pt\/api\/wp\/v2\/tags?post=448114"}],"curies":[{"name":"wp","href":"https:\/\/api.w.org\/{rel}","templated":true}]}}