{"id":448113,"date":"2026-04-17T12:03:57","date_gmt":"2026-04-17T15:03:57","guid":{"rendered":"https:\/\/portaltela.pt\/noticias\/2026\/04\/17\/conselheiros-de-estado-ja-tomaram-posse\/"},"modified":"2026-04-17T12:03:57","modified_gmt":"2026-04-17T15:03:57","slug":"conselheiros-de-estado-ja-tomaram-posse","status":"publish","type":"post","link":"https:\/\/portaltela.pt\/noticias\/politica\/2026\/04\/17\/conselheiros-de-estado-ja-tomaram-posse\/","title":{"rendered":"Conselheiros de Estado j\u00e1 tomaram posse"},"content":{"rendered":"<p>Doze conselheiros do Estado tomaram posse nesta sexta-feira, completando a composi\u00e7\u00e3o do \u00f3rg\u00e3o. Cinco foram eleitos pelo Presidente da Rep\u00fablica, Ant\u00f3nio Jos\u00e9 Seguro, e os outros cinco pela Assembleia da Rep\u00fablica.<\/p>\n<p>Entre os nomeados pelo Presidente est\u00e3o Alberto Martins, Nuno Severiano Teixeira, Isabel Capeloa Gil, Miguel Bastos Ara\u00fajo e Maria do Carmo Fonseca. O an\u00fancio ocorreu durante a tarde de hoje.<\/p>\n<p>Os eleitos pela Assembleia da Rep\u00fablica s\u00e3o Leonor Beleza, Carlos Moedas, Pedro Duarte, Andr\u00e9 Ventura e Carlos C\u00e9sar. A cerim\u00f4nia de posse foi \u00e0s 14h, seguida da primeira reuni\u00e3o do Conselho \u00e0s 15h, com a presen\u00e7a de Seguro.<\/p>\n<h3>Quem tomou posse e desdobramentos<\/h3>\n<p>Na primeira sess\u00e3o, o tema principal a ser discutido \u00e9 a seguran\u00e7a e a defesa. A elei\u00e7\u00e3o \u00e9 considerada a mais tardia na hist\u00f3ria da Democracia, com dez meses de atividade legislativa.<\/p>\n<p>O antigo Presidente Ant\u00f3nio Ramalho Eanes n\u00e3o esteve presente, assim como Miguel Bastos Ara\u00fajo, que est\u00e1 fora do pa\u00eds. A aus\u00eancia de ambos foi confirmada pela organiza\u00e7\u00e3o do evento.<\/p>\n","protected":false},"excerpt":{"rendered":"<ul>\n<li>Tomaram posse, nesta sexta-feira, os dez novos membros do Conselho de Estado: cinco indicados pelo Presidente da Rep\u00fablica, Ant\u00f3nio Jos\u00e9 Seguro, e cinco pela Assembleia da Rep\u00fablica.<\/li>\n<li>Pelos dirigentes escolhidos por Seguro ficaram Alberto Martins, Nuno Severiano Teixeira, Isabel Capeloa Gil, Miguel Bastos Ara\u00fajo e Maria do Carmo Fonseca.<\/li>\n<li>Pela Assembleia da Rep\u00fablica foram eleitos Leonor Beleza, Carlos Moedas, Pedro Duarte, Andr\u00e9 Ventura e Carlos C\u00e9sar.<\/li>\n<li>A tomada de posse ocorreu \u00e0s 14h, seguida da primeira reuni\u00e3o do Conselho de Estado com Seguro, \u00e0s 15h, para tratar de seguran\u00e7a e defesa.<\/li>\n<li>Esta foi a elei\u00e7\u00e3o mais tardia na hist\u00f3ria da Democracia, decorridos dez meses do in\u00edcio da atual legislatura; o antigo Presidente Ant\u00f3nio Ramalho Eanes n\u00e3o esteve presente, assim como Miguel Bastos Ara\u00fajo.<\/li>\n<\/ul>\n","protected":false},"author":2,"featured_media":448119,"comment_status":"closed","ping_status":"closed","sticky":false,"template":"","format":"standard","meta":{"footnotes":""},"categories":[1,5],"tags":[4211,6574,34,2832,30,4536],"class_list":["post-448113","post","type-post","status-publish","format-standard","has-post-thumbnail","hentry","category-noticias","category-politica","tag-assembleia-nacional","tag-defesa","tag-governo","tag-politica","tag-presidente","tag-seguranca"],"yoast_head":"<!-- This site is optimized with the Yoast SEO plugin v27.2 - https:\/\/yoast.com\/product\/yoast-seo-wordpress\/ -->\n<title>Conselheiros de Estado j\u00e1 tomaram posse - Portal Tela Portugal<\/title>\n<meta name=\"robots\" content=\"index, follow, max-snippet:-1, max-image-preview:large, max-video-preview:-1\" \/>\n<meta property=\"og:locale\" content=\"pt_PT\" \/>\n<meta property=\"og:type\" content=\"article\" \/>\n<meta property=\"og:title\" content=\"Conselheiros de Estado j\u00e1 tomaram posse - Portal Tela Portugal\" \/>\n<meta property=\"og:description\" content=\"Tomaram posse, nesta sexta-feira, os dez novos membros do Conselho de Estado: cinco indicados pelo Presidente da Rep\u00fablica, Ant\u00f3nio Jos\u00e9 Seguro, e cinco pela Assembleia da Rep\u00fablica. Pelos dirigentes escolhidos por Seguro ficaram Alberto Martins, Nuno Severiano Teixeira, Isabel Capeloa Gil, Miguel Bastos Ara\u00fajo e Maria do Carmo Fonseca. Pela Assembleia da Rep\u00fablica foram eleitos Leonor Beleza, Carlos Moedas, Pedro Duarte, Andr\u00e9 Ventura e Carlos C\u00e9sar. A tomada de posse ocorreu \u00e0s 14h, seguida da primeira reuni\u00e3o do Conselho de Estado com Seguro, \u00e0s 15h, para tratar de seguran\u00e7a e defesa. Esta foi a elei\u00e7\u00e3o mais tardia na hist\u00f3ria da Democracia, decorridos dez meses do in\u00edcio da atual legislatura; o antigo Presidente Ant\u00f3nio Ramalho Eanes n\u00e3o esteve presente, assim como Miguel Bastos Ara\u00fajo.\" \/>\n<meta property=\"og:url\" content=\"https:\/\/portaltela.pt\/noticias\/2026\/04\/17\/conselheiros-de-estado-ja-tomaram-posse\/\" \/>\n<meta property=\"og:site_name\" content=\"Portal Tela Portugal\" \/>\n<meta property=\"article:published_time\" content=\"2026-04-17T15:03:57+00:00\" \/>\n<meta name=\"author\" content=\"Telinha\" \/>\n<meta name=\"twitter:card\" content=\"summary_large_image\" \/>\n<meta name=\"twitter:label1\" content=\"Escrito por\" \/>\n\t<meta name=\"twitter:data1\" content=\"Telinha\" \/>\n\t<meta name=\"twitter:label2\" content=\"Tempo estimado de leitura\" \/>\n\t<meta name=\"twitter:data2\" content=\"1 minuto\" \/>\n<script type=\"application\/ld+json\" class=\"yoast-schema-graph\">{\"@context\":\"https:\/\/schema.org\",\"@graph\":[{\"@type\":\"Article\",\"@id\":\"https:\/\/portaltela.pt\/noticias\/2026\/04\/17\/conselheiros-de-estado-ja-tomaram-posse\/#article\",\"isPartOf\":{\"@id\":\"https:\/\/portaltela.pt\/noticias\/2026\/04\/17\/conselheiros-de-estado-ja-tomaram-posse\/\"},\"author\":{\"name\":\"Telinha\",\"@id\":\"https:\/\/portaltela.pt\/#\/schema\/person\/c4278d4a6028830caff9ee44b42d32ed\"},\"headline\":\"Conselheiros de Estado j\u00e1 tomaram posse\",\"datePublished\":\"2026-04-17T15:03:57+00:00\",\"mainEntityOfPage\":{\"@id\":\"https:\/\/portaltela.pt\/noticias\/2026\/04\/17\/conselheiros-de-estado-ja-tomaram-posse\/\"},\"wordCount\":193,\"image\":{\"@id\":\"https:\/\/portaltela.pt\/noticias\/2026\/04\/17\/conselheiros-de-estado-ja-tomaram-posse\/#primaryimage\"},\"thumbnailUrl\":\"https:\/\/portaltela.pt\/s.01k8rhncp4jt1\/2026\/04\/img_1280x721uu2026-04-17-15-59-34-2279172.jpg\",\"keywords\":[\"Assembleia Nacional\",\"defesa\",\"governo\",\"pol\u00edtica\",\"presidente\",\"seguran\u00e7a\"],\"articleSection\":[\"Not\u00edcias\",\"Pol\u00edtica\"],\"inLanguage\":\"pt-PT\"},{\"@type\":\"WebPage\",\"@id\":\"https:\/\/portaltela.pt\/noticias\/2026\/04\/17\/conselheiros-de-estado-ja-tomaram-posse\/\",\"url\":\"https:\/\/portaltela.pt\/noticias\/2026\/04\/17\/conselheiros-de-estado-ja-tomaram-posse\/\",\"name\":\"Conselheiros de Estado j\u00e1 tomaram posse - Portal Tela Portugal\",\"isPartOf\":{\"@id\":\"https:\/\/portaltela.pt\/#website\"},\"primaryImageOfPage\":{\"@id\":\"https:\/\/portaltela.pt\/noticias\/2026\/04\/17\/conselheiros-de-estado-ja-tomaram-posse\/#primaryimage\"},\"image\":{\"@id\":\"https:\/\/portaltela.pt\/noticias\/2026\/04\/17\/conselheiros-de-estado-ja-tomaram-posse\/#primaryimage\"},\"thumbnailUrl\":\"https:\/\/portaltela.pt\/s.01k8rhncp4jt1\/2026\/04\/img_1280x721uu2026-04-17-15-59-34-2279172.jpg\",\"datePublished\":\"2026-04-17T15:03:57+00:00\",\"author\":{\"@id\":\"https:\/\/portaltela.pt\/#\/schema\/person\/c4278d4a6028830caff9ee44b42d32ed\"},\"breadcrumb\":{\"@id\":\"https:\/\/portaltela.pt\/noticias\/2026\/04\/17\/conselheiros-de-estado-ja-tomaram-posse\/#breadcrumb\"},\"inLanguage\":\"pt-PT\",\"potentialAction\":[{\"@type\":\"ReadAction\",\"target\":[\"https:\/\/portaltela.pt\/noticias\/2026\/04\/17\/conselheiros-de-estado-ja-tomaram-posse\/\"]}]},{\"@type\":\"ImageObject\",\"inLanguage\":\"pt-PT\",\"@id\":\"https:\/\/portaltela.pt\/noticias\/2026\/04\/17\/conselheiros-de-estado-ja-tomaram-posse\/#primaryimage\",\"url\":\"https:\/\/portaltela.pt\/s.01k8rhncp4jt1\/2026\/04\/img_1280x721uu2026-04-17-15-59-34-2279172.jpg\",\"contentUrl\":\"https:\/\/portaltela.pt\/s.01k8rhncp4jt1\/2026\/04\/img_1280x721uu2026-04-17-15-59-34-2279172.jpg\",\"width\":796,\"height\":448,\"caption\":\"Tomada de posse Conselho de Estado\"},{\"@type\":\"BreadcrumbList\",\"@id\":\"https:\/\/portaltela.pt\/noticias\/2026\/04\/17\/conselheiros-de-estado-ja-tomaram-posse\/#breadcrumb\",\"itemListElement\":[{\"@type\":\"ListItem\",\"position\":1,\"name\":\"In\u00edcio\",\"item\":\"https:\/\/portaltela.pt\/\"},{\"@type\":\"ListItem\",\"position\":2,\"name\":\"Conselheiros de Estado j\u00e1 tomaram posse\"}]},{\"@type\":\"WebSite\",\"@id\":\"https:\/\/portaltela.pt\/#website\",\"url\":\"https:\/\/portaltela.pt\/\",\"name\":\"Portal Tela Portugal\",\"description\":\"\",\"potentialAction\":[{\"@type\":\"SearchAction\",\"target\":{\"@type\":\"EntryPoint\",\"urlTemplate\":\"https:\/\/portaltela.pt\/?s={search_term_string}\"},\"query-input\":{\"@type\":\"PropertyValueSpecification\",\"valueRequired\":true,\"valueName\":\"search_term_string\"}}],\"inLanguage\":\"pt-PT\"},{\"@type\":\"Person\",\"@id\":\"https:\/\/portaltela.pt\/#\/schema\/person\/c4278d4a6028830caff9ee44b42d32ed\",\"name\":\"Telinha\",\"image\":{\"@type\":\"ImageObject\",\"inLanguage\":\"pt-PT\",\"@id\":\"https:\/\/portaltela.pt\/s.01k8rhncp4jt1\/2025\/11\/talking-bot-125x125.png\",\"url\":\"https:\/\/portaltela.pt\/s.01k8rhncp4jt1\/2025\/11\/talking-bot-125x125.png\",\"contentUrl\":\"https:\/\/portaltela.pt\/s.01k8rhncp4jt1\/2025\/11\/talking-bot-125x125.png\",\"caption\":\"Telinha\"},\"sameAs\":[\"https:\/\/portaltela.pt\/\"],\"url\":\"https:\/\/portaltela.pt\/por\/367410592786\/\"}]}<\/script>\n<!-- \/ Yoast SEO plugin. -->","yoast_head_json":{"title":"Conselheiros de Estado j\u00e1 tomaram posse - Portal Tela Portugal","robots":{"index":"index","follow":"follow","max-snippet":"max-snippet:-1","max-image-preview":"max-image-preview:large","max-video-preview":"max-video-preview:-1"},"og_locale":"pt_PT","og_type":"article","og_title":"Conselheiros de Estado j\u00e1 tomaram posse - Portal Tela Portugal","og_description":"Tomaram posse, nesta sexta-feira, os dez novos membros do Conselho de Estado: cinco indicados pelo Presidente da Rep\u00fablica, Ant\u00f3nio Jos\u00e9 Seguro, e cinco pela Assembleia da Rep\u00fablica. Pelos dirigentes escolhidos por Seguro ficaram Alberto Martins, Nuno Severiano Teixeira, Isabel Capeloa Gil, Miguel Bastos Ara\u00fajo e Maria do Carmo Fonseca. Pela Assembleia da Rep\u00fablica foram eleitos Leonor Beleza, Carlos Moedas, Pedro Duarte, Andr\u00e9 Ventura e Carlos C\u00e9sar. A tomada de posse ocorreu \u00e0s 14h, seguida da primeira reuni\u00e3o do Conselho de Estado com Seguro, \u00e0s 15h, para tratar de seguran\u00e7a e defesa. Esta foi a elei\u00e7\u00e3o mais tardia na hist\u00f3ria da Democracia, decorridos dez meses do in\u00edcio da atual legislatura; o antigo Presidente Ant\u00f3nio Ramalho Eanes n\u00e3o esteve presente, assim como Miguel Bastos Ara\u00fajo.","og_url":"https:\/\/portaltela.pt\/noticias\/2026\/04\/17\/conselheiros-de-estado-ja-tomaram-posse\/","og_site_name":"Portal Tela Portugal","article_published_time":"2026-04-17T15:03:57+00:00","author":"Telinha","twitter_card":"summary_large_image","twitter_misc":{"Escrito por":"Telinha","Tempo estimado de leitura":"1 minuto"},"schema":{"@context":"https:\/\/schema.org","@graph":[{"@type":"Article","@id":"https:\/\/portaltela.pt\/noticias\/2026\/04\/17\/conselheiros-de-estado-ja-tomaram-posse\/#article","isPartOf":{"@id":"https:\/\/portaltela.pt\/noticias\/2026\/04\/17\/conselheiros-de-estado-ja-tomaram-posse\/"},"author":{"name":"Telinha","@id":"https:\/\/portaltela.pt\/#\/schema\/person\/c4278d4a6028830caff9ee44b42d32ed"},"headline":"Conselheiros de Estado j\u00e1 tomaram posse","datePublished":"2026-04-17T15:03:57+00:00","mainEntityOfPage":{"@id":"https:\/\/portaltela.pt\/noticias\/2026\/04\/17\/conselheiros-de-estado-ja-tomaram-posse\/"},"wordCount":193,"image":{"@id":"https:\/\/portaltela.pt\/noticias\/2026\/04\/17\/conselheiros-de-estado-ja-tomaram-posse\/#primaryimage"},"thumbnailUrl":"https:\/\/portaltela.pt\/s.01k8rhncp4jt1\/2026\/04\/img_1280x721uu2026-04-17-15-59-34-2279172.jpg","keywords":["Assembleia Nacional","defesa","governo","pol\u00edtica","presidente","seguran\u00e7a"],"articleSection":["Not\u00edcias","Pol\u00edtica"],"inLanguage":"pt-PT"},{"@type":"WebPage","@id":"https:\/\/portaltela.pt\/noticias\/2026\/04\/17\/conselheiros-de-estado-ja-tomaram-posse\/","url":"https:\/\/portaltela.pt\/noticias\/2026\/04\/17\/conselheiros-de-estado-ja-tomaram-posse\/","name":"Conselheiros de Estado j\u00e1 tomaram posse - Portal Tela Portugal","isPartOf":{"@id":"https:\/\/portaltela.pt\/#website"},"primaryImageOfPage":{"@id":"https:\/\/portaltela.pt\/noticias\/2026\/04\/17\/conselheiros-de-estado-ja-tomaram-posse\/#primaryimage"},"image":{"@id":"https:\/\/portaltela.pt\/noticias\/2026\/04\/17\/conselheiros-de-estado-ja-tomaram-posse\/#primaryimage"},"thumbnailUrl":"https:\/\/portaltela.pt\/s.01k8rhncp4jt1\/2026\/04\/img_1280x721uu2026-04-17-15-59-34-2279172.jpg","datePublished":"2026-04-17T15:03:57+00:00","author":{"@id":"https:\/\/portaltela.pt\/#\/schema\/person\/c4278d4a6028830caff9ee44b42d32ed"},"breadcrumb":{"@id":"https:\/\/portaltela.pt\/noticias\/2026\/04\/17\/conselheiros-de-estado-ja-tomaram-posse\/#breadcrumb"},"inLanguage":"pt-PT","potentialAction":[{"@type":"ReadAction","target":["https:\/\/portaltela.pt\/noticias\/2026\/04\/17\/conselheiros-de-estado-ja-tomaram-posse\/"]}]},{"@type":"ImageObject","inLanguage":"pt-PT","@id":"https:\/\/portaltela.pt\/noticias\/2026\/04\/17\/conselheiros-de-estado-ja-tomaram-posse\/#primaryimage","url":"https:\/\/portaltela.pt\/s.01k8rhncp4jt1\/2026\/04\/img_1280x721uu2026-04-17-15-59-34-2279172.jpg","contentUrl":"https:\/\/portaltela.pt\/s.01k8rhncp4jt1\/2026\/04\/img_1280x721uu2026-04-17-15-59-34-2279172.jpg","width":796,"height":448,"caption":"Tomada de posse Conselho de Estado"},{"@type":"BreadcrumbList","@id":"https:\/\/portaltela.pt\/noticias\/2026\/04\/17\/conselheiros-de-estado-ja-tomaram-posse\/#breadcrumb","itemListElement":[{"@type":"ListItem","position":1,"name":"In\u00edcio","item":"https:\/\/portaltela.pt\/"},{"@type":"ListItem","position":2,"name":"Conselheiros de Estado j\u00e1 tomaram posse"}]},{"@type":"WebSite","@id":"https:\/\/portaltela.pt\/#website","url":"https:\/\/portaltela.pt\/","name":"Portal Tela Portugal","description":"","potentialAction":[{"@type":"SearchAction","target":{"@type":"EntryPoint","urlTemplate":"https:\/\/portaltela.pt\/?s={search_term_string}"},"query-input":{"@type":"PropertyValueSpecification","valueRequired":true,"valueName":"search_term_string"}}],"inLanguage":"pt-PT"},{"@type":"Person","@id":"https:\/\/portaltela.pt\/#\/schema\/person\/c4278d4a6028830caff9ee44b42d32ed","name":"Telinha","image":{"@type":"ImageObject","inLanguage":"pt-PT","@id":"https:\/\/portaltela.pt\/s.01k8rhncp4jt1\/2025\/11\/talking-bot-125x125.png","url":"https:\/\/portaltela.pt\/s.01k8rhncp4jt1\/2025\/11\/talking-bot-125x125.png","contentUrl":"https:\/\/portaltela.pt\/s.01k8rhncp4jt1\/2025\/11\/talking-bot-125x125.png","caption":"Telinha"},"sameAs":["https:\/\/portaltela.pt\/"],"url":"https:\/\/portaltela.pt\/por\/367410592786\/"}]}},"_links":{"self":[{"href":"https:\/\/portaltela.pt\/api\/wp\/v2\/posts\/448113","targetHints":{"allow":["GET"]}}],"collection":[{"href":"https:\/\/portaltela.pt\/api\/wp\/v2\/posts"}],"about":[{"href":"https:\/\/portaltela.pt\/api\/wp\/v2\/types\/post"}],"author":[{"embeddable":true,"href":"https:\/\/portaltela.pt\/api\/wp\/v2\/users\/2"}],"replies":[{"embeddable":true,"href":"https:\/\/portaltela.pt\/api\/wp\/v2\/comments?post=448113"}],"version-history":[{"count":0,"href":"https:\/\/portaltela.pt\/api\/wp\/v2\/posts\/448113\/revisions"}],"wp:featuredmedia":[{"embeddable":true,"href":"https:\/\/portaltela.pt\/api\/wp\/v2\/media\/448119"}],"wp:attachment":[{"href":"https:\/\/portaltela.pt\/api\/wp\/v2\/media?parent=448113"}],"wp:term":[{"taxonomy":"category","embeddable":true,"href":"https:\/\/portaltela.pt\/api\/wp\/v2\/categories?post=448113"},{"taxonomy":"post_tag","embeddable":true,"href":"https:\/\/portaltela.pt\/api\/wp\/v2\/tags?post=448113"}],"curies":[{"name":"wp","href":"https:\/\/api.w.org\/{rel}","templated":true}]}}