{"id":448099,"date":"2026-04-17T12:03:28","date_gmt":"2026-04-17T15:03:28","guid":{"rendered":"https:\/\/portaltela.pt\/noticias\/2026\/04\/17\/governo-quer-permitir-que-unico-herdeiro-venda-imoveis-de-herancas-indivisas\/"},"modified":"2026-04-17T12:03:28","modified_gmt":"2026-04-17T15:03:28","slug":"governo-quer-permitir-que-unico-herdeiro-venda-imoveis-de-herancas-indivisas","status":"publish","type":"post","link":"https:\/\/portaltela.pt\/sociedade\/2026\/04\/17\/governo-quer-permitir-que-unico-herdeiro-venda-imoveis-de-herancas-indivisas\/","title":{"rendered":"Governo quer permitir que \u00fanico herdeiro venda im\u00f3veis de heran\u00e7as indivisas"},"content":{"rendered":"<p>O Governo prop\u00f5e um mecanismo para desbloquear a venda de im\u00f3veis em heran\u00e7as indivisas. Um \u00fanico herdeiro, c\u00f4njuge meeiro ou testamenteiro poderia avan\u00e7ar com a venda, mesmo sem a concord\u00e2ncia de todos os herdeiros. O objetivo \u00e9 acelerar processos e ampliar a oferta de habita\u00e7\u00e3o.<\/p>\n<p>A medida inclui leil\u00e3o eletr\u00f3nico para refor\u00e7ar a transpar\u00eancia e tornar a venda mais eficiente, segundo o documento enviado ao parlamento.<\/p>\n<p>A iniciativa visa simplificar procedimentos legais, reduzindo o tempo de partilha e venda, e atende \u00e0s dificuldades de gest\u00e3o de im\u00f3veis que ficam parados.<\/p>\n<h3>O que muda<\/h3>\n<p>Especialistas apontam que o leil\u00e3o eletr\u00f3nico pode aumentar a liquidez do mercado, mas a mudan\u00e7a exige salvaguardas para evitar abusos. A proposta est\u00e1 em discuss\u00e3o no parlamento e, se aprovada, entraria em vigor mediante lei autorizativa.<\/p>\n","protected":false},"excerpt":{"rendered":"<ul>\n<li>O Governo prop\u00f5e um mecanismo para permitir que um \u00fanico herdeiro, c\u00f4njuge meeiro ou testamenteiro desbloqueie a venda de im\u00f3veis em heran\u00e7as indivisas.<\/li>\n<li>A medida visa acelerar os processos de partilha e venda, aumentando a oferta de casas num contexto de crise habitacional.<\/li>\n<li>A proposta, enviada ao parlamento, prev\u00ea a realiza\u00e7\u00e3o de um leil\u00e3o eletr\u00f3nico para tornar a venda mais transparente e eficiente.<\/li>\n<li>O texto aponta que a simplifica\u00e7\u00e3o administrativa reduz o tempo necess\u00e1rio para resolver a venda e a partilha.<\/li>\n<li>A iniciativa ainda est\u00e1 em discuss\u00e3o no parlamento, com expectativa de aprova\u00e7\u00e3o em breve para entrar em vigor.<\/li>\n<\/ul>\n","protected":false},"author":2,"featured_media":448100,"comment_status":"closed","ping_status":"closed","sticky":false,"template":"","format":"standard","meta":{"footnotes":""},"categories":[1,6871],"tags":[7791,5334,34,4871,5539,332],"class_list":["post-448099","post","type-post","status-publish","format-standard","has-post-thumbnail","hentry","category-noticias","category-sociedade","tag-_habitacao","tag-gestao-publica","tag-governo","tag-heranca","tag-lei","tag-transparencia"],"yoast_head":"<!-- This site is optimized with the Yoast SEO plugin v27.2 - https:\/\/yoast.com\/product\/yoast-seo-wordpress\/ -->\n<title>Governo quer permitir que \u00fanico herdeiro venda im\u00f3veis de heran\u00e7as indivisas - Portal Tela Portugal<\/title>\n<meta name=\"robots\" content=\"index, follow, max-snippet:-1, max-image-preview:large, max-video-preview:-1\" \/>\n<meta property=\"og:locale\" content=\"pt_PT\" \/>\n<meta property=\"og:type\" content=\"article\" \/>\n<meta property=\"og:title\" content=\"Governo quer permitir que \u00fanico herdeiro venda im\u00f3veis de heran\u00e7as indivisas - Portal Tela Portugal\" \/>\n<meta property=\"og:description\" content=\"O Governo prop\u00f5e um mecanismo para permitir que um \u00fanico herdeiro, c\u00f4njuge meeiro ou testamenteiro desbloqueie a venda de im\u00f3veis em heran\u00e7as indivisas. A medida visa acelerar os processos de partilha e venda, aumentando a oferta de casas num contexto de crise habitacional. A proposta, enviada ao parlamento, prev\u00ea a realiza\u00e7\u00e3o de um leil\u00e3o eletr\u00f3nico para tornar a venda mais transparente e eficiente. O texto aponta que a simplifica\u00e7\u00e3o administrativa reduz o tempo necess\u00e1rio para resolver a venda e a partilha. A iniciativa ainda est\u00e1 em discuss\u00e3o no parlamento, com expectativa de aprova\u00e7\u00e3o em breve para entrar em vigor.\" \/>\n<meta property=\"og:url\" content=\"https:\/\/portaltela.pt\/noticias\/2026\/04\/17\/governo-quer-permitir-que-unico-herdeiro-venda-imoveis-de-herancas-indivisas\/\" \/>\n<meta property=\"og:site_name\" content=\"Portal Tela Portugal\" \/>\n<meta property=\"article:published_time\" content=\"2026-04-17T15:03:28+00:00\" \/>\n<meta name=\"author\" content=\"Telinha\" \/>\n<meta name=\"twitter:card\" content=\"summary_large_image\" \/>\n<meta name=\"twitter:label1\" content=\"Escrito por\" \/>\n\t<meta name=\"twitter:data1\" content=\"Telinha\" \/>\n\t<meta name=\"twitter:label2\" content=\"Tempo estimado de leitura\" \/>\n\t<meta name=\"twitter:data2\" content=\"1 minuto\" \/>\n<script type=\"application\/ld+json\" class=\"yoast-schema-graph\">{\"@context\":\"https:\/\/schema.org\",\"@graph\":[{\"@type\":\"Article\",\"@id\":\"https:\/\/portaltela.pt\/noticias\/2026\/04\/17\/governo-quer-permitir-que-unico-herdeiro-venda-imoveis-de-herancas-indivisas\/#article\",\"isPartOf\":{\"@id\":\"https:\/\/portaltela.pt\/noticias\/2026\/04\/17\/governo-quer-permitir-que-unico-herdeiro-venda-imoveis-de-herancas-indivisas\/\"},\"author\":{\"name\":\"Telinha\",\"@id\":\"https:\/\/portaltela.pt\/#\/schema\/person\/c4278d4a6028830caff9ee44b42d32ed\"},\"headline\":\"Governo quer permitir que \u00fanico herdeiro venda im\u00f3veis de heran\u00e7as indivisas\",\"datePublished\":\"2026-04-17T15:03:28+00:00\",\"mainEntityOfPage\":{\"@id\":\"https:\/\/portaltela.pt\/noticias\/2026\/04\/17\/governo-quer-permitir-que-unico-herdeiro-venda-imoveis-de-herancas-indivisas\/\"},\"wordCount\":158,\"image\":{\"@id\":\"https:\/\/portaltela.pt\/noticias\/2026\/04\/17\/governo-quer-permitir-que-unico-herdeiro-venda-imoveis-de-herancas-indivisas\/#primaryimage\"},\"thumbnailUrl\":\"https:\/\/portaltela.pt\/s.01k8rhncp4jt1\/2026\/04\/dn2Fimport2Fdncxpgxxypnfpero2Fw1rnv8vv2faf.jpg\",\"keywords\":[\"_habita\u00e7\u00e3o\",\"gest\u00e3o p\u00fablica\",\"governo\",\"Heran\u00e7a\",\"lei\",\"transpar\u00eancia\"],\"articleSection\":[\"Not\u00edcias\",\"Sociedade\"],\"inLanguage\":\"pt-PT\"},{\"@type\":\"WebPage\",\"@id\":\"https:\/\/portaltela.pt\/noticias\/2026\/04\/17\/governo-quer-permitir-que-unico-herdeiro-venda-imoveis-de-herancas-indivisas\/\",\"url\":\"https:\/\/portaltela.pt\/noticias\/2026\/04\/17\/governo-quer-permitir-que-unico-herdeiro-venda-imoveis-de-herancas-indivisas\/\",\"name\":\"Governo quer permitir que \u00fanico herdeiro venda im\u00f3veis de heran\u00e7as indivisas - Portal Tela Portugal\",\"isPartOf\":{\"@id\":\"https:\/\/portaltela.pt\/#website\"},\"primaryImageOfPage\":{\"@id\":\"https:\/\/portaltela.pt\/noticias\/2026\/04\/17\/governo-quer-permitir-que-unico-herdeiro-venda-imoveis-de-herancas-indivisas\/#primaryimage\"},\"image\":{\"@id\":\"https:\/\/portaltela.pt\/noticias\/2026\/04\/17\/governo-quer-permitir-que-unico-herdeiro-venda-imoveis-de-herancas-indivisas\/#primaryimage\"},\"thumbnailUrl\":\"https:\/\/portaltela.pt\/s.01k8rhncp4jt1\/2026\/04\/dn2Fimport2Fdncxpgxxypnfpero2Fw1rnv8vv2faf.jpg\",\"datePublished\":\"2026-04-17T15:03:28+00:00\",\"author\":{\"@id\":\"https:\/\/portaltela.pt\/#\/schema\/person\/c4278d4a6028830caff9ee44b42d32ed\"},\"breadcrumb\":{\"@id\":\"https:\/\/portaltela.pt\/noticias\/2026\/04\/17\/governo-quer-permitir-que-unico-herdeiro-venda-imoveis-de-herancas-indivisas\/#breadcrumb\"},\"inLanguage\":\"pt-PT\",\"potentialAction\":[{\"@type\":\"ReadAction\",\"target\":[\"https:\/\/portaltela.pt\/noticias\/2026\/04\/17\/governo-quer-permitir-que-unico-herdeiro-venda-imoveis-de-herancas-indivisas\/\"]}]},{\"@type\":\"ImageObject\",\"inLanguage\":\"pt-PT\",\"@id\":\"https:\/\/portaltela.pt\/noticias\/2026\/04\/17\/governo-quer-permitir-que-unico-herdeiro-venda-imoveis-de-herancas-indivisas\/#primaryimage\",\"url\":\"https:\/\/portaltela.pt\/s.01k8rhncp4jt1\/2026\/04\/dn2Fimport2Fdncxpgxxypnfpero2Fw1rnv8vv2faf.jpg\",\"contentUrl\":\"https:\/\/portaltela.pt\/s.01k8rhncp4jt1\/2026\/04\/dn2Fimport2Fdncxpgxxypnfpero2Fw1rnv8vv2faf.jpg\",\"width\":1200,\"height\":800,\"caption\":\"Imagem ilustrativa\"},{\"@type\":\"BreadcrumbList\",\"@id\":\"https:\/\/portaltela.pt\/noticias\/2026\/04\/17\/governo-quer-permitir-que-unico-herdeiro-venda-imoveis-de-herancas-indivisas\/#breadcrumb\",\"itemListElement\":[{\"@type\":\"ListItem\",\"position\":1,\"name\":\"In\u00edcio\",\"item\":\"https:\/\/portaltela.pt\/\"},{\"@type\":\"ListItem\",\"position\":2,\"name\":\"Governo quer permitir que \u00fanico herdeiro venda im\u00f3veis de heran\u00e7as indivisas\"}]},{\"@type\":\"WebSite\",\"@id\":\"https:\/\/portaltela.pt\/#website\",\"url\":\"https:\/\/portaltela.pt\/\",\"name\":\"Portal Tela Portugal\",\"description\":\"\",\"potentialAction\":[{\"@type\":\"SearchAction\",\"target\":{\"@type\":\"EntryPoint\",\"urlTemplate\":\"https:\/\/portaltela.pt\/?s={search_term_string}\"},\"query-input\":{\"@type\":\"PropertyValueSpecification\",\"valueRequired\":true,\"valueName\":\"search_term_string\"}}],\"inLanguage\":\"pt-PT\"},{\"@type\":\"Person\",\"@id\":\"https:\/\/portaltela.pt\/#\/schema\/person\/c4278d4a6028830caff9ee44b42d32ed\",\"name\":\"Telinha\",\"image\":{\"@type\":\"ImageObject\",\"inLanguage\":\"pt-PT\",\"@id\":\"https:\/\/portaltela.pt\/s.01k8rhncp4jt1\/2025\/11\/talking-bot-125x125.png\",\"url\":\"https:\/\/portaltela.pt\/s.01k8rhncp4jt1\/2025\/11\/talking-bot-125x125.png\",\"contentUrl\":\"https:\/\/portaltela.pt\/s.01k8rhncp4jt1\/2025\/11\/talking-bot-125x125.png\",\"caption\":\"Telinha\"},\"sameAs\":[\"https:\/\/portaltela.pt\/\"],\"url\":\"https:\/\/portaltela.pt\/por\/367410592786\/\"}]}<\/script>\n<!-- \/ Yoast SEO plugin. -->","yoast_head_json":{"title":"Governo quer permitir que \u00fanico herdeiro venda im\u00f3veis de heran\u00e7as indivisas - Portal Tela Portugal","robots":{"index":"index","follow":"follow","max-snippet":"max-snippet:-1","max-image-preview":"max-image-preview:large","max-video-preview":"max-video-preview:-1"},"og_locale":"pt_PT","og_type":"article","og_title":"Governo quer permitir que \u00fanico herdeiro venda im\u00f3veis de heran\u00e7as indivisas - Portal Tela Portugal","og_description":"O Governo prop\u00f5e um mecanismo para permitir que um \u00fanico herdeiro, c\u00f4njuge meeiro ou testamenteiro desbloqueie a venda de im\u00f3veis em heran\u00e7as indivisas. A medida visa acelerar os processos de partilha e venda, aumentando a oferta de casas num contexto de crise habitacional. A proposta, enviada ao parlamento, prev\u00ea a realiza\u00e7\u00e3o de um leil\u00e3o eletr\u00f3nico para tornar a venda mais transparente e eficiente. O texto aponta que a simplifica\u00e7\u00e3o administrativa reduz o tempo necess\u00e1rio para resolver a venda e a partilha. A iniciativa ainda est\u00e1 em discuss\u00e3o no parlamento, com expectativa de aprova\u00e7\u00e3o em breve para entrar em vigor.","og_url":"https:\/\/portaltela.pt\/noticias\/2026\/04\/17\/governo-quer-permitir-que-unico-herdeiro-venda-imoveis-de-herancas-indivisas\/","og_site_name":"Portal Tela Portugal","article_published_time":"2026-04-17T15:03:28+00:00","author":"Telinha","twitter_card":"summary_large_image","twitter_misc":{"Escrito por":"Telinha","Tempo estimado de leitura":"1 minuto"},"schema":{"@context":"https:\/\/schema.org","@graph":[{"@type":"Article","@id":"https:\/\/portaltela.pt\/noticias\/2026\/04\/17\/governo-quer-permitir-que-unico-herdeiro-venda-imoveis-de-herancas-indivisas\/#article","isPartOf":{"@id":"https:\/\/portaltela.pt\/noticias\/2026\/04\/17\/governo-quer-permitir-que-unico-herdeiro-venda-imoveis-de-herancas-indivisas\/"},"author":{"name":"Telinha","@id":"https:\/\/portaltela.pt\/#\/schema\/person\/c4278d4a6028830caff9ee44b42d32ed"},"headline":"Governo quer permitir que \u00fanico herdeiro venda im\u00f3veis de heran\u00e7as indivisas","datePublished":"2026-04-17T15:03:28+00:00","mainEntityOfPage":{"@id":"https:\/\/portaltela.pt\/noticias\/2026\/04\/17\/governo-quer-permitir-que-unico-herdeiro-venda-imoveis-de-herancas-indivisas\/"},"wordCount":158,"image":{"@id":"https:\/\/portaltela.pt\/noticias\/2026\/04\/17\/governo-quer-permitir-que-unico-herdeiro-venda-imoveis-de-herancas-indivisas\/#primaryimage"},"thumbnailUrl":"https:\/\/portaltela.pt\/s.01k8rhncp4jt1\/2026\/04\/dn2Fimport2Fdncxpgxxypnfpero2Fw1rnv8vv2faf.jpg","keywords":["_habita\u00e7\u00e3o","gest\u00e3o p\u00fablica","governo","Heran\u00e7a","lei","transpar\u00eancia"],"articleSection":["Not\u00edcias","Sociedade"],"inLanguage":"pt-PT"},{"@type":"WebPage","@id":"https:\/\/portaltela.pt\/noticias\/2026\/04\/17\/governo-quer-permitir-que-unico-herdeiro-venda-imoveis-de-herancas-indivisas\/","url":"https:\/\/portaltela.pt\/noticias\/2026\/04\/17\/governo-quer-permitir-que-unico-herdeiro-venda-imoveis-de-herancas-indivisas\/","name":"Governo quer permitir que \u00fanico herdeiro venda im\u00f3veis de heran\u00e7as indivisas - Portal Tela Portugal","isPartOf":{"@id":"https:\/\/portaltela.pt\/#website"},"primaryImageOfPage":{"@id":"https:\/\/portaltela.pt\/noticias\/2026\/04\/17\/governo-quer-permitir-que-unico-herdeiro-venda-imoveis-de-herancas-indivisas\/#primaryimage"},"image":{"@id":"https:\/\/portaltela.pt\/noticias\/2026\/04\/17\/governo-quer-permitir-que-unico-herdeiro-venda-imoveis-de-herancas-indivisas\/#primaryimage"},"thumbnailUrl":"https:\/\/portaltela.pt\/s.01k8rhncp4jt1\/2026\/04\/dn2Fimport2Fdncxpgxxypnfpero2Fw1rnv8vv2faf.jpg","datePublished":"2026-04-17T15:03:28+00:00","author":{"@id":"https:\/\/portaltela.pt\/#\/schema\/person\/c4278d4a6028830caff9ee44b42d32ed"},"breadcrumb":{"@id":"https:\/\/portaltela.pt\/noticias\/2026\/04\/17\/governo-quer-permitir-que-unico-herdeiro-venda-imoveis-de-herancas-indivisas\/#breadcrumb"},"inLanguage":"pt-PT","potentialAction":[{"@type":"ReadAction","target":["https:\/\/portaltela.pt\/noticias\/2026\/04\/17\/governo-quer-permitir-que-unico-herdeiro-venda-imoveis-de-herancas-indivisas\/"]}]},{"@type":"ImageObject","inLanguage":"pt-PT","@id":"https:\/\/portaltela.pt\/noticias\/2026\/04\/17\/governo-quer-permitir-que-unico-herdeiro-venda-imoveis-de-herancas-indivisas\/#primaryimage","url":"https:\/\/portaltela.pt\/s.01k8rhncp4jt1\/2026\/04\/dn2Fimport2Fdncxpgxxypnfpero2Fw1rnv8vv2faf.jpg","contentUrl":"https:\/\/portaltela.pt\/s.01k8rhncp4jt1\/2026\/04\/dn2Fimport2Fdncxpgxxypnfpero2Fw1rnv8vv2faf.jpg","width":1200,"height":800,"caption":"Imagem ilustrativa"},{"@type":"BreadcrumbList","@id":"https:\/\/portaltela.pt\/noticias\/2026\/04\/17\/governo-quer-permitir-que-unico-herdeiro-venda-imoveis-de-herancas-indivisas\/#breadcrumb","itemListElement":[{"@type":"ListItem","position":1,"name":"In\u00edcio","item":"https:\/\/portaltela.pt\/"},{"@type":"ListItem","position":2,"name":"Governo quer permitir que \u00fanico herdeiro venda im\u00f3veis de heran\u00e7as indivisas"}]},{"@type":"WebSite","@id":"https:\/\/portaltela.pt\/#website","url":"https:\/\/portaltela.pt\/","name":"Portal Tela Portugal","description":"","potentialAction":[{"@type":"SearchAction","target":{"@type":"EntryPoint","urlTemplate":"https:\/\/portaltela.pt\/?s={search_term_string}"},"query-input":{"@type":"PropertyValueSpecification","valueRequired":true,"valueName":"search_term_string"}}],"inLanguage":"pt-PT"},{"@type":"Person","@id":"https:\/\/portaltela.pt\/#\/schema\/person\/c4278d4a6028830caff9ee44b42d32ed","name":"Telinha","image":{"@type":"ImageObject","inLanguage":"pt-PT","@id":"https:\/\/portaltela.pt\/s.01k8rhncp4jt1\/2025\/11\/talking-bot-125x125.png","url":"https:\/\/portaltela.pt\/s.01k8rhncp4jt1\/2025\/11\/talking-bot-125x125.png","contentUrl":"https:\/\/portaltela.pt\/s.01k8rhncp4jt1\/2025\/11\/talking-bot-125x125.png","caption":"Telinha"},"sameAs":["https:\/\/portaltela.pt\/"],"url":"https:\/\/portaltela.pt\/por\/367410592786\/"}]}},"_links":{"self":[{"href":"https:\/\/portaltela.pt\/api\/wp\/v2\/posts\/448099","targetHints":{"allow":["GET"]}}],"collection":[{"href":"https:\/\/portaltela.pt\/api\/wp\/v2\/posts"}],"about":[{"href":"https:\/\/portaltela.pt\/api\/wp\/v2\/types\/post"}],"author":[{"embeddable":true,"href":"https:\/\/portaltela.pt\/api\/wp\/v2\/users\/2"}],"replies":[{"embeddable":true,"href":"https:\/\/portaltela.pt\/api\/wp\/v2\/comments?post=448099"}],"version-history":[{"count":0,"href":"https:\/\/portaltela.pt\/api\/wp\/v2\/posts\/448099\/revisions"}],"wp:featuredmedia":[{"embeddable":true,"href":"https:\/\/portaltela.pt\/api\/wp\/v2\/media\/448100"}],"wp:attachment":[{"href":"https:\/\/portaltela.pt\/api\/wp\/v2\/media?parent=448099"}],"wp:term":[{"taxonomy":"category","embeddable":true,"href":"https:\/\/portaltela.pt\/api\/wp\/v2\/categories?post=448099"},{"taxonomy":"post_tag","embeddable":true,"href":"https:\/\/portaltela.pt\/api\/wp\/v2\/tags?post=448099"}],"curies":[{"name":"wp","href":"https:\/\/api.w.org\/{rel}","templated":true}]}}