{"id":448078,"date":"2026-04-17T11:48:21","date_gmt":"2026-04-17T14:48:21","guid":{"rendered":"https:\/\/portaltela.pt\/noticias\/2026\/04\/17\/duas-ausencias-marcam-primeira-reuniao-do-conselho-de-estado-de-seguro\/"},"modified":"2026-04-17T11:48:21","modified_gmt":"2026-04-17T14:48:21","slug":"duas-ausencias-marcam-primeira-reuniao-do-conselho-de-estado-de-seguro","status":"publish","type":"post","link":"https:\/\/portaltela.pt\/noticias\/politica\/2026\/04\/17\/duas-ausencias-marcam-primeira-reuniao-do-conselho-de-estado-de-seguro\/","title":{"rendered":"Duas aus\u00eancias marcam primeira reuni\u00e3o do Conselho de Estado de Seguro"},"content":{"rendered":"<p>A primeira reuni\u00e3o do Conselho de Estado sobre seguran\u00e7a e defesa, convocada pelo Presidente da Rep\u00fablica, Ant\u00f3nio Jos\u00e9 Seguro, teve in\u00edcio nesta sexta-feira \u00e0s 15 horas. O encontro ocorreu na resid\u00eancia oficial, com duas aus\u00eancias registadas no arranque.<\/p>\n<p>Antes da sess\u00e3o, numa breve cerim\u00f3nia na Sala dos Embaixadores, tomaram posse os novos conselheiros de Estado eleitos pelo parlamento e nomeados pelo Presidente, \u00e0 exce\u00e7\u00e3o de Miguel Bastos Ara\u00fajo, que se encontrava fora do pa\u00eds. Tamb\u00e9m n\u00e3o participou na reuni\u00e3o o antigo Presidente Ant\u00f3nio Ramalho Eanes.<\/p>\n<p>Marcelo Rebelo de Sousa assumiu, por iner\u00eancia, o cargo de conselheiro de Estado, na qualidade de anterior Presidente da Rep\u00fablica, e foi depois recebido pelo Presidente da Rep\u00fablica para uma conversa no gabinete oficial. O evento ocorreu no mesmo dia da posse.<\/p>\n<p>Da lista de nomeados pelo Presidente da Rep\u00fablica na quinta-feira, destacam-se Alberto Martins, Nuno Severiano Teixeira, Isabel Capeloa Gil, Miguel Bastos Ara\u00fajo e Maria Carmo Fonseca. A Assembleia da Rep\u00fablica aprovou, no mesmo dia, a elei\u00e7\u00e3o de cinco conselheiros de Estado, seguindo uma lista conjunta do PSD e Chega e uma lista pr\u00f3pria do PS.<\/p>\n<p>Entre os eleitos pela Assembleia est\u00e3o Leonor Beleza, Carlos Moedas, Pedro Duarte e Andr\u00e9 Ventura, pela ala correspondente ao PSD e Chega, e Carlos C\u00e9sar, pelo PS. O \u00f3rg\u00e3o inclui, por iner\u00eancia, titulares de cargos como presidente da Assembleia, primeiro-ministro, presidente do Tribunal Constitucional e outros membros de refer\u00eancia institucional.<\/p>\n<p>O Presidente Ant\u00f3nio Jos\u00e9 Seguro assumiu a lideran\u00e7a do pa\u00eds h\u00e1 pouco mais de um m\u00eas, em 9 de mar\u00e7o, e j\u00e1 havia convocado a sess\u00e3o para 25 de mar\u00e7o, com o objetivo de debater quest\u00f5es de seguran\u00e7a e defesa. A reuni\u00e3o tenta consolidar o funcionamento do Conselho de Estado numa conjuntura institucional recente.<\/p>\n","protected":false},"excerpt":{"rendered":"<ul>\n<li>A reuni\u00e3o do Conselho de Estado come\u00e7ou hoje \u00e0s 15h, com duas aus\u00eancias: Miguel Bastos Ara\u00fajo e Ant\u00f3nio Ramalho Eanes.<\/li>\n<li>Marcelo Rebelo de Sousa tomou posse como conselheiro de Estado por iner\u00eancia e, no final, foi chamado por Ant\u00f3nio Jos\u00e9 Seguro para uma conversa no gabinete oficial.<\/li>\n<li>Os cinco conselheiros nomeados pelo Presidente s\u00e3o Alberto Martins, Nuno Severiano Teixeira, Isabel Capeloa Gil, Miguel Bastos Ara\u00fajo e Maria Carmo Fonseca.<\/li>\n<li>A elei\u00e7\u00e3o dos cinco conselheiros pela Assembleia da Rep\u00fablica ficou assim: Leonor Beleza, Carlos Moedas e Pedro Duarte (PSD); Andr\u00e9 Ventura (Chega); Carlos C\u00e9sar (PS).<\/li>\n<li>Permanecem como membros por iner\u00eancia o presidente da Assembleia da Rep\u00fablica, o primeiro-ministro, o presidente do Tribunal Constitucional, o provedor de Justi\u00e7a (cargo vago), os presidentes de governos regionais e antigos presidentes da Rep\u00fablica.<\/li>\n<\/ul>\n","protected":false},"author":2,"featured_media":448088,"comment_status":"closed","ping_status":"closed","sticky":false,"template":"","format":"standard","meta":{"footnotes":""},"categories":[1,5],"tags":[4211,151,5661,2832,30,4536],"class_list":["post-448078","post","type-post","status-publish","format-standard","has-post-thumbnail","hentry","category-noticias","category-politica","tag-assembleia-nacional","tag-conselho","tag-pessoas-publicas","tag-politica","tag-presidente","tag-seguranca"],"yoast_head":"<!-- This site is optimized with the Yoast SEO plugin v27.2 - https:\/\/yoast.com\/product\/yoast-seo-wordpress\/ -->\n<title>Duas aus\u00eancias marcam primeira reuni\u00e3o do Conselho de Estado de Seguro - Portal Tela Portugal<\/title>\n<meta name=\"robots\" content=\"index, follow, max-snippet:-1, max-image-preview:large, max-video-preview:-1\" \/>\n<meta property=\"og:locale\" content=\"pt_PT\" \/>\n<meta property=\"og:type\" content=\"article\" \/>\n<meta property=\"og:title\" content=\"Duas aus\u00eancias marcam primeira reuni\u00e3o do Conselho de Estado de Seguro - Portal Tela Portugal\" \/>\n<meta property=\"og:description\" content=\"A reuni\u00e3o do Conselho de Estado come\u00e7ou hoje \u00e0s 15h, com duas aus\u00eancias: Miguel Bastos Ara\u00fajo e Ant\u00f3nio Ramalho Eanes. Marcelo Rebelo de Sousa tomou posse como conselheiro de Estado por iner\u00eancia e, no final, foi chamado por Ant\u00f3nio Jos\u00e9 Seguro para uma conversa no gabinete oficial. Os cinco conselheiros nomeados pelo Presidente s\u00e3o Alberto Martins, Nuno Severiano Teixeira, Isabel Capeloa Gil, Miguel Bastos Ara\u00fajo e Maria Carmo Fonseca. A elei\u00e7\u00e3o dos cinco conselheiros pela Assembleia da Rep\u00fablica ficou assim: Leonor Beleza, Carlos Moedas e Pedro Duarte (PSD); Andr\u00e9 Ventura (Chega); Carlos C\u00e9sar (PS). Permanecem como membros por iner\u00eancia o presidente da Assembleia da Rep\u00fablica, o primeiro-ministro, o presidente do Tribunal Constitucional, o provedor de Justi\u00e7a (cargo vago), os presidentes de governos regionais e antigos presidentes da Rep\u00fablica.\" \/>\n<meta property=\"og:url\" content=\"https:\/\/portaltela.pt\/noticias\/2026\/04\/17\/duas-ausencias-marcam-primeira-reuniao-do-conselho-de-estado-de-seguro\/\" \/>\n<meta property=\"og:site_name\" content=\"Portal Tela Portugal\" \/>\n<meta property=\"article:published_time\" content=\"2026-04-17T14:48:21+00:00\" \/>\n<meta name=\"author\" content=\"Telinha\" \/>\n<meta name=\"twitter:card\" content=\"summary_large_image\" \/>\n<meta name=\"twitter:label1\" content=\"Escrito por\" \/>\n\t<meta name=\"twitter:data1\" content=\"Telinha\" \/>\n\t<meta name=\"twitter:label2\" content=\"Tempo estimado de leitura\" \/>\n\t<meta name=\"twitter:data2\" content=\"2 minutos\" \/>\n<script type=\"application\/ld+json\" class=\"yoast-schema-graph\">{\"@context\":\"https:\/\/schema.org\",\"@graph\":[{\"@type\":\"Article\",\"@id\":\"https:\/\/portaltela.pt\/noticias\/2026\/04\/17\/duas-ausencias-marcam-primeira-reuniao-do-conselho-de-estado-de-seguro\/#article\",\"isPartOf\":{\"@id\":\"https:\/\/portaltela.pt\/noticias\/2026\/04\/17\/duas-ausencias-marcam-primeira-reuniao-do-conselho-de-estado-de-seguro\/\"},\"author\":{\"name\":\"Telinha\",\"@id\":\"https:\/\/portaltela.pt\/#\/schema\/person\/c4278d4a6028830caff9ee44b42d32ed\"},\"headline\":\"Duas aus\u00eancias marcam primeira reuni\u00e3o do Conselho de Estado de Seguro\",\"datePublished\":\"2026-04-17T14:48:21+00:00\",\"mainEntityOfPage\":{\"@id\":\"https:\/\/portaltela.pt\/noticias\/2026\/04\/17\/duas-ausencias-marcam-primeira-reuniao-do-conselho-de-estado-de-seguro\/\"},\"wordCount\":334,\"image\":{\"@id\":\"https:\/\/portaltela.pt\/noticias\/2026\/04\/17\/duas-ausencias-marcam-primeira-reuniao-do-conselho-de-estado-de-seguro\/#primaryimage\"},\"thumbnailUrl\":\"https:\/\/portaltela.pt\/s.01k8rhncp4jt1\/2026\/04\/image-1065.jpg\",\"keywords\":[\"Assembleia Nacional\",\"conselho\",\"pessoas p\u00fablicas\",\"pol\u00edtica\",\"presidente\",\"seguran\u00e7a\"],\"articleSection\":[\"Not\u00edcias\",\"Pol\u00edtica\"],\"inLanguage\":\"pt-PT\"},{\"@type\":\"WebPage\",\"@id\":\"https:\/\/portaltela.pt\/noticias\/2026\/04\/17\/duas-ausencias-marcam-primeira-reuniao-do-conselho-de-estado-de-seguro\/\",\"url\":\"https:\/\/portaltela.pt\/noticias\/2026\/04\/17\/duas-ausencias-marcam-primeira-reuniao-do-conselho-de-estado-de-seguro\/\",\"name\":\"Duas aus\u00eancias marcam primeira reuni\u00e3o do Conselho de Estado de Seguro - Portal Tela Portugal\",\"isPartOf\":{\"@id\":\"https:\/\/portaltela.pt\/#website\"},\"primaryImageOfPage\":{\"@id\":\"https:\/\/portaltela.pt\/noticias\/2026\/04\/17\/duas-ausencias-marcam-primeira-reuniao-do-conselho-de-estado-de-seguro\/#primaryimage\"},\"image\":{\"@id\":\"https:\/\/portaltela.pt\/noticias\/2026\/04\/17\/duas-ausencias-marcam-primeira-reuniao-do-conselho-de-estado-de-seguro\/#primaryimage\"},\"thumbnailUrl\":\"https:\/\/portaltela.pt\/s.01k8rhncp4jt1\/2026\/04\/image-1065.jpg\",\"datePublished\":\"2026-04-17T14:48:21+00:00\",\"author\":{\"@id\":\"https:\/\/portaltela.pt\/#\/schema\/person\/c4278d4a6028830caff9ee44b42d32ed\"},\"breadcrumb\":{\"@id\":\"https:\/\/portaltela.pt\/noticias\/2026\/04\/17\/duas-ausencias-marcam-primeira-reuniao-do-conselho-de-estado-de-seguro\/#breadcrumb\"},\"inLanguage\":\"pt-PT\",\"potentialAction\":[{\"@type\":\"ReadAction\",\"target\":[\"https:\/\/portaltela.pt\/noticias\/2026\/04\/17\/duas-ausencias-marcam-primeira-reuniao-do-conselho-de-estado-de-seguro\/\"]}]},{\"@type\":\"ImageObject\",\"inLanguage\":\"pt-PT\",\"@id\":\"https:\/\/portaltela.pt\/noticias\/2026\/04\/17\/duas-ausencias-marcam-primeira-reuniao-do-conselho-de-estado-de-seguro\/#primaryimage\",\"url\":\"https:\/\/portaltela.pt\/s.01k8rhncp4jt1\/2026\/04\/image-1065.jpg\",\"contentUrl\":\"https:\/\/portaltela.pt\/s.01k8rhncp4jt1\/2026\/04\/image-1065.jpg\",\"width\":796,\"height\":448,\"caption\":\"Foto: Miguel A. Lopes\/Lusa\"},{\"@type\":\"BreadcrumbList\",\"@id\":\"https:\/\/portaltela.pt\/noticias\/2026\/04\/17\/duas-ausencias-marcam-primeira-reuniao-do-conselho-de-estado-de-seguro\/#breadcrumb\",\"itemListElement\":[{\"@type\":\"ListItem\",\"position\":1,\"name\":\"In\u00edcio\",\"item\":\"https:\/\/portaltela.pt\/\"},{\"@type\":\"ListItem\",\"position\":2,\"name\":\"Duas aus\u00eancias marcam primeira reuni\u00e3o do Conselho de Estado de Seguro\"}]},{\"@type\":\"WebSite\",\"@id\":\"https:\/\/portaltela.pt\/#website\",\"url\":\"https:\/\/portaltela.pt\/\",\"name\":\"Portal Tela Portugal\",\"description\":\"\",\"potentialAction\":[{\"@type\":\"SearchAction\",\"target\":{\"@type\":\"EntryPoint\",\"urlTemplate\":\"https:\/\/portaltela.pt\/?s={search_term_string}\"},\"query-input\":{\"@type\":\"PropertyValueSpecification\",\"valueRequired\":true,\"valueName\":\"search_term_string\"}}],\"inLanguage\":\"pt-PT\"},{\"@type\":\"Person\",\"@id\":\"https:\/\/portaltela.pt\/#\/schema\/person\/c4278d4a6028830caff9ee44b42d32ed\",\"name\":\"Telinha\",\"image\":{\"@type\":\"ImageObject\",\"inLanguage\":\"pt-PT\",\"@id\":\"https:\/\/portaltela.pt\/s.01k8rhncp4jt1\/2025\/11\/talking-bot-125x125.png\",\"url\":\"https:\/\/portaltela.pt\/s.01k8rhncp4jt1\/2025\/11\/talking-bot-125x125.png\",\"contentUrl\":\"https:\/\/portaltela.pt\/s.01k8rhncp4jt1\/2025\/11\/talking-bot-125x125.png\",\"caption\":\"Telinha\"},\"sameAs\":[\"https:\/\/portaltela.pt\/\"],\"url\":\"https:\/\/portaltela.pt\/por\/367410592786\/\"}]}<\/script>\n<!-- \/ Yoast SEO plugin. -->","yoast_head_json":{"title":"Duas aus\u00eancias marcam primeira reuni\u00e3o do Conselho de Estado de Seguro - Portal Tela Portugal","robots":{"index":"index","follow":"follow","max-snippet":"max-snippet:-1","max-image-preview":"max-image-preview:large","max-video-preview":"max-video-preview:-1"},"og_locale":"pt_PT","og_type":"article","og_title":"Duas aus\u00eancias marcam primeira reuni\u00e3o do Conselho de Estado de Seguro - Portal Tela Portugal","og_description":"A reuni\u00e3o do Conselho de Estado come\u00e7ou hoje \u00e0s 15h, com duas aus\u00eancias: Miguel Bastos Ara\u00fajo e Ant\u00f3nio Ramalho Eanes. Marcelo Rebelo de Sousa tomou posse como conselheiro de Estado por iner\u00eancia e, no final, foi chamado por Ant\u00f3nio Jos\u00e9 Seguro para uma conversa no gabinete oficial. Os cinco conselheiros nomeados pelo Presidente s\u00e3o Alberto Martins, Nuno Severiano Teixeira, Isabel Capeloa Gil, Miguel Bastos Ara\u00fajo e Maria Carmo Fonseca. A elei\u00e7\u00e3o dos cinco conselheiros pela Assembleia da Rep\u00fablica ficou assim: Leonor Beleza, Carlos Moedas e Pedro Duarte (PSD); Andr\u00e9 Ventura (Chega); Carlos C\u00e9sar (PS). Permanecem como membros por iner\u00eancia o presidente da Assembleia da Rep\u00fablica, o primeiro-ministro, o presidente do Tribunal Constitucional, o provedor de Justi\u00e7a (cargo vago), os presidentes de governos regionais e antigos presidentes da Rep\u00fablica.","og_url":"https:\/\/portaltela.pt\/noticias\/2026\/04\/17\/duas-ausencias-marcam-primeira-reuniao-do-conselho-de-estado-de-seguro\/","og_site_name":"Portal Tela Portugal","article_published_time":"2026-04-17T14:48:21+00:00","author":"Telinha","twitter_card":"summary_large_image","twitter_misc":{"Escrito por":"Telinha","Tempo estimado de leitura":"2 minutos"},"schema":{"@context":"https:\/\/schema.org","@graph":[{"@type":"Article","@id":"https:\/\/portaltela.pt\/noticias\/2026\/04\/17\/duas-ausencias-marcam-primeira-reuniao-do-conselho-de-estado-de-seguro\/#article","isPartOf":{"@id":"https:\/\/portaltela.pt\/noticias\/2026\/04\/17\/duas-ausencias-marcam-primeira-reuniao-do-conselho-de-estado-de-seguro\/"},"author":{"name":"Telinha","@id":"https:\/\/portaltela.pt\/#\/schema\/person\/c4278d4a6028830caff9ee44b42d32ed"},"headline":"Duas aus\u00eancias marcam primeira reuni\u00e3o do Conselho de Estado de Seguro","datePublished":"2026-04-17T14:48:21+00:00","mainEntityOfPage":{"@id":"https:\/\/portaltela.pt\/noticias\/2026\/04\/17\/duas-ausencias-marcam-primeira-reuniao-do-conselho-de-estado-de-seguro\/"},"wordCount":334,"image":{"@id":"https:\/\/portaltela.pt\/noticias\/2026\/04\/17\/duas-ausencias-marcam-primeira-reuniao-do-conselho-de-estado-de-seguro\/#primaryimage"},"thumbnailUrl":"https:\/\/portaltela.pt\/s.01k8rhncp4jt1\/2026\/04\/image-1065.jpg","keywords":["Assembleia Nacional","conselho","pessoas p\u00fablicas","pol\u00edtica","presidente","seguran\u00e7a"],"articleSection":["Not\u00edcias","Pol\u00edtica"],"inLanguage":"pt-PT"},{"@type":"WebPage","@id":"https:\/\/portaltela.pt\/noticias\/2026\/04\/17\/duas-ausencias-marcam-primeira-reuniao-do-conselho-de-estado-de-seguro\/","url":"https:\/\/portaltela.pt\/noticias\/2026\/04\/17\/duas-ausencias-marcam-primeira-reuniao-do-conselho-de-estado-de-seguro\/","name":"Duas aus\u00eancias marcam primeira reuni\u00e3o do Conselho de Estado de Seguro - Portal Tela Portugal","isPartOf":{"@id":"https:\/\/portaltela.pt\/#website"},"primaryImageOfPage":{"@id":"https:\/\/portaltela.pt\/noticias\/2026\/04\/17\/duas-ausencias-marcam-primeira-reuniao-do-conselho-de-estado-de-seguro\/#primaryimage"},"image":{"@id":"https:\/\/portaltela.pt\/noticias\/2026\/04\/17\/duas-ausencias-marcam-primeira-reuniao-do-conselho-de-estado-de-seguro\/#primaryimage"},"thumbnailUrl":"https:\/\/portaltela.pt\/s.01k8rhncp4jt1\/2026\/04\/image-1065.jpg","datePublished":"2026-04-17T14:48:21+00:00","author":{"@id":"https:\/\/portaltela.pt\/#\/schema\/person\/c4278d4a6028830caff9ee44b42d32ed"},"breadcrumb":{"@id":"https:\/\/portaltela.pt\/noticias\/2026\/04\/17\/duas-ausencias-marcam-primeira-reuniao-do-conselho-de-estado-de-seguro\/#breadcrumb"},"inLanguage":"pt-PT","potentialAction":[{"@type":"ReadAction","target":["https:\/\/portaltela.pt\/noticias\/2026\/04\/17\/duas-ausencias-marcam-primeira-reuniao-do-conselho-de-estado-de-seguro\/"]}]},{"@type":"ImageObject","inLanguage":"pt-PT","@id":"https:\/\/portaltela.pt\/noticias\/2026\/04\/17\/duas-ausencias-marcam-primeira-reuniao-do-conselho-de-estado-de-seguro\/#primaryimage","url":"https:\/\/portaltela.pt\/s.01k8rhncp4jt1\/2026\/04\/image-1065.jpg","contentUrl":"https:\/\/portaltela.pt\/s.01k8rhncp4jt1\/2026\/04\/image-1065.jpg","width":796,"height":448,"caption":"Foto: Miguel A. Lopes\/Lusa"},{"@type":"BreadcrumbList","@id":"https:\/\/portaltela.pt\/noticias\/2026\/04\/17\/duas-ausencias-marcam-primeira-reuniao-do-conselho-de-estado-de-seguro\/#breadcrumb","itemListElement":[{"@type":"ListItem","position":1,"name":"In\u00edcio","item":"https:\/\/portaltela.pt\/"},{"@type":"ListItem","position":2,"name":"Duas aus\u00eancias marcam primeira reuni\u00e3o do Conselho de Estado de Seguro"}]},{"@type":"WebSite","@id":"https:\/\/portaltela.pt\/#website","url":"https:\/\/portaltela.pt\/","name":"Portal Tela Portugal","description":"","potentialAction":[{"@type":"SearchAction","target":{"@type":"EntryPoint","urlTemplate":"https:\/\/portaltela.pt\/?s={search_term_string}"},"query-input":{"@type":"PropertyValueSpecification","valueRequired":true,"valueName":"search_term_string"}}],"inLanguage":"pt-PT"},{"@type":"Person","@id":"https:\/\/portaltela.pt\/#\/schema\/person\/c4278d4a6028830caff9ee44b42d32ed","name":"Telinha","image":{"@type":"ImageObject","inLanguage":"pt-PT","@id":"https:\/\/portaltela.pt\/s.01k8rhncp4jt1\/2025\/11\/talking-bot-125x125.png","url":"https:\/\/portaltela.pt\/s.01k8rhncp4jt1\/2025\/11\/talking-bot-125x125.png","contentUrl":"https:\/\/portaltela.pt\/s.01k8rhncp4jt1\/2025\/11\/talking-bot-125x125.png","caption":"Telinha"},"sameAs":["https:\/\/portaltela.pt\/"],"url":"https:\/\/portaltela.pt\/por\/367410592786\/"}]}},"_links":{"self":[{"href":"https:\/\/portaltela.pt\/api\/wp\/v2\/posts\/448078","targetHints":{"allow":["GET"]}}],"collection":[{"href":"https:\/\/portaltela.pt\/api\/wp\/v2\/posts"}],"about":[{"href":"https:\/\/portaltela.pt\/api\/wp\/v2\/types\/post"}],"author":[{"embeddable":true,"href":"https:\/\/portaltela.pt\/api\/wp\/v2\/users\/2"}],"replies":[{"embeddable":true,"href":"https:\/\/portaltela.pt\/api\/wp\/v2\/comments?post=448078"}],"version-history":[{"count":0,"href":"https:\/\/portaltela.pt\/api\/wp\/v2\/posts\/448078\/revisions"}],"wp:featuredmedia":[{"embeddable":true,"href":"https:\/\/portaltela.pt\/api\/wp\/v2\/media\/448088"}],"wp:attachment":[{"href":"https:\/\/portaltela.pt\/api\/wp\/v2\/media?parent=448078"}],"wp:term":[{"taxonomy":"category","embeddable":true,"href":"https:\/\/portaltela.pt\/api\/wp\/v2\/categories?post=448078"},{"taxonomy":"post_tag","embeddable":true,"href":"https:\/\/portaltela.pt\/api\/wp\/v2\/tags?post=448078"}],"curies":[{"name":"wp","href":"https:\/\/api.w.org\/{rel}","templated":true}]}}