{"id":447979,"date":"2026-04-17T10:48:09","date_gmt":"2026-04-17T13:48:09","guid":{"rendered":"https:\/\/portaltela.pt\/noticias\/2026\/04\/17\/carlos-barroca-apresenta-a-cidade-do-basquetebol-que-pode-nascer-no-montijo\/"},"modified":"2026-04-17T10:48:09","modified_gmt":"2026-04-17T13:48:09","slug":"carlos-barroca-apresenta-a-cidade-do-basquetebol-que-pode-nascer-no-montijo","status":"publish","type":"post","link":"https:\/\/portaltela.pt\/desporto\/futebol\/2026\/04\/17\/carlos-barroca-apresenta-a-cidade-do-basquetebol-que-pode-nascer-no-montijo\/","title":{"rendered":"Carlos Barroca apresenta a Cidade do Basquetebol que pode nascer no Montijo"},"content":{"rendered":"<p>A Cidade do Basquetebol, proposta apresentada por Carlos Barroca, poder\u00e1 ganhar forma no Montijo caso o candidato vencesse as elei\u00e7\u00f5es para a presid\u00eancia da FPB no dia 25. O projecto foi apresentado no Sal\u00e3o Nobre da C\u00e2mara Municipal, com a presen\u00e7a do autarca local Fernando Caria.<\/p>\n<p>Barroca descreveu o espa\u00e7o como uma infraestrutura estrat\u00e9gica para o basquetebol nacional, associando o pavil\u00e3o principal a pelo menos 3.000 lugares sentados e a possibilidade de transformar o recinto num centro multidesportivo com tr\u00eas campos laterais para treinos e est\u00e1gios.<\/p>\n<p>O lan\u00e7amento ocorreu numa altura em que a constru\u00e7\u00e3o ficaria conclu\u00edda at\u00e9 2030, com in\u00edcio de obras estimado para 2028. O projeto prev\u00ea ainda 180 camas para receber equipas de v\u00e1rias regi\u00f5es, incluindo as ilhas, Norte e Sul de Portugal, mantendo portas abertas a ofertas internacionais.<\/p>\n<h3>Obra, financiamento e equipa envolvida<\/h3>\n<p>O arquiteto Paulo Bernardo \u00e9 o respons\u00e1vel pela concep\u00e7\u00e3o da Cidade do Basquetebol, com experi\u00eancia em projetos desportivos de refer\u00eancia internacional. Barroca sublinhou a confian\u00e7a na equipa de projeto, destacando a credibilidade do profissional.<\/p>\n<p>Quanto ao custo, Barroca n\u00e3o divulga um n\u00famero definitivo, referindo apenas que ficar\u00e1 na casa dos milh\u00f5es, em termos de o valor final depender de varia\u00e7\u00f5es de mercado e de custos de materiais. O financiamento dever\u00e1 incluir aportos privados e fundos europeus.<\/p>\n<p>A gest\u00e3o do projeto, segundo o candidato, envolve um processo de angaria\u00e7\u00e3o de recursos j\u00e1 em curso. O objetivo \u00e9 privilegiar financiamento privado, com apoio de programas comunit\u00e1rios europeus, para acelerar a frente de obras.<\/p>\n<h3>Engajamento da comunidade<\/h3>\n<p>O nome da Cidade do Basquetebol ainda n\u00e3o est\u00e1 definido. A escolha caber\u00e1 \u00e0s comunidades do basquetebol em Portugal, com participa\u00e7\u00e3o destacada da comunidade do Montijo, para refletir o esp\u00edrito local no espa\u00e7o.<\/p>\n<p>A iniciativa foi apresentada ao lado do presidente da C\u00e2mara Municipal do Montijo e \u00e9 apresentada como uma aposta para elevar o patamar do basquetebol nacional, com potencial impacto na forma\u00e7\u00e3o, nos est\u00e1gios e no turismo desportivo.<\/p>\n","protected":false},"excerpt":{"rendered":"<ul>\n<li>Carlos Barroca apresentou a Cidade do Basquetebol no Montijo, caso ven\u00e7a as elei\u00e7\u00f5es para a FPB no dia 25.<\/li>\n<li>As obras devem arrancar em 2028 e o pavilh\u00e3o ter\u00e1 pelo menos 3.000 lugares sentados, podendo transformar-se num espa\u00e7o multidesportivo com tr\u00eas campos laterais para treinos.<\/li>\n<li>O equipamento vai ter 180 camas para acolher equipas de v\u00e1rias regi\u00f5es de Portugal, com abertura a oferta internacional.<\/li>\n<li>O custo fica na casa dos milh\u00f5es e o financiamento ser\u00e1 maioritariamente privado, com poss\u00edveis apoios europeus.<\/li>\n<li>O projeto est\u00e1 a ser desenhado pelo arquiteto Paulo Bernardo e o nome definitivo ser\u00e1 escolhido pela comunidade, principalmente pela de Montijo.<\/li>\n<\/ul>\n","protected":false},"author":2,"featured_media":447982,"comment_status":"closed","ping_status":"closed","sticky":false,"template":"","format":"standard","meta":{"footnotes":""},"categories":[21,24],"tags":[85,152,2417,2501,258,1058],"class_list":["post-447979","post","type-post","status-publish","format-standard","has-post-thumbnail","hentry","category-desporto","category-futebol","tag-basquete","tag-desporto","tag-financiamento","tag-fundos-europeus","tag-infraestruturas","tag-montijo"],"yoast_head":"<!-- This site is optimized with the Yoast SEO plugin v27.2 - https:\/\/yoast.com\/product\/yoast-seo-wordpress\/ -->\n<title>Carlos Barroca apresenta a Cidade do Basquetebol que pode nascer no Montijo - Portal Tela Portugal<\/title>\n<meta name=\"robots\" content=\"index, follow, max-snippet:-1, max-image-preview:large, max-video-preview:-1\" \/>\n<meta property=\"og:locale\" content=\"pt_PT\" \/>\n<meta property=\"og:type\" content=\"article\" \/>\n<meta property=\"og:title\" content=\"Carlos Barroca apresenta a Cidade do Basquetebol que pode nascer no Montijo - Portal Tela Portugal\" \/>\n<meta property=\"og:description\" content=\"Carlos Barroca apresentou a Cidade do Basquetebol no Montijo, caso ven\u00e7a as elei\u00e7\u00f5es para a FPB no dia 25. As obras devem arrancar em 2028 e o pavilh\u00e3o ter\u00e1 pelo menos 3.000 lugares sentados, podendo transformar-se num espa\u00e7o multidesportivo com tr\u00eas campos laterais para treinos. O equipamento vai ter 180 camas para acolher equipas de v\u00e1rias regi\u00f5es de Portugal, com abertura a oferta internacional. O custo fica na casa dos milh\u00f5es e o financiamento ser\u00e1 maioritariamente privado, com poss\u00edveis apoios europeus. O projeto est\u00e1 a ser desenhado pelo arquiteto Paulo Bernardo e o nome definitivo ser\u00e1 escolhido pela comunidade, principalmente pela de Montijo.\" \/>\n<meta property=\"og:url\" content=\"https:\/\/portaltela.pt\/noticias\/2026\/04\/17\/carlos-barroca-apresenta-a-cidade-do-basquetebol-que-pode-nascer-no-montijo\/\" \/>\n<meta property=\"og:site_name\" content=\"Portal Tela Portugal\" \/>\n<meta property=\"article:published_time\" content=\"2026-04-17T13:48:09+00:00\" \/>\n<meta name=\"author\" content=\"Telinha\" \/>\n<meta name=\"twitter:card\" content=\"summary_large_image\" \/>\n<meta name=\"twitter:label1\" content=\"Escrito por\" \/>\n\t<meta name=\"twitter:data1\" content=\"Telinha\" \/>\n\t<meta name=\"twitter:label2\" content=\"Tempo estimado de leitura\" \/>\n\t<meta name=\"twitter:data2\" content=\"2 minutos\" \/>\n<script type=\"application\/ld+json\" class=\"yoast-schema-graph\">{\"@context\":\"https:\/\/schema.org\",\"@graph\":[{\"@type\":\"Article\",\"@id\":\"https:\/\/portaltela.pt\/noticias\/2026\/04\/17\/carlos-barroca-apresenta-a-cidade-do-basquetebol-que-pode-nascer-no-montijo\/#article\",\"isPartOf\":{\"@id\":\"https:\/\/portaltela.pt\/noticias\/2026\/04\/17\/carlos-barroca-apresenta-a-cidade-do-basquetebol-que-pode-nascer-no-montijo\/\"},\"author\":{\"name\":\"Telinha\",\"@id\":\"https:\/\/portaltela.pt\/#\/schema\/person\/c4278d4a6028830caff9ee44b42d32ed\"},\"headline\":\"Carlos Barroca apresenta a Cidade do Basquetebol que pode nascer no Montijo\",\"datePublished\":\"2026-04-17T13:48:09+00:00\",\"mainEntityOfPage\":{\"@id\":\"https:\/\/portaltela.pt\/noticias\/2026\/04\/17\/carlos-barroca-apresenta-a-cidade-do-basquetebol-que-pode-nascer-no-montijo\/\"},\"wordCount\":360,\"image\":{\"@id\":\"https:\/\/portaltela.pt\/noticias\/2026\/04\/17\/carlos-barroca-apresenta-a-cidade-do-basquetebol-que-pode-nascer-no-montijo\/#primaryimage\"},\"thumbnailUrl\":\"https:\/\/portaltela.pt\/s.01k8rhncp4jt1\/2026\/04\/img_920x518uu2026-04-17-14-41-13-2433579.jpg\",\"keywords\":[\"basquete\",\"desporto\",\"financiamento\",\"Fundos Europeus\",\"infraestruturas\",\"Montijo\"],\"articleSection\":[\"Desporto\",\"Futebol\"],\"inLanguage\":\"pt-PT\"},{\"@type\":\"WebPage\",\"@id\":\"https:\/\/portaltela.pt\/noticias\/2026\/04\/17\/carlos-barroca-apresenta-a-cidade-do-basquetebol-que-pode-nascer-no-montijo\/\",\"url\":\"https:\/\/portaltela.pt\/noticias\/2026\/04\/17\/carlos-barroca-apresenta-a-cidade-do-basquetebol-que-pode-nascer-no-montijo\/\",\"name\":\"Carlos Barroca apresenta a Cidade do Basquetebol que pode nascer no Montijo - Portal Tela Portugal\",\"isPartOf\":{\"@id\":\"https:\/\/portaltela.pt\/#website\"},\"primaryImageOfPage\":{\"@id\":\"https:\/\/portaltela.pt\/noticias\/2026\/04\/17\/carlos-barroca-apresenta-a-cidade-do-basquetebol-que-pode-nascer-no-montijo\/#primaryimage\"},\"image\":{\"@id\":\"https:\/\/portaltela.pt\/noticias\/2026\/04\/17\/carlos-barroca-apresenta-a-cidade-do-basquetebol-que-pode-nascer-no-montijo\/#primaryimage\"},\"thumbnailUrl\":\"https:\/\/portaltela.pt\/s.01k8rhncp4jt1\/2026\/04\/img_920x518uu2026-04-17-14-41-13-2433579.jpg\",\"datePublished\":\"2026-04-17T13:48:09+00:00\",\"author\":{\"@id\":\"https:\/\/portaltela.pt\/#\/schema\/person\/c4278d4a6028830caff9ee44b42d32ed\"},\"breadcrumb\":{\"@id\":\"https:\/\/portaltela.pt\/noticias\/2026\/04\/17\/carlos-barroca-apresenta-a-cidade-do-basquetebol-que-pode-nascer-no-montijo\/#breadcrumb\"},\"inLanguage\":\"pt-PT\",\"potentialAction\":[{\"@type\":\"ReadAction\",\"target\":[\"https:\/\/portaltela.pt\/noticias\/2026\/04\/17\/carlos-barroca-apresenta-a-cidade-do-basquetebol-que-pode-nascer-no-montijo\/\"]}]},{\"@type\":\"ImageObject\",\"inLanguage\":\"pt-PT\",\"@id\":\"https:\/\/portaltela.pt\/noticias\/2026\/04\/17\/carlos-barroca-apresenta-a-cidade-do-basquetebol-que-pode-nascer-no-montijo\/#primaryimage\",\"url\":\"https:\/\/portaltela.pt\/s.01k8rhncp4jt1\/2026\/04\/img_920x518uu2026-04-17-14-41-13-2433579.jpg\",\"contentUrl\":\"https:\/\/portaltela.pt\/s.01k8rhncp4jt1\/2026\/04\/img_920x518uu2026-04-17-14-41-13-2433579.jpg\",\"width\":796,\"height\":448,\"caption\":\"Cidade do Basquetebol: Montijo pode ter pavilh\u00e3o com 3.000 lugares at\u00e9 2030\"},{\"@type\":\"BreadcrumbList\",\"@id\":\"https:\/\/portaltela.pt\/noticias\/2026\/04\/17\/carlos-barroca-apresenta-a-cidade-do-basquetebol-que-pode-nascer-no-montijo\/#breadcrumb\",\"itemListElement\":[{\"@type\":\"ListItem\",\"position\":1,\"name\":\"In\u00edcio\",\"item\":\"https:\/\/portaltela.pt\/\"},{\"@type\":\"ListItem\",\"position\":2,\"name\":\"Carlos Barroca apresenta a Cidade do Basquetebol que pode nascer no Montijo\"}]},{\"@type\":\"WebSite\",\"@id\":\"https:\/\/portaltela.pt\/#website\",\"url\":\"https:\/\/portaltela.pt\/\",\"name\":\"Portal Tela Portugal\",\"description\":\"\",\"potentialAction\":[{\"@type\":\"SearchAction\",\"target\":{\"@type\":\"EntryPoint\",\"urlTemplate\":\"https:\/\/portaltela.pt\/?s={search_term_string}\"},\"query-input\":{\"@type\":\"PropertyValueSpecification\",\"valueRequired\":true,\"valueName\":\"search_term_string\"}}],\"inLanguage\":\"pt-PT\"},{\"@type\":\"Person\",\"@id\":\"https:\/\/portaltela.pt\/#\/schema\/person\/c4278d4a6028830caff9ee44b42d32ed\",\"name\":\"Telinha\",\"image\":{\"@type\":\"ImageObject\",\"inLanguage\":\"pt-PT\",\"@id\":\"https:\/\/portaltela.pt\/s.01k8rhncp4jt1\/2025\/11\/talking-bot-125x125.png\",\"url\":\"https:\/\/portaltela.pt\/s.01k8rhncp4jt1\/2025\/11\/talking-bot-125x125.png\",\"contentUrl\":\"https:\/\/portaltela.pt\/s.01k8rhncp4jt1\/2025\/11\/talking-bot-125x125.png\",\"caption\":\"Telinha\"},\"sameAs\":[\"https:\/\/portaltela.pt\/\"],\"url\":\"https:\/\/portaltela.pt\/por\/367410592786\/\"}]}<\/script>\n<!-- \/ Yoast SEO plugin. -->","yoast_head_json":{"title":"Carlos Barroca apresenta a Cidade do Basquetebol que pode nascer no Montijo - Portal Tela Portugal","robots":{"index":"index","follow":"follow","max-snippet":"max-snippet:-1","max-image-preview":"max-image-preview:large","max-video-preview":"max-video-preview:-1"},"og_locale":"pt_PT","og_type":"article","og_title":"Carlos Barroca apresenta a Cidade do Basquetebol que pode nascer no Montijo - Portal Tela Portugal","og_description":"Carlos Barroca apresentou a Cidade do Basquetebol no Montijo, caso ven\u00e7a as elei\u00e7\u00f5es para a FPB no dia 25. As obras devem arrancar em 2028 e o pavilh\u00e3o ter\u00e1 pelo menos 3.000 lugares sentados, podendo transformar-se num espa\u00e7o multidesportivo com tr\u00eas campos laterais para treinos. O equipamento vai ter 180 camas para acolher equipas de v\u00e1rias regi\u00f5es de Portugal, com abertura a oferta internacional. O custo fica na casa dos milh\u00f5es e o financiamento ser\u00e1 maioritariamente privado, com poss\u00edveis apoios europeus. O projeto est\u00e1 a ser desenhado pelo arquiteto Paulo Bernardo e o nome definitivo ser\u00e1 escolhido pela comunidade, principalmente pela de Montijo.","og_url":"https:\/\/portaltela.pt\/noticias\/2026\/04\/17\/carlos-barroca-apresenta-a-cidade-do-basquetebol-que-pode-nascer-no-montijo\/","og_site_name":"Portal Tela Portugal","article_published_time":"2026-04-17T13:48:09+00:00","author":"Telinha","twitter_card":"summary_large_image","twitter_misc":{"Escrito por":"Telinha","Tempo estimado de leitura":"2 minutos"},"schema":{"@context":"https:\/\/schema.org","@graph":[{"@type":"Article","@id":"https:\/\/portaltela.pt\/noticias\/2026\/04\/17\/carlos-barroca-apresenta-a-cidade-do-basquetebol-que-pode-nascer-no-montijo\/#article","isPartOf":{"@id":"https:\/\/portaltela.pt\/noticias\/2026\/04\/17\/carlos-barroca-apresenta-a-cidade-do-basquetebol-que-pode-nascer-no-montijo\/"},"author":{"name":"Telinha","@id":"https:\/\/portaltela.pt\/#\/schema\/person\/c4278d4a6028830caff9ee44b42d32ed"},"headline":"Carlos Barroca apresenta a Cidade do Basquetebol que pode nascer no Montijo","datePublished":"2026-04-17T13:48:09+00:00","mainEntityOfPage":{"@id":"https:\/\/portaltela.pt\/noticias\/2026\/04\/17\/carlos-barroca-apresenta-a-cidade-do-basquetebol-que-pode-nascer-no-montijo\/"},"wordCount":360,"image":{"@id":"https:\/\/portaltela.pt\/noticias\/2026\/04\/17\/carlos-barroca-apresenta-a-cidade-do-basquetebol-que-pode-nascer-no-montijo\/#primaryimage"},"thumbnailUrl":"https:\/\/portaltela.pt\/s.01k8rhncp4jt1\/2026\/04\/img_920x518uu2026-04-17-14-41-13-2433579.jpg","keywords":["basquete","desporto","financiamento","Fundos Europeus","infraestruturas","Montijo"],"articleSection":["Desporto","Futebol"],"inLanguage":"pt-PT"},{"@type":"WebPage","@id":"https:\/\/portaltela.pt\/noticias\/2026\/04\/17\/carlos-barroca-apresenta-a-cidade-do-basquetebol-que-pode-nascer-no-montijo\/","url":"https:\/\/portaltela.pt\/noticias\/2026\/04\/17\/carlos-barroca-apresenta-a-cidade-do-basquetebol-que-pode-nascer-no-montijo\/","name":"Carlos Barroca apresenta a Cidade do Basquetebol que pode nascer no Montijo - Portal Tela Portugal","isPartOf":{"@id":"https:\/\/portaltela.pt\/#website"},"primaryImageOfPage":{"@id":"https:\/\/portaltela.pt\/noticias\/2026\/04\/17\/carlos-barroca-apresenta-a-cidade-do-basquetebol-que-pode-nascer-no-montijo\/#primaryimage"},"image":{"@id":"https:\/\/portaltela.pt\/noticias\/2026\/04\/17\/carlos-barroca-apresenta-a-cidade-do-basquetebol-que-pode-nascer-no-montijo\/#primaryimage"},"thumbnailUrl":"https:\/\/portaltela.pt\/s.01k8rhncp4jt1\/2026\/04\/img_920x518uu2026-04-17-14-41-13-2433579.jpg","datePublished":"2026-04-17T13:48:09+00:00","author":{"@id":"https:\/\/portaltela.pt\/#\/schema\/person\/c4278d4a6028830caff9ee44b42d32ed"},"breadcrumb":{"@id":"https:\/\/portaltela.pt\/noticias\/2026\/04\/17\/carlos-barroca-apresenta-a-cidade-do-basquetebol-que-pode-nascer-no-montijo\/#breadcrumb"},"inLanguage":"pt-PT","potentialAction":[{"@type":"ReadAction","target":["https:\/\/portaltela.pt\/noticias\/2026\/04\/17\/carlos-barroca-apresenta-a-cidade-do-basquetebol-que-pode-nascer-no-montijo\/"]}]},{"@type":"ImageObject","inLanguage":"pt-PT","@id":"https:\/\/portaltela.pt\/noticias\/2026\/04\/17\/carlos-barroca-apresenta-a-cidade-do-basquetebol-que-pode-nascer-no-montijo\/#primaryimage","url":"https:\/\/portaltela.pt\/s.01k8rhncp4jt1\/2026\/04\/img_920x518uu2026-04-17-14-41-13-2433579.jpg","contentUrl":"https:\/\/portaltela.pt\/s.01k8rhncp4jt1\/2026\/04\/img_920x518uu2026-04-17-14-41-13-2433579.jpg","width":796,"height":448,"caption":"Cidade do Basquetebol: Montijo pode ter pavilh\u00e3o com 3.000 lugares at\u00e9 2030"},{"@type":"BreadcrumbList","@id":"https:\/\/portaltela.pt\/noticias\/2026\/04\/17\/carlos-barroca-apresenta-a-cidade-do-basquetebol-que-pode-nascer-no-montijo\/#breadcrumb","itemListElement":[{"@type":"ListItem","position":1,"name":"In\u00edcio","item":"https:\/\/portaltela.pt\/"},{"@type":"ListItem","position":2,"name":"Carlos Barroca apresenta a Cidade do Basquetebol que pode nascer no Montijo"}]},{"@type":"WebSite","@id":"https:\/\/portaltela.pt\/#website","url":"https:\/\/portaltela.pt\/","name":"Portal Tela Portugal","description":"","potentialAction":[{"@type":"SearchAction","target":{"@type":"EntryPoint","urlTemplate":"https:\/\/portaltela.pt\/?s={search_term_string}"},"query-input":{"@type":"PropertyValueSpecification","valueRequired":true,"valueName":"search_term_string"}}],"inLanguage":"pt-PT"},{"@type":"Person","@id":"https:\/\/portaltela.pt\/#\/schema\/person\/c4278d4a6028830caff9ee44b42d32ed","name":"Telinha","image":{"@type":"ImageObject","inLanguage":"pt-PT","@id":"https:\/\/portaltela.pt\/s.01k8rhncp4jt1\/2025\/11\/talking-bot-125x125.png","url":"https:\/\/portaltela.pt\/s.01k8rhncp4jt1\/2025\/11\/talking-bot-125x125.png","contentUrl":"https:\/\/portaltela.pt\/s.01k8rhncp4jt1\/2025\/11\/talking-bot-125x125.png","caption":"Telinha"},"sameAs":["https:\/\/portaltela.pt\/"],"url":"https:\/\/portaltela.pt\/por\/367410592786\/"}]}},"_links":{"self":[{"href":"https:\/\/portaltela.pt\/api\/wp\/v2\/posts\/447979","targetHints":{"allow":["GET"]}}],"collection":[{"href":"https:\/\/portaltela.pt\/api\/wp\/v2\/posts"}],"about":[{"href":"https:\/\/portaltela.pt\/api\/wp\/v2\/types\/post"}],"author":[{"embeddable":true,"href":"https:\/\/portaltela.pt\/api\/wp\/v2\/users\/2"}],"replies":[{"embeddable":true,"href":"https:\/\/portaltela.pt\/api\/wp\/v2\/comments?post=447979"}],"version-history":[{"count":0,"href":"https:\/\/portaltela.pt\/api\/wp\/v2\/posts\/447979\/revisions"}],"wp:featuredmedia":[{"embeddable":true,"href":"https:\/\/portaltela.pt\/api\/wp\/v2\/media\/447982"}],"wp:attachment":[{"href":"https:\/\/portaltela.pt\/api\/wp\/v2\/media?parent=447979"}],"wp:term":[{"taxonomy":"category","embeddable":true,"href":"https:\/\/portaltela.pt\/api\/wp\/v2\/categories?post=447979"},{"taxonomy":"post_tag","embeddable":true,"href":"https:\/\/portaltela.pt\/api\/wp\/v2\/tags?post=447979"}],"curies":[{"name":"wp","href":"https:\/\/api.w.org\/{rel}","templated":true}]}}