{"id":447820,"date":"2026-04-17T09:17:36","date_gmt":"2026-04-17T12:17:36","guid":{"rendered":"https:\/\/portaltela.pt\/noticias\/2026\/04\/17\/homem-furta-mala-de-1500-euros-no-interior-de-comboio\/"},"modified":"2026-04-17T09:17:36","modified_gmt":"2026-04-17T12:17:36","slug":"homem-furta-mala-de-1500-euros-no-interior-de-comboio","status":"publish","type":"post","link":"https:\/\/portaltela.pt\/noticias\/2026\/04\/17\/homem-furta-mala-de-1500-euros-no-interior-de-comboio\/","title":{"rendered":"Homem furta mala de 1500 euros no interior de comboio"},"content":{"rendered":"<p>Um homem de 34 anos furtou uma mala de viagem avaliada em 1500 euros do interior de um comboio parado na esta\u00e7\u00e3o de Campanh\u00e3, no Porto. O ve\u00edculo tinha como destino Santa Apol\u00f3nia, em Lisboa, e o incidente ocorreu por volta das 19h30. O suspeito foi apanhado em flagrante por vigilantes da esta\u00e7\u00e3o.<\/p>\n<p>A mala foi interceptada pelos vigilantes, que detiveram o homem e o entregaram \u00e0s autoridades da PSP. O caso ficou em investiga\u00e7\u00e3o sob a 3.\u00aa Divis\u00e3o Policial, sediada na \u00e1rea.<\/p>\n<p>Na presen\u00e7a de um juiz, o homem ficou sujeito a medidas de coa\u00e7\u00e3o, ficando em liberdade mediante apresenta\u00e7\u00f5es semanais na esquadra da PSP da \u00e1rea de resid\u00eancia. N\u00e3o foram divulgados detalhes adicionais sobre a motiva\u00e7\u00e3o do furto.<\/p>\n","protected":false},"excerpt":{"rendered":"<ul>\n<li>Um homem de 34 anos foi detido pela Pol\u00edcia de Seguran\u00e7a P\u00fablica (PSP) por furto de uma mala de viagem avaliada em 1500 euros do interior de um comboio parado na esta\u00e7\u00e3o de Campanh\u00e3, no Porto, com destino a Santa Apol\u00f3nia, em Lisboa.<\/li>\n<li>O furto aconteceu por volta das 19h30, quando o suspeito entrou numa carruagem, apoderou-se da mala e saiu.<\/li>\n<li>Foi intercetado por vigilantes da esta\u00e7\u00e3o, que o surpreenderam em flagrante com a mala, e acabou entregue \u00e0 PSP da 3.\u00aa Divis\u00e3o Policial.<\/li>\n<li>Presentes a um juiz para aplica\u00e7\u00e3o de medidas de coa\u00e7\u00e3o, o homem saiu em liberdade, ficando sujeito a apresenta\u00e7\u00f5es semanais \u00e0 esquadra da \u00e1rea de resid\u00eancia.<\/li>\n<\/ul>\n","protected":false},"author":2,"featured_media":447830,"comment_status":"closed","ping_status":"closed","sticky":false,"template":"","format":"standard","meta":{"footnotes":""},"categories":[6907,1],"tags":[7921,8041,7878,3683,424,982],"class_list":["post-447820","post","type-post","status-publish","format-standard","has-post-thumbnail","hentry","category-crime","category-noticias","tag-_crime","tag-_psp","tag-_seguranca-publica","tag-comboios","tag-furto","tag-porto"],"yoast_head":"<!-- This site is optimized with the Yoast SEO plugin v27.2 - https:\/\/yoast.com\/product\/yoast-seo-wordpress\/ -->\n<title>Homem furta mala de 1500 euros no interior de comboio - Portal Tela Portugal<\/title>\n<meta name=\"robots\" content=\"index, follow, max-snippet:-1, max-image-preview:large, max-video-preview:-1\" \/>\n<meta property=\"og:locale\" content=\"pt_PT\" \/>\n<meta property=\"og:type\" content=\"article\" \/>\n<meta property=\"og:title\" content=\"Homem furta mala de 1500 euros no interior de comboio - Portal Tela Portugal\" \/>\n<meta property=\"og:description\" content=\"Um homem de 34 anos foi detido pela Pol\u00edcia de Seguran\u00e7a P\u00fablica (PSP) por furto de uma mala de viagem avaliada em 1500 euros do interior de um comboio parado na esta\u00e7\u00e3o de Campanh\u00e3, no Porto, com destino a Santa Apol\u00f3nia, em Lisboa. O furto aconteceu por volta das 19h30, quando o suspeito entrou numa carruagem, apoderou-se da mala e saiu. Foi intercetado por vigilantes da esta\u00e7\u00e3o, que o surpreenderam em flagrante com a mala, e acabou entregue \u00e0 PSP da 3.\u00aa Divis\u00e3o Policial. Presentes a um juiz para aplica\u00e7\u00e3o de medidas de coa\u00e7\u00e3o, o homem saiu em liberdade, ficando sujeito a apresenta\u00e7\u00f5es semanais \u00e0 esquadra da \u00e1rea de resid\u00eancia.\" \/>\n<meta property=\"og:url\" content=\"https:\/\/portaltela.pt\/noticias\/2026\/04\/17\/homem-furta-mala-de-1500-euros-no-interior-de-comboio\/\" \/>\n<meta property=\"og:site_name\" content=\"Portal Tela Portugal\" \/>\n<meta property=\"article:published_time\" content=\"2026-04-17T12:17:36+00:00\" \/>\n<meta name=\"author\" content=\"Telinha\" \/>\n<meta name=\"twitter:card\" content=\"summary_large_image\" \/>\n<meta name=\"twitter:label1\" content=\"Escrito por\" \/>\n\t<meta name=\"twitter:data1\" content=\"Telinha\" \/>\n\t<meta name=\"twitter:label2\" content=\"Tempo estimado de leitura\" \/>\n\t<meta name=\"twitter:data2\" content=\"1 minuto\" \/>\n<script type=\"application\/ld+json\" class=\"yoast-schema-graph\">{\"@context\":\"https:\/\/schema.org\",\"@graph\":[{\"@type\":\"Article\",\"@id\":\"https:\/\/portaltela.pt\/noticias\/2026\/04\/17\/homem-furta-mala-de-1500-euros-no-interior-de-comboio\/#article\",\"isPartOf\":{\"@id\":\"https:\/\/portaltela.pt\/noticias\/2026\/04\/17\/homem-furta-mala-de-1500-euros-no-interior-de-comboio\/\"},\"author\":{\"name\":\"Telinha\",\"@id\":\"https:\/\/portaltela.pt\/#\/schema\/person\/c4278d4a6028830caff9ee44b42d32ed\"},\"headline\":\"Homem furta mala de 1500 euros no interior de comboio\",\"datePublished\":\"2026-04-17T12:17:36+00:00\",\"mainEntityOfPage\":{\"@id\":\"https:\/\/portaltela.pt\/noticias\/2026\/04\/17\/homem-furta-mala-de-1500-euros-no-interior-de-comboio\/\"},\"wordCount\":138,\"image\":{\"@id\":\"https:\/\/portaltela.pt\/noticias\/2026\/04\/17\/homem-furta-mala-de-1500-euros-no-interior-de-comboio\/#primaryimage\"},\"thumbnailUrl\":\"https:\/\/portaltela.pt\/s.01k8rhncp4jt1\/2026\/04\/img_1500x1000uu2021-09-30-18-36-57-1085800.jpg\",\"keywords\":[\"_crime\",\"_PSP\",\"_seguran\u00e7a p\u00fablica\",\"comboios\",\"furto\",\"Porto\"],\"articleSection\":[\"Crime\",\"Not\u00edcias\"],\"inLanguage\":\"pt-PT\"},{\"@type\":\"WebPage\",\"@id\":\"https:\/\/portaltela.pt\/noticias\/2026\/04\/17\/homem-furta-mala-de-1500-euros-no-interior-de-comboio\/\",\"url\":\"https:\/\/portaltela.pt\/noticias\/2026\/04\/17\/homem-furta-mala-de-1500-euros-no-interior-de-comboio\/\",\"name\":\"Homem furta mala de 1500 euros no interior de comboio - Portal Tela Portugal\",\"isPartOf\":{\"@id\":\"https:\/\/portaltela.pt\/#website\"},\"primaryImageOfPage\":{\"@id\":\"https:\/\/portaltela.pt\/noticias\/2026\/04\/17\/homem-furta-mala-de-1500-euros-no-interior-de-comboio\/#primaryimage\"},\"image\":{\"@id\":\"https:\/\/portaltela.pt\/noticias\/2026\/04\/17\/homem-furta-mala-de-1500-euros-no-interior-de-comboio\/#primaryimage\"},\"thumbnailUrl\":\"https:\/\/portaltela.pt\/s.01k8rhncp4jt1\/2026\/04\/img_1500x1000uu2021-09-30-18-36-57-1085800.jpg\",\"datePublished\":\"2026-04-17T12:17:36+00:00\",\"author\":{\"@id\":\"https:\/\/portaltela.pt\/#\/schema\/person\/c4278d4a6028830caff9ee44b42d32ed\"},\"breadcrumb\":{\"@id\":\"https:\/\/portaltela.pt\/noticias\/2026\/04\/17\/homem-furta-mala-de-1500-euros-no-interior-de-comboio\/#breadcrumb\"},\"inLanguage\":\"pt-PT\",\"potentialAction\":[{\"@type\":\"ReadAction\",\"target\":[\"https:\/\/portaltela.pt\/noticias\/2026\/04\/17\/homem-furta-mala-de-1500-euros-no-interior-de-comboio\/\"]}]},{\"@type\":\"ImageObject\",\"inLanguage\":\"pt-PT\",\"@id\":\"https:\/\/portaltela.pt\/noticias\/2026\/04\/17\/homem-furta-mala-de-1500-euros-no-interior-de-comboio\/#primaryimage\",\"url\":\"https:\/\/portaltela.pt\/s.01k8rhncp4jt1\/2026\/04\/img_1500x1000uu2021-09-30-18-36-57-1085800.jpg\",\"contentUrl\":\"https:\/\/portaltela.pt\/s.01k8rhncp4jt1\/2026\/04\/img_1500x1000uu2021-09-30-18-36-57-1085800.jpg\",\"width\":796,\"height\":448,\"caption\":\"Homem entrou em carruagem na esta\u00e7\u00e3o de Campanh\u00e3\"},{\"@type\":\"BreadcrumbList\",\"@id\":\"https:\/\/portaltela.pt\/noticias\/2026\/04\/17\/homem-furta-mala-de-1500-euros-no-interior-de-comboio\/#breadcrumb\",\"itemListElement\":[{\"@type\":\"ListItem\",\"position\":1,\"name\":\"In\u00edcio\",\"item\":\"https:\/\/portaltela.pt\/\"},{\"@type\":\"ListItem\",\"position\":2,\"name\":\"Homem furta mala de 1500 euros no interior de comboio\"}]},{\"@type\":\"WebSite\",\"@id\":\"https:\/\/portaltela.pt\/#website\",\"url\":\"https:\/\/portaltela.pt\/\",\"name\":\"Portal Tela Portugal\",\"description\":\"\",\"potentialAction\":[{\"@type\":\"SearchAction\",\"target\":{\"@type\":\"EntryPoint\",\"urlTemplate\":\"https:\/\/portaltela.pt\/?s={search_term_string}\"},\"query-input\":{\"@type\":\"PropertyValueSpecification\",\"valueRequired\":true,\"valueName\":\"search_term_string\"}}],\"inLanguage\":\"pt-PT\"},{\"@type\":\"Person\",\"@id\":\"https:\/\/portaltela.pt\/#\/schema\/person\/c4278d4a6028830caff9ee44b42d32ed\",\"name\":\"Telinha\",\"image\":{\"@type\":\"ImageObject\",\"inLanguage\":\"pt-PT\",\"@id\":\"https:\/\/portaltela.pt\/s.01k8rhncp4jt1\/2025\/11\/talking-bot-125x125.png\",\"url\":\"https:\/\/portaltela.pt\/s.01k8rhncp4jt1\/2025\/11\/talking-bot-125x125.png\",\"contentUrl\":\"https:\/\/portaltela.pt\/s.01k8rhncp4jt1\/2025\/11\/talking-bot-125x125.png\",\"caption\":\"Telinha\"},\"sameAs\":[\"https:\/\/portaltela.pt\/\"],\"url\":\"https:\/\/portaltela.pt\/por\/367410592786\/\"}]}<\/script>\n<!-- \/ Yoast SEO plugin. -->","yoast_head_json":{"title":"Homem furta mala de 1500 euros no interior de comboio - Portal Tela Portugal","robots":{"index":"index","follow":"follow","max-snippet":"max-snippet:-1","max-image-preview":"max-image-preview:large","max-video-preview":"max-video-preview:-1"},"og_locale":"pt_PT","og_type":"article","og_title":"Homem furta mala de 1500 euros no interior de comboio - Portal Tela Portugal","og_description":"Um homem de 34 anos foi detido pela Pol\u00edcia de Seguran\u00e7a P\u00fablica (PSP) por furto de uma mala de viagem avaliada em 1500 euros do interior de um comboio parado na esta\u00e7\u00e3o de Campanh\u00e3, no Porto, com destino a Santa Apol\u00f3nia, em Lisboa. O furto aconteceu por volta das 19h30, quando o suspeito entrou numa carruagem, apoderou-se da mala e saiu. Foi intercetado por vigilantes da esta\u00e7\u00e3o, que o surpreenderam em flagrante com a mala, e acabou entregue \u00e0 PSP da 3.\u00aa Divis\u00e3o Policial. Presentes a um juiz para aplica\u00e7\u00e3o de medidas de coa\u00e7\u00e3o, o homem saiu em liberdade, ficando sujeito a apresenta\u00e7\u00f5es semanais \u00e0 esquadra da \u00e1rea de resid\u00eancia.","og_url":"https:\/\/portaltela.pt\/noticias\/2026\/04\/17\/homem-furta-mala-de-1500-euros-no-interior-de-comboio\/","og_site_name":"Portal Tela Portugal","article_published_time":"2026-04-17T12:17:36+00:00","author":"Telinha","twitter_card":"summary_large_image","twitter_misc":{"Escrito por":"Telinha","Tempo estimado de leitura":"1 minuto"},"schema":{"@context":"https:\/\/schema.org","@graph":[{"@type":"Article","@id":"https:\/\/portaltela.pt\/noticias\/2026\/04\/17\/homem-furta-mala-de-1500-euros-no-interior-de-comboio\/#article","isPartOf":{"@id":"https:\/\/portaltela.pt\/noticias\/2026\/04\/17\/homem-furta-mala-de-1500-euros-no-interior-de-comboio\/"},"author":{"name":"Telinha","@id":"https:\/\/portaltela.pt\/#\/schema\/person\/c4278d4a6028830caff9ee44b42d32ed"},"headline":"Homem furta mala de 1500 euros no interior de comboio","datePublished":"2026-04-17T12:17:36+00:00","mainEntityOfPage":{"@id":"https:\/\/portaltela.pt\/noticias\/2026\/04\/17\/homem-furta-mala-de-1500-euros-no-interior-de-comboio\/"},"wordCount":138,"image":{"@id":"https:\/\/portaltela.pt\/noticias\/2026\/04\/17\/homem-furta-mala-de-1500-euros-no-interior-de-comboio\/#primaryimage"},"thumbnailUrl":"https:\/\/portaltela.pt\/s.01k8rhncp4jt1\/2026\/04\/img_1500x1000uu2021-09-30-18-36-57-1085800.jpg","keywords":["_crime","_PSP","_seguran\u00e7a p\u00fablica","comboios","furto","Porto"],"articleSection":["Crime","Not\u00edcias"],"inLanguage":"pt-PT"},{"@type":"WebPage","@id":"https:\/\/portaltela.pt\/noticias\/2026\/04\/17\/homem-furta-mala-de-1500-euros-no-interior-de-comboio\/","url":"https:\/\/portaltela.pt\/noticias\/2026\/04\/17\/homem-furta-mala-de-1500-euros-no-interior-de-comboio\/","name":"Homem furta mala de 1500 euros no interior de comboio - Portal Tela Portugal","isPartOf":{"@id":"https:\/\/portaltela.pt\/#website"},"primaryImageOfPage":{"@id":"https:\/\/portaltela.pt\/noticias\/2026\/04\/17\/homem-furta-mala-de-1500-euros-no-interior-de-comboio\/#primaryimage"},"image":{"@id":"https:\/\/portaltela.pt\/noticias\/2026\/04\/17\/homem-furta-mala-de-1500-euros-no-interior-de-comboio\/#primaryimage"},"thumbnailUrl":"https:\/\/portaltela.pt\/s.01k8rhncp4jt1\/2026\/04\/img_1500x1000uu2021-09-30-18-36-57-1085800.jpg","datePublished":"2026-04-17T12:17:36+00:00","author":{"@id":"https:\/\/portaltela.pt\/#\/schema\/person\/c4278d4a6028830caff9ee44b42d32ed"},"breadcrumb":{"@id":"https:\/\/portaltela.pt\/noticias\/2026\/04\/17\/homem-furta-mala-de-1500-euros-no-interior-de-comboio\/#breadcrumb"},"inLanguage":"pt-PT","potentialAction":[{"@type":"ReadAction","target":["https:\/\/portaltela.pt\/noticias\/2026\/04\/17\/homem-furta-mala-de-1500-euros-no-interior-de-comboio\/"]}]},{"@type":"ImageObject","inLanguage":"pt-PT","@id":"https:\/\/portaltela.pt\/noticias\/2026\/04\/17\/homem-furta-mala-de-1500-euros-no-interior-de-comboio\/#primaryimage","url":"https:\/\/portaltela.pt\/s.01k8rhncp4jt1\/2026\/04\/img_1500x1000uu2021-09-30-18-36-57-1085800.jpg","contentUrl":"https:\/\/portaltela.pt\/s.01k8rhncp4jt1\/2026\/04\/img_1500x1000uu2021-09-30-18-36-57-1085800.jpg","width":796,"height":448,"caption":"Homem entrou em carruagem na esta\u00e7\u00e3o de Campanh\u00e3"},{"@type":"BreadcrumbList","@id":"https:\/\/portaltela.pt\/noticias\/2026\/04\/17\/homem-furta-mala-de-1500-euros-no-interior-de-comboio\/#breadcrumb","itemListElement":[{"@type":"ListItem","position":1,"name":"In\u00edcio","item":"https:\/\/portaltela.pt\/"},{"@type":"ListItem","position":2,"name":"Homem furta mala de 1500 euros no interior de comboio"}]},{"@type":"WebSite","@id":"https:\/\/portaltela.pt\/#website","url":"https:\/\/portaltela.pt\/","name":"Portal Tela Portugal","description":"","potentialAction":[{"@type":"SearchAction","target":{"@type":"EntryPoint","urlTemplate":"https:\/\/portaltela.pt\/?s={search_term_string}"},"query-input":{"@type":"PropertyValueSpecification","valueRequired":true,"valueName":"search_term_string"}}],"inLanguage":"pt-PT"},{"@type":"Person","@id":"https:\/\/portaltela.pt\/#\/schema\/person\/c4278d4a6028830caff9ee44b42d32ed","name":"Telinha","image":{"@type":"ImageObject","inLanguage":"pt-PT","@id":"https:\/\/portaltela.pt\/s.01k8rhncp4jt1\/2025\/11\/talking-bot-125x125.png","url":"https:\/\/portaltela.pt\/s.01k8rhncp4jt1\/2025\/11\/talking-bot-125x125.png","contentUrl":"https:\/\/portaltela.pt\/s.01k8rhncp4jt1\/2025\/11\/talking-bot-125x125.png","caption":"Telinha"},"sameAs":["https:\/\/portaltela.pt\/"],"url":"https:\/\/portaltela.pt\/por\/367410592786\/"}]}},"_links":{"self":[{"href":"https:\/\/portaltela.pt\/api\/wp\/v2\/posts\/447820","targetHints":{"allow":["GET"]}}],"collection":[{"href":"https:\/\/portaltela.pt\/api\/wp\/v2\/posts"}],"about":[{"href":"https:\/\/portaltela.pt\/api\/wp\/v2\/types\/post"}],"author":[{"embeddable":true,"href":"https:\/\/portaltela.pt\/api\/wp\/v2\/users\/2"}],"replies":[{"embeddable":true,"href":"https:\/\/portaltela.pt\/api\/wp\/v2\/comments?post=447820"}],"version-history":[{"count":0,"href":"https:\/\/portaltela.pt\/api\/wp\/v2\/posts\/447820\/revisions"}],"wp:featuredmedia":[{"embeddable":true,"href":"https:\/\/portaltela.pt\/api\/wp\/v2\/media\/447830"}],"wp:attachment":[{"href":"https:\/\/portaltela.pt\/api\/wp\/v2\/media?parent=447820"}],"wp:term":[{"taxonomy":"category","embeddable":true,"href":"https:\/\/portaltela.pt\/api\/wp\/v2\/categories?post=447820"},{"taxonomy":"post_tag","embeddable":true,"href":"https:\/\/portaltela.pt\/api\/wp\/v2\/tags?post=447820"}],"curies":[{"name":"wp","href":"https:\/\/api.w.org\/{rel}","templated":true}]}}