{"id":447815,"date":"2026-04-17T09:17:33","date_gmt":"2026-04-17T12:17:33","guid":{"rendered":"https:\/\/portaltela.pt\/noticias\/2026\/04\/17\/nove-condenados-na-madeira-por-trafico-de-droga\/"},"modified":"2026-04-17T09:17:33","modified_gmt":"2026-04-17T12:17:33","slug":"nove-condenados-na-madeira-por-trafico-de-droga","status":"publish","type":"post","link":"https:\/\/portaltela.pt\/noticias\/2026\/04\/17\/nove-condenados-na-madeira-por-trafico-de-droga\/","title":{"rendered":"Nove condenados na Madeira por tr\u00e1fico de droga"},"content":{"rendered":"<p>Nove pessoas foram condenadas a penas de pris\u00e3o na Madeira por pertencerem a uma rede de tr\u00e1fico de droga. O Minist\u00e9rio P\u00fablico sustenta que a organiza\u00e7\u00e3o traficava hero\u00edna, coca\u00edna, haxixe, MDMA e diversas drogas sint\u00e9ticas, entre elas alva-PVP (flaka), alfa-PHP, alfa-PHiP (bloom), ADB-Butinaca e ABD-4en-Pinaca (gorby mix). A base de opera\u00e7\u00f5es situava-se no Estreito de C\u00e2mara de Lobos.<\/p>\n<p>As condena\u00e7\u00f5es recaem sobre dois arguidos considerados como cabecilhas da rede, com penas de sete anos e seis anos e quatro meses de pris\u00e3o. Um deles foi ainda condenado pela pr\u00e1tica de posse de arma proibida.<\/p>\n<p>Uma equipa de cinco colegas foi tamb\u00e9m assinalada pela pr\u00e1tica de tr\u00e1fico de droga, recebendo penas mais baixas mas, na maioria, com suspens\u00e3o de cumprimento. As penas variam entre um ano e dois meses e dois anos e meio. Esta parte da rede atuava de forma conectada, mas n\u00e3o era considerada dependente dos dois cabecilhas, segundo o MP.<\/p>\n<p>Foram ainda condenadas duas outras arguidas, cada uma com uma pena de cinco anos e meio de pris\u00e3o. A condu\u00e7\u00e3o das atividades de abastecimento era atribu\u00edda, pelo MP, a estas pessoas, embora as investiga\u00e7\u00f5es indiquem que atuavam de forma independente.<\/p>\n<p>Os crimes de tr\u00e1fico ocorreram no Bairro de Santo Amaro, no Funchal, segundo o Minist\u00e9rio P\u00fablico. As san\u00e7\u00f5es foram aplicadas \u00e0 medida das respetivas responsabilidades no esquema, com base no papel desempenhado por cada arguido na rede.<\/p>\n","protected":false},"excerpt":{"rendered":"<ul>\n<li>Nove pessoas foram condenadas na Madeira por pertencerem a uma rede de tr\u00e1fico de droga, com base no Estreito de C\u00e2mara de Lobos.<\/li>\n<li>A rede traficava hero\u00edna, coca\u00edna, haxixe, MDMA e v\u00e1rias drogas sint\u00e9ticas como alva-PVP (flaka), alfa-PHP, alfa-PHiP (bloom), ADB-Butinaca e ABD-4en-Pinaca (gorby mix).<\/li>\n<li>Os dois cabecilhas foram condenados a sete anos e a seis anos e quatro meses de pris\u00e3o; um deles ainda foi condenado pela posse de arma proibida.<\/li>\n<li>Cinco arguidos colaboravam com a rede e receberam penas de menor gravidade, todas suspensas, entre um ano e dois meses e dois anos e meio de pris\u00e3o.<\/li>\n<li>Duas arguidas, cada uma com cinco anos e meio de pris\u00e3o, abasteciam a rede, mas atuavam de forma independente; os crimes ocorreram no Bairro de Santo Amaro, Funchal.<\/li>\n<\/ul>\n","protected":false},"author":2,"featured_media":447827,"comment_status":"closed","ping_status":"closed","sticky":false,"template":"","format":"standard","meta":{"footnotes":""},"categories":[6907,1],"tags":[147,859,352,2349],"class_list":["post-447815","post","type-post","status-publish","format-standard","has-post-thumbnail","hentry","category-crime","category-noticias","tag-crime","tag-madeira","tag-organizacao-criminosa","tag-trafico-de-drogas"],"yoast_head":"<!-- This site is optimized with the Yoast SEO plugin v27.2 - https:\/\/yoast.com\/product\/yoast-seo-wordpress\/ -->\n<title>Nove condenados na Madeira por tr\u00e1fico de droga - Portal Tela Portugal<\/title>\n<meta name=\"robots\" content=\"index, follow, max-snippet:-1, max-image-preview:large, max-video-preview:-1\" \/>\n<meta property=\"og:locale\" content=\"pt_PT\" \/>\n<meta property=\"og:type\" content=\"article\" \/>\n<meta property=\"og:title\" content=\"Nove condenados na Madeira por tr\u00e1fico de droga - Portal Tela Portugal\" \/>\n<meta property=\"og:description\" content=\"Nove pessoas foram condenadas na Madeira por pertencerem a uma rede de tr\u00e1fico de droga, com base no Estreito de C\u00e2mara de Lobos. A rede traficava hero\u00edna, coca\u00edna, haxixe, MDMA e v\u00e1rias drogas sint\u00e9ticas como alva-PVP (flaka), alfa-PHP, alfa-PHiP (bloom), ADB-Butinaca e ABD-4en-Pinaca (gorby mix). Os dois cabecilhas foram condenados a sete anos e a seis anos e quatro meses de pris\u00e3o; um deles ainda foi condenado pela posse de arma proibida. Cinco arguidos colaboravam com a rede e receberam penas de menor gravidade, todas suspensas, entre um ano e dois meses e dois anos e meio de pris\u00e3o. Duas arguidas, cada uma com cinco anos e meio de pris\u00e3o, abasteciam a rede, mas atuavam de forma independente; os crimes ocorreram no Bairro de Santo Amaro, Funchal.\" \/>\n<meta property=\"og:url\" content=\"https:\/\/portaltela.pt\/noticias\/2026\/04\/17\/nove-condenados-na-madeira-por-trafico-de-droga\/\" \/>\n<meta property=\"og:site_name\" content=\"Portal Tela Portugal\" \/>\n<meta property=\"article:published_time\" content=\"2026-04-17T12:17:33+00:00\" \/>\n<meta name=\"author\" content=\"Telinha\" \/>\n<meta name=\"twitter:card\" content=\"summary_large_image\" \/>\n<meta name=\"twitter:label1\" content=\"Escrito por\" \/>\n\t<meta name=\"twitter:data1\" content=\"Telinha\" \/>\n\t<meta name=\"twitter:label2\" content=\"Tempo estimado de leitura\" \/>\n\t<meta name=\"twitter:data2\" content=\"1 minuto\" \/>\n<script type=\"application\/ld+json\" class=\"yoast-schema-graph\">{\"@context\":\"https:\/\/schema.org\",\"@graph\":[{\"@type\":\"Article\",\"@id\":\"https:\/\/portaltela.pt\/noticias\/2026\/04\/17\/nove-condenados-na-madeira-por-trafico-de-droga\/#article\",\"isPartOf\":{\"@id\":\"https:\/\/portaltela.pt\/noticias\/2026\/04\/17\/nove-condenados-na-madeira-por-trafico-de-droga\/\"},\"author\":{\"name\":\"Telinha\",\"@id\":\"https:\/\/portaltela.pt\/#\/schema\/person\/c4278d4a6028830caff9ee44b42d32ed\"},\"headline\":\"Nove condenados na Madeira por tr\u00e1fico de droga\",\"datePublished\":\"2026-04-17T12:17:33+00:00\",\"mainEntityOfPage\":{\"@id\":\"https:\/\/portaltela.pt\/noticias\/2026\/04\/17\/nove-condenados-na-madeira-por-trafico-de-droga\/\"},\"wordCount\":264,\"image\":{\"@id\":\"https:\/\/portaltela.pt\/noticias\/2026\/04\/17\/nove-condenados-na-madeira-por-trafico-de-droga\/#primaryimage\"},\"thumbnailUrl\":\"https:\/\/portaltela.pt\/s.01k8rhncp4jt1\/2026\/04\/img_1500x1000uu2017-05-30-19-35-00-633334.jpg\",\"keywords\":[\"crime\",\"Madeira\",\"organiza\u00e7\u00e3o criminosa\",\"tr\u00e1fico de drogas\"],\"articleSection\":[\"Crime\",\"Not\u00edcias\"],\"inLanguage\":\"pt-PT\"},{\"@type\":\"WebPage\",\"@id\":\"https:\/\/portaltela.pt\/noticias\/2026\/04\/17\/nove-condenados-na-madeira-por-trafico-de-droga\/\",\"url\":\"https:\/\/portaltela.pt\/noticias\/2026\/04\/17\/nove-condenados-na-madeira-por-trafico-de-droga\/\",\"name\":\"Nove condenados na Madeira por tr\u00e1fico de droga - Portal Tela Portugal\",\"isPartOf\":{\"@id\":\"https:\/\/portaltela.pt\/#website\"},\"primaryImageOfPage\":{\"@id\":\"https:\/\/portaltela.pt\/noticias\/2026\/04\/17\/nove-condenados-na-madeira-por-trafico-de-droga\/#primaryimage\"},\"image\":{\"@id\":\"https:\/\/portaltela.pt\/noticias\/2026\/04\/17\/nove-condenados-na-madeira-por-trafico-de-droga\/#primaryimage\"},\"thumbnailUrl\":\"https:\/\/portaltela.pt\/s.01k8rhncp4jt1\/2026\/04\/img_1500x1000uu2017-05-30-19-35-00-633334.jpg\",\"datePublished\":\"2026-04-17T12:17:33+00:00\",\"author\":{\"@id\":\"https:\/\/portaltela.pt\/#\/schema\/person\/c4278d4a6028830caff9ee44b42d32ed\"},\"breadcrumb\":{\"@id\":\"https:\/\/portaltela.pt\/noticias\/2026\/04\/17\/nove-condenados-na-madeira-por-trafico-de-droga\/#breadcrumb\"},\"inLanguage\":\"pt-PT\",\"potentialAction\":[{\"@type\":\"ReadAction\",\"target\":[\"https:\/\/portaltela.pt\/noticias\/2026\/04\/17\/nove-condenados-na-madeira-por-trafico-de-droga\/\"]}]},{\"@type\":\"ImageObject\",\"inLanguage\":\"pt-PT\",\"@id\":\"https:\/\/portaltela.pt\/noticias\/2026\/04\/17\/nove-condenados-na-madeira-por-trafico-de-droga\/#primaryimage\",\"url\":\"https:\/\/portaltela.pt\/s.01k8rhncp4jt1\/2026\/04\/img_1500x1000uu2017-05-30-19-35-00-633334.jpg\",\"contentUrl\":\"https:\/\/portaltela.pt\/s.01k8rhncp4jt1\/2026\/04\/img_1500x1000uu2017-05-30-19-35-00-633334.jpg\",\"width\":796,\"height\":448,\"caption\":\"Penas foram aplicadas pelo Ju\u00edzo Central Criminal do Funchal.\"},{\"@type\":\"BreadcrumbList\",\"@id\":\"https:\/\/portaltela.pt\/noticias\/2026\/04\/17\/nove-condenados-na-madeira-por-trafico-de-droga\/#breadcrumb\",\"itemListElement\":[{\"@type\":\"ListItem\",\"position\":1,\"name\":\"In\u00edcio\",\"item\":\"https:\/\/portaltela.pt\/\"},{\"@type\":\"ListItem\",\"position\":2,\"name\":\"Nove condenados na Madeira por tr\u00e1fico de droga\"}]},{\"@type\":\"WebSite\",\"@id\":\"https:\/\/portaltela.pt\/#website\",\"url\":\"https:\/\/portaltela.pt\/\",\"name\":\"Portal Tela Portugal\",\"description\":\"\",\"potentialAction\":[{\"@type\":\"SearchAction\",\"target\":{\"@type\":\"EntryPoint\",\"urlTemplate\":\"https:\/\/portaltela.pt\/?s={search_term_string}\"},\"query-input\":{\"@type\":\"PropertyValueSpecification\",\"valueRequired\":true,\"valueName\":\"search_term_string\"}}],\"inLanguage\":\"pt-PT\"},{\"@type\":\"Person\",\"@id\":\"https:\/\/portaltela.pt\/#\/schema\/person\/c4278d4a6028830caff9ee44b42d32ed\",\"name\":\"Telinha\",\"image\":{\"@type\":\"ImageObject\",\"inLanguage\":\"pt-PT\",\"@id\":\"https:\/\/portaltela.pt\/s.01k8rhncp4jt1\/2025\/11\/talking-bot-125x125.png\",\"url\":\"https:\/\/portaltela.pt\/s.01k8rhncp4jt1\/2025\/11\/talking-bot-125x125.png\",\"contentUrl\":\"https:\/\/portaltela.pt\/s.01k8rhncp4jt1\/2025\/11\/talking-bot-125x125.png\",\"caption\":\"Telinha\"},\"sameAs\":[\"https:\/\/portaltela.pt\/\"],\"url\":\"https:\/\/portaltela.pt\/por\/367410592786\/\"}]}<\/script>\n<!-- \/ Yoast SEO plugin. -->","yoast_head_json":{"title":"Nove condenados na Madeira por tr\u00e1fico de droga - Portal Tela Portugal","robots":{"index":"index","follow":"follow","max-snippet":"max-snippet:-1","max-image-preview":"max-image-preview:large","max-video-preview":"max-video-preview:-1"},"og_locale":"pt_PT","og_type":"article","og_title":"Nove condenados na Madeira por tr\u00e1fico de droga - Portal Tela Portugal","og_description":"Nove pessoas foram condenadas na Madeira por pertencerem a uma rede de tr\u00e1fico de droga, com base no Estreito de C\u00e2mara de Lobos. A rede traficava hero\u00edna, coca\u00edna, haxixe, MDMA e v\u00e1rias drogas sint\u00e9ticas como alva-PVP (flaka), alfa-PHP, alfa-PHiP (bloom), ADB-Butinaca e ABD-4en-Pinaca (gorby mix). Os dois cabecilhas foram condenados a sete anos e a seis anos e quatro meses de pris\u00e3o; um deles ainda foi condenado pela posse de arma proibida. Cinco arguidos colaboravam com a rede e receberam penas de menor gravidade, todas suspensas, entre um ano e dois meses e dois anos e meio de pris\u00e3o. Duas arguidas, cada uma com cinco anos e meio de pris\u00e3o, abasteciam a rede, mas atuavam de forma independente; os crimes ocorreram no Bairro de Santo Amaro, Funchal.","og_url":"https:\/\/portaltela.pt\/noticias\/2026\/04\/17\/nove-condenados-na-madeira-por-trafico-de-droga\/","og_site_name":"Portal Tela Portugal","article_published_time":"2026-04-17T12:17:33+00:00","author":"Telinha","twitter_card":"summary_large_image","twitter_misc":{"Escrito por":"Telinha","Tempo estimado de leitura":"1 minuto"},"schema":{"@context":"https:\/\/schema.org","@graph":[{"@type":"Article","@id":"https:\/\/portaltela.pt\/noticias\/2026\/04\/17\/nove-condenados-na-madeira-por-trafico-de-droga\/#article","isPartOf":{"@id":"https:\/\/portaltela.pt\/noticias\/2026\/04\/17\/nove-condenados-na-madeira-por-trafico-de-droga\/"},"author":{"name":"Telinha","@id":"https:\/\/portaltela.pt\/#\/schema\/person\/c4278d4a6028830caff9ee44b42d32ed"},"headline":"Nove condenados na Madeira por tr\u00e1fico de droga","datePublished":"2026-04-17T12:17:33+00:00","mainEntityOfPage":{"@id":"https:\/\/portaltela.pt\/noticias\/2026\/04\/17\/nove-condenados-na-madeira-por-trafico-de-droga\/"},"wordCount":264,"image":{"@id":"https:\/\/portaltela.pt\/noticias\/2026\/04\/17\/nove-condenados-na-madeira-por-trafico-de-droga\/#primaryimage"},"thumbnailUrl":"https:\/\/portaltela.pt\/s.01k8rhncp4jt1\/2026\/04\/img_1500x1000uu2017-05-30-19-35-00-633334.jpg","keywords":["crime","Madeira","organiza\u00e7\u00e3o criminosa","tr\u00e1fico de drogas"],"articleSection":["Crime","Not\u00edcias"],"inLanguage":"pt-PT"},{"@type":"WebPage","@id":"https:\/\/portaltela.pt\/noticias\/2026\/04\/17\/nove-condenados-na-madeira-por-trafico-de-droga\/","url":"https:\/\/portaltela.pt\/noticias\/2026\/04\/17\/nove-condenados-na-madeira-por-trafico-de-droga\/","name":"Nove condenados na Madeira por tr\u00e1fico de droga - Portal Tela Portugal","isPartOf":{"@id":"https:\/\/portaltela.pt\/#website"},"primaryImageOfPage":{"@id":"https:\/\/portaltela.pt\/noticias\/2026\/04\/17\/nove-condenados-na-madeira-por-trafico-de-droga\/#primaryimage"},"image":{"@id":"https:\/\/portaltela.pt\/noticias\/2026\/04\/17\/nove-condenados-na-madeira-por-trafico-de-droga\/#primaryimage"},"thumbnailUrl":"https:\/\/portaltela.pt\/s.01k8rhncp4jt1\/2026\/04\/img_1500x1000uu2017-05-30-19-35-00-633334.jpg","datePublished":"2026-04-17T12:17:33+00:00","author":{"@id":"https:\/\/portaltela.pt\/#\/schema\/person\/c4278d4a6028830caff9ee44b42d32ed"},"breadcrumb":{"@id":"https:\/\/portaltela.pt\/noticias\/2026\/04\/17\/nove-condenados-na-madeira-por-trafico-de-droga\/#breadcrumb"},"inLanguage":"pt-PT","potentialAction":[{"@type":"ReadAction","target":["https:\/\/portaltela.pt\/noticias\/2026\/04\/17\/nove-condenados-na-madeira-por-trafico-de-droga\/"]}]},{"@type":"ImageObject","inLanguage":"pt-PT","@id":"https:\/\/portaltela.pt\/noticias\/2026\/04\/17\/nove-condenados-na-madeira-por-trafico-de-droga\/#primaryimage","url":"https:\/\/portaltela.pt\/s.01k8rhncp4jt1\/2026\/04\/img_1500x1000uu2017-05-30-19-35-00-633334.jpg","contentUrl":"https:\/\/portaltela.pt\/s.01k8rhncp4jt1\/2026\/04\/img_1500x1000uu2017-05-30-19-35-00-633334.jpg","width":796,"height":448,"caption":"Penas foram aplicadas pelo Ju\u00edzo Central Criminal do Funchal."},{"@type":"BreadcrumbList","@id":"https:\/\/portaltela.pt\/noticias\/2026\/04\/17\/nove-condenados-na-madeira-por-trafico-de-droga\/#breadcrumb","itemListElement":[{"@type":"ListItem","position":1,"name":"In\u00edcio","item":"https:\/\/portaltela.pt\/"},{"@type":"ListItem","position":2,"name":"Nove condenados na Madeira por tr\u00e1fico de droga"}]},{"@type":"WebSite","@id":"https:\/\/portaltela.pt\/#website","url":"https:\/\/portaltela.pt\/","name":"Portal Tela Portugal","description":"","potentialAction":[{"@type":"SearchAction","target":{"@type":"EntryPoint","urlTemplate":"https:\/\/portaltela.pt\/?s={search_term_string}"},"query-input":{"@type":"PropertyValueSpecification","valueRequired":true,"valueName":"search_term_string"}}],"inLanguage":"pt-PT"},{"@type":"Person","@id":"https:\/\/portaltela.pt\/#\/schema\/person\/c4278d4a6028830caff9ee44b42d32ed","name":"Telinha","image":{"@type":"ImageObject","inLanguage":"pt-PT","@id":"https:\/\/portaltela.pt\/s.01k8rhncp4jt1\/2025\/11\/talking-bot-125x125.png","url":"https:\/\/portaltela.pt\/s.01k8rhncp4jt1\/2025\/11\/talking-bot-125x125.png","contentUrl":"https:\/\/portaltela.pt\/s.01k8rhncp4jt1\/2025\/11\/talking-bot-125x125.png","caption":"Telinha"},"sameAs":["https:\/\/portaltela.pt\/"],"url":"https:\/\/portaltela.pt\/por\/367410592786\/"}]}},"_links":{"self":[{"href":"https:\/\/portaltela.pt\/api\/wp\/v2\/posts\/447815","targetHints":{"allow":["GET"]}}],"collection":[{"href":"https:\/\/portaltela.pt\/api\/wp\/v2\/posts"}],"about":[{"href":"https:\/\/portaltela.pt\/api\/wp\/v2\/types\/post"}],"author":[{"embeddable":true,"href":"https:\/\/portaltela.pt\/api\/wp\/v2\/users\/2"}],"replies":[{"embeddable":true,"href":"https:\/\/portaltela.pt\/api\/wp\/v2\/comments?post=447815"}],"version-history":[{"count":0,"href":"https:\/\/portaltela.pt\/api\/wp\/v2\/posts\/447815\/revisions"}],"wp:featuredmedia":[{"embeddable":true,"href":"https:\/\/portaltela.pt\/api\/wp\/v2\/media\/447827"}],"wp:attachment":[{"href":"https:\/\/portaltela.pt\/api\/wp\/v2\/media?parent=447815"}],"wp:term":[{"taxonomy":"category","embeddable":true,"href":"https:\/\/portaltela.pt\/api\/wp\/v2\/categories?post=447815"},{"taxonomy":"post_tag","embeddable":true,"href":"https:\/\/portaltela.pt\/api\/wp\/v2\/tags?post=447815"}],"curies":[{"name":"wp","href":"https:\/\/api.w.org\/{rel}","templated":true}]}}