{"id":447770,"date":"2026-04-17T09:03:04","date_gmt":"2026-04-17T12:03:04","guid":{"rendered":"https:\/\/portaltela.pt\/noticias\/2026\/04\/17\/livre-pede-esclarecimentos-ao-governo-sobre-centro-interpretativo-do-25-de-abril\/"},"modified":"2026-04-17T09:03:04","modified_gmt":"2026-04-17T12:03:04","slug":"livre-pede-esclarecimentos-ao-governo-sobre-centro-interpretativo-do-25-de-abril","status":"publish","type":"post","link":"https:\/\/portaltela.pt\/noticias\/politica\/2026\/04\/17\/livre-pede-esclarecimentos-ao-governo-sobre-centro-interpretativo-do-25-de-abril\/","title":{"rendered":"Livre pede esclarecimentos ao Governo sobre Centro Interpretativo do 25 de Abril"},"content":{"rendered":"<p>O Livre pediu esclarecimentos ao Governo sobre o Centro Interpretativo do 25 de Abril, anunciado em 2024 com inaugura\u00e7\u00e3o prevista para este ano, mas ainda sem avan\u00e7os. A A\u00e7\u00e3o surgiu ap\u00f3s d\u00favidas sobre o cumprimento do protocolo acordado com a Associa\u00e7\u00e3o 25 de Abril, a C\u00e2mara de Lisboa e o Governo.<\/p>\n<p>Segundo o jornal Expresso, o espa\u00e7o proposto para o centro seria o atual edif\u00edcio do Minist\u00e9rio da Administra\u00e7\u00e3o Interna, na Pra\u00e7a do Com\u00e9rcio, em Lisboa. A not\u00edcia aponta que a poss\u00edvel deslocaliza\u00e7\u00e3o tem estado bloqueada por alegadas quest\u00f5es de seguran\u00e7a n\u00e3o especificadas.<\/p>\n<p>O protocolo de dois anos atr\u00e1s define a ced\u00eancia do im\u00f3vel e o financiamento do museu, estimado em cerca de 5,2 milh\u00f5es de euros, com o objetivo de celebrar os 50 anos do 25 de Abril atrav\u00e9s do espa\u00e7o. Deputados do Livre lembram o tempo decorrido e pedem respostas.<\/p>\n<h3>Situa\u00e7\u00e3o atual do espa\u00e7o<\/h3>\n<p>O Livre pergunta ao ministro da Presid\u00eancia se houve comunica\u00e7\u00e3o de que o MAI n\u00e3o iria sair das instala\u00e7\u00f5es atuais e, em caso afirmativo, quais as raz\u00f5es, especialmente \u00e0 luz de outras mudan\u00e7as de tutelas para edif\u00edcios p\u00fablicos. O grupo tamb\u00e9m solicita indica\u00e7\u00e3o do espa\u00e7o alternativo e da data prevista de abertura.<\/p>\n<p>A quest\u00e3o envolve ainda o destino de recursos do or\u00e7amento, incluindo a transfer\u00eancia de 10% do montante total do museu para projetos de arquitetura e especialidades, conforme o protocolo acordado. O objetivo \u00e9 clarificar o trajeto do centro e o cumprimento do acordo.<\/p>\n","protected":false},"excerpt":{"rendered":"<ul>\n<li>O Livre pediu esclarecimentos ao Governo sobre o Centro Interpretativo do 25 de Abril, anunciado em 2024 com inaugura\u00e7\u00e3o prevista para este ano.<\/li>\n<li>O seman\u00e1rio Expresso indica que o projecto est\u00e1 bloqueado porque o Governo n\u00e3o cede o espa\u00e7o previsto: o atual Minist\u00e9rio da Administra\u00e7\u00e3o Interna, na Pra\u00e7a do Com\u00e9rcio, em Lisboa.<\/li>\n<li>H\u00e1 dois anos foi assinado um protocolo entre a Associa\u00e7\u00e3o 25 de Abril, a C\u00e2mara de Lisboa e o Governo que previa a ced\u00eancia do im\u00f3vel e o financiamento do museu, estimado em cerca de 5,2 milh\u00f5es de euros.<\/li>\n<li>O Livre questiona se o Governo vai cumprir o protocolo, qual o espa\u00e7o planeado e a data prevista para a abertura, e se existe inten\u00e7\u00e3o de deslocalizar o MAI.<\/li>\n<li>Maria In\u00e1cia Rezola, comiss\u00e1ria executiva das Comemora\u00e7\u00f5es, e o presidente da Associa\u00e7\u00e3o 25 de Abril, Vasco Louren\u00e7o, manifestaram preocupa\u00e7\u00e3o com o atraso e o impasse.<\/li>\n<\/ul>\n","protected":false},"author":2,"featured_media":447779,"comment_status":"closed","ping_status":"closed","sticky":false,"template":"","format":"standard","meta":{"footnotes":""},"categories":[1,5],"tags":[8192,7952,7974,8110,8228,5999],"class_list":["post-447770","post","type-post","status-publish","format-standard","has-post-thumbnail","hentry","category-noticias","category-politica","tag-_camara","tag-_governo","tag-_lisboa","tag-_museus-arquivos","tag-_orcamento","tag-25-de-abril"],"yoast_head":"<!-- This site is optimized with the Yoast SEO plugin v27.2 - https:\/\/yoast.com\/product\/yoast-seo-wordpress\/ -->\n<title>Livre pede esclarecimentos ao Governo sobre Centro Interpretativo do 25 de Abril - Portal Tela Portugal<\/title>\n<meta name=\"robots\" content=\"index, follow, max-snippet:-1, max-image-preview:large, max-video-preview:-1\" \/>\n<meta property=\"og:locale\" content=\"pt_PT\" \/>\n<meta property=\"og:type\" content=\"article\" \/>\n<meta property=\"og:title\" content=\"Livre pede esclarecimentos ao Governo sobre Centro Interpretativo do 25 de Abril - Portal Tela Portugal\" \/>\n<meta property=\"og:description\" content=\"O Livre pediu esclarecimentos ao Governo sobre o Centro Interpretativo do 25 de Abril, anunciado em 2024 com inaugura\u00e7\u00e3o prevista para este ano. O seman\u00e1rio Expresso indica que o projecto est\u00e1 bloqueado porque o Governo n\u00e3o cede o espa\u00e7o previsto: o atual Minist\u00e9rio da Administra\u00e7\u00e3o Interna, na Pra\u00e7a do Com\u00e9rcio, em Lisboa. H\u00e1 dois anos foi assinado um protocolo entre a Associa\u00e7\u00e3o 25 de Abril, a C\u00e2mara de Lisboa e o Governo que previa a ced\u00eancia do im\u00f3vel e o financiamento do museu, estimado em cerca de 5,2 milh\u00f5es de euros. O Livre questiona se o Governo vai cumprir o protocolo, qual o espa\u00e7o planeado e a data prevista para a abertura, e se existe inten\u00e7\u00e3o de deslocalizar o MAI. Maria In\u00e1cia Rezola, comiss\u00e1ria executiva das Comemora\u00e7\u00f5es, e o presidente da Associa\u00e7\u00e3o 25 de Abril, Vasco Louren\u00e7o, manifestaram preocupa\u00e7\u00e3o com o atraso e o impasse.\" \/>\n<meta property=\"og:url\" content=\"https:\/\/portaltela.pt\/noticias\/2026\/04\/17\/livre-pede-esclarecimentos-ao-governo-sobre-centro-interpretativo-do-25-de-abril\/\" \/>\n<meta property=\"og:site_name\" content=\"Portal Tela Portugal\" \/>\n<meta property=\"article:published_time\" content=\"2026-04-17T12:03:04+00:00\" \/>\n<meta name=\"author\" content=\"Telinha\" \/>\n<meta name=\"twitter:card\" content=\"summary_large_image\" \/>\n<meta name=\"twitter:label1\" content=\"Escrito por\" \/>\n\t<meta name=\"twitter:data1\" content=\"Telinha\" \/>\n\t<meta name=\"twitter:label2\" content=\"Tempo estimado de leitura\" \/>\n\t<meta name=\"twitter:data2\" content=\"1 minuto\" \/>\n<script type=\"application\/ld+json\" class=\"yoast-schema-graph\">{\"@context\":\"https:\/\/schema.org\",\"@graph\":[{\"@type\":\"Article\",\"@id\":\"https:\/\/portaltela.pt\/noticias\/2026\/04\/17\/livre-pede-esclarecimentos-ao-governo-sobre-centro-interpretativo-do-25-de-abril\/#article\",\"isPartOf\":{\"@id\":\"https:\/\/portaltela.pt\/noticias\/2026\/04\/17\/livre-pede-esclarecimentos-ao-governo-sobre-centro-interpretativo-do-25-de-abril\/\"},\"author\":{\"name\":\"Telinha\",\"@id\":\"https:\/\/portaltela.pt\/#\/schema\/person\/c4278d4a6028830caff9ee44b42d32ed\"},\"headline\":\"Livre pede esclarecimentos ao Governo sobre Centro Interpretativo do 25 de Abril\",\"datePublished\":\"2026-04-17T12:03:04+00:00\",\"mainEntityOfPage\":{\"@id\":\"https:\/\/portaltela.pt\/noticias\/2026\/04\/17\/livre-pede-esclarecimentos-ao-governo-sobre-centro-interpretativo-do-25-de-abril\/\"},\"wordCount\":284,\"image\":{\"@id\":\"https:\/\/portaltela.pt\/noticias\/2026\/04\/17\/livre-pede-esclarecimentos-ao-governo-sobre-centro-interpretativo-do-25-de-abril\/#primaryimage\"},\"thumbnailUrl\":\"https:\/\/portaltela.pt\/s.01k8rhncp4jt1\/2026\/04\/2082051.jpg\",\"keywords\":[\"_c\u00e2mara\",\"_governo\",\"_Lisboa\",\"_museus\/arquivos\",\"_or\u00e7amento\",\"25 de Abril\"],\"articleSection\":[\"Not\u00edcias\",\"Pol\u00edtica\"],\"inLanguage\":\"pt-PT\"},{\"@type\":\"WebPage\",\"@id\":\"https:\/\/portaltela.pt\/noticias\/2026\/04\/17\/livre-pede-esclarecimentos-ao-governo-sobre-centro-interpretativo-do-25-de-abril\/\",\"url\":\"https:\/\/portaltela.pt\/noticias\/2026\/04\/17\/livre-pede-esclarecimentos-ao-governo-sobre-centro-interpretativo-do-25-de-abril\/\",\"name\":\"Livre pede esclarecimentos ao Governo sobre Centro Interpretativo do 25 de Abril - Portal Tela Portugal\",\"isPartOf\":{\"@id\":\"https:\/\/portaltela.pt\/#website\"},\"primaryImageOfPage\":{\"@id\":\"https:\/\/portaltela.pt\/noticias\/2026\/04\/17\/livre-pede-esclarecimentos-ao-governo-sobre-centro-interpretativo-do-25-de-abril\/#primaryimage\"},\"image\":{\"@id\":\"https:\/\/portaltela.pt\/noticias\/2026\/04\/17\/livre-pede-esclarecimentos-ao-governo-sobre-centro-interpretativo-do-25-de-abril\/#primaryimage\"},\"thumbnailUrl\":\"https:\/\/portaltela.pt\/s.01k8rhncp4jt1\/2026\/04\/2082051.jpg\",\"datePublished\":\"2026-04-17T12:03:04+00:00\",\"author\":{\"@id\":\"https:\/\/portaltela.pt\/#\/schema\/person\/c4278d4a6028830caff9ee44b42d32ed\"},\"breadcrumb\":{\"@id\":\"https:\/\/portaltela.pt\/noticias\/2026\/04\/17\/livre-pede-esclarecimentos-ao-governo-sobre-centro-interpretativo-do-25-de-abril\/#breadcrumb\"},\"inLanguage\":\"pt-PT\",\"potentialAction\":[{\"@type\":\"ReadAction\",\"target\":[\"https:\/\/portaltela.pt\/noticias\/2026\/04\/17\/livre-pede-esclarecimentos-ao-governo-sobre-centro-interpretativo-do-25-de-abril\/\"]}]},{\"@type\":\"ImageObject\",\"inLanguage\":\"pt-PT\",\"@id\":\"https:\/\/portaltela.pt\/noticias\/2026\/04\/17\/livre-pede-esclarecimentos-ao-governo-sobre-centro-interpretativo-do-25-de-abril\/#primaryimage\",\"url\":\"https:\/\/portaltela.pt\/s.01k8rhncp4jt1\/2026\/04\/2082051.jpg\",\"contentUrl\":\"https:\/\/portaltela.pt\/s.01k8rhncp4jt1\/2026\/04\/2082051.jpg\",\"width\":796,\"height\":448,\"caption\":\"A cria\u00e7\u00e3o do Centro Interpretativo do 25 de Abril estava prevista para 2026\"},{\"@type\":\"BreadcrumbList\",\"@id\":\"https:\/\/portaltela.pt\/noticias\/2026\/04\/17\/livre-pede-esclarecimentos-ao-governo-sobre-centro-interpretativo-do-25-de-abril\/#breadcrumb\",\"itemListElement\":[{\"@type\":\"ListItem\",\"position\":1,\"name\":\"In\u00edcio\",\"item\":\"https:\/\/portaltela.pt\/\"},{\"@type\":\"ListItem\",\"position\":2,\"name\":\"Livre pede esclarecimentos ao Governo sobre Centro Interpretativo do 25 de Abril\"}]},{\"@type\":\"WebSite\",\"@id\":\"https:\/\/portaltela.pt\/#website\",\"url\":\"https:\/\/portaltela.pt\/\",\"name\":\"Portal Tela Portugal\",\"description\":\"\",\"potentialAction\":[{\"@type\":\"SearchAction\",\"target\":{\"@type\":\"EntryPoint\",\"urlTemplate\":\"https:\/\/portaltela.pt\/?s={search_term_string}\"},\"query-input\":{\"@type\":\"PropertyValueSpecification\",\"valueRequired\":true,\"valueName\":\"search_term_string\"}}],\"inLanguage\":\"pt-PT\"},{\"@type\":\"Person\",\"@id\":\"https:\/\/portaltela.pt\/#\/schema\/person\/c4278d4a6028830caff9ee44b42d32ed\",\"name\":\"Telinha\",\"image\":{\"@type\":\"ImageObject\",\"inLanguage\":\"pt-PT\",\"@id\":\"https:\/\/portaltela.pt\/s.01k8rhncp4jt1\/2025\/11\/talking-bot-125x125.png\",\"url\":\"https:\/\/portaltela.pt\/s.01k8rhncp4jt1\/2025\/11\/talking-bot-125x125.png\",\"contentUrl\":\"https:\/\/portaltela.pt\/s.01k8rhncp4jt1\/2025\/11\/talking-bot-125x125.png\",\"caption\":\"Telinha\"},\"sameAs\":[\"https:\/\/portaltela.pt\/\"],\"url\":\"https:\/\/portaltela.pt\/por\/367410592786\/\"}]}<\/script>\n<!-- \/ Yoast SEO plugin. -->","yoast_head_json":{"title":"Livre pede esclarecimentos ao Governo sobre Centro Interpretativo do 25 de Abril - Portal Tela Portugal","robots":{"index":"index","follow":"follow","max-snippet":"max-snippet:-1","max-image-preview":"max-image-preview:large","max-video-preview":"max-video-preview:-1"},"og_locale":"pt_PT","og_type":"article","og_title":"Livre pede esclarecimentos ao Governo sobre Centro Interpretativo do 25 de Abril - Portal Tela Portugal","og_description":"O Livre pediu esclarecimentos ao Governo sobre o Centro Interpretativo do 25 de Abril, anunciado em 2024 com inaugura\u00e7\u00e3o prevista para este ano. O seman\u00e1rio Expresso indica que o projecto est\u00e1 bloqueado porque o Governo n\u00e3o cede o espa\u00e7o previsto: o atual Minist\u00e9rio da Administra\u00e7\u00e3o Interna, na Pra\u00e7a do Com\u00e9rcio, em Lisboa. H\u00e1 dois anos foi assinado um protocolo entre a Associa\u00e7\u00e3o 25 de Abril, a C\u00e2mara de Lisboa e o Governo que previa a ced\u00eancia do im\u00f3vel e o financiamento do museu, estimado em cerca de 5,2 milh\u00f5es de euros. O Livre questiona se o Governo vai cumprir o protocolo, qual o espa\u00e7o planeado e a data prevista para a abertura, e se existe inten\u00e7\u00e3o de deslocalizar o MAI. Maria In\u00e1cia Rezola, comiss\u00e1ria executiva das Comemora\u00e7\u00f5es, e o presidente da Associa\u00e7\u00e3o 25 de Abril, Vasco Louren\u00e7o, manifestaram preocupa\u00e7\u00e3o com o atraso e o impasse.","og_url":"https:\/\/portaltela.pt\/noticias\/2026\/04\/17\/livre-pede-esclarecimentos-ao-governo-sobre-centro-interpretativo-do-25-de-abril\/","og_site_name":"Portal Tela Portugal","article_published_time":"2026-04-17T12:03:04+00:00","author":"Telinha","twitter_card":"summary_large_image","twitter_misc":{"Escrito por":"Telinha","Tempo estimado de leitura":"1 minuto"},"schema":{"@context":"https:\/\/schema.org","@graph":[{"@type":"Article","@id":"https:\/\/portaltela.pt\/noticias\/2026\/04\/17\/livre-pede-esclarecimentos-ao-governo-sobre-centro-interpretativo-do-25-de-abril\/#article","isPartOf":{"@id":"https:\/\/portaltela.pt\/noticias\/2026\/04\/17\/livre-pede-esclarecimentos-ao-governo-sobre-centro-interpretativo-do-25-de-abril\/"},"author":{"name":"Telinha","@id":"https:\/\/portaltela.pt\/#\/schema\/person\/c4278d4a6028830caff9ee44b42d32ed"},"headline":"Livre pede esclarecimentos ao Governo sobre Centro Interpretativo do 25 de Abril","datePublished":"2026-04-17T12:03:04+00:00","mainEntityOfPage":{"@id":"https:\/\/portaltela.pt\/noticias\/2026\/04\/17\/livre-pede-esclarecimentos-ao-governo-sobre-centro-interpretativo-do-25-de-abril\/"},"wordCount":284,"image":{"@id":"https:\/\/portaltela.pt\/noticias\/2026\/04\/17\/livre-pede-esclarecimentos-ao-governo-sobre-centro-interpretativo-do-25-de-abril\/#primaryimage"},"thumbnailUrl":"https:\/\/portaltela.pt\/s.01k8rhncp4jt1\/2026\/04\/2082051.jpg","keywords":["_c\u00e2mara","_governo","_Lisboa","_museus\/arquivos","_or\u00e7amento","25 de Abril"],"articleSection":["Not\u00edcias","Pol\u00edtica"],"inLanguage":"pt-PT"},{"@type":"WebPage","@id":"https:\/\/portaltela.pt\/noticias\/2026\/04\/17\/livre-pede-esclarecimentos-ao-governo-sobre-centro-interpretativo-do-25-de-abril\/","url":"https:\/\/portaltela.pt\/noticias\/2026\/04\/17\/livre-pede-esclarecimentos-ao-governo-sobre-centro-interpretativo-do-25-de-abril\/","name":"Livre pede esclarecimentos ao Governo sobre Centro Interpretativo do 25 de Abril - Portal Tela Portugal","isPartOf":{"@id":"https:\/\/portaltela.pt\/#website"},"primaryImageOfPage":{"@id":"https:\/\/portaltela.pt\/noticias\/2026\/04\/17\/livre-pede-esclarecimentos-ao-governo-sobre-centro-interpretativo-do-25-de-abril\/#primaryimage"},"image":{"@id":"https:\/\/portaltela.pt\/noticias\/2026\/04\/17\/livre-pede-esclarecimentos-ao-governo-sobre-centro-interpretativo-do-25-de-abril\/#primaryimage"},"thumbnailUrl":"https:\/\/portaltela.pt\/s.01k8rhncp4jt1\/2026\/04\/2082051.jpg","datePublished":"2026-04-17T12:03:04+00:00","author":{"@id":"https:\/\/portaltela.pt\/#\/schema\/person\/c4278d4a6028830caff9ee44b42d32ed"},"breadcrumb":{"@id":"https:\/\/portaltela.pt\/noticias\/2026\/04\/17\/livre-pede-esclarecimentos-ao-governo-sobre-centro-interpretativo-do-25-de-abril\/#breadcrumb"},"inLanguage":"pt-PT","potentialAction":[{"@type":"ReadAction","target":["https:\/\/portaltela.pt\/noticias\/2026\/04\/17\/livre-pede-esclarecimentos-ao-governo-sobre-centro-interpretativo-do-25-de-abril\/"]}]},{"@type":"ImageObject","inLanguage":"pt-PT","@id":"https:\/\/portaltela.pt\/noticias\/2026\/04\/17\/livre-pede-esclarecimentos-ao-governo-sobre-centro-interpretativo-do-25-de-abril\/#primaryimage","url":"https:\/\/portaltela.pt\/s.01k8rhncp4jt1\/2026\/04\/2082051.jpg","contentUrl":"https:\/\/portaltela.pt\/s.01k8rhncp4jt1\/2026\/04\/2082051.jpg","width":796,"height":448,"caption":"A cria\u00e7\u00e3o do Centro Interpretativo do 25 de Abril estava prevista para 2026"},{"@type":"BreadcrumbList","@id":"https:\/\/portaltela.pt\/noticias\/2026\/04\/17\/livre-pede-esclarecimentos-ao-governo-sobre-centro-interpretativo-do-25-de-abril\/#breadcrumb","itemListElement":[{"@type":"ListItem","position":1,"name":"In\u00edcio","item":"https:\/\/portaltela.pt\/"},{"@type":"ListItem","position":2,"name":"Livre pede esclarecimentos ao Governo sobre Centro Interpretativo do 25 de Abril"}]},{"@type":"WebSite","@id":"https:\/\/portaltela.pt\/#website","url":"https:\/\/portaltela.pt\/","name":"Portal Tela Portugal","description":"","potentialAction":[{"@type":"SearchAction","target":{"@type":"EntryPoint","urlTemplate":"https:\/\/portaltela.pt\/?s={search_term_string}"},"query-input":{"@type":"PropertyValueSpecification","valueRequired":true,"valueName":"search_term_string"}}],"inLanguage":"pt-PT"},{"@type":"Person","@id":"https:\/\/portaltela.pt\/#\/schema\/person\/c4278d4a6028830caff9ee44b42d32ed","name":"Telinha","image":{"@type":"ImageObject","inLanguage":"pt-PT","@id":"https:\/\/portaltela.pt\/s.01k8rhncp4jt1\/2025\/11\/talking-bot-125x125.png","url":"https:\/\/portaltela.pt\/s.01k8rhncp4jt1\/2025\/11\/talking-bot-125x125.png","contentUrl":"https:\/\/portaltela.pt\/s.01k8rhncp4jt1\/2025\/11\/talking-bot-125x125.png","caption":"Telinha"},"sameAs":["https:\/\/portaltela.pt\/"],"url":"https:\/\/portaltela.pt\/por\/367410592786\/"}]}},"_links":{"self":[{"href":"https:\/\/portaltela.pt\/api\/wp\/v2\/posts\/447770","targetHints":{"allow":["GET"]}}],"collection":[{"href":"https:\/\/portaltela.pt\/api\/wp\/v2\/posts"}],"about":[{"href":"https:\/\/portaltela.pt\/api\/wp\/v2\/types\/post"}],"author":[{"embeddable":true,"href":"https:\/\/portaltela.pt\/api\/wp\/v2\/users\/2"}],"replies":[{"embeddable":true,"href":"https:\/\/portaltela.pt\/api\/wp\/v2\/comments?post=447770"}],"version-history":[{"count":0,"href":"https:\/\/portaltela.pt\/api\/wp\/v2\/posts\/447770\/revisions"}],"wp:featuredmedia":[{"embeddable":true,"href":"https:\/\/portaltela.pt\/api\/wp\/v2\/media\/447779"}],"wp:attachment":[{"href":"https:\/\/portaltela.pt\/api\/wp\/v2\/media?parent=447770"}],"wp:term":[{"taxonomy":"category","embeddable":true,"href":"https:\/\/portaltela.pt\/api\/wp\/v2\/categories?post=447770"},{"taxonomy":"post_tag","embeddable":true,"href":"https:\/\/portaltela.pt\/api\/wp\/v2\/tags?post=447770"}],"curies":[{"name":"wp","href":"https:\/\/api.w.org\/{rel}","templated":true}]}}