{"id":447757,"date":"2026-04-17T08:47:52","date_gmt":"2026-04-17T11:47:52","guid":{"rendered":"https:\/\/portaltela.pt\/noticias\/2026\/04\/17\/braganca-focado-no-benfica-e-no-titulo-no-derbi\/"},"modified":"2026-04-17T08:47:52","modified_gmt":"2026-04-17T11:47:52","slug":"braganca-focado-no-benfica-e-no-titulo-no-derbi","status":"publish","type":"post","link":"https:\/\/portaltela.pt\/desporto\/futebol\/2026\/04\/17\/braganca-focado-no-benfica-e-no-titulo-no-derbi\/","title":{"rendered":"Bragan\u00e7a focado no Benfica e no t\u00edtulo no d\u00e9rbi"},"content":{"rendered":"<p>Daniel Bragan\u00e7a volta a colocar o d\u00e9rbi no centro da temporada do Sporting, diante do Benfica, no domingo \u00e0s 18h00, no Est\u00e1dio Jos\u00e9 Alvalade. O jogador de 26 anos afirma que o duelo \u00e9 decisivo na corrida ao t\u00edtulo e v\u00ea o encontro como uma prova de n\u00edvel entre rivais.<\/p>\n<p>O m\u00e9dio admitiu que o percurso da equipa at\u00e9 agora tem sido bom, apesar de n\u00e3o ter sido perfeito. Enaltece a import\u00e2ncia do d\u00e9rbi para Sportinguistas e Benfiquistas, ressaltando que ainda \u00e9 poss\u00edvel ultrapassar o l\u00edder FC Porto.<\/p>\n<p>Bragan\u00e7a confia no fator casa e entende que pode fazer diferen\u00e7a frente aos azuis e vermelhos. Explicou que a mensagem no balne\u00e1rio \u00e9 de serenidade, contando com a experi\u00eancia dos companheiros para preparar o jogo.<\/p>\n<h3>Theia de lideran\u00e7a e continuidade<\/h3>\n<p>O jogador, em quarta \u00e9poca na equipa principal, soma tr\u00eas t\u00edtulos nacionais e olha para a evolu\u00e7\u00e3o do grupo. Destaca a uni\u00e3o presente no plantel, fruto de anos juntos, que refor\u00e7a a confian\u00e7a para enfrentar desafios.<\/p>\n<p>Sobre a rela\u00e7\u00e3o com Rui Borges, o treinador tem merecido elogios pela gest\u00e3o do plantel. Bragan\u00e7a reconhece que o t\u00e9cnico tem mostrado qualidade e que a equipa tem demonstrado fidelidade \u00e0s ideias, mantendo o foco em t\u00edtulos.<\/p>\n<p>Bragan\u00e7a tamb\u00e9m aborda a sua posi\u00e7\u00e3o em campo, preferindo o papel de 8, sem abandonar a capacidade de atuar mais avan\u00e7ado. Assinala que tanto marcar como assistir s\u00e3o prioridades, mantendo disponibilidade para jogar onde for pedido.<\/p>\n<p>Na \u00faltima temporada, o m\u00e9dio voltou a sentir-se plenamente recuperado de uma les\u00e3o grave. Sinaliza que se integrou bem no plantel, respondendo com rendimento s\u00f3lido e contribuindo para a continuidade da forma f\u00edsica.<\/p>\n","protected":false},"excerpt":{"rendered":"<ul>\n<li>Daniel Bragan\u00e7a mostrou-se focado no d\u00e9rbi contra o Benfica, domingo, \u00e0s 18h00, no Est\u00e1dio Jos\u00e9 Alvalade, numa altura em que o t\u00edtulo ainda est\u00e1 em jogo.<\/li>\n<li>O m\u00e9dio de 26 anos admite que o percurso do Sporting tem sido bom, apesar de n\u00e3o perfeito, e v\u00ea o d\u00e9rbi como uma partida decisiva para ambos os lados.<\/li>\n<li>Refor\u00e7a que jogar em casa \u00e9 importante e que o grupo est\u00e1 preparado, com Rui Borges e os capit\u00e3es a transmitir serenidade no balne\u00e1rio.<\/li>\n<li>O internacional sub-21 elogia a lideran\u00e7a de Rui Borges e diz que a equipa luta por t\u00edtulos, j\u00e1 com Ta\u00e7a de Portugal e campeonato ganhos recentemente.<\/li>\n<li>Em campo, Bragan\u00e7a prefere a posi\u00e7\u00e3o de meio-campo, j\u00e1 leva cinco golos e uma assist\u00eancia em 16 jogos, e assegura estar 100% recuperado de les\u00e3o.<\/li>\n<\/ul>\n","protected":false},"author":2,"featured_media":447762,"comment_status":"closed","ping_status":"closed","sticky":false,"template":"","format":"standard","meta":{"footnotes":""},"categories":[21,24],"tags":[1946,906,152,32,1786,1652],"class_list":["post-447757","post","type-post","status-publish","format-standard","has-post-thumbnail","hentry","category-desporto","category-futebol","tag-benfica","tag-braganca","tag-desporto","tag-futebol","tag-liga","tag-sporting"],"yoast_head":"<!-- This site is optimized with the Yoast SEO plugin v27.2 - https:\/\/yoast.com\/product\/yoast-seo-wordpress\/ -->\n<title>Bragan\u00e7a focado no Benfica e no t\u00edtulo no d\u00e9rbi - Portal Tela Portugal<\/title>\n<meta name=\"robots\" content=\"index, follow, max-snippet:-1, max-image-preview:large, max-video-preview:-1\" \/>\n<meta property=\"og:locale\" content=\"pt_PT\" \/>\n<meta property=\"og:type\" content=\"article\" \/>\n<meta property=\"og:title\" content=\"Bragan\u00e7a focado no Benfica e no t\u00edtulo no d\u00e9rbi - Portal Tela Portugal\" \/>\n<meta property=\"og:description\" content=\"Daniel Bragan\u00e7a mostrou-se focado no d\u00e9rbi contra o Benfica, domingo, \u00e0s 18h00, no Est\u00e1dio Jos\u00e9 Alvalade, numa altura em que o t\u00edtulo ainda est\u00e1 em jogo. O m\u00e9dio de 26 anos admite que o percurso do Sporting tem sido bom, apesar de n\u00e3o perfeito, e v\u00ea o d\u00e9rbi como uma partida decisiva para ambos os lados. Refor\u00e7a que jogar em casa \u00e9 importante e que o grupo est\u00e1 preparado, com Rui Borges e os capit\u00e3es a transmitir serenidade no balne\u00e1rio. O internacional sub-21 elogia a lideran\u00e7a de Rui Borges e diz que a equipa luta por t\u00edtulos, j\u00e1 com Ta\u00e7a de Portugal e campeonato ganhos recentemente. Em campo, Bragan\u00e7a prefere a posi\u00e7\u00e3o de meio-campo, j\u00e1 leva cinco golos e uma assist\u00eancia em 16 jogos, e assegura estar 100% recuperado de les\u00e3o.\" \/>\n<meta property=\"og:url\" content=\"https:\/\/portaltela.pt\/noticias\/2026\/04\/17\/braganca-focado-no-benfica-e-no-titulo-no-derbi\/\" \/>\n<meta property=\"og:site_name\" content=\"Portal Tela Portugal\" \/>\n<meta property=\"article:published_time\" content=\"2026-04-17T11:47:52+00:00\" \/>\n<meta name=\"author\" content=\"Telinha\" \/>\n<meta name=\"twitter:card\" content=\"summary_large_image\" \/>\n<meta name=\"twitter:label1\" content=\"Escrito por\" \/>\n\t<meta name=\"twitter:data1\" content=\"Telinha\" \/>\n\t<meta name=\"twitter:label2\" content=\"Tempo estimado de leitura\" \/>\n\t<meta name=\"twitter:data2\" content=\"2 minutos\" \/>\n<script type=\"application\/ld+json\" class=\"yoast-schema-graph\">{\"@context\":\"https:\/\/schema.org\",\"@graph\":[{\"@type\":\"Article\",\"@id\":\"https:\/\/portaltela.pt\/noticias\/2026\/04\/17\/braganca-focado-no-benfica-e-no-titulo-no-derbi\/#article\",\"isPartOf\":{\"@id\":\"https:\/\/portaltela.pt\/noticias\/2026\/04\/17\/braganca-focado-no-benfica-e-no-titulo-no-derbi\/\"},\"author\":{\"name\":\"Telinha\",\"@id\":\"https:\/\/portaltela.pt\/#\/schema\/person\/c4278d4a6028830caff9ee44b42d32ed\"},\"headline\":\"Bragan\u00e7a focado no Benfica e no t\u00edtulo no d\u00e9rbi\",\"datePublished\":\"2026-04-17T11:47:52+00:00\",\"mainEntityOfPage\":{\"@id\":\"https:\/\/portaltela.pt\/noticias\/2026\/04\/17\/braganca-focado-no-benfica-e-no-titulo-no-derbi\/\"},\"wordCount\":313,\"image\":{\"@id\":\"https:\/\/portaltela.pt\/noticias\/2026\/04\/17\/braganca-focado-no-benfica-e-no-titulo-no-derbi\/#primaryimage\"},\"thumbnailUrl\":\"https:\/\/portaltela.pt\/s.01k8rhncp4jt1\/2026\/04\/img_920x518uu2026-04-17-12-34-22-2433567.jpg\",\"keywords\":[\"Benfica\",\"Bragan\u00e7a\",\"desporto\",\"futebol\",\"Liga\",\"Sporting\"],\"articleSection\":[\"Desporto\",\"Futebol\"],\"inLanguage\":\"pt-PT\"},{\"@type\":\"WebPage\",\"@id\":\"https:\/\/portaltela.pt\/noticias\/2026\/04\/17\/braganca-focado-no-benfica-e-no-titulo-no-derbi\/\",\"url\":\"https:\/\/portaltela.pt\/noticias\/2026\/04\/17\/braganca-focado-no-benfica-e-no-titulo-no-derbi\/\",\"name\":\"Bragan\u00e7a focado no Benfica e no t\u00edtulo no d\u00e9rbi - Portal Tela Portugal\",\"isPartOf\":{\"@id\":\"https:\/\/portaltela.pt\/#website\"},\"primaryImageOfPage\":{\"@id\":\"https:\/\/portaltela.pt\/noticias\/2026\/04\/17\/braganca-focado-no-benfica-e-no-titulo-no-derbi\/#primaryimage\"},\"image\":{\"@id\":\"https:\/\/portaltela.pt\/noticias\/2026\/04\/17\/braganca-focado-no-benfica-e-no-titulo-no-derbi\/#primaryimage\"},\"thumbnailUrl\":\"https:\/\/portaltela.pt\/s.01k8rhncp4jt1\/2026\/04\/img_920x518uu2026-04-17-12-34-22-2433567.jpg\",\"datePublished\":\"2026-04-17T11:47:52+00:00\",\"author\":{\"@id\":\"https:\/\/portaltela.pt\/#\/schema\/person\/c4278d4a6028830caff9ee44b42d32ed\"},\"breadcrumb\":{\"@id\":\"https:\/\/portaltela.pt\/noticias\/2026\/04\/17\/braganca-focado-no-benfica-e-no-titulo-no-derbi\/#breadcrumb\"},\"inLanguage\":\"pt-PT\",\"potentialAction\":[{\"@type\":\"ReadAction\",\"target\":[\"https:\/\/portaltela.pt\/noticias\/2026\/04\/17\/braganca-focado-no-benfica-e-no-titulo-no-derbi\/\"]}]},{\"@type\":\"ImageObject\",\"inLanguage\":\"pt-PT\",\"@id\":\"https:\/\/portaltela.pt\/noticias\/2026\/04\/17\/braganca-focado-no-benfica-e-no-titulo-no-derbi\/#primaryimage\",\"url\":\"https:\/\/portaltela.pt\/s.01k8rhncp4jt1\/2026\/04\/img_920x518uu2026-04-17-12-34-22-2433567.jpg\",\"contentUrl\":\"https:\/\/portaltela.pt\/s.01k8rhncp4jt1\/2026\/04\/img_920x518uu2026-04-17-12-34-22-2433567.jpg\",\"width\":796,\"height\":448,\"caption\":\"Daniel Bragan\u00e7a\"},{\"@type\":\"BreadcrumbList\",\"@id\":\"https:\/\/portaltela.pt\/noticias\/2026\/04\/17\/braganca-focado-no-benfica-e-no-titulo-no-derbi\/#breadcrumb\",\"itemListElement\":[{\"@type\":\"ListItem\",\"position\":1,\"name\":\"In\u00edcio\",\"item\":\"https:\/\/portaltela.pt\/\"},{\"@type\":\"ListItem\",\"position\":2,\"name\":\"Bragan\u00e7a focado no Benfica e no t\u00edtulo no d\u00e9rbi\"}]},{\"@type\":\"WebSite\",\"@id\":\"https:\/\/portaltela.pt\/#website\",\"url\":\"https:\/\/portaltela.pt\/\",\"name\":\"Portal Tela Portugal\",\"description\":\"\",\"potentialAction\":[{\"@type\":\"SearchAction\",\"target\":{\"@type\":\"EntryPoint\",\"urlTemplate\":\"https:\/\/portaltela.pt\/?s={search_term_string}\"},\"query-input\":{\"@type\":\"PropertyValueSpecification\",\"valueRequired\":true,\"valueName\":\"search_term_string\"}}],\"inLanguage\":\"pt-PT\"},{\"@type\":\"Person\",\"@id\":\"https:\/\/portaltela.pt\/#\/schema\/person\/c4278d4a6028830caff9ee44b42d32ed\",\"name\":\"Telinha\",\"image\":{\"@type\":\"ImageObject\",\"inLanguage\":\"pt-PT\",\"@id\":\"https:\/\/portaltela.pt\/s.01k8rhncp4jt1\/2025\/11\/talking-bot-125x125.png\",\"url\":\"https:\/\/portaltela.pt\/s.01k8rhncp4jt1\/2025\/11\/talking-bot-125x125.png\",\"contentUrl\":\"https:\/\/portaltela.pt\/s.01k8rhncp4jt1\/2025\/11\/talking-bot-125x125.png\",\"caption\":\"Telinha\"},\"sameAs\":[\"https:\/\/portaltela.pt\/\"],\"url\":\"https:\/\/portaltela.pt\/por\/367410592786\/\"}]}<\/script>\n<!-- \/ Yoast SEO plugin. -->","yoast_head_json":{"title":"Bragan\u00e7a focado no Benfica e no t\u00edtulo no d\u00e9rbi - Portal Tela Portugal","robots":{"index":"index","follow":"follow","max-snippet":"max-snippet:-1","max-image-preview":"max-image-preview:large","max-video-preview":"max-video-preview:-1"},"og_locale":"pt_PT","og_type":"article","og_title":"Bragan\u00e7a focado no Benfica e no t\u00edtulo no d\u00e9rbi - Portal Tela Portugal","og_description":"Daniel Bragan\u00e7a mostrou-se focado no d\u00e9rbi contra o Benfica, domingo, \u00e0s 18h00, no Est\u00e1dio Jos\u00e9 Alvalade, numa altura em que o t\u00edtulo ainda est\u00e1 em jogo. O m\u00e9dio de 26 anos admite que o percurso do Sporting tem sido bom, apesar de n\u00e3o perfeito, e v\u00ea o d\u00e9rbi como uma partida decisiva para ambos os lados. Refor\u00e7a que jogar em casa \u00e9 importante e que o grupo est\u00e1 preparado, com Rui Borges e os capit\u00e3es a transmitir serenidade no balne\u00e1rio. O internacional sub-21 elogia a lideran\u00e7a de Rui Borges e diz que a equipa luta por t\u00edtulos, j\u00e1 com Ta\u00e7a de Portugal e campeonato ganhos recentemente. Em campo, Bragan\u00e7a prefere a posi\u00e7\u00e3o de meio-campo, j\u00e1 leva cinco golos e uma assist\u00eancia em 16 jogos, e assegura estar 100% recuperado de les\u00e3o.","og_url":"https:\/\/portaltela.pt\/noticias\/2026\/04\/17\/braganca-focado-no-benfica-e-no-titulo-no-derbi\/","og_site_name":"Portal Tela Portugal","article_published_time":"2026-04-17T11:47:52+00:00","author":"Telinha","twitter_card":"summary_large_image","twitter_misc":{"Escrito por":"Telinha","Tempo estimado de leitura":"2 minutos"},"schema":{"@context":"https:\/\/schema.org","@graph":[{"@type":"Article","@id":"https:\/\/portaltela.pt\/noticias\/2026\/04\/17\/braganca-focado-no-benfica-e-no-titulo-no-derbi\/#article","isPartOf":{"@id":"https:\/\/portaltela.pt\/noticias\/2026\/04\/17\/braganca-focado-no-benfica-e-no-titulo-no-derbi\/"},"author":{"name":"Telinha","@id":"https:\/\/portaltela.pt\/#\/schema\/person\/c4278d4a6028830caff9ee44b42d32ed"},"headline":"Bragan\u00e7a focado no Benfica e no t\u00edtulo no d\u00e9rbi","datePublished":"2026-04-17T11:47:52+00:00","mainEntityOfPage":{"@id":"https:\/\/portaltela.pt\/noticias\/2026\/04\/17\/braganca-focado-no-benfica-e-no-titulo-no-derbi\/"},"wordCount":313,"image":{"@id":"https:\/\/portaltela.pt\/noticias\/2026\/04\/17\/braganca-focado-no-benfica-e-no-titulo-no-derbi\/#primaryimage"},"thumbnailUrl":"https:\/\/portaltela.pt\/s.01k8rhncp4jt1\/2026\/04\/img_920x518uu2026-04-17-12-34-22-2433567.jpg","keywords":["Benfica","Bragan\u00e7a","desporto","futebol","Liga","Sporting"],"articleSection":["Desporto","Futebol"],"inLanguage":"pt-PT"},{"@type":"WebPage","@id":"https:\/\/portaltela.pt\/noticias\/2026\/04\/17\/braganca-focado-no-benfica-e-no-titulo-no-derbi\/","url":"https:\/\/portaltela.pt\/noticias\/2026\/04\/17\/braganca-focado-no-benfica-e-no-titulo-no-derbi\/","name":"Bragan\u00e7a focado no Benfica e no t\u00edtulo no d\u00e9rbi - Portal Tela Portugal","isPartOf":{"@id":"https:\/\/portaltela.pt\/#website"},"primaryImageOfPage":{"@id":"https:\/\/portaltela.pt\/noticias\/2026\/04\/17\/braganca-focado-no-benfica-e-no-titulo-no-derbi\/#primaryimage"},"image":{"@id":"https:\/\/portaltela.pt\/noticias\/2026\/04\/17\/braganca-focado-no-benfica-e-no-titulo-no-derbi\/#primaryimage"},"thumbnailUrl":"https:\/\/portaltela.pt\/s.01k8rhncp4jt1\/2026\/04\/img_920x518uu2026-04-17-12-34-22-2433567.jpg","datePublished":"2026-04-17T11:47:52+00:00","author":{"@id":"https:\/\/portaltela.pt\/#\/schema\/person\/c4278d4a6028830caff9ee44b42d32ed"},"breadcrumb":{"@id":"https:\/\/portaltela.pt\/noticias\/2026\/04\/17\/braganca-focado-no-benfica-e-no-titulo-no-derbi\/#breadcrumb"},"inLanguage":"pt-PT","potentialAction":[{"@type":"ReadAction","target":["https:\/\/portaltela.pt\/noticias\/2026\/04\/17\/braganca-focado-no-benfica-e-no-titulo-no-derbi\/"]}]},{"@type":"ImageObject","inLanguage":"pt-PT","@id":"https:\/\/portaltela.pt\/noticias\/2026\/04\/17\/braganca-focado-no-benfica-e-no-titulo-no-derbi\/#primaryimage","url":"https:\/\/portaltela.pt\/s.01k8rhncp4jt1\/2026\/04\/img_920x518uu2026-04-17-12-34-22-2433567.jpg","contentUrl":"https:\/\/portaltela.pt\/s.01k8rhncp4jt1\/2026\/04\/img_920x518uu2026-04-17-12-34-22-2433567.jpg","width":796,"height":448,"caption":"Daniel Bragan\u00e7a"},{"@type":"BreadcrumbList","@id":"https:\/\/portaltela.pt\/noticias\/2026\/04\/17\/braganca-focado-no-benfica-e-no-titulo-no-derbi\/#breadcrumb","itemListElement":[{"@type":"ListItem","position":1,"name":"In\u00edcio","item":"https:\/\/portaltela.pt\/"},{"@type":"ListItem","position":2,"name":"Bragan\u00e7a focado no Benfica e no t\u00edtulo no d\u00e9rbi"}]},{"@type":"WebSite","@id":"https:\/\/portaltela.pt\/#website","url":"https:\/\/portaltela.pt\/","name":"Portal Tela Portugal","description":"","potentialAction":[{"@type":"SearchAction","target":{"@type":"EntryPoint","urlTemplate":"https:\/\/portaltela.pt\/?s={search_term_string}"},"query-input":{"@type":"PropertyValueSpecification","valueRequired":true,"valueName":"search_term_string"}}],"inLanguage":"pt-PT"},{"@type":"Person","@id":"https:\/\/portaltela.pt\/#\/schema\/person\/c4278d4a6028830caff9ee44b42d32ed","name":"Telinha","image":{"@type":"ImageObject","inLanguage":"pt-PT","@id":"https:\/\/portaltela.pt\/s.01k8rhncp4jt1\/2025\/11\/talking-bot-125x125.png","url":"https:\/\/portaltela.pt\/s.01k8rhncp4jt1\/2025\/11\/talking-bot-125x125.png","contentUrl":"https:\/\/portaltela.pt\/s.01k8rhncp4jt1\/2025\/11\/talking-bot-125x125.png","caption":"Telinha"},"sameAs":["https:\/\/portaltela.pt\/"],"url":"https:\/\/portaltela.pt\/por\/367410592786\/"}]}},"_links":{"self":[{"href":"https:\/\/portaltela.pt\/api\/wp\/v2\/posts\/447757","targetHints":{"allow":["GET"]}}],"collection":[{"href":"https:\/\/portaltela.pt\/api\/wp\/v2\/posts"}],"about":[{"href":"https:\/\/portaltela.pt\/api\/wp\/v2\/types\/post"}],"author":[{"embeddable":true,"href":"https:\/\/portaltela.pt\/api\/wp\/v2\/users\/2"}],"replies":[{"embeddable":true,"href":"https:\/\/portaltela.pt\/api\/wp\/v2\/comments?post=447757"}],"version-history":[{"count":0,"href":"https:\/\/portaltela.pt\/api\/wp\/v2\/posts\/447757\/revisions"}],"wp:featuredmedia":[{"embeddable":true,"href":"https:\/\/portaltela.pt\/api\/wp\/v2\/media\/447762"}],"wp:attachment":[{"href":"https:\/\/portaltela.pt\/api\/wp\/v2\/media?parent=447757"}],"wp:term":[{"taxonomy":"category","embeddable":true,"href":"https:\/\/portaltela.pt\/api\/wp\/v2\/categories?post=447757"},{"taxonomy":"post_tag","embeddable":true,"href":"https:\/\/portaltela.pt\/api\/wp\/v2\/tags?post=447757"}],"curies":[{"name":"wp","href":"https:\/\/api.w.org\/{rel}","templated":true}]}}