{"id":447752,"date":"2026-04-16T21:00:00","date_gmt":"2026-04-17T00:00:00","guid":{"rendered":"https:\/\/portaltela.pt\/noticias\/2026\/04\/16\/equipa-de-rabo-de-peixe-quer-falar-consigo\/"},"modified":"2026-04-16T21:00:00","modified_gmt":"2026-04-17T00:00:00","slug":"equipa-de-rabo-de-peixe-quer-falar-consigo","status":"publish","type":"post","link":"https:\/\/portaltela.pt\/series-e-filmes\/2026\/04\/16\/equipa-de-rabo-de-peixe-quer-falar-consigo\/","title":{"rendered":"Equipa de Rabo de Peixe quer falar consigo"},"content":{"rendered":"<p>Nos primeiros tr\u00eas dias desde a estreia da terceira e \u00faltima temporada de Rabo de Peixe na Netflix, a s\u00e9rie portuguesa assumiu o topo das mais vistas em Portugal. Os dados referem\u2011se ao Top Ten da Netflix relativo ao per\u00edodo de 6 a 12 de abril.<\/p>\n<p>A proje\u00e7\u00e3o internacional tamb\u00e9m indica destaque no Luxemburgo, pa\u00eds pequeno mas com audi\u00eancia para o drama made in Portugal. A visibilidade da produ\u00e7\u00e3o mant\u00e9m-se alta, mesmo ap\u00f3s a festa de lan\u00e7amento.<\/p>\n<p>A equipa que acompanha o projeto mant\u00e9m o tom de orgulho, sublinhando a evolu\u00e7\u00e3o dram\u00e1tica ao longo dos epis\u00f3dios. A nova temporada mistura a\u00e7\u00e3o, crime e momentos de leveza, com foco no desenvolvimento das personagens.<\/p>\n<h3>Desempenho e impacto<\/h3>\n<p>As entrevistas de apresenta\u00e7\u00e3o da terceira temporada realizaram\u2011se em Lisboa, onde a equipa confirmou uma receptividade positiva entre o p\u00fablico. O autor da s\u00e9rie referiu que a obra volta a apresentar o confronto entre desejos e necessidades dos protagonistas.<\/p>\n<p>O elenco recorda ter atravessado anos de personagens, em ambiente de trabalho cativante, e afirmou que o final da temporada oferece uma leitura poderosa, com a ilha a purgar\u2011se e os amigos a enfrentar o oceano a\u00e7oriano. A produ\u00e7\u00e3o j\u00e1 gerou turismo associado \u00e0 vila de Rabo de Peixe.<\/p>\n<h3>Olhar para a final<\/h3>\n<p>Os protagonistas Eduardo, S\u00edlvia, Rafael e Carlinhos enfrentam o cl\u00edmax num barco, numa sequ\u00eancia que contrasta com a cidade que os viu crescer. O desfecho \u00e9 descrito pela produ\u00e7\u00e3o como intenso e simb\u00f3lico, marcando a conclus\u00e3o da hist\u00f3ria sem recair em explica\u00e7\u00f5es adicionais.<\/p>\n<p>O fen\u00f3meno de temporada tamb\u00e9m surge como motivo de visita \u00e0 regi\u00e3o, com moradores a mencionar o videoclube local como parte da mem\u00f3ria audiovisual associada \u00e0 s\u00e9rie. A equipa mant\u00e9m o foco na continuidade da marca portuguesa na Netflix.<\/p>\n","protected":false},"excerpt":{"rendered":"<ul>\n<li>A terceira e \u00faltima temporada de Rabo de Peixe estreou na Netflix e, nos primeiros tr\u00eas dias, ficou no primeiro lugar das mais vistas em Portugal.<\/li>\n<li>No Top Ten da Netflix relativo aos dias 6 a 12 de Abril, a s\u00e9rie foi tamb\u00e9m das mais vistas no Luxemburgo, pa\u00eds com forte liga\u00e7\u00e3o a Portugal.<\/li>\n<li>O epis\u00f3dio final mostra a ilha a purgar-se com uma erup\u00e7\u00e3o vulc\u00e2nica, e o quinto epis\u00f3dio traz uma trag\u00e9dia que cobre a investiga\u00e7\u00e3o com uma nova dimens\u00e3o dram\u00e1tica.<\/li>\n<li>Os criadores e o elenco destacam o trabalho da equipa: Augusto Fraga elogia Patr\u00edcia Sequeira e Mar\u00eda Jo\u00e3o Bastos; os atores falam de nostalgia e da evolu\u00e7\u00e3o das personagens.<\/li>\n<li>A s\u00e9rie fica na mem\u00f3ria de Rabo de Peixe e j\u00e1 pesa no turismo local, com refer\u00eancias \u00e0 vila e ao videoclube que atraem visitantes.<\/li>\n<\/ul>\n","protected":false},"author":2,"featured_media":447759,"comment_status":"closed","ping_status":"closed","sticky":false,"template":"","format":"standard","meta":{"footnotes":""},"categories":[7375,7368],"tags":[8118,7921,8607,7912,1014,2390],"class_list":["post-447752","post","type-post","status-publish","format-standard","has-post-thumbnail","hentry","category-cultura","category-series-e-filmes","tag-_acores","tag-_crime","tag-_equipas","tag-_turismo","tag-portugal","tag-series"],"yoast_head":"<!-- This site is optimized with the Yoast SEO plugin v27.2 - https:\/\/yoast.com\/product\/yoast-seo-wordpress\/ -->\n<title>Equipa de Rabo de Peixe quer falar consigo - Portal Tela Portugal<\/title>\n<meta name=\"robots\" content=\"index, follow, max-snippet:-1, max-image-preview:large, max-video-preview:-1\" \/>\n<meta property=\"og:locale\" content=\"pt_PT\" \/>\n<meta property=\"og:type\" content=\"article\" \/>\n<meta property=\"og:title\" content=\"Equipa de Rabo de Peixe quer falar consigo - Portal Tela Portugal\" \/>\n<meta property=\"og:description\" content=\"A terceira e \u00faltima temporada de Rabo de Peixe estreou na Netflix e, nos primeiros tr\u00eas dias, ficou no primeiro lugar das mais vistas em Portugal. No Top Ten da Netflix relativo aos dias 6 a 12 de Abril, a s\u00e9rie foi tamb\u00e9m das mais vistas no Luxemburgo, pa\u00eds com forte liga\u00e7\u00e3o a Portugal. O epis\u00f3dio final mostra a ilha a purgar-se com uma erup\u00e7\u00e3o vulc\u00e2nica, e o quinto epis\u00f3dio traz uma trag\u00e9dia que cobre a investiga\u00e7\u00e3o com uma nova dimens\u00e3o dram\u00e1tica. Os criadores e o elenco destacam o trabalho da equipa: Augusto Fraga elogia Patr\u00edcia Sequeira e Mar\u00eda Jo\u00e3o Bastos; os atores falam de nostalgia e da evolu\u00e7\u00e3o das personagens. A s\u00e9rie fica na mem\u00f3ria de Rabo de Peixe e j\u00e1 pesa no turismo local, com refer\u00eancias \u00e0 vila e ao videoclube que atraem visitantes.\" \/>\n<meta property=\"og:url\" content=\"https:\/\/portaltela.pt\/noticias\/2026\/04\/16\/equipa-de-rabo-de-peixe-quer-falar-consigo\/\" \/>\n<meta property=\"og:site_name\" content=\"Portal Tela Portugal\" \/>\n<meta property=\"article:published_time\" content=\"2026-04-17T00:00:00+00:00\" \/>\n<meta name=\"author\" content=\"Telinha\" \/>\n<meta name=\"twitter:card\" content=\"summary_large_image\" \/>\n<meta name=\"twitter:label1\" content=\"Escrito por\" \/>\n\t<meta name=\"twitter:data1\" content=\"Telinha\" \/>\n\t<meta name=\"twitter:label2\" content=\"Tempo estimado de leitura\" \/>\n\t<meta name=\"twitter:data2\" content=\"2 minutos\" \/>\n<script type=\"application\/ld+json\" class=\"yoast-schema-graph\">{\"@context\":\"https:\/\/schema.org\",\"@graph\":[{\"@type\":\"Article\",\"@id\":\"https:\/\/portaltela.pt\/noticias\/2026\/04\/16\/equipa-de-rabo-de-peixe-quer-falar-consigo\/#article\",\"isPartOf\":{\"@id\":\"https:\/\/portaltela.pt\/noticias\/2026\/04\/16\/equipa-de-rabo-de-peixe-quer-falar-consigo\/\"},\"author\":{\"name\":\"Telinha\",\"@id\":\"https:\/\/portaltela.pt\/#\/schema\/person\/c4278d4a6028830caff9ee44b42d32ed\"},\"headline\":\"Equipa de Rabo de Peixe quer falar consigo\",\"datePublished\":\"2026-04-17T00:00:00+00:00\",\"mainEntityOfPage\":{\"@id\":\"https:\/\/portaltela.pt\/noticias\/2026\/04\/16\/equipa-de-rabo-de-peixe-quer-falar-consigo\/\"},\"wordCount\":329,\"image\":{\"@id\":\"https:\/\/portaltela.pt\/noticias\/2026\/04\/16\/equipa-de-rabo-de-peixe-quer-falar-consigo\/#primaryimage\"},\"thumbnailUrl\":\"https:\/\/portaltela.pt\/s.01k8rhncp4jt1\/2026\/04\/2081956.jpg\",\"keywords\":[\"_A\u00e7ores\",\"_crime\",\"_equipas\",\"_turismo\",\"Portugal\",\"S\u00c9RIES\"],\"articleSection\":[\"Cultura\",\"S\u00e9ries e filmes\"],\"inLanguage\":\"pt-PT\"},{\"@type\":\"WebPage\",\"@id\":\"https:\/\/portaltela.pt\/noticias\/2026\/04\/16\/equipa-de-rabo-de-peixe-quer-falar-consigo\/\",\"url\":\"https:\/\/portaltela.pt\/noticias\/2026\/04\/16\/equipa-de-rabo-de-peixe-quer-falar-consigo\/\",\"name\":\"Equipa de Rabo de Peixe quer falar consigo - Portal Tela Portugal\",\"isPartOf\":{\"@id\":\"https:\/\/portaltela.pt\/#website\"},\"primaryImageOfPage\":{\"@id\":\"https:\/\/portaltela.pt\/noticias\/2026\/04\/16\/equipa-de-rabo-de-peixe-quer-falar-consigo\/#primaryimage\"},\"image\":{\"@id\":\"https:\/\/portaltela.pt\/noticias\/2026\/04\/16\/equipa-de-rabo-de-peixe-quer-falar-consigo\/#primaryimage\"},\"thumbnailUrl\":\"https:\/\/portaltela.pt\/s.01k8rhncp4jt1\/2026\/04\/2081956.jpg\",\"datePublished\":\"2026-04-17T00:00:00+00:00\",\"author\":{\"@id\":\"https:\/\/portaltela.pt\/#\/schema\/person\/c4278d4a6028830caff9ee44b42d32ed\"},\"breadcrumb\":{\"@id\":\"https:\/\/portaltela.pt\/noticias\/2026\/04\/16\/equipa-de-rabo-de-peixe-quer-falar-consigo\/#breadcrumb\"},\"inLanguage\":\"pt-PT\",\"potentialAction\":[{\"@type\":\"ReadAction\",\"target\":[\"https:\/\/portaltela.pt\/noticias\/2026\/04\/16\/equipa-de-rabo-de-peixe-quer-falar-consigo\/\"]}]},{\"@type\":\"ImageObject\",\"inLanguage\":\"pt-PT\",\"@id\":\"https:\/\/portaltela.pt\/noticias\/2026\/04\/16\/equipa-de-rabo-de-peixe-quer-falar-consigo\/#primaryimage\",\"url\":\"https:\/\/portaltela.pt\/s.01k8rhncp4jt1\/2026\/04\/2081956.jpg\",\"contentUrl\":\"https:\/\/portaltela.pt\/s.01k8rhncp4jt1\/2026\/04\/2081956.jpg\",\"width\":796,\"height\":448,\"caption\":\"Photo\"},{\"@type\":\"BreadcrumbList\",\"@id\":\"https:\/\/portaltela.pt\/noticias\/2026\/04\/16\/equipa-de-rabo-de-peixe-quer-falar-consigo\/#breadcrumb\",\"itemListElement\":[{\"@type\":\"ListItem\",\"position\":1,\"name\":\"In\u00edcio\",\"item\":\"https:\/\/portaltela.pt\/\"},{\"@type\":\"ListItem\",\"position\":2,\"name\":\"Equipa de Rabo de Peixe quer falar consigo\"}]},{\"@type\":\"WebSite\",\"@id\":\"https:\/\/portaltela.pt\/#website\",\"url\":\"https:\/\/portaltela.pt\/\",\"name\":\"Portal Tela Portugal\",\"description\":\"\",\"potentialAction\":[{\"@type\":\"SearchAction\",\"target\":{\"@type\":\"EntryPoint\",\"urlTemplate\":\"https:\/\/portaltela.pt\/?s={search_term_string}\"},\"query-input\":{\"@type\":\"PropertyValueSpecification\",\"valueRequired\":true,\"valueName\":\"search_term_string\"}}],\"inLanguage\":\"pt-PT\"},{\"@type\":\"Person\",\"@id\":\"https:\/\/portaltela.pt\/#\/schema\/person\/c4278d4a6028830caff9ee44b42d32ed\",\"name\":\"Telinha\",\"image\":{\"@type\":\"ImageObject\",\"inLanguage\":\"pt-PT\",\"@id\":\"https:\/\/portaltela.pt\/s.01k8rhncp4jt1\/2025\/11\/talking-bot-125x125.png\",\"url\":\"https:\/\/portaltela.pt\/s.01k8rhncp4jt1\/2025\/11\/talking-bot-125x125.png\",\"contentUrl\":\"https:\/\/portaltela.pt\/s.01k8rhncp4jt1\/2025\/11\/talking-bot-125x125.png\",\"caption\":\"Telinha\"},\"sameAs\":[\"https:\/\/portaltela.pt\/\"],\"url\":\"https:\/\/portaltela.pt\/por\/367410592786\/\"}]}<\/script>\n<!-- \/ Yoast SEO plugin. -->","yoast_head_json":{"title":"Equipa de Rabo de Peixe quer falar consigo - Portal Tela Portugal","robots":{"index":"index","follow":"follow","max-snippet":"max-snippet:-1","max-image-preview":"max-image-preview:large","max-video-preview":"max-video-preview:-1"},"og_locale":"pt_PT","og_type":"article","og_title":"Equipa de Rabo de Peixe quer falar consigo - Portal Tela Portugal","og_description":"A terceira e \u00faltima temporada de Rabo de Peixe estreou na Netflix e, nos primeiros tr\u00eas dias, ficou no primeiro lugar das mais vistas em Portugal. No Top Ten da Netflix relativo aos dias 6 a 12 de Abril, a s\u00e9rie foi tamb\u00e9m das mais vistas no Luxemburgo, pa\u00eds com forte liga\u00e7\u00e3o a Portugal. O epis\u00f3dio final mostra a ilha a purgar-se com uma erup\u00e7\u00e3o vulc\u00e2nica, e o quinto epis\u00f3dio traz uma trag\u00e9dia que cobre a investiga\u00e7\u00e3o com uma nova dimens\u00e3o dram\u00e1tica. Os criadores e o elenco destacam o trabalho da equipa: Augusto Fraga elogia Patr\u00edcia Sequeira e Mar\u00eda Jo\u00e3o Bastos; os atores falam de nostalgia e da evolu\u00e7\u00e3o das personagens. A s\u00e9rie fica na mem\u00f3ria de Rabo de Peixe e j\u00e1 pesa no turismo local, com refer\u00eancias \u00e0 vila e ao videoclube que atraem visitantes.","og_url":"https:\/\/portaltela.pt\/noticias\/2026\/04\/16\/equipa-de-rabo-de-peixe-quer-falar-consigo\/","og_site_name":"Portal Tela Portugal","article_published_time":"2026-04-17T00:00:00+00:00","author":"Telinha","twitter_card":"summary_large_image","twitter_misc":{"Escrito por":"Telinha","Tempo estimado de leitura":"2 minutos"},"schema":{"@context":"https:\/\/schema.org","@graph":[{"@type":"Article","@id":"https:\/\/portaltela.pt\/noticias\/2026\/04\/16\/equipa-de-rabo-de-peixe-quer-falar-consigo\/#article","isPartOf":{"@id":"https:\/\/portaltela.pt\/noticias\/2026\/04\/16\/equipa-de-rabo-de-peixe-quer-falar-consigo\/"},"author":{"name":"Telinha","@id":"https:\/\/portaltela.pt\/#\/schema\/person\/c4278d4a6028830caff9ee44b42d32ed"},"headline":"Equipa de Rabo de Peixe quer falar consigo","datePublished":"2026-04-17T00:00:00+00:00","mainEntityOfPage":{"@id":"https:\/\/portaltela.pt\/noticias\/2026\/04\/16\/equipa-de-rabo-de-peixe-quer-falar-consigo\/"},"wordCount":329,"image":{"@id":"https:\/\/portaltela.pt\/noticias\/2026\/04\/16\/equipa-de-rabo-de-peixe-quer-falar-consigo\/#primaryimage"},"thumbnailUrl":"https:\/\/portaltela.pt\/s.01k8rhncp4jt1\/2026\/04\/2081956.jpg","keywords":["_A\u00e7ores","_crime","_equipas","_turismo","Portugal","S\u00c9RIES"],"articleSection":["Cultura","S\u00e9ries e filmes"],"inLanguage":"pt-PT"},{"@type":"WebPage","@id":"https:\/\/portaltela.pt\/noticias\/2026\/04\/16\/equipa-de-rabo-de-peixe-quer-falar-consigo\/","url":"https:\/\/portaltela.pt\/noticias\/2026\/04\/16\/equipa-de-rabo-de-peixe-quer-falar-consigo\/","name":"Equipa de Rabo de Peixe quer falar consigo - Portal Tela Portugal","isPartOf":{"@id":"https:\/\/portaltela.pt\/#website"},"primaryImageOfPage":{"@id":"https:\/\/portaltela.pt\/noticias\/2026\/04\/16\/equipa-de-rabo-de-peixe-quer-falar-consigo\/#primaryimage"},"image":{"@id":"https:\/\/portaltela.pt\/noticias\/2026\/04\/16\/equipa-de-rabo-de-peixe-quer-falar-consigo\/#primaryimage"},"thumbnailUrl":"https:\/\/portaltela.pt\/s.01k8rhncp4jt1\/2026\/04\/2081956.jpg","datePublished":"2026-04-17T00:00:00+00:00","author":{"@id":"https:\/\/portaltela.pt\/#\/schema\/person\/c4278d4a6028830caff9ee44b42d32ed"},"breadcrumb":{"@id":"https:\/\/portaltela.pt\/noticias\/2026\/04\/16\/equipa-de-rabo-de-peixe-quer-falar-consigo\/#breadcrumb"},"inLanguage":"pt-PT","potentialAction":[{"@type":"ReadAction","target":["https:\/\/portaltela.pt\/noticias\/2026\/04\/16\/equipa-de-rabo-de-peixe-quer-falar-consigo\/"]}]},{"@type":"ImageObject","inLanguage":"pt-PT","@id":"https:\/\/portaltela.pt\/noticias\/2026\/04\/16\/equipa-de-rabo-de-peixe-quer-falar-consigo\/#primaryimage","url":"https:\/\/portaltela.pt\/s.01k8rhncp4jt1\/2026\/04\/2081956.jpg","contentUrl":"https:\/\/portaltela.pt\/s.01k8rhncp4jt1\/2026\/04\/2081956.jpg","width":796,"height":448,"caption":"Photo"},{"@type":"BreadcrumbList","@id":"https:\/\/portaltela.pt\/noticias\/2026\/04\/16\/equipa-de-rabo-de-peixe-quer-falar-consigo\/#breadcrumb","itemListElement":[{"@type":"ListItem","position":1,"name":"In\u00edcio","item":"https:\/\/portaltela.pt\/"},{"@type":"ListItem","position":2,"name":"Equipa de Rabo de Peixe quer falar consigo"}]},{"@type":"WebSite","@id":"https:\/\/portaltela.pt\/#website","url":"https:\/\/portaltela.pt\/","name":"Portal Tela Portugal","description":"","potentialAction":[{"@type":"SearchAction","target":{"@type":"EntryPoint","urlTemplate":"https:\/\/portaltela.pt\/?s={search_term_string}"},"query-input":{"@type":"PropertyValueSpecification","valueRequired":true,"valueName":"search_term_string"}}],"inLanguage":"pt-PT"},{"@type":"Person","@id":"https:\/\/portaltela.pt\/#\/schema\/person\/c4278d4a6028830caff9ee44b42d32ed","name":"Telinha","image":{"@type":"ImageObject","inLanguage":"pt-PT","@id":"https:\/\/portaltela.pt\/s.01k8rhncp4jt1\/2025\/11\/talking-bot-125x125.png","url":"https:\/\/portaltela.pt\/s.01k8rhncp4jt1\/2025\/11\/talking-bot-125x125.png","contentUrl":"https:\/\/portaltela.pt\/s.01k8rhncp4jt1\/2025\/11\/talking-bot-125x125.png","caption":"Telinha"},"sameAs":["https:\/\/portaltela.pt\/"],"url":"https:\/\/portaltela.pt\/por\/367410592786\/"}]}},"_links":{"self":[{"href":"https:\/\/portaltela.pt\/api\/wp\/v2\/posts\/447752","targetHints":{"allow":["GET"]}}],"collection":[{"href":"https:\/\/portaltela.pt\/api\/wp\/v2\/posts"}],"about":[{"href":"https:\/\/portaltela.pt\/api\/wp\/v2\/types\/post"}],"author":[{"embeddable":true,"href":"https:\/\/portaltela.pt\/api\/wp\/v2\/users\/2"}],"replies":[{"embeddable":true,"href":"https:\/\/portaltela.pt\/api\/wp\/v2\/comments?post=447752"}],"version-history":[{"count":0,"href":"https:\/\/portaltela.pt\/api\/wp\/v2\/posts\/447752\/revisions"}],"wp:featuredmedia":[{"embeddable":true,"href":"https:\/\/portaltela.pt\/api\/wp\/v2\/media\/447759"}],"wp:attachment":[{"href":"https:\/\/portaltela.pt\/api\/wp\/v2\/media?parent=447752"}],"wp:term":[{"taxonomy":"category","embeddable":true,"href":"https:\/\/portaltela.pt\/api\/wp\/v2\/categories?post=447752"},{"taxonomy":"post_tag","embeddable":true,"href":"https:\/\/portaltela.pt\/api\/wp\/v2\/tags?post=447752"}],"curies":[{"name":"wp","href":"https:\/\/api.w.org\/{rel}","templated":true}]}}