{"id":447701,"date":"2026-04-17T08:17:47","date_gmt":"2026-04-17T11:17:47","guid":{"rendered":"https:\/\/portaltela.pt\/noticias\/2026\/04\/17\/ex-autarca-de-montalegre-inicia-julgamento-sem-declaracoes-nesta-fase\/"},"modified":"2026-04-17T08:17:47","modified_gmt":"2026-04-17T11:17:47","slug":"ex-autarca-de-montalegre-inicia-julgamento-sem-declaracoes-nesta-fase","status":"publish","type":"post","link":"https:\/\/portaltela.pt\/noticias\/2026\/04\/17\/ex-autarca-de-montalegre-inicia-julgamento-sem-declaracoes-nesta-fase\/","title":{"rendered":"Ex-autarca de Montalegre inicia julgamento sem declara\u00e7\u00f5es nesta fase"},"content":{"rendered":"<p>O ex-presidente da C\u00e2mara de Montalegre, Orlando Alves, recusou-se a prestar declara\u00e7\u00f5es na fase inicial do julgamento da opera\u00e7\u00e3o Alquimia, que arrancou hoje, em Mur\u00e7a. O processo envolve 59 arguidos, incluindo o ex-vice-presidente David Teixeira e mais 57 arguidos.<\/p>\n<p>O julgamento decorre no Tribunal de Mur\u00e7a, no distrito de Vila Real, pela dimens\u00e3o do processo, n\u00famero de advogados, testemunhas e documenta\u00e7\u00e3o. Ambos os ex-autarcas, eleitos pelo PS, renunciaram aos cargos ap\u00f3s a opera\u00e7\u00e3o da PJ, em outubro de 2022.<\/p>\n<p>O terceiro arguido, antigo chefe de divis\u00e3o de Obras P\u00fablicas, tamb\u00e9m n\u00e3o falou neste arranque. Pela manh\u00e3, foram identificados 59 arguidos, 19 empresas, com crimes alegados como associa\u00e7\u00e3o criminosa, corrup\u00e7\u00e3o, prevarica\u00e7\u00e3o e fraude em subs\u00eddios.<\/p>\n<h3>Imputa\u00e7\u00f5es e crimes<\/h3>\n<p>O Minist\u00e9rio P\u00fablico aponta para mais de 300 crimes contra Orlando Alves, incluindo associa\u00e7\u00e3o criminosa, prevarica\u00e7\u00e3o, participa\u00e7\u00e3o econ\u00f3mica em neg\u00f3cio, branqueamento, falsifica\u00e7\u00e3o de documentos e fraude em subs\u00eddios.<\/p>\n<p>Os antigos autarcas s\u00e3o suspeitos de favorecer amigos e familiares em centenas de concursos p\u00fablicos, recorrer sistematicamente a ajustas diretos, dividir obras e fracionar despesa entre 2014 e 2022.<\/p>\n<p>Depois da deten\u00e7\u00e3o, Orlando Alves esteve em pris\u00e3o preventiva cerca de um m\u00eas e meio, passou a pris\u00e3o domicili\u00e1ria em dezembro de 2022 e deixou a pris\u00e3o domicili\u00e1ria em fevereiro de 2024, mantendo proibi\u00e7\u00e3o de entrar em Montalegre.<\/p>\n","protected":false},"excerpt":{"rendered":"<ul>\n<li>O ex-presidente da C\u00e2mara de Montalegre, Orlando Alves, escusou-se de prestar declara\u00e7\u00f5es no in\u00edcio do julgamento da opera\u00e7\u00e3o Alquimia, que come\u00e7ou esta manh\u00e3 em Mur\u00e7a.<\/li>\n<li>O ex-vice-presidente David Teixeira, eleito pelo PS, informou que prestar\u00e1 depoimento; Alves n\u00e3o falou, e um terceiro arguido, chefe de divis\u00e3o de Obras P\u00fablicas, tamb\u00e9m n\u00e3o falou nesta fase inicial.<\/li>\n<li>O megaprocesso envolve 59 arguidos, incluindo 19 empresas, e decorre no Tribunal de Mur\u00e7a devido ao volume de casos, advogados, testemunhas e documenta\u00e7\u00e3o.<\/li>\n<li>A acusa\u00e7\u00e3o imputou ao antigo presidente mais de 300 crimes, entre os quais associa\u00e7\u00e3o criminosa, prevarica\u00e7\u00e3o, branqueamento, participa\u00e7\u00e3o econ\u00f3mica em neg\u00f3cio, falsifica\u00e7\u00e3o de documentos e fraude na obten\u00e7\u00e3o de subs\u00eddio; suspeita favorecimento de amigos e familiares em centenas de concursos p\u00fablicos entre 2014 e 2022.<\/li>\n<li>Orlando Alves j\u00e1 esteve em pris\u00e3o preventiva, passou a pris\u00e3o domicili\u00e1ria em dezembro de 2022 e, em fevereiro de 2024, saiu da pris\u00e3o domicili\u00e1ria, mantendo a proibi\u00e7\u00e3o de entrar em Montalegre.<\/li>\n<\/ul>\n","protected":false},"author":2,"featured_media":447703,"comment_status":"closed","ping_status":"closed","sticky":false,"template":"","format":"standard","meta":{"footnotes":""},"categories":[6815,1],"tags":[1151,83,803,3913,1802,261],"class_list":["post-447701","post","type-post","status-publish","format-standard","has-post-thumbnail","hentry","category-justica","category-noticias","tag-associacao-criminosa","tag-corrupcao","tag-justica","tag-montalegre","tag-policia-judiciaria","tag-prevaricacao"],"yoast_head":"<!-- This site is optimized with the Yoast SEO plugin v27.2 - https:\/\/yoast.com\/product\/yoast-seo-wordpress\/ -->\n<title>Ex-autarca de Montalegre inicia julgamento sem declara\u00e7\u00f5es nesta fase - Portal Tela Portugal<\/title>\n<meta name=\"robots\" content=\"index, follow, max-snippet:-1, max-image-preview:large, max-video-preview:-1\" \/>\n<meta property=\"og:locale\" content=\"pt_PT\" \/>\n<meta property=\"og:type\" content=\"article\" \/>\n<meta property=\"og:title\" content=\"Ex-autarca de Montalegre inicia julgamento sem declara\u00e7\u00f5es nesta fase - Portal Tela Portugal\" \/>\n<meta property=\"og:description\" content=\"O ex-presidente da C\u00e2mara de Montalegre, Orlando Alves, escusou-se de prestar declara\u00e7\u00f5es no in\u00edcio do julgamento da opera\u00e7\u00e3o Alquimia, que come\u00e7ou esta manh\u00e3 em Mur\u00e7a. O ex-vice-presidente David Teixeira, eleito pelo PS, informou que prestar\u00e1 depoimento; Alves n\u00e3o falou, e um terceiro arguido, chefe de divis\u00e3o de Obras P\u00fablicas, tamb\u00e9m n\u00e3o falou nesta fase inicial. O megaprocesso envolve 59 arguidos, incluindo 19 empresas, e decorre no Tribunal de Mur\u00e7a devido ao volume de casos, advogados, testemunhas e documenta\u00e7\u00e3o. A acusa\u00e7\u00e3o imputou ao antigo presidente mais de 300 crimes, entre os quais associa\u00e7\u00e3o criminosa, prevarica\u00e7\u00e3o, branqueamento, participa\u00e7\u00e3o econ\u00f3mica em neg\u00f3cio, falsifica\u00e7\u00e3o de documentos e fraude na obten\u00e7\u00e3o de subs\u00eddio; suspeita favorecimento de amigos e familiares em centenas de concursos p\u00fablicos entre 2014 e 2022. Orlando Alves j\u00e1 esteve em pris\u00e3o preventiva, passou a pris\u00e3o domicili\u00e1ria em dezembro de 2022 e, em fevereiro de 2024, saiu da pris\u00e3o domicili\u00e1ria, mantendo a proibi\u00e7\u00e3o de entrar em Montalegre.\" \/>\n<meta property=\"og:url\" content=\"https:\/\/portaltela.pt\/noticias\/2026\/04\/17\/ex-autarca-de-montalegre-inicia-julgamento-sem-declaracoes-nesta-fase\/\" \/>\n<meta property=\"og:site_name\" content=\"Portal Tela Portugal\" \/>\n<meta property=\"article:published_time\" content=\"2026-04-17T11:17:47+00:00\" \/>\n<meta name=\"author\" content=\"Telinha\" \/>\n<meta name=\"twitter:card\" content=\"summary_large_image\" \/>\n<meta name=\"twitter:label1\" content=\"Escrito por\" \/>\n\t<meta name=\"twitter:data1\" content=\"Telinha\" \/>\n\t<meta name=\"twitter:label2\" content=\"Tempo estimado de leitura\" \/>\n\t<meta name=\"twitter:data2\" content=\"1 minuto\" \/>\n<script type=\"application\/ld+json\" class=\"yoast-schema-graph\">{\"@context\":\"https:\/\/schema.org\",\"@graph\":[{\"@type\":\"Article\",\"@id\":\"https:\/\/portaltela.pt\/noticias\/2026\/04\/17\/ex-autarca-de-montalegre-inicia-julgamento-sem-declaracoes-nesta-fase\/#article\",\"isPartOf\":{\"@id\":\"https:\/\/portaltela.pt\/noticias\/2026\/04\/17\/ex-autarca-de-montalegre-inicia-julgamento-sem-declaracoes-nesta-fase\/\"},\"author\":{\"name\":\"Telinha\",\"@id\":\"https:\/\/portaltela.pt\/#\/schema\/person\/c4278d4a6028830caff9ee44b42d32ed\"},\"headline\":\"Ex-autarca de Montalegre inicia julgamento sem declara\u00e7\u00f5es nesta fase\",\"datePublished\":\"2026-04-17T11:17:47+00:00\",\"mainEntityOfPage\":{\"@id\":\"https:\/\/portaltela.pt\/noticias\/2026\/04\/17\/ex-autarca-de-montalegre-inicia-julgamento-sem-declaracoes-nesta-fase\/\"},\"wordCount\":250,\"image\":{\"@id\":\"https:\/\/portaltela.pt\/noticias\/2026\/04\/17\/ex-autarca-de-montalegre-inicia-julgamento-sem-declaracoes-nesta-fase\/#primaryimage\"},\"thumbnailUrl\":\"https:\/\/portaltela.pt\/s.01k8rhncp4jt1\/2026\/04\/img_1500x1000uu2026-04-17-12-11-10-2279115.jpg\",\"keywords\":[\"associa\u00e7\u00e3o criminosa\",\"corrup\u00e7\u00e3o\",\"justi\u00e7a\",\"Montalegre\",\"Pol\u00edcia Judici\u00e1ria\",\"prevarica\u00e7\u00e3o\"],\"articleSection\":[\"Justi\u00e7a\",\"Not\u00edcias\"],\"inLanguage\":\"pt-PT\"},{\"@type\":\"WebPage\",\"@id\":\"https:\/\/portaltela.pt\/noticias\/2026\/04\/17\/ex-autarca-de-montalegre-inicia-julgamento-sem-declaracoes-nesta-fase\/\",\"url\":\"https:\/\/portaltela.pt\/noticias\/2026\/04\/17\/ex-autarca-de-montalegre-inicia-julgamento-sem-declaracoes-nesta-fase\/\",\"name\":\"Ex-autarca de Montalegre inicia julgamento sem declara\u00e7\u00f5es nesta fase - Portal Tela Portugal\",\"isPartOf\":{\"@id\":\"https:\/\/portaltela.pt\/#website\"},\"primaryImageOfPage\":{\"@id\":\"https:\/\/portaltela.pt\/noticias\/2026\/04\/17\/ex-autarca-de-montalegre-inicia-julgamento-sem-declaracoes-nesta-fase\/#primaryimage\"},\"image\":{\"@id\":\"https:\/\/portaltela.pt\/noticias\/2026\/04\/17\/ex-autarca-de-montalegre-inicia-julgamento-sem-declaracoes-nesta-fase\/#primaryimage\"},\"thumbnailUrl\":\"https:\/\/portaltela.pt\/s.01k8rhncp4jt1\/2026\/04\/img_1500x1000uu2026-04-17-12-11-10-2279115.jpg\",\"datePublished\":\"2026-04-17T11:17:47+00:00\",\"author\":{\"@id\":\"https:\/\/portaltela.pt\/#\/schema\/person\/c4278d4a6028830caff9ee44b42d32ed\"},\"breadcrumb\":{\"@id\":\"https:\/\/portaltela.pt\/noticias\/2026\/04\/17\/ex-autarca-de-montalegre-inicia-julgamento-sem-declaracoes-nesta-fase\/#breadcrumb\"},\"inLanguage\":\"pt-PT\",\"potentialAction\":[{\"@type\":\"ReadAction\",\"target\":[\"https:\/\/portaltela.pt\/noticias\/2026\/04\/17\/ex-autarca-de-montalegre-inicia-julgamento-sem-declaracoes-nesta-fase\/\"]}]},{\"@type\":\"ImageObject\",\"inLanguage\":\"pt-PT\",\"@id\":\"https:\/\/portaltela.pt\/noticias\/2026\/04\/17\/ex-autarca-de-montalegre-inicia-julgamento-sem-declaracoes-nesta-fase\/#primaryimage\",\"url\":\"https:\/\/portaltela.pt\/s.01k8rhncp4jt1\/2026\/04\/img_1500x1000uu2026-04-17-12-11-10-2279115.jpg\",\"contentUrl\":\"https:\/\/portaltela.pt\/s.01k8rhncp4jt1\/2026\/04\/img_1500x1000uu2026-04-17-12-11-10-2279115.jpg\",\"width\":796,\"height\":448,\"caption\":\"Tribunal de Mur\u00e7a\"},{\"@type\":\"BreadcrumbList\",\"@id\":\"https:\/\/portaltela.pt\/noticias\/2026\/04\/17\/ex-autarca-de-montalegre-inicia-julgamento-sem-declaracoes-nesta-fase\/#breadcrumb\",\"itemListElement\":[{\"@type\":\"ListItem\",\"position\":1,\"name\":\"In\u00edcio\",\"item\":\"https:\/\/portaltela.pt\/\"},{\"@type\":\"ListItem\",\"position\":2,\"name\":\"Ex-autarca de Montalegre inicia julgamento sem declara\u00e7\u00f5es nesta fase\"}]},{\"@type\":\"WebSite\",\"@id\":\"https:\/\/portaltela.pt\/#website\",\"url\":\"https:\/\/portaltela.pt\/\",\"name\":\"Portal Tela Portugal\",\"description\":\"\",\"potentialAction\":[{\"@type\":\"SearchAction\",\"target\":{\"@type\":\"EntryPoint\",\"urlTemplate\":\"https:\/\/portaltela.pt\/?s={search_term_string}\"},\"query-input\":{\"@type\":\"PropertyValueSpecification\",\"valueRequired\":true,\"valueName\":\"search_term_string\"}}],\"inLanguage\":\"pt-PT\"},{\"@type\":\"Person\",\"@id\":\"https:\/\/portaltela.pt\/#\/schema\/person\/c4278d4a6028830caff9ee44b42d32ed\",\"name\":\"Telinha\",\"image\":{\"@type\":\"ImageObject\",\"inLanguage\":\"pt-PT\",\"@id\":\"https:\/\/portaltela.pt\/s.01k8rhncp4jt1\/2025\/11\/talking-bot-125x125.png\",\"url\":\"https:\/\/portaltela.pt\/s.01k8rhncp4jt1\/2025\/11\/talking-bot-125x125.png\",\"contentUrl\":\"https:\/\/portaltela.pt\/s.01k8rhncp4jt1\/2025\/11\/talking-bot-125x125.png\",\"caption\":\"Telinha\"},\"sameAs\":[\"https:\/\/portaltela.pt\/\"],\"url\":\"https:\/\/portaltela.pt\/por\/367410592786\/\"}]}<\/script>\n<!-- \/ Yoast SEO plugin. -->","yoast_head_json":{"title":"Ex-autarca de Montalegre inicia julgamento sem declara\u00e7\u00f5es nesta fase - Portal Tela Portugal","robots":{"index":"index","follow":"follow","max-snippet":"max-snippet:-1","max-image-preview":"max-image-preview:large","max-video-preview":"max-video-preview:-1"},"og_locale":"pt_PT","og_type":"article","og_title":"Ex-autarca de Montalegre inicia julgamento sem declara\u00e7\u00f5es nesta fase - Portal Tela Portugal","og_description":"O ex-presidente da C\u00e2mara de Montalegre, Orlando Alves, escusou-se de prestar declara\u00e7\u00f5es no in\u00edcio do julgamento da opera\u00e7\u00e3o Alquimia, que come\u00e7ou esta manh\u00e3 em Mur\u00e7a. O ex-vice-presidente David Teixeira, eleito pelo PS, informou que prestar\u00e1 depoimento; Alves n\u00e3o falou, e um terceiro arguido, chefe de divis\u00e3o de Obras P\u00fablicas, tamb\u00e9m n\u00e3o falou nesta fase inicial. O megaprocesso envolve 59 arguidos, incluindo 19 empresas, e decorre no Tribunal de Mur\u00e7a devido ao volume de casos, advogados, testemunhas e documenta\u00e7\u00e3o. A acusa\u00e7\u00e3o imputou ao antigo presidente mais de 300 crimes, entre os quais associa\u00e7\u00e3o criminosa, prevarica\u00e7\u00e3o, branqueamento, participa\u00e7\u00e3o econ\u00f3mica em neg\u00f3cio, falsifica\u00e7\u00e3o de documentos e fraude na obten\u00e7\u00e3o de subs\u00eddio; suspeita favorecimento de amigos e familiares em centenas de concursos p\u00fablicos entre 2014 e 2022. Orlando Alves j\u00e1 esteve em pris\u00e3o preventiva, passou a pris\u00e3o domicili\u00e1ria em dezembro de 2022 e, em fevereiro de 2024, saiu da pris\u00e3o domicili\u00e1ria, mantendo a proibi\u00e7\u00e3o de entrar em Montalegre.","og_url":"https:\/\/portaltela.pt\/noticias\/2026\/04\/17\/ex-autarca-de-montalegre-inicia-julgamento-sem-declaracoes-nesta-fase\/","og_site_name":"Portal Tela Portugal","article_published_time":"2026-04-17T11:17:47+00:00","author":"Telinha","twitter_card":"summary_large_image","twitter_misc":{"Escrito por":"Telinha","Tempo estimado de leitura":"1 minuto"},"schema":{"@context":"https:\/\/schema.org","@graph":[{"@type":"Article","@id":"https:\/\/portaltela.pt\/noticias\/2026\/04\/17\/ex-autarca-de-montalegre-inicia-julgamento-sem-declaracoes-nesta-fase\/#article","isPartOf":{"@id":"https:\/\/portaltela.pt\/noticias\/2026\/04\/17\/ex-autarca-de-montalegre-inicia-julgamento-sem-declaracoes-nesta-fase\/"},"author":{"name":"Telinha","@id":"https:\/\/portaltela.pt\/#\/schema\/person\/c4278d4a6028830caff9ee44b42d32ed"},"headline":"Ex-autarca de Montalegre inicia julgamento sem declara\u00e7\u00f5es nesta fase","datePublished":"2026-04-17T11:17:47+00:00","mainEntityOfPage":{"@id":"https:\/\/portaltela.pt\/noticias\/2026\/04\/17\/ex-autarca-de-montalegre-inicia-julgamento-sem-declaracoes-nesta-fase\/"},"wordCount":250,"image":{"@id":"https:\/\/portaltela.pt\/noticias\/2026\/04\/17\/ex-autarca-de-montalegre-inicia-julgamento-sem-declaracoes-nesta-fase\/#primaryimage"},"thumbnailUrl":"https:\/\/portaltela.pt\/s.01k8rhncp4jt1\/2026\/04\/img_1500x1000uu2026-04-17-12-11-10-2279115.jpg","keywords":["associa\u00e7\u00e3o criminosa","corrup\u00e7\u00e3o","justi\u00e7a","Montalegre","Pol\u00edcia Judici\u00e1ria","prevarica\u00e7\u00e3o"],"articleSection":["Justi\u00e7a","Not\u00edcias"],"inLanguage":"pt-PT"},{"@type":"WebPage","@id":"https:\/\/portaltela.pt\/noticias\/2026\/04\/17\/ex-autarca-de-montalegre-inicia-julgamento-sem-declaracoes-nesta-fase\/","url":"https:\/\/portaltela.pt\/noticias\/2026\/04\/17\/ex-autarca-de-montalegre-inicia-julgamento-sem-declaracoes-nesta-fase\/","name":"Ex-autarca de Montalegre inicia julgamento sem declara\u00e7\u00f5es nesta fase - Portal Tela Portugal","isPartOf":{"@id":"https:\/\/portaltela.pt\/#website"},"primaryImageOfPage":{"@id":"https:\/\/portaltela.pt\/noticias\/2026\/04\/17\/ex-autarca-de-montalegre-inicia-julgamento-sem-declaracoes-nesta-fase\/#primaryimage"},"image":{"@id":"https:\/\/portaltela.pt\/noticias\/2026\/04\/17\/ex-autarca-de-montalegre-inicia-julgamento-sem-declaracoes-nesta-fase\/#primaryimage"},"thumbnailUrl":"https:\/\/portaltela.pt\/s.01k8rhncp4jt1\/2026\/04\/img_1500x1000uu2026-04-17-12-11-10-2279115.jpg","datePublished":"2026-04-17T11:17:47+00:00","author":{"@id":"https:\/\/portaltela.pt\/#\/schema\/person\/c4278d4a6028830caff9ee44b42d32ed"},"breadcrumb":{"@id":"https:\/\/portaltela.pt\/noticias\/2026\/04\/17\/ex-autarca-de-montalegre-inicia-julgamento-sem-declaracoes-nesta-fase\/#breadcrumb"},"inLanguage":"pt-PT","potentialAction":[{"@type":"ReadAction","target":["https:\/\/portaltela.pt\/noticias\/2026\/04\/17\/ex-autarca-de-montalegre-inicia-julgamento-sem-declaracoes-nesta-fase\/"]}]},{"@type":"ImageObject","inLanguage":"pt-PT","@id":"https:\/\/portaltela.pt\/noticias\/2026\/04\/17\/ex-autarca-de-montalegre-inicia-julgamento-sem-declaracoes-nesta-fase\/#primaryimage","url":"https:\/\/portaltela.pt\/s.01k8rhncp4jt1\/2026\/04\/img_1500x1000uu2026-04-17-12-11-10-2279115.jpg","contentUrl":"https:\/\/portaltela.pt\/s.01k8rhncp4jt1\/2026\/04\/img_1500x1000uu2026-04-17-12-11-10-2279115.jpg","width":796,"height":448,"caption":"Tribunal de Mur\u00e7a"},{"@type":"BreadcrumbList","@id":"https:\/\/portaltela.pt\/noticias\/2026\/04\/17\/ex-autarca-de-montalegre-inicia-julgamento-sem-declaracoes-nesta-fase\/#breadcrumb","itemListElement":[{"@type":"ListItem","position":1,"name":"In\u00edcio","item":"https:\/\/portaltela.pt\/"},{"@type":"ListItem","position":2,"name":"Ex-autarca de Montalegre inicia julgamento sem declara\u00e7\u00f5es nesta fase"}]},{"@type":"WebSite","@id":"https:\/\/portaltela.pt\/#website","url":"https:\/\/portaltela.pt\/","name":"Portal Tela Portugal","description":"","potentialAction":[{"@type":"SearchAction","target":{"@type":"EntryPoint","urlTemplate":"https:\/\/portaltela.pt\/?s={search_term_string}"},"query-input":{"@type":"PropertyValueSpecification","valueRequired":true,"valueName":"search_term_string"}}],"inLanguage":"pt-PT"},{"@type":"Person","@id":"https:\/\/portaltela.pt\/#\/schema\/person\/c4278d4a6028830caff9ee44b42d32ed","name":"Telinha","image":{"@type":"ImageObject","inLanguage":"pt-PT","@id":"https:\/\/portaltela.pt\/s.01k8rhncp4jt1\/2025\/11\/talking-bot-125x125.png","url":"https:\/\/portaltela.pt\/s.01k8rhncp4jt1\/2025\/11\/talking-bot-125x125.png","contentUrl":"https:\/\/portaltela.pt\/s.01k8rhncp4jt1\/2025\/11\/talking-bot-125x125.png","caption":"Telinha"},"sameAs":["https:\/\/portaltela.pt\/"],"url":"https:\/\/portaltela.pt\/por\/367410592786\/"}]}},"_links":{"self":[{"href":"https:\/\/portaltela.pt\/api\/wp\/v2\/posts\/447701","targetHints":{"allow":["GET"]}}],"collection":[{"href":"https:\/\/portaltela.pt\/api\/wp\/v2\/posts"}],"about":[{"href":"https:\/\/portaltela.pt\/api\/wp\/v2\/types\/post"}],"author":[{"embeddable":true,"href":"https:\/\/portaltela.pt\/api\/wp\/v2\/users\/2"}],"replies":[{"embeddable":true,"href":"https:\/\/portaltela.pt\/api\/wp\/v2\/comments?post=447701"}],"version-history":[{"count":0,"href":"https:\/\/portaltela.pt\/api\/wp\/v2\/posts\/447701\/revisions"}],"wp:featuredmedia":[{"embeddable":true,"href":"https:\/\/portaltela.pt\/api\/wp\/v2\/media\/447703"}],"wp:attachment":[{"href":"https:\/\/portaltela.pt\/api\/wp\/v2\/media?parent=447701"}],"wp:term":[{"taxonomy":"category","embeddable":true,"href":"https:\/\/portaltela.pt\/api\/wp\/v2\/categories?post=447701"},{"taxonomy":"post_tag","embeddable":true,"href":"https:\/\/portaltela.pt\/api\/wp\/v2\/tags?post=447701"}],"curies":[{"name":"wp","href":"https:\/\/api.w.org\/{rel}","templated":true}]}}