{"id":447692,"date":"2026-04-17T08:17:29","date_gmt":"2026-04-17T11:17:29","guid":{"rendered":"https:\/\/portaltela.pt\/noticias\/2026\/04\/17\/agressao-a-guarda-na-cadeia-do-linho-causa-lesao-cervical\/"},"modified":"2026-04-17T08:17:29","modified_gmt":"2026-04-17T11:17:29","slug":"agressao-a-guarda-na-cadeia-do-linho-causa-lesao-cervical","status":"publish","type":"post","link":"https:\/\/portaltela.pt\/justica\/2026\/04\/17\/agressao-a-guarda-na-cadeia-do-linho-causa-lesao-cervical\/","title":{"rendered":"Agress\u00e3o a guarda na cadeia do Linh\u00f3 causa les\u00e3o cervical"},"content":{"rendered":"<p>Um guarda prisional da cadeia do Linh\u00f3, em Cascais, sofreu agress\u00f5es a murro durante uma revista \u00e0 cela, na tarde de quinta-feira. A v\u00edtima encontra-se de baixa por tempo indeterminado, com suspeita de les\u00e3o na cervical.<\/p>\n<p>O ataque ocorreu quando o recluso, jovem com uma pena de sete anos por roubos, j\u00e1 vinha a amea\u00e7ar guardas h\u00e1 v\u00e1rios dias. Por isso, foi efetuada uma busca \u00e0 sua cela; ao entrar no espa\u00e7o prisional, o agressor desferiu v\u00e1rios murros na cabe\u00e7a do primeiro guarda.<\/p>\n<p>O profissional foi hospitalizado e permanece de baixa; \u00e9 necess\u00e1ria uma bateria de exames \u00e0 coluna cervical devido \u00e0 poss\u00edvel les\u00e3o. O agressor encontra-se numa cela disciplinar, \u00e0 espera de desfecho processual.<\/p>\n<h3>Situa\u00e7\u00e3o do agressor e investiga\u00e7\u00e3o<\/h3>\n<p>Frederico Morais, presidente do Sindicato Nacional da Guarda Prisional, confirmou o sucedido ao CM. O sindicalista afirmou que as cadeias enfrentam falhas de seguran\u00e7a e que este incidente refor\u00e7a essa perspetiva, sem entrar em detalhes adicionais sobre o caso.<\/p>\n","protected":false},"excerpt":{"rendered":"<ul>\n<li>Um guarda prisional da cadeia do Linh\u00f3, Cascais, foi agredido a murro durante uma revista \u00e0 cela de um recluso.<\/li>\n<li>O agressor, jovem com pena de sete anos por roubos, j\u00e1 vinha a amea\u00e7ar os guardas h\u00e1 v\u00e1rios dias, e a dilig\u00eancia foi decidida por quest\u00f5es de seguran\u00e7a.<\/li>\n<li>A agress\u00e3o ocorreu na tarde de quinta-feira; o agressor foi imediatamente manietado e est\u00e1 numa cela disciplinar, \u00e0 espera de processo.<\/li>\n<li>O guarda foi hospitalizado e encontra-se de baixa por tempo indeterminado, com suspeita de les\u00e3o na cervical e necessidade de exames.<\/li>\n<li>Frederico Morais, presidente do Sindicato Nacional da Guarda Prisional, disse ao CM que a situa\u00e7\u00e3o refor\u00e7a preocupa\u00e7\u00f5es sobre a seguran\u00e7a nas cadeias.<\/li>\n<\/ul>\n","protected":false},"author":2,"featured_media":447693,"comment_status":"closed","ping_status":"closed","sticky":false,"template":"","format":"standard","meta":{"footnotes":""},"categories":[6907,6815],"tags":[2754,2079,6026,1111,250],"class_list":["post-447692","post","type-post","status-publish","format-standard","has-post-thumbnail","hentry","category-crime","category-justica","tag-agressao","tag-agressoes","tag-cadeias","tag-cascais","tag-seguranca-publica"],"yoast_head":"<!-- This site is optimized with the Yoast SEO plugin v27.2 - https:\/\/yoast.com\/product\/yoast-seo-wordpress\/ -->\n<title>Agress\u00e3o a guarda na cadeia do Linh\u00f3 causa les\u00e3o cervical - Portal Tela Portugal<\/title>\n<meta name=\"robots\" content=\"index, follow, max-snippet:-1, max-image-preview:large, max-video-preview:-1\" \/>\n<meta property=\"og:locale\" content=\"pt_PT\" \/>\n<meta property=\"og:type\" content=\"article\" \/>\n<meta property=\"og:title\" content=\"Agress\u00e3o a guarda na cadeia do Linh\u00f3 causa les\u00e3o cervical - Portal Tela Portugal\" \/>\n<meta property=\"og:description\" content=\"Um guarda prisional da cadeia do Linh\u00f3, Cascais, foi agredido a murro durante uma revista \u00e0 cela de um recluso. O agressor, jovem com pena de sete anos por roubos, j\u00e1 vinha a amea\u00e7ar os guardas h\u00e1 v\u00e1rios dias, e a dilig\u00eancia foi decidida por quest\u00f5es de seguran\u00e7a. A agress\u00e3o ocorreu na tarde de quinta-feira; o agressor foi imediatamente manietado e est\u00e1 numa cela disciplinar, \u00e0 espera de processo. O guarda foi hospitalizado e encontra-se de baixa por tempo indeterminado, com suspeita de les\u00e3o na cervical e necessidade de exames. Frederico Morais, presidente do Sindicato Nacional da Guarda Prisional, disse ao CM que a situa\u00e7\u00e3o refor\u00e7a preocupa\u00e7\u00f5es sobre a seguran\u00e7a nas cadeias.\" \/>\n<meta property=\"og:url\" content=\"https:\/\/portaltela.pt\/noticias\/2026\/04\/17\/agressao-a-guarda-na-cadeia-do-linho-causa-lesao-cervical\/\" \/>\n<meta property=\"og:site_name\" content=\"Portal Tela Portugal\" \/>\n<meta property=\"article:published_time\" content=\"2026-04-17T11:17:29+00:00\" \/>\n<meta name=\"author\" content=\"Telinha\" \/>\n<meta name=\"twitter:card\" content=\"summary_large_image\" \/>\n<meta name=\"twitter:label1\" content=\"Escrito por\" \/>\n\t<meta name=\"twitter:data1\" content=\"Telinha\" \/>\n\t<meta name=\"twitter:label2\" content=\"Tempo estimado de leitura\" \/>\n\t<meta name=\"twitter:data2\" content=\"1 minuto\" \/>\n<script type=\"application\/ld+json\" class=\"yoast-schema-graph\">{\"@context\":\"https:\/\/schema.org\",\"@graph\":[{\"@type\":\"Article\",\"@id\":\"https:\/\/portaltela.pt\/noticias\/2026\/04\/17\/agressao-a-guarda-na-cadeia-do-linho-causa-lesao-cervical\/#article\",\"isPartOf\":{\"@id\":\"https:\/\/portaltela.pt\/noticias\/2026\/04\/17\/agressao-a-guarda-na-cadeia-do-linho-causa-lesao-cervical\/\"},\"author\":{\"name\":\"Telinha\",\"@id\":\"https:\/\/portaltela.pt\/#\/schema\/person\/c4278d4a6028830caff9ee44b42d32ed\"},\"headline\":\"Agress\u00e3o a guarda na cadeia do Linh\u00f3 causa les\u00e3o cervical\",\"datePublished\":\"2026-04-17T11:17:29+00:00\",\"mainEntityOfPage\":{\"@id\":\"https:\/\/portaltela.pt\/noticias\/2026\/04\/17\/agressao-a-guarda-na-cadeia-do-linho-causa-lesao-cervical\/\"},\"wordCount\":180,\"image\":{\"@id\":\"https:\/\/portaltela.pt\/noticias\/2026\/04\/17\/agressao-a-guarda-na-cadeia-do-linho-causa-lesao-cervical\/#primaryimage\"},\"thumbnailUrl\":\"https:\/\/portaltela.pt\/s.01k8rhncp4jt1\/2026\/04\/img_1500x1000uu2019-06-26-12-58-35-864044-im-639120234724108050.jpg\",\"keywords\":[\"agress\u00e3o\",\"agress\u00f5es\",\"cadeias\",\"Cascais\",\"seguran\u00e7a p\u00fablica\"],\"articleSection\":[\"Crime\",\"Justi\u00e7a\"],\"inLanguage\":\"pt-PT\"},{\"@type\":\"WebPage\",\"@id\":\"https:\/\/portaltela.pt\/noticias\/2026\/04\/17\/agressao-a-guarda-na-cadeia-do-linho-causa-lesao-cervical\/\",\"url\":\"https:\/\/portaltela.pt\/noticias\/2026\/04\/17\/agressao-a-guarda-na-cadeia-do-linho-causa-lesao-cervical\/\",\"name\":\"Agress\u00e3o a guarda na cadeia do Linh\u00f3 causa les\u00e3o cervical - Portal Tela Portugal\",\"isPartOf\":{\"@id\":\"https:\/\/portaltela.pt\/#website\"},\"primaryImageOfPage\":{\"@id\":\"https:\/\/portaltela.pt\/noticias\/2026\/04\/17\/agressao-a-guarda-na-cadeia-do-linho-causa-lesao-cervical\/#primaryimage\"},\"image\":{\"@id\":\"https:\/\/portaltela.pt\/noticias\/2026\/04\/17\/agressao-a-guarda-na-cadeia-do-linho-causa-lesao-cervical\/#primaryimage\"},\"thumbnailUrl\":\"https:\/\/portaltela.pt\/s.01k8rhncp4jt1\/2026\/04\/img_1500x1000uu2019-06-26-12-58-35-864044-im-639120234724108050.jpg\",\"datePublished\":\"2026-04-17T11:17:29+00:00\",\"author\":{\"@id\":\"https:\/\/portaltela.pt\/#\/schema\/person\/c4278d4a6028830caff9ee44b42d32ed\"},\"breadcrumb\":{\"@id\":\"https:\/\/portaltela.pt\/noticias\/2026\/04\/17\/agressao-a-guarda-na-cadeia-do-linho-causa-lesao-cervical\/#breadcrumb\"},\"inLanguage\":\"pt-PT\",\"potentialAction\":[{\"@type\":\"ReadAction\",\"target\":[\"https:\/\/portaltela.pt\/noticias\/2026\/04\/17\/agressao-a-guarda-na-cadeia-do-linho-causa-lesao-cervical\/\"]}]},{\"@type\":\"ImageObject\",\"inLanguage\":\"pt-PT\",\"@id\":\"https:\/\/portaltela.pt\/noticias\/2026\/04\/17\/agressao-a-guarda-na-cadeia-do-linho-causa-lesao-cervical\/#primaryimage\",\"url\":\"https:\/\/portaltela.pt\/s.01k8rhncp4jt1\/2026\/04\/img_1500x1000uu2019-06-26-12-58-35-864044-im-639120234724108050.jpg\",\"contentUrl\":\"https:\/\/portaltela.pt\/s.01k8rhncp4jt1\/2026\/04\/img_1500x1000uu2019-06-26-12-58-35-864044-im-639120234724108050.jpg\",\"width\":796,\"height\":448,\"caption\":\"A agress\u00e3o ocorreu numa cela da cadeia do Linh\u00f3\"},{\"@type\":\"BreadcrumbList\",\"@id\":\"https:\/\/portaltela.pt\/noticias\/2026\/04\/17\/agressao-a-guarda-na-cadeia-do-linho-causa-lesao-cervical\/#breadcrumb\",\"itemListElement\":[{\"@type\":\"ListItem\",\"position\":1,\"name\":\"In\u00edcio\",\"item\":\"https:\/\/portaltela.pt\/\"},{\"@type\":\"ListItem\",\"position\":2,\"name\":\"Agress\u00e3o a guarda na cadeia do Linh\u00f3 causa les\u00e3o cervical\"}]},{\"@type\":\"WebSite\",\"@id\":\"https:\/\/portaltela.pt\/#website\",\"url\":\"https:\/\/portaltela.pt\/\",\"name\":\"Portal Tela Portugal\",\"description\":\"\",\"potentialAction\":[{\"@type\":\"SearchAction\",\"target\":{\"@type\":\"EntryPoint\",\"urlTemplate\":\"https:\/\/portaltela.pt\/?s={search_term_string}\"},\"query-input\":{\"@type\":\"PropertyValueSpecification\",\"valueRequired\":true,\"valueName\":\"search_term_string\"}}],\"inLanguage\":\"pt-PT\"},{\"@type\":\"Person\",\"@id\":\"https:\/\/portaltela.pt\/#\/schema\/person\/c4278d4a6028830caff9ee44b42d32ed\",\"name\":\"Telinha\",\"image\":{\"@type\":\"ImageObject\",\"inLanguage\":\"pt-PT\",\"@id\":\"https:\/\/portaltela.pt\/s.01k8rhncp4jt1\/2025\/11\/talking-bot-125x125.png\",\"url\":\"https:\/\/portaltela.pt\/s.01k8rhncp4jt1\/2025\/11\/talking-bot-125x125.png\",\"contentUrl\":\"https:\/\/portaltela.pt\/s.01k8rhncp4jt1\/2025\/11\/talking-bot-125x125.png\",\"caption\":\"Telinha\"},\"sameAs\":[\"https:\/\/portaltela.pt\/\"],\"url\":\"https:\/\/portaltela.pt\/por\/367410592786\/\"}]}<\/script>\n<!-- \/ Yoast SEO plugin. -->","yoast_head_json":{"title":"Agress\u00e3o a guarda na cadeia do Linh\u00f3 causa les\u00e3o cervical - Portal Tela Portugal","robots":{"index":"index","follow":"follow","max-snippet":"max-snippet:-1","max-image-preview":"max-image-preview:large","max-video-preview":"max-video-preview:-1"},"og_locale":"pt_PT","og_type":"article","og_title":"Agress\u00e3o a guarda na cadeia do Linh\u00f3 causa les\u00e3o cervical - Portal Tela Portugal","og_description":"Um guarda prisional da cadeia do Linh\u00f3, Cascais, foi agredido a murro durante uma revista \u00e0 cela de um recluso. O agressor, jovem com pena de sete anos por roubos, j\u00e1 vinha a amea\u00e7ar os guardas h\u00e1 v\u00e1rios dias, e a dilig\u00eancia foi decidida por quest\u00f5es de seguran\u00e7a. A agress\u00e3o ocorreu na tarde de quinta-feira; o agressor foi imediatamente manietado e est\u00e1 numa cela disciplinar, \u00e0 espera de processo. O guarda foi hospitalizado e encontra-se de baixa por tempo indeterminado, com suspeita de les\u00e3o na cervical e necessidade de exames. Frederico Morais, presidente do Sindicato Nacional da Guarda Prisional, disse ao CM que a situa\u00e7\u00e3o refor\u00e7a preocupa\u00e7\u00f5es sobre a seguran\u00e7a nas cadeias.","og_url":"https:\/\/portaltela.pt\/noticias\/2026\/04\/17\/agressao-a-guarda-na-cadeia-do-linho-causa-lesao-cervical\/","og_site_name":"Portal Tela Portugal","article_published_time":"2026-04-17T11:17:29+00:00","author":"Telinha","twitter_card":"summary_large_image","twitter_misc":{"Escrito por":"Telinha","Tempo estimado de leitura":"1 minuto"},"schema":{"@context":"https:\/\/schema.org","@graph":[{"@type":"Article","@id":"https:\/\/portaltela.pt\/noticias\/2026\/04\/17\/agressao-a-guarda-na-cadeia-do-linho-causa-lesao-cervical\/#article","isPartOf":{"@id":"https:\/\/portaltela.pt\/noticias\/2026\/04\/17\/agressao-a-guarda-na-cadeia-do-linho-causa-lesao-cervical\/"},"author":{"name":"Telinha","@id":"https:\/\/portaltela.pt\/#\/schema\/person\/c4278d4a6028830caff9ee44b42d32ed"},"headline":"Agress\u00e3o a guarda na cadeia do Linh\u00f3 causa les\u00e3o cervical","datePublished":"2026-04-17T11:17:29+00:00","mainEntityOfPage":{"@id":"https:\/\/portaltela.pt\/noticias\/2026\/04\/17\/agressao-a-guarda-na-cadeia-do-linho-causa-lesao-cervical\/"},"wordCount":180,"image":{"@id":"https:\/\/portaltela.pt\/noticias\/2026\/04\/17\/agressao-a-guarda-na-cadeia-do-linho-causa-lesao-cervical\/#primaryimage"},"thumbnailUrl":"https:\/\/portaltela.pt\/s.01k8rhncp4jt1\/2026\/04\/img_1500x1000uu2019-06-26-12-58-35-864044-im-639120234724108050.jpg","keywords":["agress\u00e3o","agress\u00f5es","cadeias","Cascais","seguran\u00e7a p\u00fablica"],"articleSection":["Crime","Justi\u00e7a"],"inLanguage":"pt-PT"},{"@type":"WebPage","@id":"https:\/\/portaltela.pt\/noticias\/2026\/04\/17\/agressao-a-guarda-na-cadeia-do-linho-causa-lesao-cervical\/","url":"https:\/\/portaltela.pt\/noticias\/2026\/04\/17\/agressao-a-guarda-na-cadeia-do-linho-causa-lesao-cervical\/","name":"Agress\u00e3o a guarda na cadeia do Linh\u00f3 causa les\u00e3o cervical - Portal Tela Portugal","isPartOf":{"@id":"https:\/\/portaltela.pt\/#website"},"primaryImageOfPage":{"@id":"https:\/\/portaltela.pt\/noticias\/2026\/04\/17\/agressao-a-guarda-na-cadeia-do-linho-causa-lesao-cervical\/#primaryimage"},"image":{"@id":"https:\/\/portaltela.pt\/noticias\/2026\/04\/17\/agressao-a-guarda-na-cadeia-do-linho-causa-lesao-cervical\/#primaryimage"},"thumbnailUrl":"https:\/\/portaltela.pt\/s.01k8rhncp4jt1\/2026\/04\/img_1500x1000uu2019-06-26-12-58-35-864044-im-639120234724108050.jpg","datePublished":"2026-04-17T11:17:29+00:00","author":{"@id":"https:\/\/portaltela.pt\/#\/schema\/person\/c4278d4a6028830caff9ee44b42d32ed"},"breadcrumb":{"@id":"https:\/\/portaltela.pt\/noticias\/2026\/04\/17\/agressao-a-guarda-na-cadeia-do-linho-causa-lesao-cervical\/#breadcrumb"},"inLanguage":"pt-PT","potentialAction":[{"@type":"ReadAction","target":["https:\/\/portaltela.pt\/noticias\/2026\/04\/17\/agressao-a-guarda-na-cadeia-do-linho-causa-lesao-cervical\/"]}]},{"@type":"ImageObject","inLanguage":"pt-PT","@id":"https:\/\/portaltela.pt\/noticias\/2026\/04\/17\/agressao-a-guarda-na-cadeia-do-linho-causa-lesao-cervical\/#primaryimage","url":"https:\/\/portaltela.pt\/s.01k8rhncp4jt1\/2026\/04\/img_1500x1000uu2019-06-26-12-58-35-864044-im-639120234724108050.jpg","contentUrl":"https:\/\/portaltela.pt\/s.01k8rhncp4jt1\/2026\/04\/img_1500x1000uu2019-06-26-12-58-35-864044-im-639120234724108050.jpg","width":796,"height":448,"caption":"A agress\u00e3o ocorreu numa cela da cadeia do Linh\u00f3"},{"@type":"BreadcrumbList","@id":"https:\/\/portaltela.pt\/noticias\/2026\/04\/17\/agressao-a-guarda-na-cadeia-do-linho-causa-lesao-cervical\/#breadcrumb","itemListElement":[{"@type":"ListItem","position":1,"name":"In\u00edcio","item":"https:\/\/portaltela.pt\/"},{"@type":"ListItem","position":2,"name":"Agress\u00e3o a guarda na cadeia do Linh\u00f3 causa les\u00e3o cervical"}]},{"@type":"WebSite","@id":"https:\/\/portaltela.pt\/#website","url":"https:\/\/portaltela.pt\/","name":"Portal Tela Portugal","description":"","potentialAction":[{"@type":"SearchAction","target":{"@type":"EntryPoint","urlTemplate":"https:\/\/portaltela.pt\/?s={search_term_string}"},"query-input":{"@type":"PropertyValueSpecification","valueRequired":true,"valueName":"search_term_string"}}],"inLanguage":"pt-PT"},{"@type":"Person","@id":"https:\/\/portaltela.pt\/#\/schema\/person\/c4278d4a6028830caff9ee44b42d32ed","name":"Telinha","image":{"@type":"ImageObject","inLanguage":"pt-PT","@id":"https:\/\/portaltela.pt\/s.01k8rhncp4jt1\/2025\/11\/talking-bot-125x125.png","url":"https:\/\/portaltela.pt\/s.01k8rhncp4jt1\/2025\/11\/talking-bot-125x125.png","contentUrl":"https:\/\/portaltela.pt\/s.01k8rhncp4jt1\/2025\/11\/talking-bot-125x125.png","caption":"Telinha"},"sameAs":["https:\/\/portaltela.pt\/"],"url":"https:\/\/portaltela.pt\/por\/367410592786\/"}]}},"_links":{"self":[{"href":"https:\/\/portaltela.pt\/api\/wp\/v2\/posts\/447692","targetHints":{"allow":["GET"]}}],"collection":[{"href":"https:\/\/portaltela.pt\/api\/wp\/v2\/posts"}],"about":[{"href":"https:\/\/portaltela.pt\/api\/wp\/v2\/types\/post"}],"author":[{"embeddable":true,"href":"https:\/\/portaltela.pt\/api\/wp\/v2\/users\/2"}],"replies":[{"embeddable":true,"href":"https:\/\/portaltela.pt\/api\/wp\/v2\/comments?post=447692"}],"version-history":[{"count":0,"href":"https:\/\/portaltela.pt\/api\/wp\/v2\/posts\/447692\/revisions"}],"wp:featuredmedia":[{"embeddable":true,"href":"https:\/\/portaltela.pt\/api\/wp\/v2\/media\/447693"}],"wp:attachment":[{"href":"https:\/\/portaltela.pt\/api\/wp\/v2\/media?parent=447692"}],"wp:term":[{"taxonomy":"category","embeddable":true,"href":"https:\/\/portaltela.pt\/api\/wp\/v2\/categories?post=447692"},{"taxonomy":"post_tag","embeddable":true,"href":"https:\/\/portaltela.pt\/api\/wp\/v2\/tags?post=447692"}],"curies":[{"name":"wp","href":"https:\/\/api.w.org\/{rel}","templated":true}]}}