{"id":447630,"date":"2026-04-17T07:33:16","date_gmt":"2026-04-17T10:33:16","guid":{"rendered":"https:\/\/portaltela.pt\/noticias\/2026\/04\/17\/neemias-queta-estreia-se-a-serio-nos-play-offs-da-nba\/"},"modified":"2026-04-17T07:33:16","modified_gmt":"2026-04-17T10:33:16","slug":"neemias-queta-estreia-se-a-serio-nos-play-offs-da-nba","status":"publish","type":"post","link":"https:\/\/portaltela.pt\/desporto\/futebol\/2026\/04\/17\/neemias-queta-estreia-se-a-serio-nos-play-offs-da-nba\/","title":{"rendered":"Neemias Queta estreia-se a s\u00e9rio nos play-offs da NBA"},"content":{"rendered":"<p>Neemias Queta vai estrear-se a s\u00e9rio nos play-offs da NBA pelo Boston Celtics. O poste portugu\u00eas, aos 26 anos, prepara-se para entrar no cinco inicial frente aos Philadelphia 76ers, no Jogo 1 da primeira ronda. A partida come\u00e7a \u00e0s 18h00, em Portugal continental.<\/p>\n<p>Caso entre, ser\u00e1 a oitava presen\u00e7a de Queta nos play-offs da liga, desde a chegada aos Celtics em 2023\/24. Nesses s\u00e9ries anteriores, participou apenas nos minutos finais, sem impacto significativo, sem ser titular.<\/p>\n<h3>A estreia de 2024\/25<\/h3>\n<p>Nesta temporada, o portugu\u00eas tem menos tempo de jogo na rota\u00e7\u00e3o. Nos playoffs anteriores, somou 14 pontos em 7 jogos, com 26 minutos m\u00e9dios. Aguardam-se mais minutos se a equipa precisar do seu contributo defensivo e de garra interior.<\/p>\n<h3>Forma\u00e7\u00e3o atual e contexto<\/h3>\n<p>Queta integra o cinco inicial ao lado de Derrick White, Jaylen Brown, Jayson Tatum e Sam Hauser. Os Celtics chegam com o objetivo de defender o t\u00edtulo conquistado na temporada anterior, ap\u00f3s terminar a fase regular com aspirac\u0327o\u0303es elevadas.<\/p>\n","protected":false},"excerpt":{"rendered":"<ul>\n<li>Neemias Queta estreia-se a s\u00e9rio nos play-offs da NBA pelos Boston Celtics frente aos Philadelphia 76ers, em Jogo 1 da primeira ronda, domingo \u00e0s 18h, em Portugal continental.<\/li>\n<li>O poste portugu\u00eas, de 26 anos, deve ingressar no cinco inicial de Joe Mazzulla.<\/li>\n<li>Em sete jogos de playoffs disputados at\u00e9 agora, soma 14 pontos, 7 ressaltos, 2 assist\u00eancias e 1 desarme, com entradas maioritariamente no tempo de garbage time.<\/li>\n<li>A sua presen\u00e7a em eliminat\u00f3rias come\u00e7ou em 2023\/24 pelo Celtics, depois de duas \u00e9pocas sem presen\u00e7a em jogos de playoffs pelos Kings.<\/li>\n<li>Os Celtics entram nos playoffs com o objetivo de defender o t\u00edtulo conquistado na \u00e9poca 2023\/24, contando com Neemias no cinco titular.<\/li>\n<\/ul>\n","protected":false},"author":2,"featured_media":447635,"comment_status":"closed","ping_status":"closed","sticky":false,"template":"","format":"standard","meta":{"footnotes":""},"categories":[21,24],"tags":[392,152,2681,242,6959,1014],"class_list":["post-447630","post","type-post","status-publish","format-standard","has-post-thumbnail","hentry","category-desporto","category-futebol","tag-basquetebol","tag-desporto","tag-desporto-internacional","tag-jogadores","tag-jogadores-internacionais","tag-portugal"],"yoast_head":"<!-- This site is optimized with the Yoast SEO plugin v27.2 - https:\/\/yoast.com\/product\/yoast-seo-wordpress\/ -->\n<title>Neemias Queta estreia-se a s\u00e9rio nos play-offs da NBA - Portal Tela Portugal<\/title>\n<meta name=\"robots\" content=\"index, follow, max-snippet:-1, max-image-preview:large, max-video-preview:-1\" \/>\n<meta property=\"og:locale\" content=\"pt_PT\" \/>\n<meta property=\"og:type\" content=\"article\" \/>\n<meta property=\"og:title\" content=\"Neemias Queta estreia-se a s\u00e9rio nos play-offs da NBA - Portal Tela Portugal\" \/>\n<meta property=\"og:description\" content=\"Neemias Queta estreia-se a s\u00e9rio nos play-offs da NBA pelos Boston Celtics frente aos Philadelphia 76ers, em Jogo 1 da primeira ronda, domingo \u00e0s 18h, em Portugal continental. O poste portugu\u00eas, de 26 anos, deve ingressar no cinco inicial de Joe Mazzulla. Em sete jogos de playoffs disputados at\u00e9 agora, soma 14 pontos, 7 ressaltos, 2 assist\u00eancias e 1 desarme, com entradas maioritariamente no tempo de garbage time. A sua presen\u00e7a em eliminat\u00f3rias come\u00e7ou em 2023\/24 pelo Celtics, depois de duas \u00e9pocas sem presen\u00e7a em jogos de playoffs pelos Kings. Os Celtics entram nos playoffs com o objetivo de defender o t\u00edtulo conquistado na \u00e9poca 2023\/24, contando com Neemias no cinco titular.\" \/>\n<meta property=\"og:url\" content=\"https:\/\/portaltela.pt\/noticias\/2026\/04\/17\/neemias-queta-estreia-se-a-serio-nos-play-offs-da-nba\/\" \/>\n<meta property=\"og:site_name\" content=\"Portal Tela Portugal\" \/>\n<meta property=\"article:published_time\" content=\"2026-04-17T10:33:16+00:00\" \/>\n<meta name=\"author\" content=\"Telinha\" \/>\n<meta name=\"twitter:card\" content=\"summary_large_image\" \/>\n<meta name=\"twitter:label1\" content=\"Escrito por\" \/>\n\t<meta name=\"twitter:data1\" content=\"Telinha\" \/>\n\t<meta name=\"twitter:label2\" content=\"Tempo estimado de leitura\" \/>\n\t<meta name=\"twitter:data2\" content=\"1 minuto\" \/>\n<script type=\"application\/ld+json\" class=\"yoast-schema-graph\">{\"@context\":\"https:\/\/schema.org\",\"@graph\":[{\"@type\":\"Article\",\"@id\":\"https:\/\/portaltela.pt\/noticias\/2026\/04\/17\/neemias-queta-estreia-se-a-serio-nos-play-offs-da-nba\/#article\",\"isPartOf\":{\"@id\":\"https:\/\/portaltela.pt\/noticias\/2026\/04\/17\/neemias-queta-estreia-se-a-serio-nos-play-offs-da-nba\/\"},\"author\":{\"name\":\"Telinha\",\"@id\":\"https:\/\/portaltela.pt\/#\/schema\/person\/c4278d4a6028830caff9ee44b42d32ed\"},\"headline\":\"Neemias Queta estreia-se a s\u00e9rio nos play-offs da NBA\",\"datePublished\":\"2026-04-17T10:33:16+00:00\",\"mainEntityOfPage\":{\"@id\":\"https:\/\/portaltela.pt\/noticias\/2026\/04\/17\/neemias-queta-estreia-se-a-serio-nos-play-offs-da-nba\/\"},\"wordCount\":178,\"image\":{\"@id\":\"https:\/\/portaltela.pt\/noticias\/2026\/04\/17\/neemias-queta-estreia-se-a-serio-nos-play-offs-da-nba\/#primaryimage\"},\"thumbnailUrl\":\"https:\/\/portaltela.pt\/s.01k8rhncp4jt1\/2026\/04\/image-1044.jpg\",\"keywords\":[\"basquetebol\",\"desporto\",\"desporto internacional\",\"jogadores\",\"jogadores internacionais\",\"Portugal\"],\"articleSection\":[\"Desporto\",\"Futebol\"],\"inLanguage\":\"pt-PT\"},{\"@type\":\"WebPage\",\"@id\":\"https:\/\/portaltela.pt\/noticias\/2026\/04\/17\/neemias-queta-estreia-se-a-serio-nos-play-offs-da-nba\/\",\"url\":\"https:\/\/portaltela.pt\/noticias\/2026\/04\/17\/neemias-queta-estreia-se-a-serio-nos-play-offs-da-nba\/\",\"name\":\"Neemias Queta estreia-se a s\u00e9rio nos play-offs da NBA - Portal Tela Portugal\",\"isPartOf\":{\"@id\":\"https:\/\/portaltela.pt\/#website\"},\"primaryImageOfPage\":{\"@id\":\"https:\/\/portaltela.pt\/noticias\/2026\/04\/17\/neemias-queta-estreia-se-a-serio-nos-play-offs-da-nba\/#primaryimage\"},\"image\":{\"@id\":\"https:\/\/portaltela.pt\/noticias\/2026\/04\/17\/neemias-queta-estreia-se-a-serio-nos-play-offs-da-nba\/#primaryimage\"},\"thumbnailUrl\":\"https:\/\/portaltela.pt\/s.01k8rhncp4jt1\/2026\/04\/image-1044.jpg\",\"datePublished\":\"2026-04-17T10:33:16+00:00\",\"author\":{\"@id\":\"https:\/\/portaltela.pt\/#\/schema\/person\/c4278d4a6028830caff9ee44b42d32ed\"},\"breadcrumb\":{\"@id\":\"https:\/\/portaltela.pt\/noticias\/2026\/04\/17\/neemias-queta-estreia-se-a-serio-nos-play-offs-da-nba\/#breadcrumb\"},\"inLanguage\":\"pt-PT\",\"potentialAction\":[{\"@type\":\"ReadAction\",\"target\":[\"https:\/\/portaltela.pt\/noticias\/2026\/04\/17\/neemias-queta-estreia-se-a-serio-nos-play-offs-da-nba\/\"]}]},{\"@type\":\"ImageObject\",\"inLanguage\":\"pt-PT\",\"@id\":\"https:\/\/portaltela.pt\/noticias\/2026\/04\/17\/neemias-queta-estreia-se-a-serio-nos-play-offs-da-nba\/#primaryimage\",\"url\":\"https:\/\/portaltela.pt\/s.01k8rhncp4jt1\/2026\/04\/image-1044.jpg\",\"contentUrl\":\"https:\/\/portaltela.pt\/s.01k8rhncp4jt1\/2026\/04\/image-1044.jpg\",\"width\":796,\"height\":448,\"caption\":\"Neemias pronto para os play-offs ap\u00f3s \u00e9poca de sonho\"},{\"@type\":\"BreadcrumbList\",\"@id\":\"https:\/\/portaltela.pt\/noticias\/2026\/04\/17\/neemias-queta-estreia-se-a-serio-nos-play-offs-da-nba\/#breadcrumb\",\"itemListElement\":[{\"@type\":\"ListItem\",\"position\":1,\"name\":\"In\u00edcio\",\"item\":\"https:\/\/portaltela.pt\/\"},{\"@type\":\"ListItem\",\"position\":2,\"name\":\"Neemias Queta estreia-se a s\u00e9rio nos play-offs da NBA\"}]},{\"@type\":\"WebSite\",\"@id\":\"https:\/\/portaltela.pt\/#website\",\"url\":\"https:\/\/portaltela.pt\/\",\"name\":\"Portal Tela Portugal\",\"description\":\"\",\"potentialAction\":[{\"@type\":\"SearchAction\",\"target\":{\"@type\":\"EntryPoint\",\"urlTemplate\":\"https:\/\/portaltela.pt\/?s={search_term_string}\"},\"query-input\":{\"@type\":\"PropertyValueSpecification\",\"valueRequired\":true,\"valueName\":\"search_term_string\"}}],\"inLanguage\":\"pt-PT\"},{\"@type\":\"Person\",\"@id\":\"https:\/\/portaltela.pt\/#\/schema\/person\/c4278d4a6028830caff9ee44b42d32ed\",\"name\":\"Telinha\",\"image\":{\"@type\":\"ImageObject\",\"inLanguage\":\"pt-PT\",\"@id\":\"https:\/\/portaltela.pt\/s.01k8rhncp4jt1\/2025\/11\/talking-bot-125x125.png\",\"url\":\"https:\/\/portaltela.pt\/s.01k8rhncp4jt1\/2025\/11\/talking-bot-125x125.png\",\"contentUrl\":\"https:\/\/portaltela.pt\/s.01k8rhncp4jt1\/2025\/11\/talking-bot-125x125.png\",\"caption\":\"Telinha\"},\"sameAs\":[\"https:\/\/portaltela.pt\/\"],\"url\":\"https:\/\/portaltela.pt\/por\/367410592786\/\"}]}<\/script>\n<!-- \/ Yoast SEO plugin. -->","yoast_head_json":{"title":"Neemias Queta estreia-se a s\u00e9rio nos play-offs da NBA - Portal Tela Portugal","robots":{"index":"index","follow":"follow","max-snippet":"max-snippet:-1","max-image-preview":"max-image-preview:large","max-video-preview":"max-video-preview:-1"},"og_locale":"pt_PT","og_type":"article","og_title":"Neemias Queta estreia-se a s\u00e9rio nos play-offs da NBA - Portal Tela Portugal","og_description":"Neemias Queta estreia-se a s\u00e9rio nos play-offs da NBA pelos Boston Celtics frente aos Philadelphia 76ers, em Jogo 1 da primeira ronda, domingo \u00e0s 18h, em Portugal continental. O poste portugu\u00eas, de 26 anos, deve ingressar no cinco inicial de Joe Mazzulla. Em sete jogos de playoffs disputados at\u00e9 agora, soma 14 pontos, 7 ressaltos, 2 assist\u00eancias e 1 desarme, com entradas maioritariamente no tempo de garbage time. A sua presen\u00e7a em eliminat\u00f3rias come\u00e7ou em 2023\/24 pelo Celtics, depois de duas \u00e9pocas sem presen\u00e7a em jogos de playoffs pelos Kings. Os Celtics entram nos playoffs com o objetivo de defender o t\u00edtulo conquistado na \u00e9poca 2023\/24, contando com Neemias no cinco titular.","og_url":"https:\/\/portaltela.pt\/noticias\/2026\/04\/17\/neemias-queta-estreia-se-a-serio-nos-play-offs-da-nba\/","og_site_name":"Portal Tela Portugal","article_published_time":"2026-04-17T10:33:16+00:00","author":"Telinha","twitter_card":"summary_large_image","twitter_misc":{"Escrito por":"Telinha","Tempo estimado de leitura":"1 minuto"},"schema":{"@context":"https:\/\/schema.org","@graph":[{"@type":"Article","@id":"https:\/\/portaltela.pt\/noticias\/2026\/04\/17\/neemias-queta-estreia-se-a-serio-nos-play-offs-da-nba\/#article","isPartOf":{"@id":"https:\/\/portaltela.pt\/noticias\/2026\/04\/17\/neemias-queta-estreia-se-a-serio-nos-play-offs-da-nba\/"},"author":{"name":"Telinha","@id":"https:\/\/portaltela.pt\/#\/schema\/person\/c4278d4a6028830caff9ee44b42d32ed"},"headline":"Neemias Queta estreia-se a s\u00e9rio nos play-offs da NBA","datePublished":"2026-04-17T10:33:16+00:00","mainEntityOfPage":{"@id":"https:\/\/portaltela.pt\/noticias\/2026\/04\/17\/neemias-queta-estreia-se-a-serio-nos-play-offs-da-nba\/"},"wordCount":178,"image":{"@id":"https:\/\/portaltela.pt\/noticias\/2026\/04\/17\/neemias-queta-estreia-se-a-serio-nos-play-offs-da-nba\/#primaryimage"},"thumbnailUrl":"https:\/\/portaltela.pt\/s.01k8rhncp4jt1\/2026\/04\/image-1044.jpg","keywords":["basquetebol","desporto","desporto internacional","jogadores","jogadores internacionais","Portugal"],"articleSection":["Desporto","Futebol"],"inLanguage":"pt-PT"},{"@type":"WebPage","@id":"https:\/\/portaltela.pt\/noticias\/2026\/04\/17\/neemias-queta-estreia-se-a-serio-nos-play-offs-da-nba\/","url":"https:\/\/portaltela.pt\/noticias\/2026\/04\/17\/neemias-queta-estreia-se-a-serio-nos-play-offs-da-nba\/","name":"Neemias Queta estreia-se a s\u00e9rio nos play-offs da NBA - Portal Tela Portugal","isPartOf":{"@id":"https:\/\/portaltela.pt\/#website"},"primaryImageOfPage":{"@id":"https:\/\/portaltela.pt\/noticias\/2026\/04\/17\/neemias-queta-estreia-se-a-serio-nos-play-offs-da-nba\/#primaryimage"},"image":{"@id":"https:\/\/portaltela.pt\/noticias\/2026\/04\/17\/neemias-queta-estreia-se-a-serio-nos-play-offs-da-nba\/#primaryimage"},"thumbnailUrl":"https:\/\/portaltela.pt\/s.01k8rhncp4jt1\/2026\/04\/image-1044.jpg","datePublished":"2026-04-17T10:33:16+00:00","author":{"@id":"https:\/\/portaltela.pt\/#\/schema\/person\/c4278d4a6028830caff9ee44b42d32ed"},"breadcrumb":{"@id":"https:\/\/portaltela.pt\/noticias\/2026\/04\/17\/neemias-queta-estreia-se-a-serio-nos-play-offs-da-nba\/#breadcrumb"},"inLanguage":"pt-PT","potentialAction":[{"@type":"ReadAction","target":["https:\/\/portaltela.pt\/noticias\/2026\/04\/17\/neemias-queta-estreia-se-a-serio-nos-play-offs-da-nba\/"]}]},{"@type":"ImageObject","inLanguage":"pt-PT","@id":"https:\/\/portaltela.pt\/noticias\/2026\/04\/17\/neemias-queta-estreia-se-a-serio-nos-play-offs-da-nba\/#primaryimage","url":"https:\/\/portaltela.pt\/s.01k8rhncp4jt1\/2026\/04\/image-1044.jpg","contentUrl":"https:\/\/portaltela.pt\/s.01k8rhncp4jt1\/2026\/04\/image-1044.jpg","width":796,"height":448,"caption":"Neemias pronto para os play-offs ap\u00f3s \u00e9poca de sonho"},{"@type":"BreadcrumbList","@id":"https:\/\/portaltela.pt\/noticias\/2026\/04\/17\/neemias-queta-estreia-se-a-serio-nos-play-offs-da-nba\/#breadcrumb","itemListElement":[{"@type":"ListItem","position":1,"name":"In\u00edcio","item":"https:\/\/portaltela.pt\/"},{"@type":"ListItem","position":2,"name":"Neemias Queta estreia-se a s\u00e9rio nos play-offs da NBA"}]},{"@type":"WebSite","@id":"https:\/\/portaltela.pt\/#website","url":"https:\/\/portaltela.pt\/","name":"Portal Tela Portugal","description":"","potentialAction":[{"@type":"SearchAction","target":{"@type":"EntryPoint","urlTemplate":"https:\/\/portaltela.pt\/?s={search_term_string}"},"query-input":{"@type":"PropertyValueSpecification","valueRequired":true,"valueName":"search_term_string"}}],"inLanguage":"pt-PT"},{"@type":"Person","@id":"https:\/\/portaltela.pt\/#\/schema\/person\/c4278d4a6028830caff9ee44b42d32ed","name":"Telinha","image":{"@type":"ImageObject","inLanguage":"pt-PT","@id":"https:\/\/portaltela.pt\/s.01k8rhncp4jt1\/2025\/11\/talking-bot-125x125.png","url":"https:\/\/portaltela.pt\/s.01k8rhncp4jt1\/2025\/11\/talking-bot-125x125.png","contentUrl":"https:\/\/portaltela.pt\/s.01k8rhncp4jt1\/2025\/11\/talking-bot-125x125.png","caption":"Telinha"},"sameAs":["https:\/\/portaltela.pt\/"],"url":"https:\/\/portaltela.pt\/por\/367410592786\/"}]}},"_links":{"self":[{"href":"https:\/\/portaltela.pt\/api\/wp\/v2\/posts\/447630","targetHints":{"allow":["GET"]}}],"collection":[{"href":"https:\/\/portaltela.pt\/api\/wp\/v2\/posts"}],"about":[{"href":"https:\/\/portaltela.pt\/api\/wp\/v2\/types\/post"}],"author":[{"embeddable":true,"href":"https:\/\/portaltela.pt\/api\/wp\/v2\/users\/2"}],"replies":[{"embeddable":true,"href":"https:\/\/portaltela.pt\/api\/wp\/v2\/comments?post=447630"}],"version-history":[{"count":0,"href":"https:\/\/portaltela.pt\/api\/wp\/v2\/posts\/447630\/revisions"}],"wp:featuredmedia":[{"embeddable":true,"href":"https:\/\/portaltela.pt\/api\/wp\/v2\/media\/447635"}],"wp:attachment":[{"href":"https:\/\/portaltela.pt\/api\/wp\/v2\/media?parent=447630"}],"wp:term":[{"taxonomy":"category","embeddable":true,"href":"https:\/\/portaltela.pt\/api\/wp\/v2\/categories?post=447630"},{"taxonomy":"post_tag","embeddable":true,"href":"https:\/\/portaltela.pt\/api\/wp\/v2\/tags?post=447630"}],"curies":[{"name":"wp","href":"https:\/\/api.w.org\/{rel}","templated":true}]}}