{"id":447616,"date":"2026-04-17T07:32:54","date_gmt":"2026-04-17T10:32:54","guid":{"rendered":"https:\/\/portaltela.pt\/noticias\/2026\/04\/17\/sp-braga-vence-em-sevilha-apos-tres-pedidos-de-evacuacao\/"},"modified":"2026-04-17T07:32:54","modified_gmt":"2026-04-17T10:32:54","slug":"sp-braga-vence-em-sevilha-apos-tres-pedidos-de-evacuacao","status":"publish","type":"post","link":"https:\/\/portaltela.pt\/desporto\/futebol\/2026\/04\/17\/sp-braga-vence-em-sevilha-apos-tres-pedidos-de-evacuacao\/","title":{"rendered":"Sp. Braga vence em Sevilha ap\u00f3s tr\u00eas pedidos de evacua\u00e7\u00e3o"},"content":{"rendered":"<p>O Sp. Braga garantiu o acesso \u00e0s meias-finais da Liga Europa ao vencer o Betis por 4-2, ap\u00f3s recuperar de uma desvantagem de dois golos. A partida decorreu no Est\u00e1dio La Cartuja, em Sevilha, com o conjunto minhoto a protagonizar uma remontada decisiva.<\/p>\n<p>A fase decisiva ficou tamb\u00e9m marcada por um momento at\u00edpico, quando o sistema de altifalantes do est\u00e1dio emitiu tr\u00eas avisos de evacua\u00e7\u00e3o. O epis\u00f3dio gerou confus\u00e3o entre adeptos, com parte da bancada a erguer-se e a reagir com assobios. No final, o Betis adiantou que se tratou de um erro t\u00e9cnico.<\/p>\n<h3>Esclarecimento sobre o incidente<\/h3>\n<p>O Betis informou que os avisos foram provocados por uma falha t\u00e9cnica no sistema de som, n\u00e3o por uma evacua\u00e7\u00e3o real. O clube e as autoridades n\u00e3o confirmaram qualquer perigo vigente, mantendo a narrativa de que tudo correu dentro da normalidade ap\u00f3s o susto inicial.<\/p>\n<p>A vit\u00f3ria do Braga manteve vivo o sonho de t\u00edtulo na competi\u00e7\u00e3o e refor\u00e7ou a presen\u00e7a portuguesa na fase a eliminar. O jogo foi equilibrado at\u00e9 perto do fim, com o Braga a assumir a vantagem na reta final e a segurar o resultado at\u00e9 ao apito final.<\/p>\n","protected":false},"excerpt":{"rendered":"<ul>\n<li>o sp. Braga qualificou-se para as meias-finais da Liga Europa ao vencer o betis por 4-2, ap\u00f3s recupera\u00e7\u00e3o de uma desvantagem de dois golos, em sevilha.<\/li>\n<li>o triunfo ficou marcado por tr\u00eas pedidos de evacua\u00e7\u00e3o emitidos pelo sistema de som do est\u00e1dio la cartuja, no momento decisivo do jogo.<\/li>\n<li>houve alguma confus\u00e3o nas bancadas, com alguns adeptos a levantarem-se e outros a assobiar durante os avisos.<\/li>\n<li>o epis\u00f3dio ocorreu quando o betis procurava o empate e o sp. Braga estava na dianteira.<\/li>\n<li>no final, o betis informou aos jornalistas que tudo n\u00e3o passou de um erro t\u00e9cnico.<\/li>\n<\/ul>\n","protected":false},"author":2,"featured_media":447617,"comment_status":"closed","ping_status":"closed","sticky":false,"template":"","format":"standard","meta":{"footnotes":""},"categories":[21,24],"tags":[7550,5544,4519,32,1220,2070],"class_list":["post-447616","post","type-post","status-publish","format-standard","has-post-thumbnail","hentry","category-desporto","category-futebol","tag-betis","tag-europa-league","tag-evacuacoes","tag-futebol","tag-sevilha","tag-sp-braga"],"yoast_head":"<!-- This site is optimized with the Yoast SEO plugin v27.2 - https:\/\/yoast.com\/product\/yoast-seo-wordpress\/ -->\n<title>Sp. Braga vence em Sevilha ap\u00f3s tr\u00eas pedidos de evacua\u00e7\u00e3o - Portal Tela Portugal<\/title>\n<meta name=\"robots\" content=\"index, follow, max-snippet:-1, max-image-preview:large, max-video-preview:-1\" \/>\n<meta property=\"og:locale\" content=\"pt_PT\" \/>\n<meta property=\"og:type\" content=\"article\" \/>\n<meta property=\"og:title\" content=\"Sp. Braga vence em Sevilha ap\u00f3s tr\u00eas pedidos de evacua\u00e7\u00e3o - Portal Tela Portugal\" \/>\n<meta property=\"og:description\" content=\"o sp. Braga qualificou-se para as meias-finais da Liga Europa ao vencer o betis por 4-2, ap\u00f3s recupera\u00e7\u00e3o de uma desvantagem de dois golos, em sevilha. o triunfo ficou marcado por tr\u00eas pedidos de evacua\u00e7\u00e3o emitidos pelo sistema de som do est\u00e1dio la cartuja, no momento decisivo do jogo. houve alguma confus\u00e3o nas bancadas, com alguns adeptos a levantarem-se e outros a assobiar durante os avisos. o epis\u00f3dio ocorreu quando o betis procurava o empate e o sp. Braga estava na dianteira. no final, o betis informou aos jornalistas que tudo n\u00e3o passou de um erro t\u00e9cnico.\" \/>\n<meta property=\"og:url\" content=\"https:\/\/portaltela.pt\/noticias\/2026\/04\/17\/sp-braga-vence-em-sevilha-apos-tres-pedidos-de-evacuacao\/\" \/>\n<meta property=\"og:site_name\" content=\"Portal Tela Portugal\" \/>\n<meta property=\"article:published_time\" content=\"2026-04-17T10:32:54+00:00\" \/>\n<meta name=\"author\" content=\"Telinha\" \/>\n<meta name=\"twitter:card\" content=\"summary_large_image\" \/>\n<meta name=\"twitter:label1\" content=\"Escrito por\" \/>\n\t<meta name=\"twitter:data1\" content=\"Telinha\" \/>\n\t<meta name=\"twitter:label2\" content=\"Tempo estimado de leitura\" \/>\n\t<meta name=\"twitter:data2\" content=\"1 minuto\" \/>\n<script type=\"application\/ld+json\" class=\"yoast-schema-graph\">{\"@context\":\"https:\/\/schema.org\",\"@graph\":[{\"@type\":\"Article\",\"@id\":\"https:\/\/portaltela.pt\/noticias\/2026\/04\/17\/sp-braga-vence-em-sevilha-apos-tres-pedidos-de-evacuacao\/#article\",\"isPartOf\":{\"@id\":\"https:\/\/portaltela.pt\/noticias\/2026\/04\/17\/sp-braga-vence-em-sevilha-apos-tres-pedidos-de-evacuacao\/\"},\"author\":{\"name\":\"Telinha\",\"@id\":\"https:\/\/portaltela.pt\/#\/schema\/person\/c4278d4a6028830caff9ee44b42d32ed\"},\"headline\":\"Sp. Braga vence em Sevilha ap\u00f3s tr\u00eas pedidos de evacua\u00e7\u00e3o\",\"datePublished\":\"2026-04-17T10:32:54+00:00\",\"mainEntityOfPage\":{\"@id\":\"https:\/\/portaltela.pt\/noticias\/2026\/04\/17\/sp-braga-vence-em-sevilha-apos-tres-pedidos-de-evacuacao\/\"},\"wordCount\":224,\"image\":{\"@id\":\"https:\/\/portaltela.pt\/noticias\/2026\/04\/17\/sp-braga-vence-em-sevilha-apos-tres-pedidos-de-evacuacao\/#primaryimage\"},\"thumbnailUrl\":\"https:\/\/portaltela.pt\/s.01k8rhncp4jt1\/2026\/04\/img_920x518uu2026-04-17-11-19-15-2433554-im-639120215679829407.jpg\",\"keywords\":[\"Betis\",\"Europa League\",\"evacua\u00e7\u00f5es\",\"futebol\",\"Sevilha\",\"Sp. Braga\"],\"articleSection\":[\"Desporto\",\"Futebol\"],\"inLanguage\":\"pt-PT\"},{\"@type\":\"WebPage\",\"@id\":\"https:\/\/portaltela.pt\/noticias\/2026\/04\/17\/sp-braga-vence-em-sevilha-apos-tres-pedidos-de-evacuacao\/\",\"url\":\"https:\/\/portaltela.pt\/noticias\/2026\/04\/17\/sp-braga-vence-em-sevilha-apos-tres-pedidos-de-evacuacao\/\",\"name\":\"Sp. Braga vence em Sevilha ap\u00f3s tr\u00eas pedidos de evacua\u00e7\u00e3o - Portal Tela Portugal\",\"isPartOf\":{\"@id\":\"https:\/\/portaltela.pt\/#website\"},\"primaryImageOfPage\":{\"@id\":\"https:\/\/portaltela.pt\/noticias\/2026\/04\/17\/sp-braga-vence-em-sevilha-apos-tres-pedidos-de-evacuacao\/#primaryimage\"},\"image\":{\"@id\":\"https:\/\/portaltela.pt\/noticias\/2026\/04\/17\/sp-braga-vence-em-sevilha-apos-tres-pedidos-de-evacuacao\/#primaryimage\"},\"thumbnailUrl\":\"https:\/\/portaltela.pt\/s.01k8rhncp4jt1\/2026\/04\/img_920x518uu2026-04-17-11-19-15-2433554-im-639120215679829407.jpg\",\"datePublished\":\"2026-04-17T10:32:54+00:00\",\"author\":{\"@id\":\"https:\/\/portaltela.pt\/#\/schema\/person\/c4278d4a6028830caff9ee44b42d32ed\"},\"breadcrumb\":{\"@id\":\"https:\/\/portaltela.pt\/noticias\/2026\/04\/17\/sp-braga-vence-em-sevilha-apos-tres-pedidos-de-evacuacao\/#breadcrumb\"},\"inLanguage\":\"pt-PT\",\"potentialAction\":[{\"@type\":\"ReadAction\",\"target\":[\"https:\/\/portaltela.pt\/noticias\/2026\/04\/17\/sp-braga-vence-em-sevilha-apos-tres-pedidos-de-evacuacao\/\"]}]},{\"@type\":\"ImageObject\",\"inLanguage\":\"pt-PT\",\"@id\":\"https:\/\/portaltela.pt\/noticias\/2026\/04\/17\/sp-braga-vence-em-sevilha-apos-tres-pedidos-de-evacuacao\/#primaryimage\",\"url\":\"https:\/\/portaltela.pt\/s.01k8rhncp4jt1\/2026\/04\/img_920x518uu2026-04-17-11-19-15-2433554-im-639120215679829407.jpg\",\"contentUrl\":\"https:\/\/portaltela.pt\/s.01k8rhncp4jt1\/2026\/04\/img_920x518uu2026-04-17-11-19-15-2433554-im-639120215679829407.jpg\",\"width\":796,\"height\":448,\"caption\":\"Duelo no Betis-Sp. Braga\"},{\"@type\":\"BreadcrumbList\",\"@id\":\"https:\/\/portaltela.pt\/noticias\/2026\/04\/17\/sp-braga-vence-em-sevilha-apos-tres-pedidos-de-evacuacao\/#breadcrumb\",\"itemListElement\":[{\"@type\":\"ListItem\",\"position\":1,\"name\":\"In\u00edcio\",\"item\":\"https:\/\/portaltela.pt\/\"},{\"@type\":\"ListItem\",\"position\":2,\"name\":\"Sp. Braga vence em Sevilha ap\u00f3s tr\u00eas pedidos de evacua\u00e7\u00e3o\"}]},{\"@type\":\"WebSite\",\"@id\":\"https:\/\/portaltela.pt\/#website\",\"url\":\"https:\/\/portaltela.pt\/\",\"name\":\"Portal Tela Portugal\",\"description\":\"\",\"potentialAction\":[{\"@type\":\"SearchAction\",\"target\":{\"@type\":\"EntryPoint\",\"urlTemplate\":\"https:\/\/portaltela.pt\/?s={search_term_string}\"},\"query-input\":{\"@type\":\"PropertyValueSpecification\",\"valueRequired\":true,\"valueName\":\"search_term_string\"}}],\"inLanguage\":\"pt-PT\"},{\"@type\":\"Person\",\"@id\":\"https:\/\/portaltela.pt\/#\/schema\/person\/c4278d4a6028830caff9ee44b42d32ed\",\"name\":\"Telinha\",\"image\":{\"@type\":\"ImageObject\",\"inLanguage\":\"pt-PT\",\"@id\":\"https:\/\/portaltela.pt\/s.01k8rhncp4jt1\/2025\/11\/talking-bot-125x125.png\",\"url\":\"https:\/\/portaltela.pt\/s.01k8rhncp4jt1\/2025\/11\/talking-bot-125x125.png\",\"contentUrl\":\"https:\/\/portaltela.pt\/s.01k8rhncp4jt1\/2025\/11\/talking-bot-125x125.png\",\"caption\":\"Telinha\"},\"sameAs\":[\"https:\/\/portaltela.pt\/\"],\"url\":\"https:\/\/portaltela.pt\/por\/367410592786\/\"}]}<\/script>\n<!-- \/ Yoast SEO plugin. -->","yoast_head_json":{"title":"Sp. Braga vence em Sevilha ap\u00f3s tr\u00eas pedidos de evacua\u00e7\u00e3o - Portal Tela Portugal","robots":{"index":"index","follow":"follow","max-snippet":"max-snippet:-1","max-image-preview":"max-image-preview:large","max-video-preview":"max-video-preview:-1"},"og_locale":"pt_PT","og_type":"article","og_title":"Sp. Braga vence em Sevilha ap\u00f3s tr\u00eas pedidos de evacua\u00e7\u00e3o - Portal Tela Portugal","og_description":"o sp. Braga qualificou-se para as meias-finais da Liga Europa ao vencer o betis por 4-2, ap\u00f3s recupera\u00e7\u00e3o de uma desvantagem de dois golos, em sevilha. o triunfo ficou marcado por tr\u00eas pedidos de evacua\u00e7\u00e3o emitidos pelo sistema de som do est\u00e1dio la cartuja, no momento decisivo do jogo. houve alguma confus\u00e3o nas bancadas, com alguns adeptos a levantarem-se e outros a assobiar durante os avisos. o epis\u00f3dio ocorreu quando o betis procurava o empate e o sp. Braga estava na dianteira. no final, o betis informou aos jornalistas que tudo n\u00e3o passou de um erro t\u00e9cnico.","og_url":"https:\/\/portaltela.pt\/noticias\/2026\/04\/17\/sp-braga-vence-em-sevilha-apos-tres-pedidos-de-evacuacao\/","og_site_name":"Portal Tela Portugal","article_published_time":"2026-04-17T10:32:54+00:00","author":"Telinha","twitter_card":"summary_large_image","twitter_misc":{"Escrito por":"Telinha","Tempo estimado de leitura":"1 minuto"},"schema":{"@context":"https:\/\/schema.org","@graph":[{"@type":"Article","@id":"https:\/\/portaltela.pt\/noticias\/2026\/04\/17\/sp-braga-vence-em-sevilha-apos-tres-pedidos-de-evacuacao\/#article","isPartOf":{"@id":"https:\/\/portaltela.pt\/noticias\/2026\/04\/17\/sp-braga-vence-em-sevilha-apos-tres-pedidos-de-evacuacao\/"},"author":{"name":"Telinha","@id":"https:\/\/portaltela.pt\/#\/schema\/person\/c4278d4a6028830caff9ee44b42d32ed"},"headline":"Sp. Braga vence em Sevilha ap\u00f3s tr\u00eas pedidos de evacua\u00e7\u00e3o","datePublished":"2026-04-17T10:32:54+00:00","mainEntityOfPage":{"@id":"https:\/\/portaltela.pt\/noticias\/2026\/04\/17\/sp-braga-vence-em-sevilha-apos-tres-pedidos-de-evacuacao\/"},"wordCount":224,"image":{"@id":"https:\/\/portaltela.pt\/noticias\/2026\/04\/17\/sp-braga-vence-em-sevilha-apos-tres-pedidos-de-evacuacao\/#primaryimage"},"thumbnailUrl":"https:\/\/portaltela.pt\/s.01k8rhncp4jt1\/2026\/04\/img_920x518uu2026-04-17-11-19-15-2433554-im-639120215679829407.jpg","keywords":["Betis","Europa League","evacua\u00e7\u00f5es","futebol","Sevilha","Sp. Braga"],"articleSection":["Desporto","Futebol"],"inLanguage":"pt-PT"},{"@type":"WebPage","@id":"https:\/\/portaltela.pt\/noticias\/2026\/04\/17\/sp-braga-vence-em-sevilha-apos-tres-pedidos-de-evacuacao\/","url":"https:\/\/portaltela.pt\/noticias\/2026\/04\/17\/sp-braga-vence-em-sevilha-apos-tres-pedidos-de-evacuacao\/","name":"Sp. Braga vence em Sevilha ap\u00f3s tr\u00eas pedidos de evacua\u00e7\u00e3o - Portal Tela Portugal","isPartOf":{"@id":"https:\/\/portaltela.pt\/#website"},"primaryImageOfPage":{"@id":"https:\/\/portaltela.pt\/noticias\/2026\/04\/17\/sp-braga-vence-em-sevilha-apos-tres-pedidos-de-evacuacao\/#primaryimage"},"image":{"@id":"https:\/\/portaltela.pt\/noticias\/2026\/04\/17\/sp-braga-vence-em-sevilha-apos-tres-pedidos-de-evacuacao\/#primaryimage"},"thumbnailUrl":"https:\/\/portaltela.pt\/s.01k8rhncp4jt1\/2026\/04\/img_920x518uu2026-04-17-11-19-15-2433554-im-639120215679829407.jpg","datePublished":"2026-04-17T10:32:54+00:00","author":{"@id":"https:\/\/portaltela.pt\/#\/schema\/person\/c4278d4a6028830caff9ee44b42d32ed"},"breadcrumb":{"@id":"https:\/\/portaltela.pt\/noticias\/2026\/04\/17\/sp-braga-vence-em-sevilha-apos-tres-pedidos-de-evacuacao\/#breadcrumb"},"inLanguage":"pt-PT","potentialAction":[{"@type":"ReadAction","target":["https:\/\/portaltela.pt\/noticias\/2026\/04\/17\/sp-braga-vence-em-sevilha-apos-tres-pedidos-de-evacuacao\/"]}]},{"@type":"ImageObject","inLanguage":"pt-PT","@id":"https:\/\/portaltela.pt\/noticias\/2026\/04\/17\/sp-braga-vence-em-sevilha-apos-tres-pedidos-de-evacuacao\/#primaryimage","url":"https:\/\/portaltela.pt\/s.01k8rhncp4jt1\/2026\/04\/img_920x518uu2026-04-17-11-19-15-2433554-im-639120215679829407.jpg","contentUrl":"https:\/\/portaltela.pt\/s.01k8rhncp4jt1\/2026\/04\/img_920x518uu2026-04-17-11-19-15-2433554-im-639120215679829407.jpg","width":796,"height":448,"caption":"Duelo no Betis-Sp. Braga"},{"@type":"BreadcrumbList","@id":"https:\/\/portaltela.pt\/noticias\/2026\/04\/17\/sp-braga-vence-em-sevilha-apos-tres-pedidos-de-evacuacao\/#breadcrumb","itemListElement":[{"@type":"ListItem","position":1,"name":"In\u00edcio","item":"https:\/\/portaltela.pt\/"},{"@type":"ListItem","position":2,"name":"Sp. Braga vence em Sevilha ap\u00f3s tr\u00eas pedidos de evacua\u00e7\u00e3o"}]},{"@type":"WebSite","@id":"https:\/\/portaltela.pt\/#website","url":"https:\/\/portaltela.pt\/","name":"Portal Tela Portugal","description":"","potentialAction":[{"@type":"SearchAction","target":{"@type":"EntryPoint","urlTemplate":"https:\/\/portaltela.pt\/?s={search_term_string}"},"query-input":{"@type":"PropertyValueSpecification","valueRequired":true,"valueName":"search_term_string"}}],"inLanguage":"pt-PT"},{"@type":"Person","@id":"https:\/\/portaltela.pt\/#\/schema\/person\/c4278d4a6028830caff9ee44b42d32ed","name":"Telinha","image":{"@type":"ImageObject","inLanguage":"pt-PT","@id":"https:\/\/portaltela.pt\/s.01k8rhncp4jt1\/2025\/11\/talking-bot-125x125.png","url":"https:\/\/portaltela.pt\/s.01k8rhncp4jt1\/2025\/11\/talking-bot-125x125.png","contentUrl":"https:\/\/portaltela.pt\/s.01k8rhncp4jt1\/2025\/11\/talking-bot-125x125.png","caption":"Telinha"},"sameAs":["https:\/\/portaltela.pt\/"],"url":"https:\/\/portaltela.pt\/por\/367410592786\/"}]}},"_links":{"self":[{"href":"https:\/\/portaltela.pt\/api\/wp\/v2\/posts\/447616","targetHints":{"allow":["GET"]}}],"collection":[{"href":"https:\/\/portaltela.pt\/api\/wp\/v2\/posts"}],"about":[{"href":"https:\/\/portaltela.pt\/api\/wp\/v2\/types\/post"}],"author":[{"embeddable":true,"href":"https:\/\/portaltela.pt\/api\/wp\/v2\/users\/2"}],"replies":[{"embeddable":true,"href":"https:\/\/portaltela.pt\/api\/wp\/v2\/comments?post=447616"}],"version-history":[{"count":0,"href":"https:\/\/portaltela.pt\/api\/wp\/v2\/posts\/447616\/revisions"}],"wp:featuredmedia":[{"embeddable":true,"href":"https:\/\/portaltela.pt\/api\/wp\/v2\/media\/447617"}],"wp:attachment":[{"href":"https:\/\/portaltela.pt\/api\/wp\/v2\/media?parent=447616"}],"wp:term":[{"taxonomy":"category","embeddable":true,"href":"https:\/\/portaltela.pt\/api\/wp\/v2\/categories?post=447616"},{"taxonomy":"post_tag","embeddable":true,"href":"https:\/\/portaltela.pt\/api\/wp\/v2\/tags?post=447616"}],"curies":[{"name":"wp","href":"https:\/\/api.w.org\/{rel}","templated":true}]}}