{"id":447558,"date":"2026-04-17T07:03:36","date_gmt":"2026-04-17T10:03:36","guid":{"rendered":"https:\/\/portaltela.pt\/noticias\/2026\/04\/17\/excedente-da-balanca-comercial-da-zona-euro-cai-para-115-mil-milhoes\/"},"modified":"2026-04-17T07:03:36","modified_gmt":"2026-04-17T10:03:36","slug":"excedente-da-balanca-comercial-da-zona-euro-cai-para-115-mil-milhoes","status":"publish","type":"post","link":"https:\/\/portaltela.pt\/noticias\/economia\/2026\/04\/17\/excedente-da-balanca-comercial-da-zona-euro-cai-para-115-mil-milhoes\/","title":{"rendered":"Excedente da balan\u00e7a comercial da zona euro cai para 11,5 mil milh\u00f5es"},"content":{"rendered":"<p>O excedente da balan\u00e7a comercial externa de bens da zona euro caiu para 11,5 mil milh\u00f5es de euros em fevereiro, face aos 23,1 mil milh\u00f5es de fevereiro de 2024. Os dados s\u00e3o do Eurostat, o servi\u00e7o estat\u00edstico da UE.<\/p>\n<p>As exporta\u00e7\u00f5es da zona euro para o resto do mundo recuaram 6,7%, para 232,4 mil milh\u00f5es de euros. Em fevereiro de 2024 tinham sido de 249,1 mil milh\u00f5es.<\/p>\n<p>As importa\u00e7\u00f5es de bens de pa\u00edses terceiros diminu\u00edram 2,2%, para 220,9 mil milh\u00f5es de euros, reduzindo o desequil\u00edbrio comercial do bloco.<\/p>\n<h3>Saldo da UE com o resto do mundo e principais parceiros<\/h3>\n<p>Na UE como um todo, o excedente de 9,1 mil milh\u00f5es de euros ficou abaixo dos 22,9 mil milh\u00f5es de fevereiro do ano anterior. As exporta\u00e7\u00f5es recuaram 9,3% para 204,7 mil milh\u00f5es de euros.<\/p>\n<p>As importa\u00e7\u00f5es na UE ca\u00edram 3,5%, para 195,7 mil milh\u00f5es de euros, face aos 202,8 mil milh\u00f5es de euros de fevereiro de 2024.<\/p>\n<h3>Parceiros comerciais<\/h3>\n<p>O saldo entre a UE e os Estados Unidos, principal parceiro comercial, caiu de 23,4 mil milh\u00f5es de euros para 10,6 mil milh\u00f5es, ano a ano. O d\u00e9fice com a China diminuiu, de 30,3 mil milh\u00f5es para 26,2 mil milh\u00f5es.<\/p>\n","protected":false},"excerpt":{"rendered":"<ul>\n<li>O excedente da balan\u00e7a comercial externa de bens da zona euro caiu para 11,5 mil milh\u00f5es de euros em fevereiro, face a 23,1 mil milh\u00f5es no m\u00eas hom\u00f3logo de 2025.<\/li>\n<li>As exporta\u00e7\u00f5es da zona euro para o resto do mundo ca\u00edram 6,7%, para 232,4 mil milh\u00f5es de euros, e as importa\u00e7\u00f5es diminu\u00edram 2,2% para 220,9 mil milh\u00f5es.<\/li>\n<li>Na UE, o excedente da balan\u00e7a de bens com o resto do mundo foi de 9,1 mil milh\u00f5es de euros, frente a 22,9 mil milh\u00f5es no mesmo per\u00edodo.<\/li>\n<li>As exporta\u00e7\u00f5es da UE recuaram 9,3% para 204,7 mil milh\u00f5es de euros, e as importa\u00e7\u00f5es diminu\u00edram 3,5% para 195,7 mil milh\u00f5es.<\/li>\n<li>O saldo entre a UE e os Estados Unidos caiu para 10,6 mil milh\u00f5es de euros, e o d\u00e9fice com a China fechou em 26,2 mil milh\u00f5es de euros.<\/li>\n<\/ul>\n","protected":false},"author":2,"featured_media":447562,"comment_status":"closed","ping_status":"closed","sticky":false,"template":"","format":"standard","meta":{"footnotes":""},"categories":[2,6735],"tags":[244,28,3861,3892,5821,2055],"class_list":["post-447558","post","type-post","status-publish","format-standard","has-post-thumbnail","hentry","category-economia","category-negocios","tag-comercio","tag-economia","tag-economia-internacional","tag-exportacoes-internacionais","tag-importacoes-internacionais","tag-uniao-europeia"],"yoast_head":"<!-- This site is optimized with the Yoast SEO plugin v27.2 - https:\/\/yoast.com\/product\/yoast-seo-wordpress\/ -->\n<title>Excedente da balan\u00e7a comercial da zona euro cai para 11,5 mil milh\u00f5es - Portal Tela Portugal<\/title>\n<meta name=\"robots\" content=\"index, follow, max-snippet:-1, max-image-preview:large, max-video-preview:-1\" \/>\n<meta property=\"og:locale\" content=\"pt_PT\" \/>\n<meta property=\"og:type\" content=\"article\" \/>\n<meta property=\"og:title\" content=\"Excedente da balan\u00e7a comercial da zona euro cai para 11,5 mil milh\u00f5es - Portal Tela Portugal\" \/>\n<meta property=\"og:description\" content=\"O excedente da balan\u00e7a comercial externa de bens da zona euro caiu para 11,5 mil milh\u00f5es de euros em fevereiro, face a 23,1 mil milh\u00f5es no m\u00eas hom\u00f3logo de 2025. As exporta\u00e7\u00f5es da zona euro para o resto do mundo ca\u00edram 6,7%, para 232,4 mil milh\u00f5es de euros, e as importa\u00e7\u00f5es diminu\u00edram 2,2% para 220,9 mil milh\u00f5es. Na UE, o excedente da balan\u00e7a de bens com o resto do mundo foi de 9,1 mil milh\u00f5es de euros, frente a 22,9 mil milh\u00f5es no mesmo per\u00edodo. As exporta\u00e7\u00f5es da UE recuaram 9,3% para 204,7 mil milh\u00f5es de euros, e as importa\u00e7\u00f5es diminu\u00edram 3,5% para 195,7 mil milh\u00f5es. O saldo entre a UE e os Estados Unidos caiu para 10,6 mil milh\u00f5es de euros, e o d\u00e9fice com a China fechou em 26,2 mil milh\u00f5es de euros.\" \/>\n<meta property=\"og:url\" content=\"https:\/\/portaltela.pt\/noticias\/2026\/04\/17\/excedente-da-balanca-comercial-da-zona-euro-cai-para-115-mil-milhoes\/\" \/>\n<meta property=\"og:site_name\" content=\"Portal Tela Portugal\" \/>\n<meta property=\"article:published_time\" content=\"2026-04-17T10:03:36+00:00\" \/>\n<meta name=\"author\" content=\"Telinha\" \/>\n<meta name=\"twitter:card\" content=\"summary_large_image\" \/>\n<meta name=\"twitter:label1\" content=\"Escrito por\" \/>\n\t<meta name=\"twitter:data1\" content=\"Telinha\" \/>\n\t<meta name=\"twitter:label2\" content=\"Tempo estimado de leitura\" \/>\n\t<meta name=\"twitter:data2\" content=\"1 minuto\" \/>\n<script type=\"application\/ld+json\" class=\"yoast-schema-graph\">{\"@context\":\"https:\/\/schema.org\",\"@graph\":[{\"@type\":\"Article\",\"@id\":\"https:\/\/portaltela.pt\/noticias\/2026\/04\/17\/excedente-da-balanca-comercial-da-zona-euro-cai-para-115-mil-milhoes\/#article\",\"isPartOf\":{\"@id\":\"https:\/\/portaltela.pt\/noticias\/2026\/04\/17\/excedente-da-balanca-comercial-da-zona-euro-cai-para-115-mil-milhoes\/\"},\"author\":{\"name\":\"Telinha\",\"@id\":\"https:\/\/portaltela.pt\/#\/schema\/person\/c4278d4a6028830caff9ee44b42d32ed\"},\"headline\":\"Excedente da balan\u00e7a comercial da zona euro cai para 11,5 mil milh\u00f5es\",\"datePublished\":\"2026-04-17T10:03:36+00:00\",\"mainEntityOfPage\":{\"@id\":\"https:\/\/portaltela.pt\/noticias\/2026\/04\/17\/excedente-da-balanca-comercial-da-zona-euro-cai-para-115-mil-milhoes\/\"},\"wordCount\":217,\"image\":{\"@id\":\"https:\/\/portaltela.pt\/noticias\/2026\/04\/17\/excedente-da-balanca-comercial-da-zona-euro-cai-para-115-mil-milhoes\/#primaryimage\"},\"thumbnailUrl\":\"https:\/\/portaltela.pt\/s.01k8rhncp4jt1\/2026\/04\/img_1500x1000uu2014-12-19-17-12-00-425258.jpg\",\"keywords\":[\"com\u00e9rcio\",\"economia\",\"economia internacional\",\"exporta\u00e7\u00f5es internacionais\",\"importa\u00e7\u00f5es internacionais\",\"Uni\u00e3o Europeia\"],\"articleSection\":[\"Economia\",\"Neg\u00f3cios\"],\"inLanguage\":\"pt-PT\"},{\"@type\":\"WebPage\",\"@id\":\"https:\/\/portaltela.pt\/noticias\/2026\/04\/17\/excedente-da-balanca-comercial-da-zona-euro-cai-para-115-mil-milhoes\/\",\"url\":\"https:\/\/portaltela.pt\/noticias\/2026\/04\/17\/excedente-da-balanca-comercial-da-zona-euro-cai-para-115-mil-milhoes\/\",\"name\":\"Excedente da balan\u00e7a comercial da zona euro cai para 11,5 mil milh\u00f5es - Portal Tela Portugal\",\"isPartOf\":{\"@id\":\"https:\/\/portaltela.pt\/#website\"},\"primaryImageOfPage\":{\"@id\":\"https:\/\/portaltela.pt\/noticias\/2026\/04\/17\/excedente-da-balanca-comercial-da-zona-euro-cai-para-115-mil-milhoes\/#primaryimage\"},\"image\":{\"@id\":\"https:\/\/portaltela.pt\/noticias\/2026\/04\/17\/excedente-da-balanca-comercial-da-zona-euro-cai-para-115-mil-milhoes\/#primaryimage\"},\"thumbnailUrl\":\"https:\/\/portaltela.pt\/s.01k8rhncp4jt1\/2026\/04\/img_1500x1000uu2014-12-19-17-12-00-425258.jpg\",\"datePublished\":\"2026-04-17T10:03:36+00:00\",\"author\":{\"@id\":\"https:\/\/portaltela.pt\/#\/schema\/person\/c4278d4a6028830caff9ee44b42d32ed\"},\"breadcrumb\":{\"@id\":\"https:\/\/portaltela.pt\/noticias\/2026\/04\/17\/excedente-da-balanca-comercial-da-zona-euro-cai-para-115-mil-milhoes\/#breadcrumb\"},\"inLanguage\":\"pt-PT\",\"potentialAction\":[{\"@type\":\"ReadAction\",\"target\":[\"https:\/\/portaltela.pt\/noticias\/2026\/04\/17\/excedente-da-balanca-comercial-da-zona-euro-cai-para-115-mil-milhoes\/\"]}]},{\"@type\":\"ImageObject\",\"inLanguage\":\"pt-PT\",\"@id\":\"https:\/\/portaltela.pt\/noticias\/2026\/04\/17\/excedente-da-balanca-comercial-da-zona-euro-cai-para-115-mil-milhoes\/#primaryimage\",\"url\":\"https:\/\/portaltela.pt\/s.01k8rhncp4jt1\/2026\/04\/img_1500x1000uu2014-12-19-17-12-00-425258.jpg\",\"contentUrl\":\"https:\/\/portaltela.pt\/s.01k8rhncp4jt1\/2026\/04\/img_1500x1000uu2014-12-19-17-12-00-425258.jpg\",\"width\":796,\"height\":448,\"caption\":\"Bandeira Uni\u00e3o Europeia\"},{\"@type\":\"BreadcrumbList\",\"@id\":\"https:\/\/portaltela.pt\/noticias\/2026\/04\/17\/excedente-da-balanca-comercial-da-zona-euro-cai-para-115-mil-milhoes\/#breadcrumb\",\"itemListElement\":[{\"@type\":\"ListItem\",\"position\":1,\"name\":\"In\u00edcio\",\"item\":\"https:\/\/portaltela.pt\/\"},{\"@type\":\"ListItem\",\"position\":2,\"name\":\"Excedente da balan\u00e7a comercial da zona euro cai para 11,5 mil milh\u00f5es\"}]},{\"@type\":\"WebSite\",\"@id\":\"https:\/\/portaltela.pt\/#website\",\"url\":\"https:\/\/portaltela.pt\/\",\"name\":\"Portal Tela Portugal\",\"description\":\"\",\"potentialAction\":[{\"@type\":\"SearchAction\",\"target\":{\"@type\":\"EntryPoint\",\"urlTemplate\":\"https:\/\/portaltela.pt\/?s={search_term_string}\"},\"query-input\":{\"@type\":\"PropertyValueSpecification\",\"valueRequired\":true,\"valueName\":\"search_term_string\"}}],\"inLanguage\":\"pt-PT\"},{\"@type\":\"Person\",\"@id\":\"https:\/\/portaltela.pt\/#\/schema\/person\/c4278d4a6028830caff9ee44b42d32ed\",\"name\":\"Telinha\",\"image\":{\"@type\":\"ImageObject\",\"inLanguage\":\"pt-PT\",\"@id\":\"https:\/\/portaltela.pt\/s.01k8rhncp4jt1\/2025\/11\/talking-bot-125x125.png\",\"url\":\"https:\/\/portaltela.pt\/s.01k8rhncp4jt1\/2025\/11\/talking-bot-125x125.png\",\"contentUrl\":\"https:\/\/portaltela.pt\/s.01k8rhncp4jt1\/2025\/11\/talking-bot-125x125.png\",\"caption\":\"Telinha\"},\"sameAs\":[\"https:\/\/portaltela.pt\/\"],\"url\":\"https:\/\/portaltela.pt\/por\/367410592786\/\"}]}<\/script>\n<!-- \/ Yoast SEO plugin. -->","yoast_head_json":{"title":"Excedente da balan\u00e7a comercial da zona euro cai para 11,5 mil milh\u00f5es - Portal Tela Portugal","robots":{"index":"index","follow":"follow","max-snippet":"max-snippet:-1","max-image-preview":"max-image-preview:large","max-video-preview":"max-video-preview:-1"},"og_locale":"pt_PT","og_type":"article","og_title":"Excedente da balan\u00e7a comercial da zona euro cai para 11,5 mil milh\u00f5es - Portal Tela Portugal","og_description":"O excedente da balan\u00e7a comercial externa de bens da zona euro caiu para 11,5 mil milh\u00f5es de euros em fevereiro, face a 23,1 mil milh\u00f5es no m\u00eas hom\u00f3logo de 2025. As exporta\u00e7\u00f5es da zona euro para o resto do mundo ca\u00edram 6,7%, para 232,4 mil milh\u00f5es de euros, e as importa\u00e7\u00f5es diminu\u00edram 2,2% para 220,9 mil milh\u00f5es. Na UE, o excedente da balan\u00e7a de bens com o resto do mundo foi de 9,1 mil milh\u00f5es de euros, frente a 22,9 mil milh\u00f5es no mesmo per\u00edodo. As exporta\u00e7\u00f5es da UE recuaram 9,3% para 204,7 mil milh\u00f5es de euros, e as importa\u00e7\u00f5es diminu\u00edram 3,5% para 195,7 mil milh\u00f5es. O saldo entre a UE e os Estados Unidos caiu para 10,6 mil milh\u00f5es de euros, e o d\u00e9fice com a China fechou em 26,2 mil milh\u00f5es de euros.","og_url":"https:\/\/portaltela.pt\/noticias\/2026\/04\/17\/excedente-da-balanca-comercial-da-zona-euro-cai-para-115-mil-milhoes\/","og_site_name":"Portal Tela Portugal","article_published_time":"2026-04-17T10:03:36+00:00","author":"Telinha","twitter_card":"summary_large_image","twitter_misc":{"Escrito por":"Telinha","Tempo estimado de leitura":"1 minuto"},"schema":{"@context":"https:\/\/schema.org","@graph":[{"@type":"Article","@id":"https:\/\/portaltela.pt\/noticias\/2026\/04\/17\/excedente-da-balanca-comercial-da-zona-euro-cai-para-115-mil-milhoes\/#article","isPartOf":{"@id":"https:\/\/portaltela.pt\/noticias\/2026\/04\/17\/excedente-da-balanca-comercial-da-zona-euro-cai-para-115-mil-milhoes\/"},"author":{"name":"Telinha","@id":"https:\/\/portaltela.pt\/#\/schema\/person\/c4278d4a6028830caff9ee44b42d32ed"},"headline":"Excedente da balan\u00e7a comercial da zona euro cai para 11,5 mil milh\u00f5es","datePublished":"2026-04-17T10:03:36+00:00","mainEntityOfPage":{"@id":"https:\/\/portaltela.pt\/noticias\/2026\/04\/17\/excedente-da-balanca-comercial-da-zona-euro-cai-para-115-mil-milhoes\/"},"wordCount":217,"image":{"@id":"https:\/\/portaltela.pt\/noticias\/2026\/04\/17\/excedente-da-balanca-comercial-da-zona-euro-cai-para-115-mil-milhoes\/#primaryimage"},"thumbnailUrl":"https:\/\/portaltela.pt\/s.01k8rhncp4jt1\/2026\/04\/img_1500x1000uu2014-12-19-17-12-00-425258.jpg","keywords":["com\u00e9rcio","economia","economia internacional","exporta\u00e7\u00f5es internacionais","importa\u00e7\u00f5es internacionais","Uni\u00e3o Europeia"],"articleSection":["Economia","Neg\u00f3cios"],"inLanguage":"pt-PT"},{"@type":"WebPage","@id":"https:\/\/portaltela.pt\/noticias\/2026\/04\/17\/excedente-da-balanca-comercial-da-zona-euro-cai-para-115-mil-milhoes\/","url":"https:\/\/portaltela.pt\/noticias\/2026\/04\/17\/excedente-da-balanca-comercial-da-zona-euro-cai-para-115-mil-milhoes\/","name":"Excedente da balan\u00e7a comercial da zona euro cai para 11,5 mil milh\u00f5es - Portal Tela Portugal","isPartOf":{"@id":"https:\/\/portaltela.pt\/#website"},"primaryImageOfPage":{"@id":"https:\/\/portaltela.pt\/noticias\/2026\/04\/17\/excedente-da-balanca-comercial-da-zona-euro-cai-para-115-mil-milhoes\/#primaryimage"},"image":{"@id":"https:\/\/portaltela.pt\/noticias\/2026\/04\/17\/excedente-da-balanca-comercial-da-zona-euro-cai-para-115-mil-milhoes\/#primaryimage"},"thumbnailUrl":"https:\/\/portaltela.pt\/s.01k8rhncp4jt1\/2026\/04\/img_1500x1000uu2014-12-19-17-12-00-425258.jpg","datePublished":"2026-04-17T10:03:36+00:00","author":{"@id":"https:\/\/portaltela.pt\/#\/schema\/person\/c4278d4a6028830caff9ee44b42d32ed"},"breadcrumb":{"@id":"https:\/\/portaltela.pt\/noticias\/2026\/04\/17\/excedente-da-balanca-comercial-da-zona-euro-cai-para-115-mil-milhoes\/#breadcrumb"},"inLanguage":"pt-PT","potentialAction":[{"@type":"ReadAction","target":["https:\/\/portaltela.pt\/noticias\/2026\/04\/17\/excedente-da-balanca-comercial-da-zona-euro-cai-para-115-mil-milhoes\/"]}]},{"@type":"ImageObject","inLanguage":"pt-PT","@id":"https:\/\/portaltela.pt\/noticias\/2026\/04\/17\/excedente-da-balanca-comercial-da-zona-euro-cai-para-115-mil-milhoes\/#primaryimage","url":"https:\/\/portaltela.pt\/s.01k8rhncp4jt1\/2026\/04\/img_1500x1000uu2014-12-19-17-12-00-425258.jpg","contentUrl":"https:\/\/portaltela.pt\/s.01k8rhncp4jt1\/2026\/04\/img_1500x1000uu2014-12-19-17-12-00-425258.jpg","width":796,"height":448,"caption":"Bandeira Uni\u00e3o Europeia"},{"@type":"BreadcrumbList","@id":"https:\/\/portaltela.pt\/noticias\/2026\/04\/17\/excedente-da-balanca-comercial-da-zona-euro-cai-para-115-mil-milhoes\/#breadcrumb","itemListElement":[{"@type":"ListItem","position":1,"name":"In\u00edcio","item":"https:\/\/portaltela.pt\/"},{"@type":"ListItem","position":2,"name":"Excedente da balan\u00e7a comercial da zona euro cai para 11,5 mil milh\u00f5es"}]},{"@type":"WebSite","@id":"https:\/\/portaltela.pt\/#website","url":"https:\/\/portaltela.pt\/","name":"Portal Tela Portugal","description":"","potentialAction":[{"@type":"SearchAction","target":{"@type":"EntryPoint","urlTemplate":"https:\/\/portaltela.pt\/?s={search_term_string}"},"query-input":{"@type":"PropertyValueSpecification","valueRequired":true,"valueName":"search_term_string"}}],"inLanguage":"pt-PT"},{"@type":"Person","@id":"https:\/\/portaltela.pt\/#\/schema\/person\/c4278d4a6028830caff9ee44b42d32ed","name":"Telinha","image":{"@type":"ImageObject","inLanguage":"pt-PT","@id":"https:\/\/portaltela.pt\/s.01k8rhncp4jt1\/2025\/11\/talking-bot-125x125.png","url":"https:\/\/portaltela.pt\/s.01k8rhncp4jt1\/2025\/11\/talking-bot-125x125.png","contentUrl":"https:\/\/portaltela.pt\/s.01k8rhncp4jt1\/2025\/11\/talking-bot-125x125.png","caption":"Telinha"},"sameAs":["https:\/\/portaltela.pt\/"],"url":"https:\/\/portaltela.pt\/por\/367410592786\/"}]}},"_links":{"self":[{"href":"https:\/\/portaltela.pt\/api\/wp\/v2\/posts\/447558","targetHints":{"allow":["GET"]}}],"collection":[{"href":"https:\/\/portaltela.pt\/api\/wp\/v2\/posts"}],"about":[{"href":"https:\/\/portaltela.pt\/api\/wp\/v2\/types\/post"}],"author":[{"embeddable":true,"href":"https:\/\/portaltela.pt\/api\/wp\/v2\/users\/2"}],"replies":[{"embeddable":true,"href":"https:\/\/portaltela.pt\/api\/wp\/v2\/comments?post=447558"}],"version-history":[{"count":0,"href":"https:\/\/portaltela.pt\/api\/wp\/v2\/posts\/447558\/revisions"}],"wp:featuredmedia":[{"embeddable":true,"href":"https:\/\/portaltela.pt\/api\/wp\/v2\/media\/447562"}],"wp:attachment":[{"href":"https:\/\/portaltela.pt\/api\/wp\/v2\/media?parent=447558"}],"wp:term":[{"taxonomy":"category","embeddable":true,"href":"https:\/\/portaltela.pt\/api\/wp\/v2\/categories?post=447558"},{"taxonomy":"post_tag","embeddable":true,"href":"https:\/\/portaltela.pt\/api\/wp\/v2\/tags?post=447558"}],"curies":[{"name":"wp","href":"https:\/\/api.w.org\/{rel}","templated":true}]}}