{"id":447406,"date":"2026-04-17T03:11:00","date_gmt":"2026-04-17T06:11:00","guid":{"rendered":"https:\/\/portaltela.pt\/noticias\/2026\/04\/17\/seguro-preside-a-primeira-reuniao-do-conselho-de-estado-com-novos-conselheiros\/"},"modified":"2026-04-17T03:11:00","modified_gmt":"2026-04-17T06:11:00","slug":"seguro-preside-a-primeira-reuniao-do-conselho-de-estado-com-novos-conselheiros","status":"publish","type":"post","link":"https:\/\/portaltela.pt\/noticias\/politica\/2026\/04\/17\/seguro-preside-a-primeira-reuniao-do-conselho-de-estado-com-novos-conselheiros\/","title":{"rendered":"Seguro preside \u00e0 primeira reuni\u00e3o do Conselho de Estado com novos conselheiros"},"content":{"rendered":"<p>Seguro presidiu \u00e0 primeira reuni\u00e3o do Conselho de Estado com os novos conselheiros, segundo o comunicado do \u00f3rg\u00e3o. O encontro marca a entrada de membros rec\u00e9m-designados no \u00f3rg\u00e3o de aconselhamento.<\/p>\n<p>O texto completo n\u00e3o est\u00e1 dispon\u00edvel sem subscri\u00e7\u00e3o, o que limita a divulga\u00e7\u00e3o de detalhes sobre a pauta, participantes exactos e resultados preliminares. At\u00e9 ao momento, n\u00e3o h\u00e1 confirma\u00e7\u00e3o p\u00fablica de interven\u00e7\u00f5es espec\u00edficas.<\/p>\n<p>N\u00e3o foram reveladas informa\u00e7\u00f5es adicionais sobre data, local ou eventuais declara\u00e7\u00f5es oficiais. A not\u00edcia completa permanece acess\u00edvel apenas aos subscritores.<\/p>\n","protected":false},"excerpt":{"rendered":"<ul>\n<li>O presidente Seguro preside \u00e0 primeira reuni\u00e3o do Conselho de Estado com novos conselheiros.<\/li>\n<li>O conte\u00fado completo da not\u00edcia est\u00e1 dispon\u00edvel apenas para subscritores.<\/li>\n<\/ul>\n","protected":false},"author":2,"featured_media":447409,"comment_status":"closed","ping_status":"closed","sticky":false,"template":"","format":"standard","meta":{"footnotes":""},"categories":[1,5],"tags":[6340,1507,34,41,7892,30],"class_list":["post-447406","post","type-post","status-publish","format-standard","has-post-thumbnail","hentry","category-noticias","category-politica","tag-conselho-nacional","tag-conselhos","tag-governo","tag-noticia","tag-politica-interna","tag-presidente"],"yoast_head":"<!-- This site is optimized with the Yoast SEO plugin v27.2 - https:\/\/yoast.com\/product\/yoast-seo-wordpress\/ -->\n<title>Seguro preside \u00e0 primeira reuni\u00e3o do Conselho de Estado com novos conselheiros - Portal Tela Portugal<\/title>\n<meta name=\"robots\" content=\"index, follow, max-snippet:-1, max-image-preview:large, max-video-preview:-1\" \/>\n<meta property=\"og:locale\" content=\"pt_PT\" \/>\n<meta property=\"og:type\" content=\"article\" \/>\n<meta property=\"og:title\" content=\"Seguro preside \u00e0 primeira reuni\u00e3o do Conselho de Estado com novos conselheiros - Portal Tela Portugal\" \/>\n<meta property=\"og:description\" content=\"O presidente Seguro preside \u00e0 primeira reuni\u00e3o do Conselho de Estado com novos conselheiros. O conte\u00fado completo da not\u00edcia est\u00e1 dispon\u00edvel apenas para subscritores.\" \/>\n<meta property=\"og:url\" content=\"https:\/\/portaltela.pt\/noticias\/2026\/04\/17\/seguro-preside-a-primeira-reuniao-do-conselho-de-estado-com-novos-conselheiros\/\" \/>\n<meta property=\"og:site_name\" content=\"Portal Tela Portugal\" \/>\n<meta property=\"article:published_time\" content=\"2026-04-17T06:11:00+00:00\" \/>\n<meta name=\"author\" content=\"Telinha\" \/>\n<meta name=\"twitter:card\" content=\"summary_large_image\" \/>\n<meta name=\"twitter:label1\" content=\"Escrito por\" \/>\n\t<meta name=\"twitter:data1\" content=\"Telinha\" \/>\n\t<meta name=\"twitter:label2\" content=\"Tempo estimado de leitura\" \/>\n\t<meta name=\"twitter:data2\" content=\"1 minuto\" \/>\n<script type=\"application\/ld+json\" class=\"yoast-schema-graph\">{\"@context\":\"https:\/\/schema.org\",\"@graph\":[{\"@type\":\"Article\",\"@id\":\"https:\/\/portaltela.pt\/noticias\/2026\/04\/17\/seguro-preside-a-primeira-reuniao-do-conselho-de-estado-com-novos-conselheiros\/#article\",\"isPartOf\":{\"@id\":\"https:\/\/portaltela.pt\/noticias\/2026\/04\/17\/seguro-preside-a-primeira-reuniao-do-conselho-de-estado-com-novos-conselheiros\/\"},\"author\":{\"name\":\"Telinha\",\"@id\":\"https:\/\/portaltela.pt\/#\/schema\/person\/c4278d4a6028830caff9ee44b42d32ed\"},\"headline\":\"Seguro preside \u00e0 primeira reuni\u00e3o do Conselho de Estado com novos conselheiros\",\"datePublished\":\"2026-04-17T06:11:00+00:00\",\"mainEntityOfPage\":{\"@id\":\"https:\/\/portaltela.pt\/noticias\/2026\/04\/17\/seguro-preside-a-primeira-reuniao-do-conselho-de-estado-com-novos-conselheiros\/\"},\"wordCount\":112,\"image\":{\"@id\":\"https:\/\/portaltela.pt\/noticias\/2026\/04\/17\/seguro-preside-a-primeira-reuniao-do-conselho-de-estado-com-novos-conselheiros\/#primaryimage\"},\"thumbnailUrl\":\"https:\/\/portaltela.pt\/s.01k8rhncp4jt1\/2026\/04\/CACHE_780X1200_ANALOG_WATERMARKED_46867568_1590876_02042026122522-1.jpg\",\"keywords\":[\"Conselho Nacional\",\"conselhos\",\"governo\",\"not\u00edcia\",\"pol\u00edtica interna\",\"presidente\"],\"articleSection\":[\"Not\u00edcias\",\"Pol\u00edtica\"],\"inLanguage\":\"pt-PT\"},{\"@type\":\"WebPage\",\"@id\":\"https:\/\/portaltela.pt\/noticias\/2026\/04\/17\/seguro-preside-a-primeira-reuniao-do-conselho-de-estado-com-novos-conselheiros\/\",\"url\":\"https:\/\/portaltela.pt\/noticias\/2026\/04\/17\/seguro-preside-a-primeira-reuniao-do-conselho-de-estado-com-novos-conselheiros\/\",\"name\":\"Seguro preside \u00e0 primeira reuni\u00e3o do Conselho de Estado com novos conselheiros - Portal Tela Portugal\",\"isPartOf\":{\"@id\":\"https:\/\/portaltela.pt\/#website\"},\"primaryImageOfPage\":{\"@id\":\"https:\/\/portaltela.pt\/noticias\/2026\/04\/17\/seguro-preside-a-primeira-reuniao-do-conselho-de-estado-com-novos-conselheiros\/#primaryimage\"},\"image\":{\"@id\":\"https:\/\/portaltela.pt\/noticias\/2026\/04\/17\/seguro-preside-a-primeira-reuniao-do-conselho-de-estado-com-novos-conselheiros\/#primaryimage\"},\"thumbnailUrl\":\"https:\/\/portaltela.pt\/s.01k8rhncp4jt1\/2026\/04\/CACHE_780X1200_ANALOG_WATERMARKED_46867568_1590876_02042026122522-1.jpg\",\"datePublished\":\"2026-04-17T06:11:00+00:00\",\"author\":{\"@id\":\"https:\/\/portaltela.pt\/#\/schema\/person\/c4278d4a6028830caff9ee44b42d32ed\"},\"breadcrumb\":{\"@id\":\"https:\/\/portaltela.pt\/noticias\/2026\/04\/17\/seguro-preside-a-primeira-reuniao-do-conselho-de-estado-com-novos-conselheiros\/#breadcrumb\"},\"inLanguage\":\"pt-PT\",\"potentialAction\":[{\"@type\":\"ReadAction\",\"target\":[\"https:\/\/portaltela.pt\/noticias\/2026\/04\/17\/seguro-preside-a-primeira-reuniao-do-conselho-de-estado-com-novos-conselheiros\/\"]}]},{\"@type\":\"ImageObject\",\"inLanguage\":\"pt-PT\",\"@id\":\"https:\/\/portaltela.pt\/noticias\/2026\/04\/17\/seguro-preside-a-primeira-reuniao-do-conselho-de-estado-com-novos-conselheiros\/#primaryimage\",\"url\":\"https:\/\/portaltela.pt\/s.01k8rhncp4jt1\/2026\/04\/CACHE_780X1200_ANALOG_WATERMARKED_46867568_1590876_02042026122522-1.jpg\",\"contentUrl\":\"https:\/\/portaltela.pt\/s.01k8rhncp4jt1\/2026\/04\/CACHE_780X1200_ANALOG_WATERMARKED_46867568_1590876_02042026122522-1.jpg\",\"width\":796,\"height\":448,\"caption\":\"Seguro preside \u00e0 primeira reuni\u00e3o do Conselho de Estado com novos conselheiros\"},{\"@type\":\"BreadcrumbList\",\"@id\":\"https:\/\/portaltela.pt\/noticias\/2026\/04\/17\/seguro-preside-a-primeira-reuniao-do-conselho-de-estado-com-novos-conselheiros\/#breadcrumb\",\"itemListElement\":[{\"@type\":\"ListItem\",\"position\":1,\"name\":\"In\u00edcio\",\"item\":\"https:\/\/portaltela.pt\/\"},{\"@type\":\"ListItem\",\"position\":2,\"name\":\"Seguro preside \u00e0 primeira reuni\u00e3o do Conselho de Estado com novos conselheiros\"}]},{\"@type\":\"WebSite\",\"@id\":\"https:\/\/portaltela.pt\/#website\",\"url\":\"https:\/\/portaltela.pt\/\",\"name\":\"Portal Tela Portugal\",\"description\":\"\",\"potentialAction\":[{\"@type\":\"SearchAction\",\"target\":{\"@type\":\"EntryPoint\",\"urlTemplate\":\"https:\/\/portaltela.pt\/?s={search_term_string}\"},\"query-input\":{\"@type\":\"PropertyValueSpecification\",\"valueRequired\":true,\"valueName\":\"search_term_string\"}}],\"inLanguage\":\"pt-PT\"},{\"@type\":\"Person\",\"@id\":\"https:\/\/portaltela.pt\/#\/schema\/person\/c4278d4a6028830caff9ee44b42d32ed\",\"name\":\"Telinha\",\"image\":{\"@type\":\"ImageObject\",\"inLanguage\":\"pt-PT\",\"@id\":\"https:\/\/portaltela.pt\/s.01k8rhncp4jt1\/2025\/11\/talking-bot-125x125.png\",\"url\":\"https:\/\/portaltela.pt\/s.01k8rhncp4jt1\/2025\/11\/talking-bot-125x125.png\",\"contentUrl\":\"https:\/\/portaltela.pt\/s.01k8rhncp4jt1\/2025\/11\/talking-bot-125x125.png\",\"caption\":\"Telinha\"},\"sameAs\":[\"https:\/\/portaltela.pt\/\"],\"url\":\"https:\/\/portaltela.pt\/por\/367410592786\/\"}]}<\/script>\n<!-- \/ Yoast SEO plugin. -->","yoast_head_json":{"title":"Seguro preside \u00e0 primeira reuni\u00e3o do Conselho de Estado com novos conselheiros - Portal Tela Portugal","robots":{"index":"index","follow":"follow","max-snippet":"max-snippet:-1","max-image-preview":"max-image-preview:large","max-video-preview":"max-video-preview:-1"},"og_locale":"pt_PT","og_type":"article","og_title":"Seguro preside \u00e0 primeira reuni\u00e3o do Conselho de Estado com novos conselheiros - Portal Tela Portugal","og_description":"O presidente Seguro preside \u00e0 primeira reuni\u00e3o do Conselho de Estado com novos conselheiros. O conte\u00fado completo da not\u00edcia est\u00e1 dispon\u00edvel apenas para subscritores.","og_url":"https:\/\/portaltela.pt\/noticias\/2026\/04\/17\/seguro-preside-a-primeira-reuniao-do-conselho-de-estado-com-novos-conselheiros\/","og_site_name":"Portal Tela Portugal","article_published_time":"2026-04-17T06:11:00+00:00","author":"Telinha","twitter_card":"summary_large_image","twitter_misc":{"Escrito por":"Telinha","Tempo estimado de leitura":"1 minuto"},"schema":{"@context":"https:\/\/schema.org","@graph":[{"@type":"Article","@id":"https:\/\/portaltela.pt\/noticias\/2026\/04\/17\/seguro-preside-a-primeira-reuniao-do-conselho-de-estado-com-novos-conselheiros\/#article","isPartOf":{"@id":"https:\/\/portaltela.pt\/noticias\/2026\/04\/17\/seguro-preside-a-primeira-reuniao-do-conselho-de-estado-com-novos-conselheiros\/"},"author":{"name":"Telinha","@id":"https:\/\/portaltela.pt\/#\/schema\/person\/c4278d4a6028830caff9ee44b42d32ed"},"headline":"Seguro preside \u00e0 primeira reuni\u00e3o do Conselho de Estado com novos conselheiros","datePublished":"2026-04-17T06:11:00+00:00","mainEntityOfPage":{"@id":"https:\/\/portaltela.pt\/noticias\/2026\/04\/17\/seguro-preside-a-primeira-reuniao-do-conselho-de-estado-com-novos-conselheiros\/"},"wordCount":112,"image":{"@id":"https:\/\/portaltela.pt\/noticias\/2026\/04\/17\/seguro-preside-a-primeira-reuniao-do-conselho-de-estado-com-novos-conselheiros\/#primaryimage"},"thumbnailUrl":"https:\/\/portaltela.pt\/s.01k8rhncp4jt1\/2026\/04\/CACHE_780X1200_ANALOG_WATERMARKED_46867568_1590876_02042026122522-1.jpg","keywords":["Conselho Nacional","conselhos","governo","not\u00edcia","pol\u00edtica interna","presidente"],"articleSection":["Not\u00edcias","Pol\u00edtica"],"inLanguage":"pt-PT"},{"@type":"WebPage","@id":"https:\/\/portaltela.pt\/noticias\/2026\/04\/17\/seguro-preside-a-primeira-reuniao-do-conselho-de-estado-com-novos-conselheiros\/","url":"https:\/\/portaltela.pt\/noticias\/2026\/04\/17\/seguro-preside-a-primeira-reuniao-do-conselho-de-estado-com-novos-conselheiros\/","name":"Seguro preside \u00e0 primeira reuni\u00e3o do Conselho de Estado com novos conselheiros - Portal Tela Portugal","isPartOf":{"@id":"https:\/\/portaltela.pt\/#website"},"primaryImageOfPage":{"@id":"https:\/\/portaltela.pt\/noticias\/2026\/04\/17\/seguro-preside-a-primeira-reuniao-do-conselho-de-estado-com-novos-conselheiros\/#primaryimage"},"image":{"@id":"https:\/\/portaltela.pt\/noticias\/2026\/04\/17\/seguro-preside-a-primeira-reuniao-do-conselho-de-estado-com-novos-conselheiros\/#primaryimage"},"thumbnailUrl":"https:\/\/portaltela.pt\/s.01k8rhncp4jt1\/2026\/04\/CACHE_780X1200_ANALOG_WATERMARKED_46867568_1590876_02042026122522-1.jpg","datePublished":"2026-04-17T06:11:00+00:00","author":{"@id":"https:\/\/portaltela.pt\/#\/schema\/person\/c4278d4a6028830caff9ee44b42d32ed"},"breadcrumb":{"@id":"https:\/\/portaltela.pt\/noticias\/2026\/04\/17\/seguro-preside-a-primeira-reuniao-do-conselho-de-estado-com-novos-conselheiros\/#breadcrumb"},"inLanguage":"pt-PT","potentialAction":[{"@type":"ReadAction","target":["https:\/\/portaltela.pt\/noticias\/2026\/04\/17\/seguro-preside-a-primeira-reuniao-do-conselho-de-estado-com-novos-conselheiros\/"]}]},{"@type":"ImageObject","inLanguage":"pt-PT","@id":"https:\/\/portaltela.pt\/noticias\/2026\/04\/17\/seguro-preside-a-primeira-reuniao-do-conselho-de-estado-com-novos-conselheiros\/#primaryimage","url":"https:\/\/portaltela.pt\/s.01k8rhncp4jt1\/2026\/04\/CACHE_780X1200_ANALOG_WATERMARKED_46867568_1590876_02042026122522-1.jpg","contentUrl":"https:\/\/portaltela.pt\/s.01k8rhncp4jt1\/2026\/04\/CACHE_780X1200_ANALOG_WATERMARKED_46867568_1590876_02042026122522-1.jpg","width":796,"height":448,"caption":"Seguro preside \u00e0 primeira reuni\u00e3o do Conselho de Estado com novos conselheiros"},{"@type":"BreadcrumbList","@id":"https:\/\/portaltela.pt\/noticias\/2026\/04\/17\/seguro-preside-a-primeira-reuniao-do-conselho-de-estado-com-novos-conselheiros\/#breadcrumb","itemListElement":[{"@type":"ListItem","position":1,"name":"In\u00edcio","item":"https:\/\/portaltela.pt\/"},{"@type":"ListItem","position":2,"name":"Seguro preside \u00e0 primeira reuni\u00e3o do Conselho de Estado com novos conselheiros"}]},{"@type":"WebSite","@id":"https:\/\/portaltela.pt\/#website","url":"https:\/\/portaltela.pt\/","name":"Portal Tela Portugal","description":"","potentialAction":[{"@type":"SearchAction","target":{"@type":"EntryPoint","urlTemplate":"https:\/\/portaltela.pt\/?s={search_term_string}"},"query-input":{"@type":"PropertyValueSpecification","valueRequired":true,"valueName":"search_term_string"}}],"inLanguage":"pt-PT"},{"@type":"Person","@id":"https:\/\/portaltela.pt\/#\/schema\/person\/c4278d4a6028830caff9ee44b42d32ed","name":"Telinha","image":{"@type":"ImageObject","inLanguage":"pt-PT","@id":"https:\/\/portaltela.pt\/s.01k8rhncp4jt1\/2025\/11\/talking-bot-125x125.png","url":"https:\/\/portaltela.pt\/s.01k8rhncp4jt1\/2025\/11\/talking-bot-125x125.png","contentUrl":"https:\/\/portaltela.pt\/s.01k8rhncp4jt1\/2025\/11\/talking-bot-125x125.png","caption":"Telinha"},"sameAs":["https:\/\/portaltela.pt\/"],"url":"https:\/\/portaltela.pt\/por\/367410592786\/"}]}},"_links":{"self":[{"href":"https:\/\/portaltela.pt\/api\/wp\/v2\/posts\/447406","targetHints":{"allow":["GET"]}}],"collection":[{"href":"https:\/\/portaltela.pt\/api\/wp\/v2\/posts"}],"about":[{"href":"https:\/\/portaltela.pt\/api\/wp\/v2\/types\/post"}],"author":[{"embeddable":true,"href":"https:\/\/portaltela.pt\/api\/wp\/v2\/users\/2"}],"replies":[{"embeddable":true,"href":"https:\/\/portaltela.pt\/api\/wp\/v2\/comments?post=447406"}],"version-history":[{"count":0,"href":"https:\/\/portaltela.pt\/api\/wp\/v2\/posts\/447406\/revisions"}],"wp:featuredmedia":[{"embeddable":true,"href":"https:\/\/portaltela.pt\/api\/wp\/v2\/media\/447409"}],"wp:attachment":[{"href":"https:\/\/portaltela.pt\/api\/wp\/v2\/media?parent=447406"}],"wp:term":[{"taxonomy":"category","embeddable":true,"href":"https:\/\/portaltela.pt\/api\/wp\/v2\/categories?post=447406"},{"taxonomy":"post_tag","embeddable":true,"href":"https:\/\/portaltela.pt\/api\/wp\/v2\/tags?post=447406"}],"curies":[{"name":"wp","href":"https:\/\/api.w.org\/{rel}","templated":true}]}}