{"id":447398,"date":"2026-04-17T04:33:08","date_gmt":"2026-04-17T07:33:08","guid":{"rendered":"https:\/\/portaltela.pt\/noticias\/2026\/04\/17\/ex-companheira-de-antonio-pedro-cerdeira-recorda-agressoes-em-tribunal\/"},"modified":"2026-04-17T04:33:08","modified_gmt":"2026-04-17T07:33:08","slug":"ex-companheira-de-antonio-pedro-cerdeira-recorda-agressoes-em-tribunal","status":"publish","type":"post","link":"https:\/\/portaltela.pt\/justica\/2026\/04\/17\/ex-companheira-de-antonio-pedro-cerdeira-recorda-agressoes-em-tribunal\/","title":{"rendered":"Ex-companheira de Ant\u00f3nio Pedro Cerdeira recorda agress\u00f5es em tribunal"},"content":{"rendered":"<p>O julgamento do ator Ant\u00f3nio Pedro Cerdeira arrancou ontem no Tribunal de Sintra. O artista, de 55 anos, enfrenta uma acusa\u00e7\u00e3o de viol\u00eancia dom\u00e9stica agravada movida pelo Minist\u00e9rio P\u00fablico, alegadamente dirigida \u00e0 ex-companheira Susana Silva, que atua como assistente no processo. O tribunal ouviu a grava\u00e7\u00e3o do testemunho de Susana Silva, que mant\u00e9m a vers\u00e3o j\u00e1 apresentada \u00e0s autoridades.<\/p>\n<p>Segundo a acusa\u00e7\u00e3o, o crime ocorreu em contexto de relacionamento anterior entre as partes. Susana Silva, que est\u00e1 envolvida no caso como assistente no processo, refutou a imputa\u00e7\u00e3o de viol\u00eancia, defendendo a sua posi\u00e7\u00e3o durante o depoimento em tribunal. A narrativa apresentada em tribunal destacou o impacto emocional do incidente, com Susana Silva a afirmar ter sentido que a pr\u00f3pria vida corria perigo.<\/p>\n<h3>Testemunho gravado e linha de defesa<\/h3>\n<p>A grava\u00e7\u00e3o do testemunho de Susana Silva foi partilhada no plen\u00e1rio, permitindo aos jurados ouvir elementos da vers\u00e3o apresentada pelas partes. O Minist\u00e9rio P\u00fablico mant\u00e9m a acusa\u00e7\u00e3o de viol\u00eancia dom\u00e9stica agravada, enquanto a defesa sustenta a aus\u00eancia de elementos que comprovem o crime, defendendo a versatilidade do depoimento e dos factos aquando do inqu\u00e9rito. O desenrolar do julgamento segue para tempo de decis\u00e3o, com as pr\u00f3ximas sess\u00f5es previstas para esclarecer as circunst\u00e2ncias alegadas.<\/p>\n","protected":false},"excerpt":{"rendered":"<ul>\n<li>O julgamento do ator Ant\u00f3nio Pedro Cerdeira arrancou ontem no Tribunal de Sintra.<\/li>\n<li>O int\u00e9rprete, de 55 anos, \u00e9 acusado pelo Minist\u00e9rio P\u00fablico de viol\u00eancia dom\u00e9stica agravada contra a ex-companheira Susana Silva.<\/li>\n<li>Susana Silva recorda em tribunal as agress\u00f5es em grava\u00e7\u00e3o de testemunho.<\/li>\n<li>A antiga companheira nega o crime de viol\u00eancia dom\u00e9stica.<\/li>\n<li>Susana Silva \u00e9 assistente no processo.<\/li>\n<\/ul>\n","protected":false},"author":2,"featured_media":447401,"comment_status":"closed","ping_status":"closed","sticky":false,"template":"","format":"standard","meta":{"footnotes":""},"categories":[6815],"tags":[8650,8273,7964,6208,52],"class_list":["post-447398","post","type-post","status-publish","format-standard","has-post-thumbnail","hentry","category-justica","tag-_agressao","tag-_violencia","tag-_violencia-domestica","tag-tribunais","tag-tribunal"],"yoast_head":"<!-- This site is optimized with the Yoast SEO plugin v27.2 - https:\/\/yoast.com\/product\/yoast-seo-wordpress\/ -->\n<title>Ex-companheira de Ant\u00f3nio Pedro Cerdeira recorda agress\u00f5es em tribunal - Portal Tela Portugal<\/title>\n<meta name=\"robots\" content=\"index, follow, max-snippet:-1, max-image-preview:large, max-video-preview:-1\" \/>\n<meta property=\"og:locale\" content=\"pt_PT\" \/>\n<meta property=\"og:type\" content=\"article\" \/>\n<meta property=\"og:title\" content=\"Ex-companheira de Ant\u00f3nio Pedro Cerdeira recorda agress\u00f5es em tribunal - Portal Tela Portugal\" \/>\n<meta property=\"og:description\" content=\"O julgamento do ator Ant\u00f3nio Pedro Cerdeira arrancou ontem no Tribunal de Sintra. O int\u00e9rprete, de 55 anos, \u00e9 acusado pelo Minist\u00e9rio P\u00fablico de viol\u00eancia dom\u00e9stica agravada contra a ex-companheira Susana Silva. Susana Silva recorda em tribunal as agress\u00f5es em grava\u00e7\u00e3o de testemunho. A antiga companheira nega o crime de viol\u00eancia dom\u00e9stica. Susana Silva \u00e9 assistente no processo.\" \/>\n<meta property=\"og:url\" content=\"https:\/\/portaltela.pt\/noticias\/2026\/04\/17\/ex-companheira-de-antonio-pedro-cerdeira-recorda-agressoes-em-tribunal\/\" \/>\n<meta property=\"og:site_name\" content=\"Portal Tela Portugal\" \/>\n<meta property=\"article:published_time\" content=\"2026-04-17T07:33:08+00:00\" \/>\n<meta name=\"author\" content=\"Telinha\" \/>\n<meta name=\"twitter:card\" content=\"summary_large_image\" \/>\n<meta name=\"twitter:label1\" content=\"Escrito por\" \/>\n\t<meta name=\"twitter:data1\" content=\"Telinha\" \/>\n\t<meta name=\"twitter:label2\" content=\"Tempo estimado de leitura\" \/>\n\t<meta name=\"twitter:data2\" content=\"1 minuto\" \/>\n<script type=\"application\/ld+json\" class=\"yoast-schema-graph\">{\"@context\":\"https:\/\/schema.org\",\"@graph\":[{\"@type\":\"Article\",\"@id\":\"https:\/\/portaltela.pt\/noticias\/2026\/04\/17\/ex-companheira-de-antonio-pedro-cerdeira-recorda-agressoes-em-tribunal\/#article\",\"isPartOf\":{\"@id\":\"https:\/\/portaltela.pt\/noticias\/2026\/04\/17\/ex-companheira-de-antonio-pedro-cerdeira-recorda-agressoes-em-tribunal\/\"},\"author\":{\"name\":\"Telinha\",\"@id\":\"https:\/\/portaltela.pt\/#\/schema\/person\/c4278d4a6028830caff9ee44b42d32ed\"},\"headline\":\"Ex-companheira de Ant\u00f3nio Pedro Cerdeira recorda agress\u00f5es em tribunal\",\"datePublished\":\"2026-04-17T07:33:08+00:00\",\"mainEntityOfPage\":{\"@id\":\"https:\/\/portaltela.pt\/noticias\/2026\/04\/17\/ex-companheira-de-antonio-pedro-cerdeira-recorda-agressoes-em-tribunal\/\"},\"wordCount\":239,\"image\":{\"@id\":\"https:\/\/portaltela.pt\/noticias\/2026\/04\/17\/ex-companheira-de-antonio-pedro-cerdeira-recorda-agressoes-em-tribunal\/#primaryimage\"},\"thumbnailUrl\":\"https:\/\/portaltela.pt\/s.01k8rhncp4jt1\/2026\/04\/image-1027.jpg\",\"keywords\":[\"_agress\u00e3o\",\"_viol\u00eancia\",\"_viol\u00eancia dom\u00e9stica\",\"Tribunais\",\"tribunal\"],\"articleSection\":[\"Justi\u00e7a\"],\"inLanguage\":\"pt-PT\"},{\"@type\":\"WebPage\",\"@id\":\"https:\/\/portaltela.pt\/noticias\/2026\/04\/17\/ex-companheira-de-antonio-pedro-cerdeira-recorda-agressoes-em-tribunal\/\",\"url\":\"https:\/\/portaltela.pt\/noticias\/2026\/04\/17\/ex-companheira-de-antonio-pedro-cerdeira-recorda-agressoes-em-tribunal\/\",\"name\":\"Ex-companheira de Ant\u00f3nio Pedro Cerdeira recorda agress\u00f5es em tribunal - Portal Tela Portugal\",\"isPartOf\":{\"@id\":\"https:\/\/portaltela.pt\/#website\"},\"primaryImageOfPage\":{\"@id\":\"https:\/\/portaltela.pt\/noticias\/2026\/04\/17\/ex-companheira-de-antonio-pedro-cerdeira-recorda-agressoes-em-tribunal\/#primaryimage\"},\"image\":{\"@id\":\"https:\/\/portaltela.pt\/noticias\/2026\/04\/17\/ex-companheira-de-antonio-pedro-cerdeira-recorda-agressoes-em-tribunal\/#primaryimage\"},\"thumbnailUrl\":\"https:\/\/portaltela.pt\/s.01k8rhncp4jt1\/2026\/04\/image-1027.jpg\",\"datePublished\":\"2026-04-17T07:33:08+00:00\",\"author\":{\"@id\":\"https:\/\/portaltela.pt\/#\/schema\/person\/c4278d4a6028830caff9ee44b42d32ed\"},\"breadcrumb\":{\"@id\":\"https:\/\/portaltela.pt\/noticias\/2026\/04\/17\/ex-companheira-de-antonio-pedro-cerdeira-recorda-agressoes-em-tribunal\/#breadcrumb\"},\"inLanguage\":\"pt-PT\",\"potentialAction\":[{\"@type\":\"ReadAction\",\"target\":[\"https:\/\/portaltela.pt\/noticias\/2026\/04\/17\/ex-companheira-de-antonio-pedro-cerdeira-recorda-agressoes-em-tribunal\/\"]}]},{\"@type\":\"ImageObject\",\"inLanguage\":\"pt-PT\",\"@id\":\"https:\/\/portaltela.pt\/noticias\/2026\/04\/17\/ex-companheira-de-antonio-pedro-cerdeira-recorda-agressoes-em-tribunal\/#primaryimage\",\"url\":\"https:\/\/portaltela.pt\/s.01k8rhncp4jt1\/2026\/04\/image-1027.jpg\",\"contentUrl\":\"https:\/\/portaltela.pt\/s.01k8rhncp4jt1\/2026\/04\/image-1027.jpg\",\"width\":796,\"height\":448,\"caption\":\"Ant\u00f3nio Pedro Cerdeira, \u00e0 sa\u00edda do Tribunal de Sintra, no arranque do julgamento\"},{\"@type\":\"BreadcrumbList\",\"@id\":\"https:\/\/portaltela.pt\/noticias\/2026\/04\/17\/ex-companheira-de-antonio-pedro-cerdeira-recorda-agressoes-em-tribunal\/#breadcrumb\",\"itemListElement\":[{\"@type\":\"ListItem\",\"position\":1,\"name\":\"In\u00edcio\",\"item\":\"https:\/\/portaltela.pt\/\"},{\"@type\":\"ListItem\",\"position\":2,\"name\":\"Ex-companheira de Ant\u00f3nio Pedro Cerdeira recorda agress\u00f5es em tribunal\"}]},{\"@type\":\"WebSite\",\"@id\":\"https:\/\/portaltela.pt\/#website\",\"url\":\"https:\/\/portaltela.pt\/\",\"name\":\"Portal Tela Portugal\",\"description\":\"\",\"potentialAction\":[{\"@type\":\"SearchAction\",\"target\":{\"@type\":\"EntryPoint\",\"urlTemplate\":\"https:\/\/portaltela.pt\/?s={search_term_string}\"},\"query-input\":{\"@type\":\"PropertyValueSpecification\",\"valueRequired\":true,\"valueName\":\"search_term_string\"}}],\"inLanguage\":\"pt-PT\"},{\"@type\":\"Person\",\"@id\":\"https:\/\/portaltela.pt\/#\/schema\/person\/c4278d4a6028830caff9ee44b42d32ed\",\"name\":\"Telinha\",\"image\":{\"@type\":\"ImageObject\",\"inLanguage\":\"pt-PT\",\"@id\":\"https:\/\/portaltela.pt\/s.01k8rhncp4jt1\/2025\/11\/talking-bot-125x125.png\",\"url\":\"https:\/\/portaltela.pt\/s.01k8rhncp4jt1\/2025\/11\/talking-bot-125x125.png\",\"contentUrl\":\"https:\/\/portaltela.pt\/s.01k8rhncp4jt1\/2025\/11\/talking-bot-125x125.png\",\"caption\":\"Telinha\"},\"sameAs\":[\"https:\/\/portaltela.pt\/\"],\"url\":\"https:\/\/portaltela.pt\/por\/367410592786\/\"}]}<\/script>\n<!-- \/ Yoast SEO plugin. -->","yoast_head_json":{"title":"Ex-companheira de Ant\u00f3nio Pedro Cerdeira recorda agress\u00f5es em tribunal - Portal Tela Portugal","robots":{"index":"index","follow":"follow","max-snippet":"max-snippet:-1","max-image-preview":"max-image-preview:large","max-video-preview":"max-video-preview:-1"},"og_locale":"pt_PT","og_type":"article","og_title":"Ex-companheira de Ant\u00f3nio Pedro Cerdeira recorda agress\u00f5es em tribunal - Portal Tela Portugal","og_description":"O julgamento do ator Ant\u00f3nio Pedro Cerdeira arrancou ontem no Tribunal de Sintra. O int\u00e9rprete, de 55 anos, \u00e9 acusado pelo Minist\u00e9rio P\u00fablico de viol\u00eancia dom\u00e9stica agravada contra a ex-companheira Susana Silva. Susana Silva recorda em tribunal as agress\u00f5es em grava\u00e7\u00e3o de testemunho. A antiga companheira nega o crime de viol\u00eancia dom\u00e9stica. Susana Silva \u00e9 assistente no processo.","og_url":"https:\/\/portaltela.pt\/noticias\/2026\/04\/17\/ex-companheira-de-antonio-pedro-cerdeira-recorda-agressoes-em-tribunal\/","og_site_name":"Portal Tela Portugal","article_published_time":"2026-04-17T07:33:08+00:00","author":"Telinha","twitter_card":"summary_large_image","twitter_misc":{"Escrito por":"Telinha","Tempo estimado de leitura":"1 minuto"},"schema":{"@context":"https:\/\/schema.org","@graph":[{"@type":"Article","@id":"https:\/\/portaltela.pt\/noticias\/2026\/04\/17\/ex-companheira-de-antonio-pedro-cerdeira-recorda-agressoes-em-tribunal\/#article","isPartOf":{"@id":"https:\/\/portaltela.pt\/noticias\/2026\/04\/17\/ex-companheira-de-antonio-pedro-cerdeira-recorda-agressoes-em-tribunal\/"},"author":{"name":"Telinha","@id":"https:\/\/portaltela.pt\/#\/schema\/person\/c4278d4a6028830caff9ee44b42d32ed"},"headline":"Ex-companheira de Ant\u00f3nio Pedro Cerdeira recorda agress\u00f5es em tribunal","datePublished":"2026-04-17T07:33:08+00:00","mainEntityOfPage":{"@id":"https:\/\/portaltela.pt\/noticias\/2026\/04\/17\/ex-companheira-de-antonio-pedro-cerdeira-recorda-agressoes-em-tribunal\/"},"wordCount":239,"image":{"@id":"https:\/\/portaltela.pt\/noticias\/2026\/04\/17\/ex-companheira-de-antonio-pedro-cerdeira-recorda-agressoes-em-tribunal\/#primaryimage"},"thumbnailUrl":"https:\/\/portaltela.pt\/s.01k8rhncp4jt1\/2026\/04\/image-1027.jpg","keywords":["_agress\u00e3o","_viol\u00eancia","_viol\u00eancia dom\u00e9stica","Tribunais","tribunal"],"articleSection":["Justi\u00e7a"],"inLanguage":"pt-PT"},{"@type":"WebPage","@id":"https:\/\/portaltela.pt\/noticias\/2026\/04\/17\/ex-companheira-de-antonio-pedro-cerdeira-recorda-agressoes-em-tribunal\/","url":"https:\/\/portaltela.pt\/noticias\/2026\/04\/17\/ex-companheira-de-antonio-pedro-cerdeira-recorda-agressoes-em-tribunal\/","name":"Ex-companheira de Ant\u00f3nio Pedro Cerdeira recorda agress\u00f5es em tribunal - Portal Tela Portugal","isPartOf":{"@id":"https:\/\/portaltela.pt\/#website"},"primaryImageOfPage":{"@id":"https:\/\/portaltela.pt\/noticias\/2026\/04\/17\/ex-companheira-de-antonio-pedro-cerdeira-recorda-agressoes-em-tribunal\/#primaryimage"},"image":{"@id":"https:\/\/portaltela.pt\/noticias\/2026\/04\/17\/ex-companheira-de-antonio-pedro-cerdeira-recorda-agressoes-em-tribunal\/#primaryimage"},"thumbnailUrl":"https:\/\/portaltela.pt\/s.01k8rhncp4jt1\/2026\/04\/image-1027.jpg","datePublished":"2026-04-17T07:33:08+00:00","author":{"@id":"https:\/\/portaltela.pt\/#\/schema\/person\/c4278d4a6028830caff9ee44b42d32ed"},"breadcrumb":{"@id":"https:\/\/portaltela.pt\/noticias\/2026\/04\/17\/ex-companheira-de-antonio-pedro-cerdeira-recorda-agressoes-em-tribunal\/#breadcrumb"},"inLanguage":"pt-PT","potentialAction":[{"@type":"ReadAction","target":["https:\/\/portaltela.pt\/noticias\/2026\/04\/17\/ex-companheira-de-antonio-pedro-cerdeira-recorda-agressoes-em-tribunal\/"]}]},{"@type":"ImageObject","inLanguage":"pt-PT","@id":"https:\/\/portaltela.pt\/noticias\/2026\/04\/17\/ex-companheira-de-antonio-pedro-cerdeira-recorda-agressoes-em-tribunal\/#primaryimage","url":"https:\/\/portaltela.pt\/s.01k8rhncp4jt1\/2026\/04\/image-1027.jpg","contentUrl":"https:\/\/portaltela.pt\/s.01k8rhncp4jt1\/2026\/04\/image-1027.jpg","width":796,"height":448,"caption":"Ant\u00f3nio Pedro Cerdeira, \u00e0 sa\u00edda do Tribunal de Sintra, no arranque do julgamento"},{"@type":"BreadcrumbList","@id":"https:\/\/portaltela.pt\/noticias\/2026\/04\/17\/ex-companheira-de-antonio-pedro-cerdeira-recorda-agressoes-em-tribunal\/#breadcrumb","itemListElement":[{"@type":"ListItem","position":1,"name":"In\u00edcio","item":"https:\/\/portaltela.pt\/"},{"@type":"ListItem","position":2,"name":"Ex-companheira de Ant\u00f3nio Pedro Cerdeira recorda agress\u00f5es em tribunal"}]},{"@type":"WebSite","@id":"https:\/\/portaltela.pt\/#website","url":"https:\/\/portaltela.pt\/","name":"Portal Tela Portugal","description":"","potentialAction":[{"@type":"SearchAction","target":{"@type":"EntryPoint","urlTemplate":"https:\/\/portaltela.pt\/?s={search_term_string}"},"query-input":{"@type":"PropertyValueSpecification","valueRequired":true,"valueName":"search_term_string"}}],"inLanguage":"pt-PT"},{"@type":"Person","@id":"https:\/\/portaltela.pt\/#\/schema\/person\/c4278d4a6028830caff9ee44b42d32ed","name":"Telinha","image":{"@type":"ImageObject","inLanguage":"pt-PT","@id":"https:\/\/portaltela.pt\/s.01k8rhncp4jt1\/2025\/11\/talking-bot-125x125.png","url":"https:\/\/portaltela.pt\/s.01k8rhncp4jt1\/2025\/11\/talking-bot-125x125.png","contentUrl":"https:\/\/portaltela.pt\/s.01k8rhncp4jt1\/2025\/11\/talking-bot-125x125.png","caption":"Telinha"},"sameAs":["https:\/\/portaltela.pt\/"],"url":"https:\/\/portaltela.pt\/por\/367410592786\/"}]}},"_links":{"self":[{"href":"https:\/\/portaltela.pt\/api\/wp\/v2\/posts\/447398","targetHints":{"allow":["GET"]}}],"collection":[{"href":"https:\/\/portaltela.pt\/api\/wp\/v2\/posts"}],"about":[{"href":"https:\/\/portaltela.pt\/api\/wp\/v2\/types\/post"}],"author":[{"embeddable":true,"href":"https:\/\/portaltela.pt\/api\/wp\/v2\/users\/2"}],"replies":[{"embeddable":true,"href":"https:\/\/portaltela.pt\/api\/wp\/v2\/comments?post=447398"}],"version-history":[{"count":0,"href":"https:\/\/portaltela.pt\/api\/wp\/v2\/posts\/447398\/revisions"}],"wp:featuredmedia":[{"embeddable":true,"href":"https:\/\/portaltela.pt\/api\/wp\/v2\/media\/447401"}],"wp:attachment":[{"href":"https:\/\/portaltela.pt\/api\/wp\/v2\/media?parent=447398"}],"wp:term":[{"taxonomy":"category","embeddable":true,"href":"https:\/\/portaltela.pt\/api\/wp\/v2\/categories?post=447398"},{"taxonomy":"post_tag","embeddable":true,"href":"https:\/\/portaltela.pt\/api\/wp\/v2\/tags?post=447398"}],"curies":[{"name":"wp","href":"https:\/\/api.w.org\/{rel}","templated":true}]}}