{"id":447397,"date":"2026-04-17T04:33:00","date_gmt":"2026-04-17T07:33:00","guid":{"rendered":"https:\/\/portaltela.pt\/noticias\/2026\/04\/17\/julio-enciso-marca-pelo-estrasburgo-e-homenageia-oscar-cardozo\/"},"modified":"2026-04-17T04:33:00","modified_gmt":"2026-04-17T07:33:00","slug":"julio-enciso-marca-pelo-estrasburgo-e-homenageia-oscar-cardozo","status":"publish","type":"post","link":"https:\/\/portaltela.pt\/desporto\/futebol\/2026\/04\/17\/julio-enciso-marca-pelo-estrasburgo-e-homenageia-oscar-cardozo\/","title":{"rendered":"Julio Enciso marca pelo Estrasburgo e homenageia \u00d3scar Cardozo"},"content":{"rendered":"<p>O Estrasburgo venceu o Mainz por 4-0, em jogo dos quartos de final da Liga Confer\u00eancia. Julio Enciso esteve em foco, com um golo e duas assist\u00eancias, na goleada que colocou a equipa na pr\u00f3xima fase.<\/p>\n<p>O avan\u00e7ado paraguaio, de 22 anos, abriu o marcador e participou diretamente em tr\u00eas dos quatro tento. O desempenho consolidou-se como um dos maiores nomes do plantel na competi\u00e7\u00e3o.<\/p>\n<p>Ap\u00f3s o golo, Enciso celebrou de forma especial, prestando homenagem a \u00d3scar Cardozo, o \u00eddolo que anunciou a aposenta\u00e7\u00e3o aos 42 anos. Cardozo foi lembrado pelo jovem jogador durante o festejo.<\/p>\n<h3>Homenagem a \u00d3scar Cardozo<\/h3>\n<p>Enciso, que tem v\u00ednculos hist\u00f3ricos com Cardozo, manteve o foco no jogo, mas n\u00e3o escondeu a emo\u00e7\u00e3o pelo momento vivido. A vit\u00f3ria coloca o Estrasburgo entre as quatro melhores da prova.<\/p>\n","protected":false},"excerpt":{"rendered":"<ul>\n<li>Julio Enciso, atacante paraguaio de 22 anos, brilhou na goleada do Estrasburgo sobre o Mainz por 4-0, nas quartas de final da Liga Confer\u00eancia.<\/li>\n<li>O jogador marcou um golo e ofereceu duas assist\u00eancias.<\/li>\n<li>O duelo ocorreu ontem, como parte da eliminat\u00f3ria dos quartos de final.<\/li>\n<li>Ap\u00f3s marcar, Enciso prestou homenagem ao \u00eddolo \u00d3scar Cardozo, celebrando como ele, que anunciou o fim da carreira aos 42 anos.<\/li>\n<li>O Estrasburgo avan\u00e7a na competi\u00e7\u00e3o com a vit\u00f3ria expressiva diante do Mainz.<\/li>\n<\/ul>\n","protected":false},"author":2,"featured_media":447400,"comment_status":"closed","ping_status":"closed","sticky":false,"template":"","format":"standard","meta":{"footnotes":""},"categories":[21,24],"tags":[152,6220,32,3338,242,1182],"class_list":["post-447397","post","type-post","status-publish","format-standard","has-post-thumbnail","hentry","category-desporto","category-futebol","tag-desporto","tag-desporto-federado","tag-futebol","tag-futebol-internacional","tag-jogadores","tag-liga-conferencia"],"yoast_head":"<!-- This site is optimized with the Yoast SEO plugin v27.2 - https:\/\/yoast.com\/product\/yoast-seo-wordpress\/ -->\n<title>Julio Enciso marca pelo Estrasburgo e homenageia \u00d3scar Cardozo - Portal Tela Portugal<\/title>\n<meta name=\"robots\" content=\"index, follow, max-snippet:-1, max-image-preview:large, max-video-preview:-1\" \/>\n<meta property=\"og:locale\" content=\"pt_PT\" \/>\n<meta property=\"og:type\" content=\"article\" \/>\n<meta property=\"og:title\" content=\"Julio Enciso marca pelo Estrasburgo e homenageia \u00d3scar Cardozo - Portal Tela Portugal\" \/>\n<meta property=\"og:description\" content=\"Julio Enciso, atacante paraguaio de 22 anos, brilhou na goleada do Estrasburgo sobre o Mainz por 4-0, nas quartas de final da Liga Confer\u00eancia. O jogador marcou um golo e ofereceu duas assist\u00eancias. O duelo ocorreu ontem, como parte da eliminat\u00f3ria dos quartos de final. Ap\u00f3s marcar, Enciso prestou homenagem ao \u00eddolo \u00d3scar Cardozo, celebrando como ele, que anunciou o fim da carreira aos 42 anos. O Estrasburgo avan\u00e7a na competi\u00e7\u00e3o com a vit\u00f3ria expressiva diante do Mainz.\" \/>\n<meta property=\"og:url\" content=\"https:\/\/portaltela.pt\/noticias\/2026\/04\/17\/julio-enciso-marca-pelo-estrasburgo-e-homenageia-oscar-cardozo\/\" \/>\n<meta property=\"og:site_name\" content=\"Portal Tela Portugal\" \/>\n<meta property=\"article:published_time\" content=\"2026-04-17T07:33:00+00:00\" \/>\n<meta name=\"author\" content=\"Telinha\" \/>\n<meta name=\"twitter:card\" content=\"summary_large_image\" \/>\n<meta name=\"twitter:label1\" content=\"Escrito por\" \/>\n\t<meta name=\"twitter:data1\" content=\"Telinha\" \/>\n\t<meta name=\"twitter:label2\" content=\"Tempo estimado de leitura\" \/>\n\t<meta name=\"twitter:data2\" content=\"1 minuto\" \/>\n<script type=\"application\/ld+json\" class=\"yoast-schema-graph\">{\"@context\":\"https:\/\/schema.org\",\"@graph\":[{\"@type\":\"Article\",\"@id\":\"https:\/\/portaltela.pt\/noticias\/2026\/04\/17\/julio-enciso-marca-pelo-estrasburgo-e-homenageia-oscar-cardozo\/#article\",\"isPartOf\":{\"@id\":\"https:\/\/portaltela.pt\/noticias\/2026\/04\/17\/julio-enciso-marca-pelo-estrasburgo-e-homenageia-oscar-cardozo\/\"},\"author\":{\"name\":\"Telinha\",\"@id\":\"https:\/\/portaltela.pt\/#\/schema\/person\/c4278d4a6028830caff9ee44b42d32ed\"},\"headline\":\"Julio Enciso marca pelo Estrasburgo e homenageia \u00d3scar Cardozo\",\"datePublished\":\"2026-04-17T07:33:00+00:00\",\"mainEntityOfPage\":{\"@id\":\"https:\/\/portaltela.pt\/noticias\/2026\/04\/17\/julio-enciso-marca-pelo-estrasburgo-e-homenageia-oscar-cardozo\/\"},\"wordCount\":151,\"image\":{\"@id\":\"https:\/\/portaltela.pt\/noticias\/2026\/04\/17\/julio-enciso-marca-pelo-estrasburgo-e-homenageia-oscar-cardozo\/#primaryimage\"},\"thumbnailUrl\":\"https:\/\/portaltela.pt\/s.01k8rhncp4jt1\/2026\/04\/img_1200x721uu2026-04-17-08-26-20-2433539.jpg\",\"keywords\":[\"desporto\",\"Desporto Federado\",\"futebol\",\"futebol internacional\",\"jogadores\",\"Liga Confer\u00eancia\"],\"articleSection\":[\"Desporto\",\"Futebol\"],\"inLanguage\":\"pt-PT\"},{\"@type\":\"WebPage\",\"@id\":\"https:\/\/portaltela.pt\/noticias\/2026\/04\/17\/julio-enciso-marca-pelo-estrasburgo-e-homenageia-oscar-cardozo\/\",\"url\":\"https:\/\/portaltela.pt\/noticias\/2026\/04\/17\/julio-enciso-marca-pelo-estrasburgo-e-homenageia-oscar-cardozo\/\",\"name\":\"Julio Enciso marca pelo Estrasburgo e homenageia \u00d3scar Cardozo - Portal Tela Portugal\",\"isPartOf\":{\"@id\":\"https:\/\/portaltela.pt\/#website\"},\"primaryImageOfPage\":{\"@id\":\"https:\/\/portaltela.pt\/noticias\/2026\/04\/17\/julio-enciso-marca-pelo-estrasburgo-e-homenageia-oscar-cardozo\/#primaryimage\"},\"image\":{\"@id\":\"https:\/\/portaltela.pt\/noticias\/2026\/04\/17\/julio-enciso-marca-pelo-estrasburgo-e-homenageia-oscar-cardozo\/#primaryimage\"},\"thumbnailUrl\":\"https:\/\/portaltela.pt\/s.01k8rhncp4jt1\/2026\/04\/img_1200x721uu2026-04-17-08-26-20-2433539.jpg\",\"datePublished\":\"2026-04-17T07:33:00+00:00\",\"author\":{\"@id\":\"https:\/\/portaltela.pt\/#\/schema\/person\/c4278d4a6028830caff9ee44b42d32ed\"},\"breadcrumb\":{\"@id\":\"https:\/\/portaltela.pt\/noticias\/2026\/04\/17\/julio-enciso-marca-pelo-estrasburgo-e-homenageia-oscar-cardozo\/#breadcrumb\"},\"inLanguage\":\"pt-PT\",\"potentialAction\":[{\"@type\":\"ReadAction\",\"target\":[\"https:\/\/portaltela.pt\/noticias\/2026\/04\/17\/julio-enciso-marca-pelo-estrasburgo-e-homenageia-oscar-cardozo\/\"]}]},{\"@type\":\"ImageObject\",\"inLanguage\":\"pt-PT\",\"@id\":\"https:\/\/portaltela.pt\/noticias\/2026\/04\/17\/julio-enciso-marca-pelo-estrasburgo-e-homenageia-oscar-cardozo\/#primaryimage\",\"url\":\"https:\/\/portaltela.pt\/s.01k8rhncp4jt1\/2026\/04\/img_1200x721uu2026-04-17-08-26-20-2433539.jpg\",\"contentUrl\":\"https:\/\/portaltela.pt\/s.01k8rhncp4jt1\/2026\/04\/img_1200x721uu2026-04-17-08-26-20-2433539.jpg\",\"width\":796,\"height\":448,\"caption\":\"Julio Enciso marca pelo Estrasburgo e homenageia \u00eddolo \u00d3scar Cardozo\"},{\"@type\":\"BreadcrumbList\",\"@id\":\"https:\/\/portaltela.pt\/noticias\/2026\/04\/17\/julio-enciso-marca-pelo-estrasburgo-e-homenageia-oscar-cardozo\/#breadcrumb\",\"itemListElement\":[{\"@type\":\"ListItem\",\"position\":1,\"name\":\"In\u00edcio\",\"item\":\"https:\/\/portaltela.pt\/\"},{\"@type\":\"ListItem\",\"position\":2,\"name\":\"Julio Enciso marca pelo Estrasburgo e homenageia \u00d3scar Cardozo\"}]},{\"@type\":\"WebSite\",\"@id\":\"https:\/\/portaltela.pt\/#website\",\"url\":\"https:\/\/portaltela.pt\/\",\"name\":\"Portal Tela Portugal\",\"description\":\"\",\"potentialAction\":[{\"@type\":\"SearchAction\",\"target\":{\"@type\":\"EntryPoint\",\"urlTemplate\":\"https:\/\/portaltela.pt\/?s={search_term_string}\"},\"query-input\":{\"@type\":\"PropertyValueSpecification\",\"valueRequired\":true,\"valueName\":\"search_term_string\"}}],\"inLanguage\":\"pt-PT\"},{\"@type\":\"Person\",\"@id\":\"https:\/\/portaltela.pt\/#\/schema\/person\/c4278d4a6028830caff9ee44b42d32ed\",\"name\":\"Telinha\",\"image\":{\"@type\":\"ImageObject\",\"inLanguage\":\"pt-PT\",\"@id\":\"https:\/\/portaltela.pt\/s.01k8rhncp4jt1\/2025\/11\/talking-bot-125x125.png\",\"url\":\"https:\/\/portaltela.pt\/s.01k8rhncp4jt1\/2025\/11\/talking-bot-125x125.png\",\"contentUrl\":\"https:\/\/portaltela.pt\/s.01k8rhncp4jt1\/2025\/11\/talking-bot-125x125.png\",\"caption\":\"Telinha\"},\"sameAs\":[\"https:\/\/portaltela.pt\/\"],\"url\":\"https:\/\/portaltela.pt\/por\/367410592786\/\"}]}<\/script>\n<!-- \/ Yoast SEO plugin. -->","yoast_head_json":{"title":"Julio Enciso marca pelo Estrasburgo e homenageia \u00d3scar Cardozo - Portal Tela Portugal","robots":{"index":"index","follow":"follow","max-snippet":"max-snippet:-1","max-image-preview":"max-image-preview:large","max-video-preview":"max-video-preview:-1"},"og_locale":"pt_PT","og_type":"article","og_title":"Julio Enciso marca pelo Estrasburgo e homenageia \u00d3scar Cardozo - Portal Tela Portugal","og_description":"Julio Enciso, atacante paraguaio de 22 anos, brilhou na goleada do Estrasburgo sobre o Mainz por 4-0, nas quartas de final da Liga Confer\u00eancia. O jogador marcou um golo e ofereceu duas assist\u00eancias. O duelo ocorreu ontem, como parte da eliminat\u00f3ria dos quartos de final. Ap\u00f3s marcar, Enciso prestou homenagem ao \u00eddolo \u00d3scar Cardozo, celebrando como ele, que anunciou o fim da carreira aos 42 anos. O Estrasburgo avan\u00e7a na competi\u00e7\u00e3o com a vit\u00f3ria expressiva diante do Mainz.","og_url":"https:\/\/portaltela.pt\/noticias\/2026\/04\/17\/julio-enciso-marca-pelo-estrasburgo-e-homenageia-oscar-cardozo\/","og_site_name":"Portal Tela Portugal","article_published_time":"2026-04-17T07:33:00+00:00","author":"Telinha","twitter_card":"summary_large_image","twitter_misc":{"Escrito por":"Telinha","Tempo estimado de leitura":"1 minuto"},"schema":{"@context":"https:\/\/schema.org","@graph":[{"@type":"Article","@id":"https:\/\/portaltela.pt\/noticias\/2026\/04\/17\/julio-enciso-marca-pelo-estrasburgo-e-homenageia-oscar-cardozo\/#article","isPartOf":{"@id":"https:\/\/portaltela.pt\/noticias\/2026\/04\/17\/julio-enciso-marca-pelo-estrasburgo-e-homenageia-oscar-cardozo\/"},"author":{"name":"Telinha","@id":"https:\/\/portaltela.pt\/#\/schema\/person\/c4278d4a6028830caff9ee44b42d32ed"},"headline":"Julio Enciso marca pelo Estrasburgo e homenageia \u00d3scar Cardozo","datePublished":"2026-04-17T07:33:00+00:00","mainEntityOfPage":{"@id":"https:\/\/portaltela.pt\/noticias\/2026\/04\/17\/julio-enciso-marca-pelo-estrasburgo-e-homenageia-oscar-cardozo\/"},"wordCount":151,"image":{"@id":"https:\/\/portaltela.pt\/noticias\/2026\/04\/17\/julio-enciso-marca-pelo-estrasburgo-e-homenageia-oscar-cardozo\/#primaryimage"},"thumbnailUrl":"https:\/\/portaltela.pt\/s.01k8rhncp4jt1\/2026\/04\/img_1200x721uu2026-04-17-08-26-20-2433539.jpg","keywords":["desporto","Desporto Federado","futebol","futebol internacional","jogadores","Liga Confer\u00eancia"],"articleSection":["Desporto","Futebol"],"inLanguage":"pt-PT"},{"@type":"WebPage","@id":"https:\/\/portaltela.pt\/noticias\/2026\/04\/17\/julio-enciso-marca-pelo-estrasburgo-e-homenageia-oscar-cardozo\/","url":"https:\/\/portaltela.pt\/noticias\/2026\/04\/17\/julio-enciso-marca-pelo-estrasburgo-e-homenageia-oscar-cardozo\/","name":"Julio Enciso marca pelo Estrasburgo e homenageia \u00d3scar Cardozo - Portal Tela Portugal","isPartOf":{"@id":"https:\/\/portaltela.pt\/#website"},"primaryImageOfPage":{"@id":"https:\/\/portaltela.pt\/noticias\/2026\/04\/17\/julio-enciso-marca-pelo-estrasburgo-e-homenageia-oscar-cardozo\/#primaryimage"},"image":{"@id":"https:\/\/portaltela.pt\/noticias\/2026\/04\/17\/julio-enciso-marca-pelo-estrasburgo-e-homenageia-oscar-cardozo\/#primaryimage"},"thumbnailUrl":"https:\/\/portaltela.pt\/s.01k8rhncp4jt1\/2026\/04\/img_1200x721uu2026-04-17-08-26-20-2433539.jpg","datePublished":"2026-04-17T07:33:00+00:00","author":{"@id":"https:\/\/portaltela.pt\/#\/schema\/person\/c4278d4a6028830caff9ee44b42d32ed"},"breadcrumb":{"@id":"https:\/\/portaltela.pt\/noticias\/2026\/04\/17\/julio-enciso-marca-pelo-estrasburgo-e-homenageia-oscar-cardozo\/#breadcrumb"},"inLanguage":"pt-PT","potentialAction":[{"@type":"ReadAction","target":["https:\/\/portaltela.pt\/noticias\/2026\/04\/17\/julio-enciso-marca-pelo-estrasburgo-e-homenageia-oscar-cardozo\/"]}]},{"@type":"ImageObject","inLanguage":"pt-PT","@id":"https:\/\/portaltela.pt\/noticias\/2026\/04\/17\/julio-enciso-marca-pelo-estrasburgo-e-homenageia-oscar-cardozo\/#primaryimage","url":"https:\/\/portaltela.pt\/s.01k8rhncp4jt1\/2026\/04\/img_1200x721uu2026-04-17-08-26-20-2433539.jpg","contentUrl":"https:\/\/portaltela.pt\/s.01k8rhncp4jt1\/2026\/04\/img_1200x721uu2026-04-17-08-26-20-2433539.jpg","width":796,"height":448,"caption":"Julio Enciso marca pelo Estrasburgo e homenageia \u00eddolo \u00d3scar Cardozo"},{"@type":"BreadcrumbList","@id":"https:\/\/portaltela.pt\/noticias\/2026\/04\/17\/julio-enciso-marca-pelo-estrasburgo-e-homenageia-oscar-cardozo\/#breadcrumb","itemListElement":[{"@type":"ListItem","position":1,"name":"In\u00edcio","item":"https:\/\/portaltela.pt\/"},{"@type":"ListItem","position":2,"name":"Julio Enciso marca pelo Estrasburgo e homenageia \u00d3scar Cardozo"}]},{"@type":"WebSite","@id":"https:\/\/portaltela.pt\/#website","url":"https:\/\/portaltela.pt\/","name":"Portal Tela Portugal","description":"","potentialAction":[{"@type":"SearchAction","target":{"@type":"EntryPoint","urlTemplate":"https:\/\/portaltela.pt\/?s={search_term_string}"},"query-input":{"@type":"PropertyValueSpecification","valueRequired":true,"valueName":"search_term_string"}}],"inLanguage":"pt-PT"},{"@type":"Person","@id":"https:\/\/portaltela.pt\/#\/schema\/person\/c4278d4a6028830caff9ee44b42d32ed","name":"Telinha","image":{"@type":"ImageObject","inLanguage":"pt-PT","@id":"https:\/\/portaltela.pt\/s.01k8rhncp4jt1\/2025\/11\/talking-bot-125x125.png","url":"https:\/\/portaltela.pt\/s.01k8rhncp4jt1\/2025\/11\/talking-bot-125x125.png","contentUrl":"https:\/\/portaltela.pt\/s.01k8rhncp4jt1\/2025\/11\/talking-bot-125x125.png","caption":"Telinha"},"sameAs":["https:\/\/portaltela.pt\/"],"url":"https:\/\/portaltela.pt\/por\/367410592786\/"}]}},"_links":{"self":[{"href":"https:\/\/portaltela.pt\/api\/wp\/v2\/posts\/447397","targetHints":{"allow":["GET"]}}],"collection":[{"href":"https:\/\/portaltela.pt\/api\/wp\/v2\/posts"}],"about":[{"href":"https:\/\/portaltela.pt\/api\/wp\/v2\/types\/post"}],"author":[{"embeddable":true,"href":"https:\/\/portaltela.pt\/api\/wp\/v2\/users\/2"}],"replies":[{"embeddable":true,"href":"https:\/\/portaltela.pt\/api\/wp\/v2\/comments?post=447397"}],"version-history":[{"count":0,"href":"https:\/\/portaltela.pt\/api\/wp\/v2\/posts\/447397\/revisions"}],"wp:featuredmedia":[{"embeddable":true,"href":"https:\/\/portaltela.pt\/api\/wp\/v2\/media\/447400"}],"wp:attachment":[{"href":"https:\/\/portaltela.pt\/api\/wp\/v2\/media?parent=447397"}],"wp:term":[{"taxonomy":"category","embeddable":true,"href":"https:\/\/portaltela.pt\/api\/wp\/v2\/categories?post=447397"},{"taxonomy":"post_tag","embeddable":true,"href":"https:\/\/portaltela.pt\/api\/wp\/v2\/tags?post=447397"}],"curies":[{"name":"wp","href":"https:\/\/api.w.org\/{rel}","templated":true}]}}