{"id":447366,"date":"2026-04-17T04:02:49","date_gmt":"2026-04-17T07:02:49","guid":{"rendered":"https:\/\/portaltela.pt\/noticias\/2026\/04\/17\/presidente-do-banco-central-venezuelano-demite-se\/"},"modified":"2026-04-17T04:02:49","modified_gmt":"2026-04-17T07:02:49","slug":"presidente-do-banco-central-venezuelano-demite-se","status":"publish","type":"post","link":"https:\/\/portaltela.pt\/noticias\/economia\/2026\/04\/17\/presidente-do-banco-central-venezuelano-demite-se\/","title":{"rendered":"Presidente do banco central venezuelano demite-se"},"content":{"rendered":"<p>A presidente do Banco Central da Venezuela (BCV), Laura Guerra, apresentou a demiss\u00e3o, anunciou a presidente interina Delcy Rodr\u00edguez. O an\u00fancio ocorreu numa reuni\u00e3o com autoridades econ\u00f3micas, transmitida pela VTV.<\/p>\n<p>Rodr\u00edguez informou que o cargo ser\u00e1 ocupado pelo vice-presidente, Luis P\u00e9rez, que at\u00e9 ent\u00e3o estava na posi\u00e7\u00e3o de segundo escal\u00e3o. Guerra ocupava o posto desde abril do ano passado.<\/p>\n<p>A demiss\u00e3o surge dois dias ap\u00f3s os Estados Unidos levantarem san\u00e7\u00f5es contra o sistema banc\u00e1rio p\u00fablico venezuelano, incluindo o BCV. A medida permite novas opera\u00e7\u00f5es com o d\u00f3lar, sob licen\u00e7a de Washington.<\/p>\n<h3>San\u00e7\u00f5es e medidas financeiras<\/h3>\n<p>O Tesouro dos EUA autorizou transa\u00e7\u00f5es com o Governo venezuelano, mediante autoriza\u00e7\u00e3o pr\u00e9via. A decis\u00e3o abre o acesso de bancos venezuelanos ao sistema financeiro norte-americano.<\/p>\n<p>Na mesma ter\u00e7a, o FMI e o Grupo do BM anunciaram o restabelecimento de rela\u00e7\u00f5es com o Governo venezuelano, ap\u00f3s o recuo das san\u00e7\u00f5es. O passo facilita coopera\u00e7\u00e3o econ\u00f4mica internacional.<\/p>\n<p>A not\u00edcia tamb\u00e9m destaca que v\u00e1rias institui\u00e7\u00f5es do sistema p\u00fablico, como o Banco da Venezuela, estavam sob restri\u00e7\u00f5es, que agora podem ser revistas com o desbloqueio autorizado.<\/p>\n","protected":false},"excerpt":{"rendered":"<ul>\n<li>A presidente do Banco Central da Venezuela (BCV), Laura Guerra, demitiu-se do cargo; o posto ficar\u00e1 com o vice-presidente, Luis P\u00e9rez.<\/li>\n<li>A informa\u00e7\u00e3o foi dada pela presidente interina Delcy Rodr\u00edguez, que afirmou que Guerra seguir\u00e1 em atividades no \u00e2mbito do Governo.<\/li>\n<li>A nomea\u00e7\u00e3o de P\u00e9rez ocorre dois dias depois de os Estados Unidos levantarem san\u00e7\u00f5es ao sistema banc\u00e1rio p\u00fablico venezuelano, incluindo o BCV.<\/li>\n<li>O Tesouro dos Estados Unidos autorizou uma licen\u00e7a de transa\u00e7\u00f5es comerciais com o Governo venezuelano, permitindo operarem com o d\u00f3lar.<\/li>\n<li>O Fundo Monet\u00e1rio Internacional (FMI) e o Grupo do Banco Mundial anunciaram o restabelecimento das rela\u00e7\u00f5es com o governo venezuelano.<\/li>\n<\/ul>\n","protected":false},"author":2,"featured_media":447369,"comment_status":"closed","ping_status":"closed","sticky":false,"template":"","format":"standard","meta":{"footnotes":""},"categories":[2,6850],"tags":[28,3861,5063,6371,1840,2758],"class_list":["post-447366","post","type-post","status-publish","format-standard","has-post-thumbnail","hentry","category-economia","category-financas","tag-economia","tag-economia-internacional","tag-financas-internacionais","tag-sancoes","tag-sancoes-internacionais","tag-venezuela"],"yoast_head":"<!-- This site is optimized with the Yoast SEO plugin v27.2 - https:\/\/yoast.com\/product\/yoast-seo-wordpress\/ -->\n<title>Presidente do banco central venezuelano demite-se - Portal Tela Portugal<\/title>\n<meta name=\"robots\" content=\"index, follow, max-snippet:-1, max-image-preview:large, max-video-preview:-1\" \/>\n<meta property=\"og:locale\" content=\"pt_PT\" \/>\n<meta property=\"og:type\" content=\"article\" \/>\n<meta property=\"og:title\" content=\"Presidente do banco central venezuelano demite-se - Portal Tela Portugal\" \/>\n<meta property=\"og:description\" content=\"A presidente do Banco Central da Venezuela (BCV), Laura Guerra, demitiu-se do cargo; o posto ficar\u00e1 com o vice-presidente, Luis P\u00e9rez. A informa\u00e7\u00e3o foi dada pela presidente interina Delcy Rodr\u00edguez, que afirmou que Guerra seguir\u00e1 em atividades no \u00e2mbito do Governo. A nomea\u00e7\u00e3o de P\u00e9rez ocorre dois dias depois de os Estados Unidos levantarem san\u00e7\u00f5es ao sistema banc\u00e1rio p\u00fablico venezuelano, incluindo o BCV. O Tesouro dos Estados Unidos autorizou uma licen\u00e7a de transa\u00e7\u00f5es comerciais com o Governo venezuelano, permitindo operarem com o d\u00f3lar. O Fundo Monet\u00e1rio Internacional (FMI) e o Grupo do Banco Mundial anunciaram o restabelecimento das rela\u00e7\u00f5es com o governo venezuelano.\" \/>\n<meta property=\"og:url\" content=\"https:\/\/portaltela.pt\/noticias\/2026\/04\/17\/presidente-do-banco-central-venezuelano-demite-se\/\" \/>\n<meta property=\"og:site_name\" content=\"Portal Tela Portugal\" \/>\n<meta property=\"article:published_time\" content=\"2026-04-17T07:02:49+00:00\" \/>\n<meta name=\"author\" content=\"Telinha\" \/>\n<meta name=\"twitter:card\" content=\"summary_large_image\" \/>\n<meta name=\"twitter:label1\" content=\"Escrito por\" \/>\n\t<meta name=\"twitter:data1\" content=\"Telinha\" \/>\n\t<meta name=\"twitter:label2\" content=\"Tempo estimado de leitura\" \/>\n\t<meta name=\"twitter:data2\" content=\"1 minuto\" \/>\n<script type=\"application\/ld+json\" class=\"yoast-schema-graph\">{\"@context\":\"https:\/\/schema.org\",\"@graph\":[{\"@type\":\"Article\",\"@id\":\"https:\/\/portaltela.pt\/noticias\/2026\/04\/17\/presidente-do-banco-central-venezuelano-demite-se\/#article\",\"isPartOf\":{\"@id\":\"https:\/\/portaltela.pt\/noticias\/2026\/04\/17\/presidente-do-banco-central-venezuelano-demite-se\/\"},\"author\":{\"name\":\"Telinha\",\"@id\":\"https:\/\/portaltela.pt\/#\/schema\/person\/c4278d4a6028830caff9ee44b42d32ed\"},\"headline\":\"Presidente do banco central venezuelano demite-se\",\"datePublished\":\"2026-04-17T07:02:49+00:00\",\"mainEntityOfPage\":{\"@id\":\"https:\/\/portaltela.pt\/noticias\/2026\/04\/17\/presidente-do-banco-central-venezuelano-demite-se\/\"},\"wordCount\":218,\"image\":{\"@id\":\"https:\/\/portaltela.pt\/noticias\/2026\/04\/17\/presidente-do-banco-central-venezuelano-demite-se\/#primaryimage\"},\"thumbnailUrl\":\"https:\/\/portaltela.pt\/s.01k8rhncp4jt1\/2026\/04\/img_1500x1000uu2018-03-29-22-30-00-724029.jpg\",\"keywords\":[\"economia\",\"economia internacional\",\"finan\u00e7as internacionais\",\"san\u00e7\u00f5es\",\"san\u00e7\u00f5es internacionais\",\"Venezuela\"],\"articleSection\":[\"Economia\",\"Finan\u00e7as\"],\"inLanguage\":\"pt-PT\"},{\"@type\":\"WebPage\",\"@id\":\"https:\/\/portaltela.pt\/noticias\/2026\/04\/17\/presidente-do-banco-central-venezuelano-demite-se\/\",\"url\":\"https:\/\/portaltela.pt\/noticias\/2026\/04\/17\/presidente-do-banco-central-venezuelano-demite-se\/\",\"name\":\"Presidente do banco central venezuelano demite-se - Portal Tela Portugal\",\"isPartOf\":{\"@id\":\"https:\/\/portaltela.pt\/#website\"},\"primaryImageOfPage\":{\"@id\":\"https:\/\/portaltela.pt\/noticias\/2026\/04\/17\/presidente-do-banco-central-venezuelano-demite-se\/#primaryimage\"},\"image\":{\"@id\":\"https:\/\/portaltela.pt\/noticias\/2026\/04\/17\/presidente-do-banco-central-venezuelano-demite-se\/#primaryimage\"},\"thumbnailUrl\":\"https:\/\/portaltela.pt\/s.01k8rhncp4jt1\/2026\/04\/img_1500x1000uu2018-03-29-22-30-00-724029.jpg\",\"datePublished\":\"2026-04-17T07:02:49+00:00\",\"author\":{\"@id\":\"https:\/\/portaltela.pt\/#\/schema\/person\/c4278d4a6028830caff9ee44b42d32ed\"},\"breadcrumb\":{\"@id\":\"https:\/\/portaltela.pt\/noticias\/2026\/04\/17\/presidente-do-banco-central-venezuelano-demite-se\/#breadcrumb\"},\"inLanguage\":\"pt-PT\",\"potentialAction\":[{\"@type\":\"ReadAction\",\"target\":[\"https:\/\/portaltela.pt\/noticias\/2026\/04\/17\/presidente-do-banco-central-venezuelano-demite-se\/\"]}]},{\"@type\":\"ImageObject\",\"inLanguage\":\"pt-PT\",\"@id\":\"https:\/\/portaltela.pt\/noticias\/2026\/04\/17\/presidente-do-banco-central-venezuelano-demite-se\/#primaryimage\",\"url\":\"https:\/\/portaltela.pt\/s.01k8rhncp4jt1\/2026\/04\/img_1500x1000uu2018-03-29-22-30-00-724029.jpg\",\"contentUrl\":\"https:\/\/portaltela.pt\/s.01k8rhncp4jt1\/2026\/04\/img_1500x1000uu2018-03-29-22-30-00-724029.jpg\",\"width\":796,\"height\":448,\"caption\":\"Bandeira da Venezuela\"},{\"@type\":\"BreadcrumbList\",\"@id\":\"https:\/\/portaltela.pt\/noticias\/2026\/04\/17\/presidente-do-banco-central-venezuelano-demite-se\/#breadcrumb\",\"itemListElement\":[{\"@type\":\"ListItem\",\"position\":1,\"name\":\"In\u00edcio\",\"item\":\"https:\/\/portaltela.pt\/\"},{\"@type\":\"ListItem\",\"position\":2,\"name\":\"Presidente do banco central venezuelano demite-se\"}]},{\"@type\":\"WebSite\",\"@id\":\"https:\/\/portaltela.pt\/#website\",\"url\":\"https:\/\/portaltela.pt\/\",\"name\":\"Portal Tela Portugal\",\"description\":\"\",\"potentialAction\":[{\"@type\":\"SearchAction\",\"target\":{\"@type\":\"EntryPoint\",\"urlTemplate\":\"https:\/\/portaltela.pt\/?s={search_term_string}\"},\"query-input\":{\"@type\":\"PropertyValueSpecification\",\"valueRequired\":true,\"valueName\":\"search_term_string\"}}],\"inLanguage\":\"pt-PT\"},{\"@type\":\"Person\",\"@id\":\"https:\/\/portaltela.pt\/#\/schema\/person\/c4278d4a6028830caff9ee44b42d32ed\",\"name\":\"Telinha\",\"image\":{\"@type\":\"ImageObject\",\"inLanguage\":\"pt-PT\",\"@id\":\"https:\/\/portaltela.pt\/s.01k8rhncp4jt1\/2025\/11\/talking-bot-125x125.png\",\"url\":\"https:\/\/portaltela.pt\/s.01k8rhncp4jt1\/2025\/11\/talking-bot-125x125.png\",\"contentUrl\":\"https:\/\/portaltela.pt\/s.01k8rhncp4jt1\/2025\/11\/talking-bot-125x125.png\",\"caption\":\"Telinha\"},\"sameAs\":[\"https:\/\/portaltela.pt\/\"],\"url\":\"https:\/\/portaltela.pt\/por\/367410592786\/\"}]}<\/script>\n<!-- \/ Yoast SEO plugin. -->","yoast_head_json":{"title":"Presidente do banco central venezuelano demite-se - Portal Tela Portugal","robots":{"index":"index","follow":"follow","max-snippet":"max-snippet:-1","max-image-preview":"max-image-preview:large","max-video-preview":"max-video-preview:-1"},"og_locale":"pt_PT","og_type":"article","og_title":"Presidente do banco central venezuelano demite-se - Portal Tela Portugal","og_description":"A presidente do Banco Central da Venezuela (BCV), Laura Guerra, demitiu-se do cargo; o posto ficar\u00e1 com o vice-presidente, Luis P\u00e9rez. A informa\u00e7\u00e3o foi dada pela presidente interina Delcy Rodr\u00edguez, que afirmou que Guerra seguir\u00e1 em atividades no \u00e2mbito do Governo. A nomea\u00e7\u00e3o de P\u00e9rez ocorre dois dias depois de os Estados Unidos levantarem san\u00e7\u00f5es ao sistema banc\u00e1rio p\u00fablico venezuelano, incluindo o BCV. O Tesouro dos Estados Unidos autorizou uma licen\u00e7a de transa\u00e7\u00f5es comerciais com o Governo venezuelano, permitindo operarem com o d\u00f3lar. O Fundo Monet\u00e1rio Internacional (FMI) e o Grupo do Banco Mundial anunciaram o restabelecimento das rela\u00e7\u00f5es com o governo venezuelano.","og_url":"https:\/\/portaltela.pt\/noticias\/2026\/04\/17\/presidente-do-banco-central-venezuelano-demite-se\/","og_site_name":"Portal Tela Portugal","article_published_time":"2026-04-17T07:02:49+00:00","author":"Telinha","twitter_card":"summary_large_image","twitter_misc":{"Escrito por":"Telinha","Tempo estimado de leitura":"1 minuto"},"schema":{"@context":"https:\/\/schema.org","@graph":[{"@type":"Article","@id":"https:\/\/portaltela.pt\/noticias\/2026\/04\/17\/presidente-do-banco-central-venezuelano-demite-se\/#article","isPartOf":{"@id":"https:\/\/portaltela.pt\/noticias\/2026\/04\/17\/presidente-do-banco-central-venezuelano-demite-se\/"},"author":{"name":"Telinha","@id":"https:\/\/portaltela.pt\/#\/schema\/person\/c4278d4a6028830caff9ee44b42d32ed"},"headline":"Presidente do banco central venezuelano demite-se","datePublished":"2026-04-17T07:02:49+00:00","mainEntityOfPage":{"@id":"https:\/\/portaltela.pt\/noticias\/2026\/04\/17\/presidente-do-banco-central-venezuelano-demite-se\/"},"wordCount":218,"image":{"@id":"https:\/\/portaltela.pt\/noticias\/2026\/04\/17\/presidente-do-banco-central-venezuelano-demite-se\/#primaryimage"},"thumbnailUrl":"https:\/\/portaltela.pt\/s.01k8rhncp4jt1\/2026\/04\/img_1500x1000uu2018-03-29-22-30-00-724029.jpg","keywords":["economia","economia internacional","finan\u00e7as internacionais","san\u00e7\u00f5es","san\u00e7\u00f5es internacionais","Venezuela"],"articleSection":["Economia","Finan\u00e7as"],"inLanguage":"pt-PT"},{"@type":"WebPage","@id":"https:\/\/portaltela.pt\/noticias\/2026\/04\/17\/presidente-do-banco-central-venezuelano-demite-se\/","url":"https:\/\/portaltela.pt\/noticias\/2026\/04\/17\/presidente-do-banco-central-venezuelano-demite-se\/","name":"Presidente do banco central venezuelano demite-se - Portal Tela Portugal","isPartOf":{"@id":"https:\/\/portaltela.pt\/#website"},"primaryImageOfPage":{"@id":"https:\/\/portaltela.pt\/noticias\/2026\/04\/17\/presidente-do-banco-central-venezuelano-demite-se\/#primaryimage"},"image":{"@id":"https:\/\/portaltela.pt\/noticias\/2026\/04\/17\/presidente-do-banco-central-venezuelano-demite-se\/#primaryimage"},"thumbnailUrl":"https:\/\/portaltela.pt\/s.01k8rhncp4jt1\/2026\/04\/img_1500x1000uu2018-03-29-22-30-00-724029.jpg","datePublished":"2026-04-17T07:02:49+00:00","author":{"@id":"https:\/\/portaltela.pt\/#\/schema\/person\/c4278d4a6028830caff9ee44b42d32ed"},"breadcrumb":{"@id":"https:\/\/portaltela.pt\/noticias\/2026\/04\/17\/presidente-do-banco-central-venezuelano-demite-se\/#breadcrumb"},"inLanguage":"pt-PT","potentialAction":[{"@type":"ReadAction","target":["https:\/\/portaltela.pt\/noticias\/2026\/04\/17\/presidente-do-banco-central-venezuelano-demite-se\/"]}]},{"@type":"ImageObject","inLanguage":"pt-PT","@id":"https:\/\/portaltela.pt\/noticias\/2026\/04\/17\/presidente-do-banco-central-venezuelano-demite-se\/#primaryimage","url":"https:\/\/portaltela.pt\/s.01k8rhncp4jt1\/2026\/04\/img_1500x1000uu2018-03-29-22-30-00-724029.jpg","contentUrl":"https:\/\/portaltela.pt\/s.01k8rhncp4jt1\/2026\/04\/img_1500x1000uu2018-03-29-22-30-00-724029.jpg","width":796,"height":448,"caption":"Bandeira da Venezuela"},{"@type":"BreadcrumbList","@id":"https:\/\/portaltela.pt\/noticias\/2026\/04\/17\/presidente-do-banco-central-venezuelano-demite-se\/#breadcrumb","itemListElement":[{"@type":"ListItem","position":1,"name":"In\u00edcio","item":"https:\/\/portaltela.pt\/"},{"@type":"ListItem","position":2,"name":"Presidente do banco central venezuelano demite-se"}]},{"@type":"WebSite","@id":"https:\/\/portaltela.pt\/#website","url":"https:\/\/portaltela.pt\/","name":"Portal Tela Portugal","description":"","potentialAction":[{"@type":"SearchAction","target":{"@type":"EntryPoint","urlTemplate":"https:\/\/portaltela.pt\/?s={search_term_string}"},"query-input":{"@type":"PropertyValueSpecification","valueRequired":true,"valueName":"search_term_string"}}],"inLanguage":"pt-PT"},{"@type":"Person","@id":"https:\/\/portaltela.pt\/#\/schema\/person\/c4278d4a6028830caff9ee44b42d32ed","name":"Telinha","image":{"@type":"ImageObject","inLanguage":"pt-PT","@id":"https:\/\/portaltela.pt\/s.01k8rhncp4jt1\/2025\/11\/talking-bot-125x125.png","url":"https:\/\/portaltela.pt\/s.01k8rhncp4jt1\/2025\/11\/talking-bot-125x125.png","contentUrl":"https:\/\/portaltela.pt\/s.01k8rhncp4jt1\/2025\/11\/talking-bot-125x125.png","caption":"Telinha"},"sameAs":["https:\/\/portaltela.pt\/"],"url":"https:\/\/portaltela.pt\/por\/367410592786\/"}]}},"_links":{"self":[{"href":"https:\/\/portaltela.pt\/api\/wp\/v2\/posts\/447366","targetHints":{"allow":["GET"]}}],"collection":[{"href":"https:\/\/portaltela.pt\/api\/wp\/v2\/posts"}],"about":[{"href":"https:\/\/portaltela.pt\/api\/wp\/v2\/types\/post"}],"author":[{"embeddable":true,"href":"https:\/\/portaltela.pt\/api\/wp\/v2\/users\/2"}],"replies":[{"embeddable":true,"href":"https:\/\/portaltela.pt\/api\/wp\/v2\/comments?post=447366"}],"version-history":[{"count":0,"href":"https:\/\/portaltela.pt\/api\/wp\/v2\/posts\/447366\/revisions"}],"wp:featuredmedia":[{"embeddable":true,"href":"https:\/\/portaltela.pt\/api\/wp\/v2\/media\/447369"}],"wp:attachment":[{"href":"https:\/\/portaltela.pt\/api\/wp\/v2\/media?parent=447366"}],"wp:term":[{"taxonomy":"category","embeddable":true,"href":"https:\/\/portaltela.pt\/api\/wp\/v2\/categories?post=447366"},{"taxonomy":"post_tag","embeddable":true,"href":"https:\/\/portaltela.pt\/api\/wp\/v2\/tags?post=447366"}],"curies":[{"name":"wp","href":"https:\/\/api.w.org\/{rel}","templated":true}]}}