{"id":447312,"date":"2026-04-17T03:17:44","date_gmt":"2026-04-17T06:17:44","guid":{"rendered":"https:\/\/portaltela.pt\/noticias\/2026\/04\/17\/ribera-e-de-croo-na-euronews-discutem-hormuz-com-franca-e-reino-unido-a-frente\/"},"modified":"2026-04-17T03:17:44","modified_gmt":"2026-04-17T06:17:44","slug":"ribera-e-de-croo-na-euronews-discutem-hormuz-com-franca-e-reino-unido-a-frente","status":"publish","type":"post","link":"https:\/\/portaltela.pt\/geopolitica\/2026\/04\/17\/ribera-e-de-croo-na-euronews-discutem-hormuz-com-franca-e-reino-unido-a-frente\/","title":{"rendered":"Ribera e De Croo na Euronews discutem Hormuz, com Fran\u00e7a e Reino Unido \u00e0 frente"},"content":{"rendered":"<p>O Europe Today, o principal espa\u00e7o matinal da Euronews, volta hoje \u00e0s 8h, de Bruxelas. Em apenas 20 minutos, re\u00fane as principais not\u00edcias do dia, com foco na atualidade europeia.<\/p>\n<p>A pe\u00e7a de abertura traz Shona Murray, da Euronews, que relata a reuni\u00e3o liderada pelo Presidente franc\u00eas, Emmanuel Macron, e pelo Primeiro-Ministro brit\u00e2nico, Keir Starmer. O tema central \u00e9 a restaura\u00e7\u00e3o da liberdade de navega\u00e7\u00e3o no estreito de Ormuz.<\/p>\n<p>Em entrevistas, participam Alexander De Croo, ex-primeiro-ministro belga e administrador do Programa das Na\u00e7\u00f5es Unidas para o Desenvolvimento, e Teresa Ribera, vice-presidente da Comiss\u00e3o Europeia. Maria Tadeo comenta em direto a partir de Barcelona.<\/p>\n<h3>Participantes e temas<\/h3>\n<p>A editora de informa\u00e7\u00e3o da UE na Euronews, Maria Tadeo, est\u00e1 em direto no encontro Global Progressive Mobilisation, que re\u00fane dirigentes da esquerda mundial. Jakub Janas analisa as elei\u00e7\u00f5es na Bulg\u00e1ria e o seu impacto na Europa.<\/p>\n<p>O programa tamb\u00e9m inclui uma an\u00e1lise explicativa sobre o que est\u00e1 em jogo na Bulg\u00e1ria e a relev\u00e2ncia deste escrut\u00ednio para o equil\u00edbrio pol\u00edtico europeu. A apresenta\u00e7\u00e3o \u00e9 feita pela equipa de reportagem da Euronews.<\/p>\n<h3>Como ver o Europe Today<\/h3>\n<p>M\u00e9abh Mc Mahon cobre a piv\u00f4 principal, com Maria Tadeo em direto. O programa est\u00e1 dispon\u00edvel na televis\u00e3o, no site da Euronews e em plataformas digitais, de segunda a sexta-feira. Tamb\u00e9m h\u00e1 newsletter e podcast.<\/p>\n","protected":false},"excerpt":{"rendered":"<ul>\n<li>O Europe Today, da Euronews, vai ao ar \u00e0s 8h, hora de Bruxelas, oferecendo as principais not\u00edcias em apenas 20 minutos.<\/li>\n<li>A pe\u00e7a de abertura cobre a reuni\u00e3o liderada pelo Presidente franc\u00eas, Emmanuel Macron, e pelo primeiro-ministro brit\u00e2nico, Keir Starmer, sobre a restaura\u00e7\u00e3o da liberdade de navega\u00e7\u00e3o no estreito de Ormuz.<\/li>\n<li>H\u00e1 entrevistas com Alexander De Croo, antigo primeiro-ministro belga, e Teresa Ribera, vice-presidente da Comiss\u00e3o Europeia.<\/li>\n<li>Maria Tadeo, editora de informa\u00e7\u00e3o da UE na Euronews, interv\u00e9m em direto a partir do encontro Global Progressive Mobilisation, em Barcelona.<\/li>\n<li>Jakub Janas analisa as elei\u00e7\u00f5es na Bulg\u00e1ria e a sua import\u00e2ncia para a Europa.<\/li>\n<\/ul>\n","protected":false},"author":2,"featured_media":447313,"comment_status":"closed","ping_status":"closed","sticky":false,"template":"","format":"standard","meta":{"footnotes":""},"categories":[6814],"tags":[1487,2487,1856,2832,2111,2055],"class_list":["post-447312","post","type-post","status-publish","format-standard","has-post-thumbnail","hentry","category-geopolitica","tag-bulgaria","tag-europa","tag-franca","tag-politica","tag-reino-unido","tag-uniao-europeia"],"yoast_head":"<!-- This site is optimized with the Yoast SEO plugin v27.2 - https:\/\/yoast.com\/product\/yoast-seo-wordpress\/ -->\n<title>Ribera e De Croo na Euronews discutem Hormuz, com Fran\u00e7a e Reino Unido \u00e0 frente - Portal Tela Portugal<\/title>\n<meta name=\"robots\" content=\"index, follow, max-snippet:-1, max-image-preview:large, max-video-preview:-1\" \/>\n<meta property=\"og:locale\" content=\"pt_PT\" \/>\n<meta property=\"og:type\" content=\"article\" \/>\n<meta property=\"og:title\" content=\"Ribera e De Croo na Euronews discutem Hormuz, com Fran\u00e7a e Reino Unido \u00e0 frente - Portal Tela Portugal\" \/>\n<meta property=\"og:description\" content=\"O Europe Today, da Euronews, vai ao ar \u00e0s 8h, hora de Bruxelas, oferecendo as principais not\u00edcias em apenas 20 minutos. A pe\u00e7a de abertura cobre a reuni\u00e3o liderada pelo Presidente franc\u00eas, Emmanuel Macron, e pelo primeiro-ministro brit\u00e2nico, Keir Starmer, sobre a restaura\u00e7\u00e3o da liberdade de navega\u00e7\u00e3o no estreito de Ormuz. H\u00e1 entrevistas com Alexander De Croo, antigo primeiro-ministro belga, e Teresa Ribera, vice-presidente da Comiss\u00e3o Europeia. Maria Tadeo, editora de informa\u00e7\u00e3o da UE na Euronews, interv\u00e9m em direto a partir do encontro Global Progressive Mobilisation, em Barcelona. Jakub Janas analisa as elei\u00e7\u00f5es na Bulg\u00e1ria e a sua import\u00e2ncia para a Europa.\" \/>\n<meta property=\"og:url\" content=\"https:\/\/portaltela.pt\/noticias\/2026\/04\/17\/ribera-e-de-croo-na-euronews-discutem-hormuz-com-franca-e-reino-unido-a-frente\/\" \/>\n<meta property=\"og:site_name\" content=\"Portal Tela Portugal\" \/>\n<meta property=\"article:published_time\" content=\"2026-04-17T06:17:44+00:00\" \/>\n<meta name=\"author\" content=\"Telinha\" \/>\n<meta name=\"twitter:card\" content=\"summary_large_image\" \/>\n<meta name=\"twitter:label1\" content=\"Escrito por\" \/>\n\t<meta name=\"twitter:data1\" content=\"Telinha\" \/>\n\t<meta name=\"twitter:label2\" content=\"Tempo estimado de leitura\" \/>\n\t<meta name=\"twitter:data2\" content=\"1 minuto\" \/>\n<script type=\"application\/ld+json\" class=\"yoast-schema-graph\">{\"@context\":\"https:\/\/schema.org\",\"@graph\":[{\"@type\":\"Article\",\"@id\":\"https:\/\/portaltela.pt\/noticias\/2026\/04\/17\/ribera-e-de-croo-na-euronews-discutem-hormuz-com-franca-e-reino-unido-a-frente\/#article\",\"isPartOf\":{\"@id\":\"https:\/\/portaltela.pt\/noticias\/2026\/04\/17\/ribera-e-de-croo-na-euronews-discutem-hormuz-com-franca-e-reino-unido-a-frente\/\"},\"author\":{\"name\":\"Telinha\",\"@id\":\"https:\/\/portaltela.pt\/#\/schema\/person\/c4278d4a6028830caff9ee44b42d32ed\"},\"headline\":\"Ribera e De Croo na Euronews discutem Hormuz, com Fran\u00e7a e Reino Unido \u00e0 frente\",\"datePublished\":\"2026-04-17T06:17:44+00:00\",\"mainEntityOfPage\":{\"@id\":\"https:\/\/portaltela.pt\/noticias\/2026\/04\/17\/ribera-e-de-croo-na-euronews-discutem-hormuz-com-franca-e-reino-unido-a-frente\/\"},\"wordCount\":257,\"image\":{\"@id\":\"https:\/\/portaltela.pt\/noticias\/2026\/04\/17\/ribera-e-de-croo-na-euronews-discutem-hormuz-com-franca-e-reino-unido-a-frente\/#primaryimage\"},\"thumbnailUrl\":\"https:\/\/portaltela.pt\/s.01k8rhncp4jt1\/2026\/04\/1536x864_cmsv2_70020d9d-f07b-5d6f-9da5-a366f0dbacdf-9717538.jpg\",\"keywords\":[\"Bulg\u00e1ria\",\"Europa\",\"Fran\u00e7a\",\"pol\u00edtica\",\"Reino Unido\",\"Uni\u00e3o Europeia\"],\"articleSection\":[\"Geopol\u00edtica\"],\"inLanguage\":\"pt-PT\"},{\"@type\":\"WebPage\",\"@id\":\"https:\/\/portaltela.pt\/noticias\/2026\/04\/17\/ribera-e-de-croo-na-euronews-discutem-hormuz-com-franca-e-reino-unido-a-frente\/\",\"url\":\"https:\/\/portaltela.pt\/noticias\/2026\/04\/17\/ribera-e-de-croo-na-euronews-discutem-hormuz-com-franca-e-reino-unido-a-frente\/\",\"name\":\"Ribera e De Croo na Euronews discutem Hormuz, com Fran\u00e7a e Reino Unido \u00e0 frente - Portal Tela Portugal\",\"isPartOf\":{\"@id\":\"https:\/\/portaltela.pt\/#website\"},\"primaryImageOfPage\":{\"@id\":\"https:\/\/portaltela.pt\/noticias\/2026\/04\/17\/ribera-e-de-croo-na-euronews-discutem-hormuz-com-franca-e-reino-unido-a-frente\/#primaryimage\"},\"image\":{\"@id\":\"https:\/\/portaltela.pt\/noticias\/2026\/04\/17\/ribera-e-de-croo-na-euronews-discutem-hormuz-com-franca-e-reino-unido-a-frente\/#primaryimage\"},\"thumbnailUrl\":\"https:\/\/portaltela.pt\/s.01k8rhncp4jt1\/2026\/04\/1536x864_cmsv2_70020d9d-f07b-5d6f-9da5-a366f0dbacdf-9717538.jpg\",\"datePublished\":\"2026-04-17T06:17:44+00:00\",\"author\":{\"@id\":\"https:\/\/portaltela.pt\/#\/schema\/person\/c4278d4a6028830caff9ee44b42d32ed\"},\"breadcrumb\":{\"@id\":\"https:\/\/portaltela.pt\/noticias\/2026\/04\/17\/ribera-e-de-croo-na-euronews-discutem-hormuz-com-franca-e-reino-unido-a-frente\/#breadcrumb\"},\"inLanguage\":\"pt-PT\",\"potentialAction\":[{\"@type\":\"ReadAction\",\"target\":[\"https:\/\/portaltela.pt\/noticias\/2026\/04\/17\/ribera-e-de-croo-na-euronews-discutem-hormuz-com-franca-e-reino-unido-a-frente\/\"]}]},{\"@type\":\"ImageObject\",\"inLanguage\":\"pt-PT\",\"@id\":\"https:\/\/portaltela.pt\/noticias\/2026\/04\/17\/ribera-e-de-croo-na-euronews-discutem-hormuz-com-franca-e-reino-unido-a-frente\/#primaryimage\",\"url\":\"https:\/\/portaltela.pt\/s.01k8rhncp4jt1\/2026\/04\/1536x864_cmsv2_70020d9d-f07b-5d6f-9da5-a366f0dbacdf-9717538.jpg\",\"contentUrl\":\"https:\/\/portaltela.pt\/s.01k8rhncp4jt1\/2026\/04\/1536x864_cmsv2_70020d9d-f07b-5d6f-9da5-a366f0dbacdf-9717538.jpg\",\"width\":796,\"height\":448,\"caption\":\"Europa hoje\"},{\"@type\":\"BreadcrumbList\",\"@id\":\"https:\/\/portaltela.pt\/noticias\/2026\/04\/17\/ribera-e-de-croo-na-euronews-discutem-hormuz-com-franca-e-reino-unido-a-frente\/#breadcrumb\",\"itemListElement\":[{\"@type\":\"ListItem\",\"position\":1,\"name\":\"In\u00edcio\",\"item\":\"https:\/\/portaltela.pt\/\"},{\"@type\":\"ListItem\",\"position\":2,\"name\":\"Ribera e De Croo na Euronews discutem Hormuz, com Fran\u00e7a e Reino Unido \u00e0 frente\"}]},{\"@type\":\"WebSite\",\"@id\":\"https:\/\/portaltela.pt\/#website\",\"url\":\"https:\/\/portaltela.pt\/\",\"name\":\"Portal Tela Portugal\",\"description\":\"\",\"potentialAction\":[{\"@type\":\"SearchAction\",\"target\":{\"@type\":\"EntryPoint\",\"urlTemplate\":\"https:\/\/portaltela.pt\/?s={search_term_string}\"},\"query-input\":{\"@type\":\"PropertyValueSpecification\",\"valueRequired\":true,\"valueName\":\"search_term_string\"}}],\"inLanguage\":\"pt-PT\"},{\"@type\":\"Person\",\"@id\":\"https:\/\/portaltela.pt\/#\/schema\/person\/c4278d4a6028830caff9ee44b42d32ed\",\"name\":\"Telinha\",\"image\":{\"@type\":\"ImageObject\",\"inLanguage\":\"pt-PT\",\"@id\":\"https:\/\/portaltela.pt\/s.01k8rhncp4jt1\/2025\/11\/talking-bot-125x125.png\",\"url\":\"https:\/\/portaltela.pt\/s.01k8rhncp4jt1\/2025\/11\/talking-bot-125x125.png\",\"contentUrl\":\"https:\/\/portaltela.pt\/s.01k8rhncp4jt1\/2025\/11\/talking-bot-125x125.png\",\"caption\":\"Telinha\"},\"sameAs\":[\"https:\/\/portaltela.pt\/\"],\"url\":\"https:\/\/portaltela.pt\/por\/367410592786\/\"}]}<\/script>\n<!-- \/ Yoast SEO plugin. -->","yoast_head_json":{"title":"Ribera e De Croo na Euronews discutem Hormuz, com Fran\u00e7a e Reino Unido \u00e0 frente - Portal Tela Portugal","robots":{"index":"index","follow":"follow","max-snippet":"max-snippet:-1","max-image-preview":"max-image-preview:large","max-video-preview":"max-video-preview:-1"},"og_locale":"pt_PT","og_type":"article","og_title":"Ribera e De Croo na Euronews discutem Hormuz, com Fran\u00e7a e Reino Unido \u00e0 frente - Portal Tela Portugal","og_description":"O Europe Today, da Euronews, vai ao ar \u00e0s 8h, hora de Bruxelas, oferecendo as principais not\u00edcias em apenas 20 minutos. A pe\u00e7a de abertura cobre a reuni\u00e3o liderada pelo Presidente franc\u00eas, Emmanuel Macron, e pelo primeiro-ministro brit\u00e2nico, Keir Starmer, sobre a restaura\u00e7\u00e3o da liberdade de navega\u00e7\u00e3o no estreito de Ormuz. H\u00e1 entrevistas com Alexander De Croo, antigo primeiro-ministro belga, e Teresa Ribera, vice-presidente da Comiss\u00e3o Europeia. Maria Tadeo, editora de informa\u00e7\u00e3o da UE na Euronews, interv\u00e9m em direto a partir do encontro Global Progressive Mobilisation, em Barcelona. Jakub Janas analisa as elei\u00e7\u00f5es na Bulg\u00e1ria e a sua import\u00e2ncia para a Europa.","og_url":"https:\/\/portaltela.pt\/noticias\/2026\/04\/17\/ribera-e-de-croo-na-euronews-discutem-hormuz-com-franca-e-reino-unido-a-frente\/","og_site_name":"Portal Tela Portugal","article_published_time":"2026-04-17T06:17:44+00:00","author":"Telinha","twitter_card":"summary_large_image","twitter_misc":{"Escrito por":"Telinha","Tempo estimado de leitura":"1 minuto"},"schema":{"@context":"https:\/\/schema.org","@graph":[{"@type":"Article","@id":"https:\/\/portaltela.pt\/noticias\/2026\/04\/17\/ribera-e-de-croo-na-euronews-discutem-hormuz-com-franca-e-reino-unido-a-frente\/#article","isPartOf":{"@id":"https:\/\/portaltela.pt\/noticias\/2026\/04\/17\/ribera-e-de-croo-na-euronews-discutem-hormuz-com-franca-e-reino-unido-a-frente\/"},"author":{"name":"Telinha","@id":"https:\/\/portaltela.pt\/#\/schema\/person\/c4278d4a6028830caff9ee44b42d32ed"},"headline":"Ribera e De Croo na Euronews discutem Hormuz, com Fran\u00e7a e Reino Unido \u00e0 frente","datePublished":"2026-04-17T06:17:44+00:00","mainEntityOfPage":{"@id":"https:\/\/portaltela.pt\/noticias\/2026\/04\/17\/ribera-e-de-croo-na-euronews-discutem-hormuz-com-franca-e-reino-unido-a-frente\/"},"wordCount":257,"image":{"@id":"https:\/\/portaltela.pt\/noticias\/2026\/04\/17\/ribera-e-de-croo-na-euronews-discutem-hormuz-com-franca-e-reino-unido-a-frente\/#primaryimage"},"thumbnailUrl":"https:\/\/portaltela.pt\/s.01k8rhncp4jt1\/2026\/04\/1536x864_cmsv2_70020d9d-f07b-5d6f-9da5-a366f0dbacdf-9717538.jpg","keywords":["Bulg\u00e1ria","Europa","Fran\u00e7a","pol\u00edtica","Reino Unido","Uni\u00e3o Europeia"],"articleSection":["Geopol\u00edtica"],"inLanguage":"pt-PT"},{"@type":"WebPage","@id":"https:\/\/portaltela.pt\/noticias\/2026\/04\/17\/ribera-e-de-croo-na-euronews-discutem-hormuz-com-franca-e-reino-unido-a-frente\/","url":"https:\/\/portaltela.pt\/noticias\/2026\/04\/17\/ribera-e-de-croo-na-euronews-discutem-hormuz-com-franca-e-reino-unido-a-frente\/","name":"Ribera e De Croo na Euronews discutem Hormuz, com Fran\u00e7a e Reino Unido \u00e0 frente - Portal Tela Portugal","isPartOf":{"@id":"https:\/\/portaltela.pt\/#website"},"primaryImageOfPage":{"@id":"https:\/\/portaltela.pt\/noticias\/2026\/04\/17\/ribera-e-de-croo-na-euronews-discutem-hormuz-com-franca-e-reino-unido-a-frente\/#primaryimage"},"image":{"@id":"https:\/\/portaltela.pt\/noticias\/2026\/04\/17\/ribera-e-de-croo-na-euronews-discutem-hormuz-com-franca-e-reino-unido-a-frente\/#primaryimage"},"thumbnailUrl":"https:\/\/portaltela.pt\/s.01k8rhncp4jt1\/2026\/04\/1536x864_cmsv2_70020d9d-f07b-5d6f-9da5-a366f0dbacdf-9717538.jpg","datePublished":"2026-04-17T06:17:44+00:00","author":{"@id":"https:\/\/portaltela.pt\/#\/schema\/person\/c4278d4a6028830caff9ee44b42d32ed"},"breadcrumb":{"@id":"https:\/\/portaltela.pt\/noticias\/2026\/04\/17\/ribera-e-de-croo-na-euronews-discutem-hormuz-com-franca-e-reino-unido-a-frente\/#breadcrumb"},"inLanguage":"pt-PT","potentialAction":[{"@type":"ReadAction","target":["https:\/\/portaltela.pt\/noticias\/2026\/04\/17\/ribera-e-de-croo-na-euronews-discutem-hormuz-com-franca-e-reino-unido-a-frente\/"]}]},{"@type":"ImageObject","inLanguage":"pt-PT","@id":"https:\/\/portaltela.pt\/noticias\/2026\/04\/17\/ribera-e-de-croo-na-euronews-discutem-hormuz-com-franca-e-reino-unido-a-frente\/#primaryimage","url":"https:\/\/portaltela.pt\/s.01k8rhncp4jt1\/2026\/04\/1536x864_cmsv2_70020d9d-f07b-5d6f-9da5-a366f0dbacdf-9717538.jpg","contentUrl":"https:\/\/portaltela.pt\/s.01k8rhncp4jt1\/2026\/04\/1536x864_cmsv2_70020d9d-f07b-5d6f-9da5-a366f0dbacdf-9717538.jpg","width":796,"height":448,"caption":"Europa hoje"},{"@type":"BreadcrumbList","@id":"https:\/\/portaltela.pt\/noticias\/2026\/04\/17\/ribera-e-de-croo-na-euronews-discutem-hormuz-com-franca-e-reino-unido-a-frente\/#breadcrumb","itemListElement":[{"@type":"ListItem","position":1,"name":"In\u00edcio","item":"https:\/\/portaltela.pt\/"},{"@type":"ListItem","position":2,"name":"Ribera e De Croo na Euronews discutem Hormuz, com Fran\u00e7a e Reino Unido \u00e0 frente"}]},{"@type":"WebSite","@id":"https:\/\/portaltela.pt\/#website","url":"https:\/\/portaltela.pt\/","name":"Portal Tela Portugal","description":"","potentialAction":[{"@type":"SearchAction","target":{"@type":"EntryPoint","urlTemplate":"https:\/\/portaltela.pt\/?s={search_term_string}"},"query-input":{"@type":"PropertyValueSpecification","valueRequired":true,"valueName":"search_term_string"}}],"inLanguage":"pt-PT"},{"@type":"Person","@id":"https:\/\/portaltela.pt\/#\/schema\/person\/c4278d4a6028830caff9ee44b42d32ed","name":"Telinha","image":{"@type":"ImageObject","inLanguage":"pt-PT","@id":"https:\/\/portaltela.pt\/s.01k8rhncp4jt1\/2025\/11\/talking-bot-125x125.png","url":"https:\/\/portaltela.pt\/s.01k8rhncp4jt1\/2025\/11\/talking-bot-125x125.png","contentUrl":"https:\/\/portaltela.pt\/s.01k8rhncp4jt1\/2025\/11\/talking-bot-125x125.png","caption":"Telinha"},"sameAs":["https:\/\/portaltela.pt\/"],"url":"https:\/\/portaltela.pt\/por\/367410592786\/"}]}},"_links":{"self":[{"href":"https:\/\/portaltela.pt\/api\/wp\/v2\/posts\/447312","targetHints":{"allow":["GET"]}}],"collection":[{"href":"https:\/\/portaltela.pt\/api\/wp\/v2\/posts"}],"about":[{"href":"https:\/\/portaltela.pt\/api\/wp\/v2\/types\/post"}],"author":[{"embeddable":true,"href":"https:\/\/portaltela.pt\/api\/wp\/v2\/users\/2"}],"replies":[{"embeddable":true,"href":"https:\/\/portaltela.pt\/api\/wp\/v2\/comments?post=447312"}],"version-history":[{"count":0,"href":"https:\/\/portaltela.pt\/api\/wp\/v2\/posts\/447312\/revisions"}],"wp:featuredmedia":[{"embeddable":true,"href":"https:\/\/portaltela.pt\/api\/wp\/v2\/media\/447313"}],"wp:attachment":[{"href":"https:\/\/portaltela.pt\/api\/wp\/v2\/media?parent=447312"}],"wp:term":[{"taxonomy":"category","embeddable":true,"href":"https:\/\/portaltela.pt\/api\/wp\/v2\/categories?post=447312"},{"taxonomy":"post_tag","embeddable":true,"href":"https:\/\/portaltela.pt\/api\/wp\/v2\/tags?post=447312"}],"curies":[{"name":"wp","href":"https:\/\/api.w.org\/{rel}","templated":true}]}}