{"id":447290,"date":"2026-04-17T03:03:17","date_gmt":"2026-04-17T06:03:17","guid":{"rendered":"https:\/\/portaltela.pt\/noticias\/2026\/04\/17\/reitores-criticam-criacao-das-universidades-tecnica-do-porto-leiria-e-do-oeste\/"},"modified":"2026-04-17T03:03:17","modified_gmt":"2026-04-17T06:03:17","slug":"reitores-criticam-criacao-das-universidades-tecnica-do-porto-leiria-e-do-oeste","status":"publish","type":"post","link":"https:\/\/portaltela.pt\/noticias\/politica\/2026\/04\/17\/reitores-criticam-criacao-das-universidades-tecnica-do-porto-leiria-e-do-oeste\/","title":{"rendered":"Reitores criticam cria\u00e7\u00e3o das universidades T\u00e9cnica do Porto, Leiria e do Oeste"},"content":{"rendered":"<p>O CCISP e o CRUP criticam a poss\u00edvel convers\u00e3o dos polit\u00e9cnicos de Leiria e do Porto em universidades, bem como a cria\u00e7\u00e3o da Universidade de Leiria e Oeste e da Universidade T\u00e9cnica do Porto. As institui\u00e7\u00f5es questionam o timing e o planeamento, num contexto de revis\u00e3o do RJIES.<\/p>\n<p>Os dois organismos defendem que qualquer reconfigura\u00e7\u00e3o do sistema superior deve nascer de uma estrat\u00e9gia nacional, n\u00e3o de decis\u00f5es pontuais. Os respons\u00e1veis apontam que avan\u00e7ar com as mudan\u00e7as em simult\u00e2neo com a revis\u00e3o normativa pode gerar inconsist\u00eancias.<\/p>\n<p>O CCISP reconhece o m\u00e9rito dos projetos, mas alerta para eventuais assimetrias e impactos na organiza\u00e7\u00e3o do ensino superior. O CRUP acompanha a mesma linha, destacando a necessidade de alinhamento com pol\u00edticas p\u00fablicas de educa\u00e7\u00e3o.<\/p>\n<h3>Reservas apresentadas pelos representantes<\/h3>\n<p>Os conselhos salientam que a transforma\u00e7\u00e3o dos polit\u00e9cnicos requer estudo aprofundado de modelos, financiamento e governan\u00e7a. Consideram essencial clarificar objetivos, crit\u00e9rios de avalia\u00e7\u00e3o e prazos, antes de qualquer decis\u00e3o definitiva.<\/p>\n<p>Ambos os organismos indicam que a discuss\u00e3o sobre a cria\u00e7\u00e3o de novas entidades deve envolver o Estado, as institui\u00e7\u00f5es envolvidas e a comunidade acad\u00e9mica. O objetivo \u00e9 assegurar uma transi\u00e7\u00e3o est\u00e1vel e coerente com o conjunto do sistema.<\/p>\n","protected":false},"excerpt":{"rendered":"<ul>\n<li>O CCISP (Conselho Coordenador dos Institutos Superiores Polit\u00e9cnicos) e o CRUP (Conselho de Reitores das Universidades Portuguesas) colocam reservas \u00e0 transforma\u00e7\u00e3o dos polit\u00e9cnicos de Leiria e do Porto em universidades, mantendo o m\u00e9rito dos projetos.<\/li>\n<li>As organiza\u00e7\u00f5es reconhecem a legitimidade da cria\u00e7\u00e3o da Universidade de Leiria e Oeste e da Universidade T\u00e9cnica do Porto, mas discordam do timing.<\/li>\n<li>O CCISP sustenta que n\u00e3o \u00e9 adequado avan\u00e7ar com as reformas em simult\u00e2neo com a revis\u00e3o do Regime Jur\u00eddico das Institui\u00e7\u00f5es de Ensino Superior (RJIES).<\/li>\n<li>O CRUP tamb\u00e9m questiona a acelera\u00e7\u00e3o destas mudan\u00e7as sem uma estrat\u00e9gia nacional adequada e consolidada para o setor.<\/li>\n<\/ul>\n","protected":false},"author":2,"featured_media":447294,"comment_status":"closed","ping_status":"closed","sticky":false,"template":"","format":"standard","meta":{"footnotes":""},"categories":[1,5],"tags":[163,2443,6623,34,136,2832],"class_list":["post-447290","post","type-post","status-publish","format-standard","has-post-thumbnail","hentry","category-noticias","category-politica","tag-educacao","tag-educacao-publica","tag-ensino-superior","tag-governo","tag-organizacoes","tag-politica"],"yoast_head":"<!-- This site is optimized with the Yoast SEO plugin v27.2 - https:\/\/yoast.com\/product\/yoast-seo-wordpress\/ -->\n<title>Reitores criticam cria\u00e7\u00e3o das universidades T\u00e9cnica do Porto, Leiria e do Oeste - Portal Tela Portugal<\/title>\n<meta name=\"robots\" content=\"index, follow, max-snippet:-1, max-image-preview:large, max-video-preview:-1\" \/>\n<meta property=\"og:locale\" content=\"pt_PT\" \/>\n<meta property=\"og:type\" content=\"article\" \/>\n<meta property=\"og:title\" content=\"Reitores criticam cria\u00e7\u00e3o das universidades T\u00e9cnica do Porto, Leiria e do Oeste - Portal Tela Portugal\" \/>\n<meta property=\"og:description\" content=\"O CCISP (Conselho Coordenador dos Institutos Superiores Polit\u00e9cnicos) e o CRUP (Conselho de Reitores das Universidades Portuguesas) colocam reservas \u00e0 transforma\u00e7\u00e3o dos polit\u00e9cnicos de Leiria e do Porto em universidades, mantendo o m\u00e9rito dos projetos. As organiza\u00e7\u00f5es reconhecem a legitimidade da cria\u00e7\u00e3o da Universidade de Leiria e Oeste e da Universidade T\u00e9cnica do Porto, mas discordam do timing. O CCISP sustenta que n\u00e3o \u00e9 adequado avan\u00e7ar com as reformas em simult\u00e2neo com a revis\u00e3o do Regime Jur\u00eddico das Institui\u00e7\u00f5es de Ensino Superior (RJIES). O CRUP tamb\u00e9m questiona a acelera\u00e7\u00e3o destas mudan\u00e7as sem uma estrat\u00e9gia nacional adequada e consolidada para o setor.\" \/>\n<meta property=\"og:url\" content=\"https:\/\/portaltela.pt\/noticias\/2026\/04\/17\/reitores-criticam-criacao-das-universidades-tecnica-do-porto-leiria-e-do-oeste\/\" \/>\n<meta property=\"og:site_name\" content=\"Portal Tela Portugal\" \/>\n<meta property=\"article:published_time\" content=\"2026-04-17T06:03:17+00:00\" \/>\n<meta name=\"author\" content=\"Telinha\" \/>\n<meta name=\"twitter:card\" content=\"summary_large_image\" \/>\n<meta name=\"twitter:label1\" content=\"Escrito por\" \/>\n\t<meta name=\"twitter:data1\" content=\"Telinha\" \/>\n\t<meta name=\"twitter:label2\" content=\"Tempo estimado de leitura\" \/>\n\t<meta name=\"twitter:data2\" content=\"1 minuto\" \/>\n<script type=\"application\/ld+json\" class=\"yoast-schema-graph\">{\"@context\":\"https:\/\/schema.org\",\"@graph\":[{\"@type\":\"Article\",\"@id\":\"https:\/\/portaltela.pt\/noticias\/2026\/04\/17\/reitores-criticam-criacao-das-universidades-tecnica-do-porto-leiria-e-do-oeste\/#article\",\"isPartOf\":{\"@id\":\"https:\/\/portaltela.pt\/noticias\/2026\/04\/17\/reitores-criticam-criacao-das-universidades-tecnica-do-porto-leiria-e-do-oeste\/\"},\"author\":{\"name\":\"Telinha\",\"@id\":\"https:\/\/portaltela.pt\/#\/schema\/person\/c4278d4a6028830caff9ee44b42d32ed\"},\"headline\":\"Reitores criticam cria\u00e7\u00e3o das universidades T\u00e9cnica do Porto, Leiria e do Oeste\",\"datePublished\":\"2026-04-17T06:03:17+00:00\",\"mainEntityOfPage\":{\"@id\":\"https:\/\/portaltela.pt\/noticias\/2026\/04\/17\/reitores-criticam-criacao-das-universidades-tecnica-do-porto-leiria-e-do-oeste\/\"},\"wordCount\":239,\"image\":{\"@id\":\"https:\/\/portaltela.pt\/noticias\/2026\/04\/17\/reitores-criticam-criacao-das-universidades-tecnica-do-porto-leiria-e-do-oeste\/#primaryimage\"},\"thumbnailUrl\":\"https:\/\/portaltela.pt\/s.01k8rhncp4jt1\/2026\/04\/2081899.jpg\",\"keywords\":[\"educa\u00e7\u00e3o\",\"educa\u00e7\u00e3o p\u00fablica\",\"Ensino Superior\",\"governo\",\"organiza\u00e7\u00f5es\",\"pol\u00edtica\"],\"articleSection\":[\"Not\u00edcias\",\"Pol\u00edtica\"],\"inLanguage\":\"pt-PT\"},{\"@type\":\"WebPage\",\"@id\":\"https:\/\/portaltela.pt\/noticias\/2026\/04\/17\/reitores-criticam-criacao-das-universidades-tecnica-do-porto-leiria-e-do-oeste\/\",\"url\":\"https:\/\/portaltela.pt\/noticias\/2026\/04\/17\/reitores-criticam-criacao-das-universidades-tecnica-do-porto-leiria-e-do-oeste\/\",\"name\":\"Reitores criticam cria\u00e7\u00e3o das universidades T\u00e9cnica do Porto, Leiria e do Oeste - Portal Tela Portugal\",\"isPartOf\":{\"@id\":\"https:\/\/portaltela.pt\/#website\"},\"primaryImageOfPage\":{\"@id\":\"https:\/\/portaltela.pt\/noticias\/2026\/04\/17\/reitores-criticam-criacao-das-universidades-tecnica-do-porto-leiria-e-do-oeste\/#primaryimage\"},\"image\":{\"@id\":\"https:\/\/portaltela.pt\/noticias\/2026\/04\/17\/reitores-criticam-criacao-das-universidades-tecnica-do-porto-leiria-e-do-oeste\/#primaryimage\"},\"thumbnailUrl\":\"https:\/\/portaltela.pt\/s.01k8rhncp4jt1\/2026\/04\/2081899.jpg\",\"datePublished\":\"2026-04-17T06:03:17+00:00\",\"author\":{\"@id\":\"https:\/\/portaltela.pt\/#\/schema\/person\/c4278d4a6028830caff9ee44b42d32ed\"},\"breadcrumb\":{\"@id\":\"https:\/\/portaltela.pt\/noticias\/2026\/04\/17\/reitores-criticam-criacao-das-universidades-tecnica-do-porto-leiria-e-do-oeste\/#breadcrumb\"},\"inLanguage\":\"pt-PT\",\"potentialAction\":[{\"@type\":\"ReadAction\",\"target\":[\"https:\/\/portaltela.pt\/noticias\/2026\/04\/17\/reitores-criticam-criacao-das-universidades-tecnica-do-porto-leiria-e-do-oeste\/\"]}]},{\"@type\":\"ImageObject\",\"inLanguage\":\"pt-PT\",\"@id\":\"https:\/\/portaltela.pt\/noticias\/2026\/04\/17\/reitores-criticam-criacao-das-universidades-tecnica-do-porto-leiria-e-do-oeste\/#primaryimage\",\"url\":\"https:\/\/portaltela.pt\/s.01k8rhncp4jt1\/2026\/04\/2081899.jpg\",\"contentUrl\":\"https:\/\/portaltela.pt\/s.01k8rhncp4jt1\/2026\/04\/2081899.jpg\",\"width\":796,\"height\":448,\"caption\":\"Polit\u00e9cnicos do Porto e de Leiria querem ser universidades o que, acreditam, lhes permitir\u00e1 ter maior projec\u00e7\u00e3o internacional e captar mais estudantes\"},{\"@type\":\"BreadcrumbList\",\"@id\":\"https:\/\/portaltela.pt\/noticias\/2026\/04\/17\/reitores-criticam-criacao-das-universidades-tecnica-do-porto-leiria-e-do-oeste\/#breadcrumb\",\"itemListElement\":[{\"@type\":\"ListItem\",\"position\":1,\"name\":\"In\u00edcio\",\"item\":\"https:\/\/portaltela.pt\/\"},{\"@type\":\"ListItem\",\"position\":2,\"name\":\"Reitores criticam cria\u00e7\u00e3o das universidades T\u00e9cnica do Porto, Leiria e do Oeste\"}]},{\"@type\":\"WebSite\",\"@id\":\"https:\/\/portaltela.pt\/#website\",\"url\":\"https:\/\/portaltela.pt\/\",\"name\":\"Portal Tela Portugal\",\"description\":\"\",\"potentialAction\":[{\"@type\":\"SearchAction\",\"target\":{\"@type\":\"EntryPoint\",\"urlTemplate\":\"https:\/\/portaltela.pt\/?s={search_term_string}\"},\"query-input\":{\"@type\":\"PropertyValueSpecification\",\"valueRequired\":true,\"valueName\":\"search_term_string\"}}],\"inLanguage\":\"pt-PT\"},{\"@type\":\"Person\",\"@id\":\"https:\/\/portaltela.pt\/#\/schema\/person\/c4278d4a6028830caff9ee44b42d32ed\",\"name\":\"Telinha\",\"image\":{\"@type\":\"ImageObject\",\"inLanguage\":\"pt-PT\",\"@id\":\"https:\/\/portaltela.pt\/s.01k8rhncp4jt1\/2025\/11\/talking-bot-125x125.png\",\"url\":\"https:\/\/portaltela.pt\/s.01k8rhncp4jt1\/2025\/11\/talking-bot-125x125.png\",\"contentUrl\":\"https:\/\/portaltela.pt\/s.01k8rhncp4jt1\/2025\/11\/talking-bot-125x125.png\",\"caption\":\"Telinha\"},\"sameAs\":[\"https:\/\/portaltela.pt\/\"],\"url\":\"https:\/\/portaltela.pt\/por\/367410592786\/\"}]}<\/script>\n<!-- \/ Yoast SEO plugin. -->","yoast_head_json":{"title":"Reitores criticam cria\u00e7\u00e3o das universidades T\u00e9cnica do Porto, Leiria e do Oeste - Portal Tela Portugal","robots":{"index":"index","follow":"follow","max-snippet":"max-snippet:-1","max-image-preview":"max-image-preview:large","max-video-preview":"max-video-preview:-1"},"og_locale":"pt_PT","og_type":"article","og_title":"Reitores criticam cria\u00e7\u00e3o das universidades T\u00e9cnica do Porto, Leiria e do Oeste - Portal Tela Portugal","og_description":"O CCISP (Conselho Coordenador dos Institutos Superiores Polit\u00e9cnicos) e o CRUP (Conselho de Reitores das Universidades Portuguesas) colocam reservas \u00e0 transforma\u00e7\u00e3o dos polit\u00e9cnicos de Leiria e do Porto em universidades, mantendo o m\u00e9rito dos projetos. As organiza\u00e7\u00f5es reconhecem a legitimidade da cria\u00e7\u00e3o da Universidade de Leiria e Oeste e da Universidade T\u00e9cnica do Porto, mas discordam do timing. O CCISP sustenta que n\u00e3o \u00e9 adequado avan\u00e7ar com as reformas em simult\u00e2neo com a revis\u00e3o do Regime Jur\u00eddico das Institui\u00e7\u00f5es de Ensino Superior (RJIES). O CRUP tamb\u00e9m questiona a acelera\u00e7\u00e3o destas mudan\u00e7as sem uma estrat\u00e9gia nacional adequada e consolidada para o setor.","og_url":"https:\/\/portaltela.pt\/noticias\/2026\/04\/17\/reitores-criticam-criacao-das-universidades-tecnica-do-porto-leiria-e-do-oeste\/","og_site_name":"Portal Tela Portugal","article_published_time":"2026-04-17T06:03:17+00:00","author":"Telinha","twitter_card":"summary_large_image","twitter_misc":{"Escrito por":"Telinha","Tempo estimado de leitura":"1 minuto"},"schema":{"@context":"https:\/\/schema.org","@graph":[{"@type":"Article","@id":"https:\/\/portaltela.pt\/noticias\/2026\/04\/17\/reitores-criticam-criacao-das-universidades-tecnica-do-porto-leiria-e-do-oeste\/#article","isPartOf":{"@id":"https:\/\/portaltela.pt\/noticias\/2026\/04\/17\/reitores-criticam-criacao-das-universidades-tecnica-do-porto-leiria-e-do-oeste\/"},"author":{"name":"Telinha","@id":"https:\/\/portaltela.pt\/#\/schema\/person\/c4278d4a6028830caff9ee44b42d32ed"},"headline":"Reitores criticam cria\u00e7\u00e3o das universidades T\u00e9cnica do Porto, Leiria e do Oeste","datePublished":"2026-04-17T06:03:17+00:00","mainEntityOfPage":{"@id":"https:\/\/portaltela.pt\/noticias\/2026\/04\/17\/reitores-criticam-criacao-das-universidades-tecnica-do-porto-leiria-e-do-oeste\/"},"wordCount":239,"image":{"@id":"https:\/\/portaltela.pt\/noticias\/2026\/04\/17\/reitores-criticam-criacao-das-universidades-tecnica-do-porto-leiria-e-do-oeste\/#primaryimage"},"thumbnailUrl":"https:\/\/portaltela.pt\/s.01k8rhncp4jt1\/2026\/04\/2081899.jpg","keywords":["educa\u00e7\u00e3o","educa\u00e7\u00e3o p\u00fablica","Ensino Superior","governo","organiza\u00e7\u00f5es","pol\u00edtica"],"articleSection":["Not\u00edcias","Pol\u00edtica"],"inLanguage":"pt-PT"},{"@type":"WebPage","@id":"https:\/\/portaltela.pt\/noticias\/2026\/04\/17\/reitores-criticam-criacao-das-universidades-tecnica-do-porto-leiria-e-do-oeste\/","url":"https:\/\/portaltela.pt\/noticias\/2026\/04\/17\/reitores-criticam-criacao-das-universidades-tecnica-do-porto-leiria-e-do-oeste\/","name":"Reitores criticam cria\u00e7\u00e3o das universidades T\u00e9cnica do Porto, Leiria e do Oeste - Portal Tela Portugal","isPartOf":{"@id":"https:\/\/portaltela.pt\/#website"},"primaryImageOfPage":{"@id":"https:\/\/portaltela.pt\/noticias\/2026\/04\/17\/reitores-criticam-criacao-das-universidades-tecnica-do-porto-leiria-e-do-oeste\/#primaryimage"},"image":{"@id":"https:\/\/portaltela.pt\/noticias\/2026\/04\/17\/reitores-criticam-criacao-das-universidades-tecnica-do-porto-leiria-e-do-oeste\/#primaryimage"},"thumbnailUrl":"https:\/\/portaltela.pt\/s.01k8rhncp4jt1\/2026\/04\/2081899.jpg","datePublished":"2026-04-17T06:03:17+00:00","author":{"@id":"https:\/\/portaltela.pt\/#\/schema\/person\/c4278d4a6028830caff9ee44b42d32ed"},"breadcrumb":{"@id":"https:\/\/portaltela.pt\/noticias\/2026\/04\/17\/reitores-criticam-criacao-das-universidades-tecnica-do-porto-leiria-e-do-oeste\/#breadcrumb"},"inLanguage":"pt-PT","potentialAction":[{"@type":"ReadAction","target":["https:\/\/portaltela.pt\/noticias\/2026\/04\/17\/reitores-criticam-criacao-das-universidades-tecnica-do-porto-leiria-e-do-oeste\/"]}]},{"@type":"ImageObject","inLanguage":"pt-PT","@id":"https:\/\/portaltela.pt\/noticias\/2026\/04\/17\/reitores-criticam-criacao-das-universidades-tecnica-do-porto-leiria-e-do-oeste\/#primaryimage","url":"https:\/\/portaltela.pt\/s.01k8rhncp4jt1\/2026\/04\/2081899.jpg","contentUrl":"https:\/\/portaltela.pt\/s.01k8rhncp4jt1\/2026\/04\/2081899.jpg","width":796,"height":448,"caption":"Polit\u00e9cnicos do Porto e de Leiria querem ser universidades o que, acreditam, lhes permitir\u00e1 ter maior projec\u00e7\u00e3o internacional e captar mais estudantes"},{"@type":"BreadcrumbList","@id":"https:\/\/portaltela.pt\/noticias\/2026\/04\/17\/reitores-criticam-criacao-das-universidades-tecnica-do-porto-leiria-e-do-oeste\/#breadcrumb","itemListElement":[{"@type":"ListItem","position":1,"name":"In\u00edcio","item":"https:\/\/portaltela.pt\/"},{"@type":"ListItem","position":2,"name":"Reitores criticam cria\u00e7\u00e3o das universidades T\u00e9cnica do Porto, Leiria e do Oeste"}]},{"@type":"WebSite","@id":"https:\/\/portaltela.pt\/#website","url":"https:\/\/portaltela.pt\/","name":"Portal Tela Portugal","description":"","potentialAction":[{"@type":"SearchAction","target":{"@type":"EntryPoint","urlTemplate":"https:\/\/portaltela.pt\/?s={search_term_string}"},"query-input":{"@type":"PropertyValueSpecification","valueRequired":true,"valueName":"search_term_string"}}],"inLanguage":"pt-PT"},{"@type":"Person","@id":"https:\/\/portaltela.pt\/#\/schema\/person\/c4278d4a6028830caff9ee44b42d32ed","name":"Telinha","image":{"@type":"ImageObject","inLanguage":"pt-PT","@id":"https:\/\/portaltela.pt\/s.01k8rhncp4jt1\/2025\/11\/talking-bot-125x125.png","url":"https:\/\/portaltela.pt\/s.01k8rhncp4jt1\/2025\/11\/talking-bot-125x125.png","contentUrl":"https:\/\/portaltela.pt\/s.01k8rhncp4jt1\/2025\/11\/talking-bot-125x125.png","caption":"Telinha"},"sameAs":["https:\/\/portaltela.pt\/"],"url":"https:\/\/portaltela.pt\/por\/367410592786\/"}]}},"_links":{"self":[{"href":"https:\/\/portaltela.pt\/api\/wp\/v2\/posts\/447290","targetHints":{"allow":["GET"]}}],"collection":[{"href":"https:\/\/portaltela.pt\/api\/wp\/v2\/posts"}],"about":[{"href":"https:\/\/portaltela.pt\/api\/wp\/v2\/types\/post"}],"author":[{"embeddable":true,"href":"https:\/\/portaltela.pt\/api\/wp\/v2\/users\/2"}],"replies":[{"embeddable":true,"href":"https:\/\/portaltela.pt\/api\/wp\/v2\/comments?post=447290"}],"version-history":[{"count":0,"href":"https:\/\/portaltela.pt\/api\/wp\/v2\/posts\/447290\/revisions"}],"wp:featuredmedia":[{"embeddable":true,"href":"https:\/\/portaltela.pt\/api\/wp\/v2\/media\/447294"}],"wp:attachment":[{"href":"https:\/\/portaltela.pt\/api\/wp\/v2\/media?parent=447290"}],"wp:term":[{"taxonomy":"category","embeddable":true,"href":"https:\/\/portaltela.pt\/api\/wp\/v2\/categories?post=447290"},{"taxonomy":"post_tag","embeddable":true,"href":"https:\/\/portaltela.pt\/api\/wp\/v2\/tags?post=447290"}],"curies":[{"name":"wp","href":"https:\/\/api.w.org\/{rel}","templated":true}]}}