{"id":447082,"date":"2026-04-16T18:17:56","date_gmt":"2026-04-16T21:17:56","guid":{"rendered":"https:\/\/portaltela.pt\/noticias\/2026\/04\/16\/fc-porto-em-posicao-critica-na-liga-europa\/"},"modified":"2026-04-16T18:17:56","modified_gmt":"2026-04-16T21:17:56","slug":"fc-porto-em-posicao-critica-na-liga-europa","status":"publish","type":"post","link":"https:\/\/portaltela.pt\/desporto\/futebol\/2026\/04\/16\/fc-porto-em-posicao-critica-na-liga-europa\/","title":{"rendered":"FC Porto em posi\u00e7\u00e3o cr\u00edtica na Liga Europa"},"content":{"rendered":"<p>O FC Porto foi eliminado da Liga Europa ao perder por 1-0 com o Nottingham Forest no City Ground, na quinta-feira, na ordem dos quartos de final. A expuls\u00e3o de Bednarek aos 8 minutos condicionou o jogo, e os portistas n\u00e3o conseguiram dar a volta \u00e0 eliminat\u00f3ria com o atraso ao marcador.<\/p>\n<p>A partida iniciou de forma desfavor\u00e1vel para o Porto, que ficou em inferioridade num\u00e9rica logo cedo. O jogador polaco foi expulso ap\u00f3s entrar de forma perigosa sobre Chris Wood, decis\u00e3o confirmada pelo VAR. Sem o central titular, a equipa orientada por Francesco Farioli recuou e acabou por melhorar apenas ap\u00f3s mudan\u00e7as no segundo tempo.<\/p>\n<h3>Rea\u00e7\u00e3o dos dois treinadores e mudan\u00e7as<\/h3>\n<p>Para a segunda metade, Farioli efetuou quatro altera\u00e7\u00f5es, incluindo a entrada de jogadores titulares como Varela, Froholdt e Kiwior, com o objetivo de intensificar o ataque. A melhoria foi vis\u00edvel, com o Porto a criar oportunidades e a for\u00e7ar d\u00e9fices defensivos do Forest.<\/p>\n<p>William falhou por muito pouco aos 57\u2019 ao cabecear para a trave, ap\u00f3s cruzamento de Fofana. Ainda assim, a equipa da casa manteve o dom\u00ednio, ampliando a press\u00e3o nos minutos seguintes. O Forest respondeu com solu\u00e7\u00f5es t\u00e1teis de V\u00edtor Pereira, ajustando o meio-campo para conter o \u00edmpeto portista.<\/p>\n<h3>Fecho do encontro e desfecho da eliminat\u00f3ria<\/h3>\n<p>Apesar de novas tentativas, incluindo remates de Varela que tocaram na trave aos 84\u2019, o golo n\u00e3o surgiu para o Porto. O Forest permaneceu com a vantagem adquirida cedo e controlou o resto da eliminat\u00f3ria, assegurando a passagem aos beingos das meias-finais.<\/p>\n<p>Deste modo, o FC Porto fica fora da Liga Europa e volta a concentrar-se nas competi\u00e7\u00f5es nacionais, enquanto o Nottingham Forest avan\u00e7a na competi\u00e7\u00e3o.<\/p>\n","protected":false},"excerpt":{"rendered":"<ul>\n<li>O FC Porto foi eliminado da Liga Europa nos quartos-de-final pelo Nottingham Forest, com derrota por 1-0 no City Ground, ap\u00f3s Bednarek ter sido expulso aos 6 minutos, decidido via VAR.<\/li>\n<li>O golo dos ingleses surgiu na meia\u2011ress perna central, com Morgan Gibbs-White a rematar ap\u00f3s desvio de Ros\u00e1rio, mantendo o Forest em vantagem mesmo com o Porto em inferioridade.<\/li>\n<li>Os drag\u00f5es chegaram a ter oportunidades, com bolas aos ferros marcadas por William e Varela, mas sem conseguir empatar.<\/li>\n<li>A conten\u00e7\u00e3o portista levou a uma reconfigura\u00e7\u00e3o t\u00e1ctica aos 57 minutos, com entradas de Varela, Froholdt, Kiwior e Moura, melhorando o desempenho mas sem fechar o resultado.<\/li>\n<li>O Forest consolidou a passagem \u00e0s meias-finais; o Porto dever\u00e1 concentrar\u2011se no campeonato nacional para conquistar t\u00edtulos.<\/li>\n<\/ul>\n","protected":false},"author":2,"featured_media":447089,"comment_status":"closed","ping_status":"closed","sticky":false,"template":"","format":"standard","meta":{"footnotes":""},"categories":[21,24],"tags":[6330,2971,2028,32,2006,4761],"class_list":["post-447082","post","type-post","status-publish","format-standard","has-post-thumbnail","hentry","category-desporto","category-futebol","tag-eliminacoes","tag-expulsoes","tag-fc-porto","tag-futebol","tag-liga-europa","tag-nottingham-forest"],"yoast_head":"<!-- This site is optimized with the Yoast SEO plugin v27.2 - https:\/\/yoast.com\/product\/yoast-seo-wordpress\/ -->\n<title>FC Porto em posi\u00e7\u00e3o cr\u00edtica na Liga Europa - Portal Tela Portugal<\/title>\n<meta name=\"robots\" content=\"index, follow, max-snippet:-1, max-image-preview:large, max-video-preview:-1\" \/>\n<meta property=\"og:locale\" content=\"pt_PT\" \/>\n<meta property=\"og:type\" content=\"article\" \/>\n<meta property=\"og:title\" content=\"FC Porto em posi\u00e7\u00e3o cr\u00edtica na Liga Europa - Portal Tela Portugal\" \/>\n<meta property=\"og:description\" content=\"O FC Porto foi eliminado da Liga Europa nos quartos-de-final pelo Nottingham Forest, com derrota por 1-0 no City Ground, ap\u00f3s Bednarek ter sido expulso aos 6 minutos, decidido via VAR. O golo dos ingleses surgiu na meia\u2011ress perna central, com Morgan Gibbs-White a rematar ap\u00f3s desvio de Ros\u00e1rio, mantendo o Forest em vantagem mesmo com o Porto em inferioridade. Os drag\u00f5es chegaram a ter oportunidades, com bolas aos ferros marcadas por William e Varela, mas sem conseguir empatar. A conten\u00e7\u00e3o portista levou a uma reconfigura\u00e7\u00e3o t\u00e1ctica aos 57 minutos, com entradas de Varela, Froholdt, Kiwior e Moura, melhorando o desempenho mas sem fechar o resultado. O Forest consolidou a passagem \u00e0s meias-finais; o Porto dever\u00e1 concentrar\u2011se no campeonato nacional para conquistar t\u00edtulos.\" \/>\n<meta property=\"og:url\" content=\"https:\/\/portaltela.pt\/noticias\/2026\/04\/16\/fc-porto-em-posicao-critica-na-liga-europa\/\" \/>\n<meta property=\"og:site_name\" content=\"Portal Tela Portugal\" \/>\n<meta property=\"article:published_time\" content=\"2026-04-16T21:17:56+00:00\" \/>\n<meta name=\"author\" content=\"Telinha\" \/>\n<meta name=\"twitter:card\" content=\"summary_large_image\" \/>\n<meta name=\"twitter:label1\" content=\"Escrito por\" \/>\n\t<meta name=\"twitter:data1\" content=\"Telinha\" \/>\n\t<meta name=\"twitter:label2\" content=\"Tempo estimado de leitura\" \/>\n\t<meta name=\"twitter:data2\" content=\"1 minuto\" \/>\n<script type=\"application\/ld+json\" class=\"yoast-schema-graph\">{\"@context\":\"https:\/\/schema.org\",\"@graph\":[{\"@type\":\"Article\",\"@id\":\"https:\/\/portaltela.pt\/noticias\/2026\/04\/16\/fc-porto-em-posicao-critica-na-liga-europa\/#article\",\"isPartOf\":{\"@id\":\"https:\/\/portaltela.pt\/noticias\/2026\/04\/16\/fc-porto-em-posicao-critica-na-liga-europa\/\"},\"author\":{\"name\":\"Telinha\",\"@id\":\"https:\/\/portaltela.pt\/#\/schema\/person\/c4278d4a6028830caff9ee44b42d32ed\"},\"headline\":\"FC Porto em posi\u00e7\u00e3o cr\u00edtica na Liga Europa\",\"datePublished\":\"2026-04-16T21:17:56+00:00\",\"mainEntityOfPage\":{\"@id\":\"https:\/\/portaltela.pt\/noticias\/2026\/04\/16\/fc-porto-em-posicao-critica-na-liga-europa\/\"},\"wordCount\":309,\"image\":{\"@id\":\"https:\/\/portaltela.pt\/noticias\/2026\/04\/16\/fc-porto-em-posicao-critica-na-liga-europa\/#primaryimage\"},\"thumbnailUrl\":\"https:\/\/portaltela.pt\/s.01k8rhncp4jt1\/2026\/04\/2081909.jpg\",\"keywords\":[\"elimina\u00e7\u00f5es\",\"expuls\u00f5es\",\"FC Porto\",\"futebol\",\"Liga Europa\",\"Nottingham Forest\"],\"articleSection\":[\"Desporto\",\"Futebol\"],\"inLanguage\":\"pt-PT\"},{\"@type\":\"WebPage\",\"@id\":\"https:\/\/portaltela.pt\/noticias\/2026\/04\/16\/fc-porto-em-posicao-critica-na-liga-europa\/\",\"url\":\"https:\/\/portaltela.pt\/noticias\/2026\/04\/16\/fc-porto-em-posicao-critica-na-liga-europa\/\",\"name\":\"FC Porto em posi\u00e7\u00e3o cr\u00edtica na Liga Europa - Portal Tela Portugal\",\"isPartOf\":{\"@id\":\"https:\/\/portaltela.pt\/#website\"},\"primaryImageOfPage\":{\"@id\":\"https:\/\/portaltela.pt\/noticias\/2026\/04\/16\/fc-porto-em-posicao-critica-na-liga-europa\/#primaryimage\"},\"image\":{\"@id\":\"https:\/\/portaltela.pt\/noticias\/2026\/04\/16\/fc-porto-em-posicao-critica-na-liga-europa\/#primaryimage\"},\"thumbnailUrl\":\"https:\/\/portaltela.pt\/s.01k8rhncp4jt1\/2026\/04\/2081909.jpg\",\"datePublished\":\"2026-04-16T21:17:56+00:00\",\"author\":{\"@id\":\"https:\/\/portaltela.pt\/#\/schema\/person\/c4278d4a6028830caff9ee44b42d32ed\"},\"breadcrumb\":{\"@id\":\"https:\/\/portaltela.pt\/noticias\/2026\/04\/16\/fc-porto-em-posicao-critica-na-liga-europa\/#breadcrumb\"},\"inLanguage\":\"pt-PT\",\"potentialAction\":[{\"@type\":\"ReadAction\",\"target\":[\"https:\/\/portaltela.pt\/noticias\/2026\/04\/16\/fc-porto-em-posicao-critica-na-liga-europa\/\"]}]},{\"@type\":\"ImageObject\",\"inLanguage\":\"pt-PT\",\"@id\":\"https:\/\/portaltela.pt\/noticias\/2026\/04\/16\/fc-porto-em-posicao-critica-na-liga-europa\/#primaryimage\",\"url\":\"https:\/\/portaltela.pt\/s.01k8rhncp4jt1\/2026\/04\/2081909.jpg\",\"contentUrl\":\"https:\/\/portaltela.pt\/s.01k8rhncp4jt1\/2026\/04\/2081909.jpg\",\"width\":796,\"height\":448,\"caption\":\"Bednarek foi expulso aos 8' e deixou o FC Porto com menos um\"},{\"@type\":\"BreadcrumbList\",\"@id\":\"https:\/\/portaltela.pt\/noticias\/2026\/04\/16\/fc-porto-em-posicao-critica-na-liga-europa\/#breadcrumb\",\"itemListElement\":[{\"@type\":\"ListItem\",\"position\":1,\"name\":\"In\u00edcio\",\"item\":\"https:\/\/portaltela.pt\/\"},{\"@type\":\"ListItem\",\"position\":2,\"name\":\"FC Porto em posi\u00e7\u00e3o cr\u00edtica na Liga Europa\"}]},{\"@type\":\"WebSite\",\"@id\":\"https:\/\/portaltela.pt\/#website\",\"url\":\"https:\/\/portaltela.pt\/\",\"name\":\"Portal Tela Portugal\",\"description\":\"\",\"potentialAction\":[{\"@type\":\"SearchAction\",\"target\":{\"@type\":\"EntryPoint\",\"urlTemplate\":\"https:\/\/portaltela.pt\/?s={search_term_string}\"},\"query-input\":{\"@type\":\"PropertyValueSpecification\",\"valueRequired\":true,\"valueName\":\"search_term_string\"}}],\"inLanguage\":\"pt-PT\"},{\"@type\":\"Person\",\"@id\":\"https:\/\/portaltela.pt\/#\/schema\/person\/c4278d4a6028830caff9ee44b42d32ed\",\"name\":\"Telinha\",\"image\":{\"@type\":\"ImageObject\",\"inLanguage\":\"pt-PT\",\"@id\":\"https:\/\/portaltela.pt\/s.01k8rhncp4jt1\/2025\/11\/talking-bot-125x125.png\",\"url\":\"https:\/\/portaltela.pt\/s.01k8rhncp4jt1\/2025\/11\/talking-bot-125x125.png\",\"contentUrl\":\"https:\/\/portaltela.pt\/s.01k8rhncp4jt1\/2025\/11\/talking-bot-125x125.png\",\"caption\":\"Telinha\"},\"sameAs\":[\"https:\/\/portaltela.pt\/\"],\"url\":\"https:\/\/portaltela.pt\/por\/367410592786\/\"}]}<\/script>\n<!-- \/ Yoast SEO plugin. -->","yoast_head_json":{"title":"FC Porto em posi\u00e7\u00e3o cr\u00edtica na Liga Europa - Portal Tela Portugal","robots":{"index":"index","follow":"follow","max-snippet":"max-snippet:-1","max-image-preview":"max-image-preview:large","max-video-preview":"max-video-preview:-1"},"og_locale":"pt_PT","og_type":"article","og_title":"FC Porto em posi\u00e7\u00e3o cr\u00edtica na Liga Europa - Portal Tela Portugal","og_description":"O FC Porto foi eliminado da Liga Europa nos quartos-de-final pelo Nottingham Forest, com derrota por 1-0 no City Ground, ap\u00f3s Bednarek ter sido expulso aos 6 minutos, decidido via VAR. O golo dos ingleses surgiu na meia\u2011ress perna central, com Morgan Gibbs-White a rematar ap\u00f3s desvio de Ros\u00e1rio, mantendo o Forest em vantagem mesmo com o Porto em inferioridade. Os drag\u00f5es chegaram a ter oportunidades, com bolas aos ferros marcadas por William e Varela, mas sem conseguir empatar. A conten\u00e7\u00e3o portista levou a uma reconfigura\u00e7\u00e3o t\u00e1ctica aos 57 minutos, com entradas de Varela, Froholdt, Kiwior e Moura, melhorando o desempenho mas sem fechar o resultado. O Forest consolidou a passagem \u00e0s meias-finais; o Porto dever\u00e1 concentrar\u2011se no campeonato nacional para conquistar t\u00edtulos.","og_url":"https:\/\/portaltela.pt\/noticias\/2026\/04\/16\/fc-porto-em-posicao-critica-na-liga-europa\/","og_site_name":"Portal Tela Portugal","article_published_time":"2026-04-16T21:17:56+00:00","author":"Telinha","twitter_card":"summary_large_image","twitter_misc":{"Escrito por":"Telinha","Tempo estimado de leitura":"1 minuto"},"schema":{"@context":"https:\/\/schema.org","@graph":[{"@type":"Article","@id":"https:\/\/portaltela.pt\/noticias\/2026\/04\/16\/fc-porto-em-posicao-critica-na-liga-europa\/#article","isPartOf":{"@id":"https:\/\/portaltela.pt\/noticias\/2026\/04\/16\/fc-porto-em-posicao-critica-na-liga-europa\/"},"author":{"name":"Telinha","@id":"https:\/\/portaltela.pt\/#\/schema\/person\/c4278d4a6028830caff9ee44b42d32ed"},"headline":"FC Porto em posi\u00e7\u00e3o cr\u00edtica na Liga Europa","datePublished":"2026-04-16T21:17:56+00:00","mainEntityOfPage":{"@id":"https:\/\/portaltela.pt\/noticias\/2026\/04\/16\/fc-porto-em-posicao-critica-na-liga-europa\/"},"wordCount":309,"image":{"@id":"https:\/\/portaltela.pt\/noticias\/2026\/04\/16\/fc-porto-em-posicao-critica-na-liga-europa\/#primaryimage"},"thumbnailUrl":"https:\/\/portaltela.pt\/s.01k8rhncp4jt1\/2026\/04\/2081909.jpg","keywords":["elimina\u00e7\u00f5es","expuls\u00f5es","FC Porto","futebol","Liga Europa","Nottingham Forest"],"articleSection":["Desporto","Futebol"],"inLanguage":"pt-PT"},{"@type":"WebPage","@id":"https:\/\/portaltela.pt\/noticias\/2026\/04\/16\/fc-porto-em-posicao-critica-na-liga-europa\/","url":"https:\/\/portaltela.pt\/noticias\/2026\/04\/16\/fc-porto-em-posicao-critica-na-liga-europa\/","name":"FC Porto em posi\u00e7\u00e3o cr\u00edtica na Liga Europa - Portal Tela Portugal","isPartOf":{"@id":"https:\/\/portaltela.pt\/#website"},"primaryImageOfPage":{"@id":"https:\/\/portaltela.pt\/noticias\/2026\/04\/16\/fc-porto-em-posicao-critica-na-liga-europa\/#primaryimage"},"image":{"@id":"https:\/\/portaltela.pt\/noticias\/2026\/04\/16\/fc-porto-em-posicao-critica-na-liga-europa\/#primaryimage"},"thumbnailUrl":"https:\/\/portaltela.pt\/s.01k8rhncp4jt1\/2026\/04\/2081909.jpg","datePublished":"2026-04-16T21:17:56+00:00","author":{"@id":"https:\/\/portaltela.pt\/#\/schema\/person\/c4278d4a6028830caff9ee44b42d32ed"},"breadcrumb":{"@id":"https:\/\/portaltela.pt\/noticias\/2026\/04\/16\/fc-porto-em-posicao-critica-na-liga-europa\/#breadcrumb"},"inLanguage":"pt-PT","potentialAction":[{"@type":"ReadAction","target":["https:\/\/portaltela.pt\/noticias\/2026\/04\/16\/fc-porto-em-posicao-critica-na-liga-europa\/"]}]},{"@type":"ImageObject","inLanguage":"pt-PT","@id":"https:\/\/portaltela.pt\/noticias\/2026\/04\/16\/fc-porto-em-posicao-critica-na-liga-europa\/#primaryimage","url":"https:\/\/portaltela.pt\/s.01k8rhncp4jt1\/2026\/04\/2081909.jpg","contentUrl":"https:\/\/portaltela.pt\/s.01k8rhncp4jt1\/2026\/04\/2081909.jpg","width":796,"height":448,"caption":"Bednarek foi expulso aos 8' e deixou o FC Porto com menos um"},{"@type":"BreadcrumbList","@id":"https:\/\/portaltela.pt\/noticias\/2026\/04\/16\/fc-porto-em-posicao-critica-na-liga-europa\/#breadcrumb","itemListElement":[{"@type":"ListItem","position":1,"name":"In\u00edcio","item":"https:\/\/portaltela.pt\/"},{"@type":"ListItem","position":2,"name":"FC Porto em posi\u00e7\u00e3o cr\u00edtica na Liga Europa"}]},{"@type":"WebSite","@id":"https:\/\/portaltela.pt\/#website","url":"https:\/\/portaltela.pt\/","name":"Portal Tela Portugal","description":"","potentialAction":[{"@type":"SearchAction","target":{"@type":"EntryPoint","urlTemplate":"https:\/\/portaltela.pt\/?s={search_term_string}"},"query-input":{"@type":"PropertyValueSpecification","valueRequired":true,"valueName":"search_term_string"}}],"inLanguage":"pt-PT"},{"@type":"Person","@id":"https:\/\/portaltela.pt\/#\/schema\/person\/c4278d4a6028830caff9ee44b42d32ed","name":"Telinha","image":{"@type":"ImageObject","inLanguage":"pt-PT","@id":"https:\/\/portaltela.pt\/s.01k8rhncp4jt1\/2025\/11\/talking-bot-125x125.png","url":"https:\/\/portaltela.pt\/s.01k8rhncp4jt1\/2025\/11\/talking-bot-125x125.png","contentUrl":"https:\/\/portaltela.pt\/s.01k8rhncp4jt1\/2025\/11\/talking-bot-125x125.png","caption":"Telinha"},"sameAs":["https:\/\/portaltela.pt\/"],"url":"https:\/\/portaltela.pt\/por\/367410592786\/"}]}},"_links":{"self":[{"href":"https:\/\/portaltela.pt\/api\/wp\/v2\/posts\/447082","targetHints":{"allow":["GET"]}}],"collection":[{"href":"https:\/\/portaltela.pt\/api\/wp\/v2\/posts"}],"about":[{"href":"https:\/\/portaltela.pt\/api\/wp\/v2\/types\/post"}],"author":[{"embeddable":true,"href":"https:\/\/portaltela.pt\/api\/wp\/v2\/users\/2"}],"replies":[{"embeddable":true,"href":"https:\/\/portaltela.pt\/api\/wp\/v2\/comments?post=447082"}],"version-history":[{"count":0,"href":"https:\/\/portaltela.pt\/api\/wp\/v2\/posts\/447082\/revisions"}],"wp:featuredmedia":[{"embeddable":true,"href":"https:\/\/portaltela.pt\/api\/wp\/v2\/media\/447089"}],"wp:attachment":[{"href":"https:\/\/portaltela.pt\/api\/wp\/v2\/media?parent=447082"}],"wp:term":[{"taxonomy":"category","embeddable":true,"href":"https:\/\/portaltela.pt\/api\/wp\/v2\/categories?post=447082"},{"taxonomy":"post_tag","embeddable":true,"href":"https:\/\/portaltela.pt\/api\/wp\/v2\/tags?post=447082"}],"curies":[{"name":"wp","href":"https:\/\/api.w.org\/{rel}","templated":true}]}}