{"id":446919,"date":"2026-04-16T15:32:45","date_gmt":"2026-04-16T18:32:45","guid":{"rendered":"https:\/\/portaltela.pt\/noticias\/2026\/04\/16\/sexta-feira-traz-oracao-ao-tempo-e-mar-motto\/"},"modified":"2026-04-16T15:32:45","modified_gmt":"2026-04-16T18:32:45","slug":"sexta-feira-traz-oracao-ao-tempo-e-mar-motto","status":"publish","type":"post","link":"https:\/\/portaltela.pt\/musica\/2026\/04\/16\/sexta-feira-traz-oracao-ao-tempo-e-mar-motto\/","title":{"rendered":"Sexta-feira traz Ora\u00e7\u00e3o ao Tempo e Mar Motto"},"content":{"rendered":"<p>Duas semanas de abril oferecem uma frente variada de espet\u00e1culos em Portugal, com m\u00fasica, dan\u00e7a e teatro a ocupar v\u00e1rias cidades. A programa\u00e7\u00e3o destaca artistas nacionais e produ\u00e7\u00f5es com propostas hist\u00f3ricas e contempor\u00e2neas, num fim de semana cultural diverso. Do fado moderno de um Alentejo ao di\u00e1logo entre culturas cabo-verdianas, h\u00e1 op\u00e7\u00f5es para diferentes gostos e idades.<\/p>\n<h3>Ant\u00f3nio Zambujo em Lisboa<\/h3>\n<p>LISBOA, Coliseu dos Recreios, 16 e 17 de abril, \u00e0s 21h30. O m\u00fasico apresenta Ora\u00e7\u00e3o ao Tempo, \u00e1lbum lan\u00e7ado h\u00e1 cerca de um m\u00eas. O concerto inclui 15 faixas, com o tema de avan\u00e7o hom\u00f3nimo composto por Caetano Veloso, interpretado em dueto no disco. Entrada entre 25\u20ac e 65\u20ac.<\/p>\n<h3>Tito Paris no Porto<\/h3>\n<p>PORTO, Casa da M\u00fasica, 17 de abril, 21h30. Em palco, Tito Paris celebra a lusofonia com ra\u00edzes cabo-verdianas. O alinhamento revisita temas dos seus quatro d\u00e9cadas de carreira, destacando o novo \u00e1lbum Quem Est\u00e1 A\u00ed?, descrito como uma celebra\u00e7\u00e3o da diversidade. Pre\u00e7os variam entre 20\u20ac e 40\u20ac.<\/p>\n<h3>Suplicantes em Vila Real<\/h3>\n<p>VILA REAL, Teatro de Vila Real, 17 de abril, 21h30. Sara Barros Leit\u00e3o e Cassandra apresentam uma vers\u00e3o da trag\u00e9dia de \u00c9squilo, com 50 irm\u00e3s a buscar asilo ap\u00f3s abandonar um casamento no Egipto. A encena\u00e7\u00e3o surge num contexto de fronteiras, acolhimento e integra\u00e7\u00e3o, integrada no Vinte e Sete &#8211; Festival de Teatro.<\/p>\n<h3>3.\u00ba Round em Braga<\/h3>\n<p>BRAGA, F\u00f3rum Braga, 17 de abril, 21h. Gilm\u00e1rio Vemba apresenta 3.\u00ba Round, um espet\u00e1culo de humor que aborda o viver, o amar e o gargalhar. O comediante angolano explora tr\u00eas dimens\u00f5es centrais da experi\u00eancia humana, numa leitura mais moderna que a cartilha tradicional.<\/p>\n<h3>O Lago dos Cisnes em Amadora<\/h3>\n<p>AMADORA, Cineteatro Municipal D. Jo\u00e3o V., de 16 a 19 de abril. Quinta e domingo \u00e0s 16h; sexta e s\u00e1bado \u00e0s 21h. A vers\u00e3o contempor\u00e2nea da obra-prima de Tchaikovsky, pela Quorum Dance Company, coloca em palco um asilo abandonado e uma leitura de defeitos e virtudes humanas, sob dire\u00e7\u00e3o de Daniel Cardoso.<\/p>\n<h3>Festival Mar Motto em Faro<\/h3>\n<p>FARO, Antiga F\u00e1brica da Cerveja, de 17 de abril a 1 de maio. Entrada gratuita. O festival celebra o oceano e a sua conserva\u00e7\u00e3o, com artes, m\u00fasica e ci\u00eancia. A edi\u00e7\u00e3o 11 aborda o tema #ProtectedMeansProtected, com foco na prote\u00e7\u00e3o de ecossistemas marinhos atrav\u00e9s de \u00e1reas protegidas. O cartaz inclui artistas como Acta Liquida, Boris Chimp 504, Moradavaga e Silva Sancho, entre outros, com exposi\u00e7\u00f5es, oficinas e a unConference do projeto The Big Green.<\/p>\n","protected":false},"excerpt":{"rendered":"<ul>\n<li>Ant\u00f3nio Zambujo apresenta Ora\u00e7\u00e3o ao Tempo no Coliseu dos Recreios, em Lisboa, a 16 e 17 de abril, \u00e0s 21h30, com bilhetes entre 25 \u20ac e 65 \u20ac.<\/li>\n<li>Tito Paris atua na Casa da M\u00fasica, no Porto, a 17 de abril, \u00e0s 21h30, com entradas entre 20 \u20ac e 40 \u20ac.<\/li>\n<li>Suplicantes, de Sara Barros Leit\u00e3o, sobe ao palco do Teatro de Vila Real a 17 de abril, \u00e0s 21h30, com bilhete de 7 \u20ac.<\/li>\n<li>Gilm\u00e1rio Vemba leva o 3.\u00ba Round ao F\u00f3rum Braga, a 17 de abril, \u00e0s 21h, com pre\u00e7os entre 18 \u20ac e 25 \u20ac.<\/li>\n<li>Festival Mar Motto, em Faro, decorre de 17 de abril a 1 de maio, com entrada gratuita e programa multidisciplinar dedicado ao oceano.<\/li>\n<\/ul>\n","protected":false},"author":2,"featured_media":446925,"comment_status":"closed","ping_status":"closed","sticky":false,"template":"","format":"standard","meta":{"footnotes":""},"categories":[7375,6676],"tags":[7974,145,1683,3674,122,119],"class_list":["post-446919","post","type-post","status-publish","format-standard","has-post-thumbnail","hentry","category-cultura","category-musica","tag-_lisboa","tag-cultura","tag-danca","tag-festival","tag-musica","tag-teatro"],"yoast_head":"<!-- This site is optimized with the Yoast SEO plugin v27.2 - https:\/\/yoast.com\/product\/yoast-seo-wordpress\/ -->\n<title>Sexta-feira traz Ora\u00e7\u00e3o ao Tempo e Mar Motto - Portal Tela Portugal<\/title>\n<meta name=\"robots\" content=\"index, follow, max-snippet:-1, max-image-preview:large, max-video-preview:-1\" \/>\n<meta property=\"og:locale\" content=\"pt_PT\" \/>\n<meta property=\"og:type\" content=\"article\" \/>\n<meta property=\"og:title\" content=\"Sexta-feira traz Ora\u00e7\u00e3o ao Tempo e Mar Motto - Portal Tela Portugal\" \/>\n<meta property=\"og:description\" content=\"Ant\u00f3nio Zambujo apresenta Ora\u00e7\u00e3o ao Tempo no Coliseu dos Recreios, em Lisboa, a 16 e 17 de abril, \u00e0s 21h30, com bilhetes entre 25 \u20ac e 65 \u20ac. Tito Paris atua na Casa da M\u00fasica, no Porto, a 17 de abril, \u00e0s 21h30, com entradas entre 20 \u20ac e 40 \u20ac. Suplicantes, de Sara Barros Leit\u00e3o, sobe ao palco do Teatro de Vila Real a 17 de abril, \u00e0s 21h30, com bilhete de 7 \u20ac. Gilm\u00e1rio Vemba leva o 3.\u00ba Round ao F\u00f3rum Braga, a 17 de abril, \u00e0s 21h, com pre\u00e7os entre 18 \u20ac e 25 \u20ac. Festival Mar Motto, em Faro, decorre de 17 de abril a 1 de maio, com entrada gratuita e programa multidisciplinar dedicado ao oceano.\" \/>\n<meta property=\"og:url\" content=\"https:\/\/portaltela.pt\/noticias\/2026\/04\/16\/sexta-feira-traz-oracao-ao-tempo-e-mar-motto\/\" \/>\n<meta property=\"og:site_name\" content=\"Portal Tela Portugal\" \/>\n<meta property=\"article:published_time\" content=\"2026-04-16T18:32:45+00:00\" \/>\n<meta name=\"author\" content=\"Telinha\" \/>\n<meta name=\"twitter:card\" content=\"summary_large_image\" \/>\n<meta name=\"twitter:label1\" content=\"Escrito por\" \/>\n\t<meta name=\"twitter:data1\" content=\"Telinha\" \/>\n\t<meta name=\"twitter:label2\" content=\"Tempo estimado de leitura\" \/>\n\t<meta name=\"twitter:data2\" content=\"2 minutos\" \/>\n<script type=\"application\/ld+json\" class=\"yoast-schema-graph\">{\"@context\":\"https:\/\/schema.org\",\"@graph\":[{\"@type\":\"Article\",\"@id\":\"https:\/\/portaltela.pt\/noticias\/2026\/04\/16\/sexta-feira-traz-oracao-ao-tempo-e-mar-motto\/#article\",\"isPartOf\":{\"@id\":\"https:\/\/portaltela.pt\/noticias\/2026\/04\/16\/sexta-feira-traz-oracao-ao-tempo-e-mar-motto\/\"},\"author\":{\"name\":\"Telinha\",\"@id\":\"https:\/\/portaltela.pt\/#\/schema\/person\/c4278d4a6028830caff9ee44b42d32ed\"},\"headline\":\"Sexta-feira traz Ora\u00e7\u00e3o ao Tempo e Mar Motto\",\"datePublished\":\"2026-04-16T18:32:45+00:00\",\"mainEntityOfPage\":{\"@id\":\"https:\/\/portaltela.pt\/noticias\/2026\/04\/16\/sexta-feira-traz-oracao-ao-tempo-e-mar-motto\/\"},\"wordCount\":440,\"image\":{\"@id\":\"https:\/\/portaltela.pt\/noticias\/2026\/04\/16\/sexta-feira-traz-oracao-ao-tempo-e-mar-motto\/#primaryimage\"},\"thumbnailUrl\":\"https:\/\/portaltela.pt\/s.01k8rhncp4jt1\/2026\/04\/2081851.jpg\",\"keywords\":[\"_Lisboa\",\"cultura\",\"dan\u00e7a\",\"festival\",\"m\u00fasica\",\"teatro\"],\"articleSection\":[\"Cultura\",\"M\u00fasica\"],\"inLanguage\":\"pt-PT\"},{\"@type\":\"WebPage\",\"@id\":\"https:\/\/portaltela.pt\/noticias\/2026\/04\/16\/sexta-feira-traz-oracao-ao-tempo-e-mar-motto\/\",\"url\":\"https:\/\/portaltela.pt\/noticias\/2026\/04\/16\/sexta-feira-traz-oracao-ao-tempo-e-mar-motto\/\",\"name\":\"Sexta-feira traz Ora\u00e7\u00e3o ao Tempo e Mar Motto - Portal Tela Portugal\",\"isPartOf\":{\"@id\":\"https:\/\/portaltela.pt\/#website\"},\"primaryImageOfPage\":{\"@id\":\"https:\/\/portaltela.pt\/noticias\/2026\/04\/16\/sexta-feira-traz-oracao-ao-tempo-e-mar-motto\/#primaryimage\"},\"image\":{\"@id\":\"https:\/\/portaltela.pt\/noticias\/2026\/04\/16\/sexta-feira-traz-oracao-ao-tempo-e-mar-motto\/#primaryimage\"},\"thumbnailUrl\":\"https:\/\/portaltela.pt\/s.01k8rhncp4jt1\/2026\/04\/2081851.jpg\",\"datePublished\":\"2026-04-16T18:32:45+00:00\",\"author\":{\"@id\":\"https:\/\/portaltela.pt\/#\/schema\/person\/c4278d4a6028830caff9ee44b42d32ed\"},\"breadcrumb\":{\"@id\":\"https:\/\/portaltela.pt\/noticias\/2026\/04\/16\/sexta-feira-traz-oracao-ao-tempo-e-mar-motto\/#breadcrumb\"},\"inLanguage\":\"pt-PT\",\"potentialAction\":[{\"@type\":\"ReadAction\",\"target\":[\"https:\/\/portaltela.pt\/noticias\/2026\/04\/16\/sexta-feira-traz-oracao-ao-tempo-e-mar-motto\/\"]}]},{\"@type\":\"ImageObject\",\"inLanguage\":\"pt-PT\",\"@id\":\"https:\/\/portaltela.pt\/noticias\/2026\/04\/16\/sexta-feira-traz-oracao-ao-tempo-e-mar-motto\/#primaryimage\",\"url\":\"https:\/\/portaltela.pt\/s.01k8rhncp4jt1\/2026\/04\/2081851.jpg\",\"contentUrl\":\"https:\/\/portaltela.pt\/s.01k8rhncp4jt1\/2026\/04\/2081851.jpg\",\"width\":796,\"height\":448,\"caption\":\"No Mar Motto, a arte \u201cn\u00e3o \u00e9 ref\u00fagio, \u00e9 ferramenta\\\"\"},{\"@type\":\"BreadcrumbList\",\"@id\":\"https:\/\/portaltela.pt\/noticias\/2026\/04\/16\/sexta-feira-traz-oracao-ao-tempo-e-mar-motto\/#breadcrumb\",\"itemListElement\":[{\"@type\":\"ListItem\",\"position\":1,\"name\":\"In\u00edcio\",\"item\":\"https:\/\/portaltela.pt\/\"},{\"@type\":\"ListItem\",\"position\":2,\"name\":\"Sexta-feira traz Ora\u00e7\u00e3o ao Tempo e Mar Motto\"}]},{\"@type\":\"WebSite\",\"@id\":\"https:\/\/portaltela.pt\/#website\",\"url\":\"https:\/\/portaltela.pt\/\",\"name\":\"Portal Tela Portugal\",\"description\":\"\",\"potentialAction\":[{\"@type\":\"SearchAction\",\"target\":{\"@type\":\"EntryPoint\",\"urlTemplate\":\"https:\/\/portaltela.pt\/?s={search_term_string}\"},\"query-input\":{\"@type\":\"PropertyValueSpecification\",\"valueRequired\":true,\"valueName\":\"search_term_string\"}}],\"inLanguage\":\"pt-PT\"},{\"@type\":\"Person\",\"@id\":\"https:\/\/portaltela.pt\/#\/schema\/person\/c4278d4a6028830caff9ee44b42d32ed\",\"name\":\"Telinha\",\"image\":{\"@type\":\"ImageObject\",\"inLanguage\":\"pt-PT\",\"@id\":\"https:\/\/portaltela.pt\/s.01k8rhncp4jt1\/2025\/11\/talking-bot-125x125.png\",\"url\":\"https:\/\/portaltela.pt\/s.01k8rhncp4jt1\/2025\/11\/talking-bot-125x125.png\",\"contentUrl\":\"https:\/\/portaltela.pt\/s.01k8rhncp4jt1\/2025\/11\/talking-bot-125x125.png\",\"caption\":\"Telinha\"},\"sameAs\":[\"https:\/\/portaltela.pt\/\"],\"url\":\"https:\/\/portaltela.pt\/por\/367410592786\/\"}]}<\/script>\n<!-- \/ Yoast SEO plugin. -->","yoast_head_json":{"title":"Sexta-feira traz Ora\u00e7\u00e3o ao Tempo e Mar Motto - Portal Tela Portugal","robots":{"index":"index","follow":"follow","max-snippet":"max-snippet:-1","max-image-preview":"max-image-preview:large","max-video-preview":"max-video-preview:-1"},"og_locale":"pt_PT","og_type":"article","og_title":"Sexta-feira traz Ora\u00e7\u00e3o ao Tempo e Mar Motto - Portal Tela Portugal","og_description":"Ant\u00f3nio Zambujo apresenta Ora\u00e7\u00e3o ao Tempo no Coliseu dos Recreios, em Lisboa, a 16 e 17 de abril, \u00e0s 21h30, com bilhetes entre 25 \u20ac e 65 \u20ac. Tito Paris atua na Casa da M\u00fasica, no Porto, a 17 de abril, \u00e0s 21h30, com entradas entre 20 \u20ac e 40 \u20ac. Suplicantes, de Sara Barros Leit\u00e3o, sobe ao palco do Teatro de Vila Real a 17 de abril, \u00e0s 21h30, com bilhete de 7 \u20ac. Gilm\u00e1rio Vemba leva o 3.\u00ba Round ao F\u00f3rum Braga, a 17 de abril, \u00e0s 21h, com pre\u00e7os entre 18 \u20ac e 25 \u20ac. Festival Mar Motto, em Faro, decorre de 17 de abril a 1 de maio, com entrada gratuita e programa multidisciplinar dedicado ao oceano.","og_url":"https:\/\/portaltela.pt\/noticias\/2026\/04\/16\/sexta-feira-traz-oracao-ao-tempo-e-mar-motto\/","og_site_name":"Portal Tela Portugal","article_published_time":"2026-04-16T18:32:45+00:00","author":"Telinha","twitter_card":"summary_large_image","twitter_misc":{"Escrito por":"Telinha","Tempo estimado de leitura":"2 minutos"},"schema":{"@context":"https:\/\/schema.org","@graph":[{"@type":"Article","@id":"https:\/\/portaltela.pt\/noticias\/2026\/04\/16\/sexta-feira-traz-oracao-ao-tempo-e-mar-motto\/#article","isPartOf":{"@id":"https:\/\/portaltela.pt\/noticias\/2026\/04\/16\/sexta-feira-traz-oracao-ao-tempo-e-mar-motto\/"},"author":{"name":"Telinha","@id":"https:\/\/portaltela.pt\/#\/schema\/person\/c4278d4a6028830caff9ee44b42d32ed"},"headline":"Sexta-feira traz Ora\u00e7\u00e3o ao Tempo e Mar Motto","datePublished":"2026-04-16T18:32:45+00:00","mainEntityOfPage":{"@id":"https:\/\/portaltela.pt\/noticias\/2026\/04\/16\/sexta-feira-traz-oracao-ao-tempo-e-mar-motto\/"},"wordCount":440,"image":{"@id":"https:\/\/portaltela.pt\/noticias\/2026\/04\/16\/sexta-feira-traz-oracao-ao-tempo-e-mar-motto\/#primaryimage"},"thumbnailUrl":"https:\/\/portaltela.pt\/s.01k8rhncp4jt1\/2026\/04\/2081851.jpg","keywords":["_Lisboa","cultura","dan\u00e7a","festival","m\u00fasica","teatro"],"articleSection":["Cultura","M\u00fasica"],"inLanguage":"pt-PT"},{"@type":"WebPage","@id":"https:\/\/portaltela.pt\/noticias\/2026\/04\/16\/sexta-feira-traz-oracao-ao-tempo-e-mar-motto\/","url":"https:\/\/portaltela.pt\/noticias\/2026\/04\/16\/sexta-feira-traz-oracao-ao-tempo-e-mar-motto\/","name":"Sexta-feira traz Ora\u00e7\u00e3o ao Tempo e Mar Motto - Portal Tela Portugal","isPartOf":{"@id":"https:\/\/portaltela.pt\/#website"},"primaryImageOfPage":{"@id":"https:\/\/portaltela.pt\/noticias\/2026\/04\/16\/sexta-feira-traz-oracao-ao-tempo-e-mar-motto\/#primaryimage"},"image":{"@id":"https:\/\/portaltela.pt\/noticias\/2026\/04\/16\/sexta-feira-traz-oracao-ao-tempo-e-mar-motto\/#primaryimage"},"thumbnailUrl":"https:\/\/portaltela.pt\/s.01k8rhncp4jt1\/2026\/04\/2081851.jpg","datePublished":"2026-04-16T18:32:45+00:00","author":{"@id":"https:\/\/portaltela.pt\/#\/schema\/person\/c4278d4a6028830caff9ee44b42d32ed"},"breadcrumb":{"@id":"https:\/\/portaltela.pt\/noticias\/2026\/04\/16\/sexta-feira-traz-oracao-ao-tempo-e-mar-motto\/#breadcrumb"},"inLanguage":"pt-PT","potentialAction":[{"@type":"ReadAction","target":["https:\/\/portaltela.pt\/noticias\/2026\/04\/16\/sexta-feira-traz-oracao-ao-tempo-e-mar-motto\/"]}]},{"@type":"ImageObject","inLanguage":"pt-PT","@id":"https:\/\/portaltela.pt\/noticias\/2026\/04\/16\/sexta-feira-traz-oracao-ao-tempo-e-mar-motto\/#primaryimage","url":"https:\/\/portaltela.pt\/s.01k8rhncp4jt1\/2026\/04\/2081851.jpg","contentUrl":"https:\/\/portaltela.pt\/s.01k8rhncp4jt1\/2026\/04\/2081851.jpg","width":796,"height":448,"caption":"No Mar Motto, a arte \u201cn\u00e3o \u00e9 ref\u00fagio, \u00e9 ferramenta\""},{"@type":"BreadcrumbList","@id":"https:\/\/portaltela.pt\/noticias\/2026\/04\/16\/sexta-feira-traz-oracao-ao-tempo-e-mar-motto\/#breadcrumb","itemListElement":[{"@type":"ListItem","position":1,"name":"In\u00edcio","item":"https:\/\/portaltela.pt\/"},{"@type":"ListItem","position":2,"name":"Sexta-feira traz Ora\u00e7\u00e3o ao Tempo e Mar Motto"}]},{"@type":"WebSite","@id":"https:\/\/portaltela.pt\/#website","url":"https:\/\/portaltela.pt\/","name":"Portal Tela Portugal","description":"","potentialAction":[{"@type":"SearchAction","target":{"@type":"EntryPoint","urlTemplate":"https:\/\/portaltela.pt\/?s={search_term_string}"},"query-input":{"@type":"PropertyValueSpecification","valueRequired":true,"valueName":"search_term_string"}}],"inLanguage":"pt-PT"},{"@type":"Person","@id":"https:\/\/portaltela.pt\/#\/schema\/person\/c4278d4a6028830caff9ee44b42d32ed","name":"Telinha","image":{"@type":"ImageObject","inLanguage":"pt-PT","@id":"https:\/\/portaltela.pt\/s.01k8rhncp4jt1\/2025\/11\/talking-bot-125x125.png","url":"https:\/\/portaltela.pt\/s.01k8rhncp4jt1\/2025\/11\/talking-bot-125x125.png","contentUrl":"https:\/\/portaltela.pt\/s.01k8rhncp4jt1\/2025\/11\/talking-bot-125x125.png","caption":"Telinha"},"sameAs":["https:\/\/portaltela.pt\/"],"url":"https:\/\/portaltela.pt\/por\/367410592786\/"}]}},"_links":{"self":[{"href":"https:\/\/portaltela.pt\/api\/wp\/v2\/posts\/446919","targetHints":{"allow":["GET"]}}],"collection":[{"href":"https:\/\/portaltela.pt\/api\/wp\/v2\/posts"}],"about":[{"href":"https:\/\/portaltela.pt\/api\/wp\/v2\/types\/post"}],"author":[{"embeddable":true,"href":"https:\/\/portaltela.pt\/api\/wp\/v2\/users\/2"}],"replies":[{"embeddable":true,"href":"https:\/\/portaltela.pt\/api\/wp\/v2\/comments?post=446919"}],"version-history":[{"count":0,"href":"https:\/\/portaltela.pt\/api\/wp\/v2\/posts\/446919\/revisions"}],"wp:featuredmedia":[{"embeddable":true,"href":"https:\/\/portaltela.pt\/api\/wp\/v2\/media\/446925"}],"wp:attachment":[{"href":"https:\/\/portaltela.pt\/api\/wp\/v2\/media?parent=446919"}],"wp:term":[{"taxonomy":"category","embeddable":true,"href":"https:\/\/portaltela.pt\/api\/wp\/v2\/categories?post=446919"},{"taxonomy":"post_tag","embeddable":true,"href":"https:\/\/portaltela.pt\/api\/wp\/v2\/tags?post=446919"}],"curies":[{"name":"wp","href":"https:\/\/api.w.org\/{rel}","templated":true}]}}