{"id":446907,"date":"2026-04-16T15:18:19","date_gmt":"2026-04-16T18:18:19","guid":{"rendered":"https:\/\/portaltela.pt\/noticias\/2026\/04\/16\/medio-dos-juvenis-assina-contrato-profissional-com-o-sporting\/"},"modified":"2026-04-16T15:18:19","modified_gmt":"2026-04-16T18:18:19","slug":"medio-dos-juvenis-assina-contrato-profissional-com-o-sporting","status":"publish","type":"post","link":"https:\/\/portaltela.pt\/desporto\/futebol\/2026\/04\/16\/medio-dos-juvenis-assina-contrato-profissional-com-o-sporting\/","title":{"rendered":"M\u00e9dio dos juvenis assina contrato profissional com o Sporting"},"content":{"rendered":"<p>Francisco Sim\u00f5es, m\u00e9dio de 16 anos, assinou esta quinta-feira um contrato profissional com o Sporting. O jogador da equipa de sub-17 foi aniversario de uma forma formal no clube, que confirmou o neg\u00f3cio.<\/p>\n<p>O jovem cresceu a jogar no Taboeira, da AF Aveiro, transferiu-se para o P\u00f3lo SCP de Aveiro e entrou na Academia aos 12 anos. O objetivo \u00e9 progredir no centro de forma\u00e7\u00e3o do emblema verde e branco.<\/p>\n<p>Nesta temporada, j\u00e1 disputou 22 jogos pela equipa de sub-17, com um golo e uma assist\u00eancia. A progress\u00e3o tem sido acompanhada de perto pela estrutura do Sporting.<\/p>\n<h3>Refer\u00eancia na forma\u00e7\u00e3o<\/h3>\n<p>Francisco aponta Jo\u00e3o Sim\u00f5es como exemplo de sucesso dentro do clube, tendo j\u00e1 convivido com ele na Academia. O modelo chegou ao mais alto n\u00edvel e serve de objetivo para o jovem m\u00e9dio.<\/p>\n<p>O jogador revela o sonho de vestir a camisola da equipa principal do Sporting e vencer t\u00edtulos nacionais. Em termos internacionais, ambiciona conquistar um t\u00edtulo com a Sele\u00e7\u00e3o de Portugal, representando o pa\u00eds. Contudo, frisou a import\u00e2ncia do apoio dos adeptos.<\/p>\n","protected":false},"excerpt":{"rendered":"<ul>\n<li>Francisco Sim\u00f5es, de 16 anos, assinou contrato profissional com o Sporting, vindo do escal\u00e3o de sub-17.<\/li>\n<li>O jogador iniciou a carreira no Taboeiro (AF Aveiro), passou pelo P\u00f3lo SCP de Aveiro e entrou na Academia aos 12 anos.<\/li>\n<li>Nesta \u00e9poca, soma 22 jogos pelos sub-17, com 1 golo e 1 assist\u00eancia.<\/li>\n<li>Jo\u00e3o Sim\u00f5es \u00e9 apontado como refer\u00eancia na equipa principal do Sporting, tendo j\u00e1 passado pela academia.<\/li>\n<li>O atleta sonha vencer um t\u00edtulo nacional com o Sporting e tamb\u00e9m conquistar uma competi\u00e7\u00e3o pela Sele\u00e7\u00e3o de Portugal, deixando uma mensagem de apoio aos adeptos.<\/li>\n<\/ul>\n","protected":false},"author":2,"featured_media":446911,"comment_status":"closed","ping_status":"closed","sticky":false,"template":"","format":"standard","meta":{"footnotes":""},"categories":[21,24],"tags":[1059,1290,32,2844,2057,1652],"class_list":["post-446907","post","type-post","status-publish","format-standard","has-post-thumbnail","hentry","category-desporto","category-futebol","tag-aveiro","tag-formacao","tag-futebol","tag-jovens","tag-selecao-nacional","tag-sporting"],"yoast_head":"<!-- This site is optimized with the Yoast SEO plugin v27.2 - https:\/\/yoast.com\/product\/yoast-seo-wordpress\/ -->\n<title>M\u00e9dio dos juvenis assina contrato profissional com o Sporting - Portal Tela Portugal<\/title>\n<meta name=\"robots\" content=\"index, follow, max-snippet:-1, max-image-preview:large, max-video-preview:-1\" \/>\n<meta property=\"og:locale\" content=\"pt_PT\" \/>\n<meta property=\"og:type\" content=\"article\" \/>\n<meta property=\"og:title\" content=\"M\u00e9dio dos juvenis assina contrato profissional com o Sporting - Portal Tela Portugal\" \/>\n<meta property=\"og:description\" content=\"Francisco Sim\u00f5es, de 16 anos, assinou contrato profissional com o Sporting, vindo do escal\u00e3o de sub-17. O jogador iniciou a carreira no Taboeiro (AF Aveiro), passou pelo P\u00f3lo SCP de Aveiro e entrou na Academia aos 12 anos. Nesta \u00e9poca, soma 22 jogos pelos sub-17, com 1 golo e 1 assist\u00eancia. Jo\u00e3o Sim\u00f5es \u00e9 apontado como refer\u00eancia na equipa principal do Sporting, tendo j\u00e1 passado pela academia. O atleta sonha vencer um t\u00edtulo nacional com o Sporting e tamb\u00e9m conquistar uma competi\u00e7\u00e3o pela Sele\u00e7\u00e3o de Portugal, deixando uma mensagem de apoio aos adeptos.\" \/>\n<meta property=\"og:url\" content=\"https:\/\/portaltela.pt\/noticias\/2026\/04\/16\/medio-dos-juvenis-assina-contrato-profissional-com-o-sporting\/\" \/>\n<meta property=\"og:site_name\" content=\"Portal Tela Portugal\" \/>\n<meta property=\"article:published_time\" content=\"2026-04-16T18:18:19+00:00\" \/>\n<meta name=\"author\" content=\"Telinha\" \/>\n<meta name=\"twitter:card\" content=\"summary_large_image\" \/>\n<meta name=\"twitter:label1\" content=\"Escrito por\" \/>\n\t<meta name=\"twitter:data1\" content=\"Telinha\" \/>\n\t<meta name=\"twitter:label2\" content=\"Tempo estimado de leitura\" \/>\n\t<meta name=\"twitter:data2\" content=\"1 minuto\" \/>\n<script type=\"application\/ld+json\" class=\"yoast-schema-graph\">{\"@context\":\"https:\/\/schema.org\",\"@graph\":[{\"@type\":\"Article\",\"@id\":\"https:\/\/portaltela.pt\/noticias\/2026\/04\/16\/medio-dos-juvenis-assina-contrato-profissional-com-o-sporting\/#article\",\"isPartOf\":{\"@id\":\"https:\/\/portaltela.pt\/noticias\/2026\/04\/16\/medio-dos-juvenis-assina-contrato-profissional-com-o-sporting\/\"},\"author\":{\"name\":\"Telinha\",\"@id\":\"https:\/\/portaltela.pt\/#\/schema\/person\/c4278d4a6028830caff9ee44b42d32ed\"},\"headline\":\"M\u00e9dio dos juvenis assina contrato profissional com o Sporting\",\"datePublished\":\"2026-04-16T18:18:19+00:00\",\"mainEntityOfPage\":{\"@id\":\"https:\/\/portaltela.pt\/noticias\/2026\/04\/16\/medio-dos-juvenis-assina-contrato-profissional-com-o-sporting\/\"},\"wordCount\":198,\"image\":{\"@id\":\"https:\/\/portaltela.pt\/noticias\/2026\/04\/16\/medio-dos-juvenis-assina-contrato-profissional-com-o-sporting\/#primaryimage\"},\"thumbnailUrl\":\"https:\/\/portaltela.pt\/s.01k8rhncp4jt1\/2026\/04\/img_1200x721uu2026-04-16-12-39-06-2433350.jpg\",\"keywords\":[\"Aveiro\",\"forma\u00e7\u00e3o\",\"futebol\",\"jovens\",\"Sele\u00e7\u00e3o Nacional\",\"Sporting\"],\"articleSection\":[\"Desporto\",\"Futebol\"],\"inLanguage\":\"pt-PT\"},{\"@type\":\"WebPage\",\"@id\":\"https:\/\/portaltela.pt\/noticias\/2026\/04\/16\/medio-dos-juvenis-assina-contrato-profissional-com-o-sporting\/\",\"url\":\"https:\/\/portaltela.pt\/noticias\/2026\/04\/16\/medio-dos-juvenis-assina-contrato-profissional-com-o-sporting\/\",\"name\":\"M\u00e9dio dos juvenis assina contrato profissional com o Sporting - Portal Tela Portugal\",\"isPartOf\":{\"@id\":\"https:\/\/portaltela.pt\/#website\"},\"primaryImageOfPage\":{\"@id\":\"https:\/\/portaltela.pt\/noticias\/2026\/04\/16\/medio-dos-juvenis-assina-contrato-profissional-com-o-sporting\/#primaryimage\"},\"image\":{\"@id\":\"https:\/\/portaltela.pt\/noticias\/2026\/04\/16\/medio-dos-juvenis-assina-contrato-profissional-com-o-sporting\/#primaryimage\"},\"thumbnailUrl\":\"https:\/\/portaltela.pt\/s.01k8rhncp4jt1\/2026\/04\/img_1200x721uu2026-04-16-12-39-06-2433350.jpg\",\"datePublished\":\"2026-04-16T18:18:19+00:00\",\"author\":{\"@id\":\"https:\/\/portaltela.pt\/#\/schema\/person\/c4278d4a6028830caff9ee44b42d32ed\"},\"breadcrumb\":{\"@id\":\"https:\/\/portaltela.pt\/noticias\/2026\/04\/16\/medio-dos-juvenis-assina-contrato-profissional-com-o-sporting\/#breadcrumb\"},\"inLanguage\":\"pt-PT\",\"potentialAction\":[{\"@type\":\"ReadAction\",\"target\":[\"https:\/\/portaltela.pt\/noticias\/2026\/04\/16\/medio-dos-juvenis-assina-contrato-profissional-com-o-sporting\/\"]}]},{\"@type\":\"ImageObject\",\"inLanguage\":\"pt-PT\",\"@id\":\"https:\/\/portaltela.pt\/noticias\/2026\/04\/16\/medio-dos-juvenis-assina-contrato-profissional-com-o-sporting\/#primaryimage\",\"url\":\"https:\/\/portaltela.pt\/s.01k8rhncp4jt1\/2026\/04\/img_1200x721uu2026-04-16-12-39-06-2433350.jpg\",\"contentUrl\":\"https:\/\/portaltela.pt\/s.01k8rhncp4jt1\/2026\/04\/img_1200x721uu2026-04-16-12-39-06-2433350.jpg\",\"width\":796,\"height\":448,\"caption\":\"Francisco Sim\u00f5es posa junto ao s\u00edmbolo do clube\"},{\"@type\":\"BreadcrumbList\",\"@id\":\"https:\/\/portaltela.pt\/noticias\/2026\/04\/16\/medio-dos-juvenis-assina-contrato-profissional-com-o-sporting\/#breadcrumb\",\"itemListElement\":[{\"@type\":\"ListItem\",\"position\":1,\"name\":\"In\u00edcio\",\"item\":\"https:\/\/portaltela.pt\/\"},{\"@type\":\"ListItem\",\"position\":2,\"name\":\"M\u00e9dio dos juvenis assina contrato profissional com o Sporting\"}]},{\"@type\":\"WebSite\",\"@id\":\"https:\/\/portaltela.pt\/#website\",\"url\":\"https:\/\/portaltela.pt\/\",\"name\":\"Portal Tela Portugal\",\"description\":\"\",\"potentialAction\":[{\"@type\":\"SearchAction\",\"target\":{\"@type\":\"EntryPoint\",\"urlTemplate\":\"https:\/\/portaltela.pt\/?s={search_term_string}\"},\"query-input\":{\"@type\":\"PropertyValueSpecification\",\"valueRequired\":true,\"valueName\":\"search_term_string\"}}],\"inLanguage\":\"pt-PT\"},{\"@type\":\"Person\",\"@id\":\"https:\/\/portaltela.pt\/#\/schema\/person\/c4278d4a6028830caff9ee44b42d32ed\",\"name\":\"Telinha\",\"image\":{\"@type\":\"ImageObject\",\"inLanguage\":\"pt-PT\",\"@id\":\"https:\/\/portaltela.pt\/s.01k8rhncp4jt1\/2025\/11\/talking-bot-125x125.png\",\"url\":\"https:\/\/portaltela.pt\/s.01k8rhncp4jt1\/2025\/11\/talking-bot-125x125.png\",\"contentUrl\":\"https:\/\/portaltela.pt\/s.01k8rhncp4jt1\/2025\/11\/talking-bot-125x125.png\",\"caption\":\"Telinha\"},\"sameAs\":[\"https:\/\/portaltela.pt\/\"],\"url\":\"https:\/\/portaltela.pt\/por\/367410592786\/\"}]}<\/script>\n<!-- \/ Yoast SEO plugin. -->","yoast_head_json":{"title":"M\u00e9dio dos juvenis assina contrato profissional com o Sporting - Portal Tela Portugal","robots":{"index":"index","follow":"follow","max-snippet":"max-snippet:-1","max-image-preview":"max-image-preview:large","max-video-preview":"max-video-preview:-1"},"og_locale":"pt_PT","og_type":"article","og_title":"M\u00e9dio dos juvenis assina contrato profissional com o Sporting - Portal Tela Portugal","og_description":"Francisco Sim\u00f5es, de 16 anos, assinou contrato profissional com o Sporting, vindo do escal\u00e3o de sub-17. O jogador iniciou a carreira no Taboeiro (AF Aveiro), passou pelo P\u00f3lo SCP de Aveiro e entrou na Academia aos 12 anos. Nesta \u00e9poca, soma 22 jogos pelos sub-17, com 1 golo e 1 assist\u00eancia. Jo\u00e3o Sim\u00f5es \u00e9 apontado como refer\u00eancia na equipa principal do Sporting, tendo j\u00e1 passado pela academia. O atleta sonha vencer um t\u00edtulo nacional com o Sporting e tamb\u00e9m conquistar uma competi\u00e7\u00e3o pela Sele\u00e7\u00e3o de Portugal, deixando uma mensagem de apoio aos adeptos.","og_url":"https:\/\/portaltela.pt\/noticias\/2026\/04\/16\/medio-dos-juvenis-assina-contrato-profissional-com-o-sporting\/","og_site_name":"Portal Tela Portugal","article_published_time":"2026-04-16T18:18:19+00:00","author":"Telinha","twitter_card":"summary_large_image","twitter_misc":{"Escrito por":"Telinha","Tempo estimado de leitura":"1 minuto"},"schema":{"@context":"https:\/\/schema.org","@graph":[{"@type":"Article","@id":"https:\/\/portaltela.pt\/noticias\/2026\/04\/16\/medio-dos-juvenis-assina-contrato-profissional-com-o-sporting\/#article","isPartOf":{"@id":"https:\/\/portaltela.pt\/noticias\/2026\/04\/16\/medio-dos-juvenis-assina-contrato-profissional-com-o-sporting\/"},"author":{"name":"Telinha","@id":"https:\/\/portaltela.pt\/#\/schema\/person\/c4278d4a6028830caff9ee44b42d32ed"},"headline":"M\u00e9dio dos juvenis assina contrato profissional com o Sporting","datePublished":"2026-04-16T18:18:19+00:00","mainEntityOfPage":{"@id":"https:\/\/portaltela.pt\/noticias\/2026\/04\/16\/medio-dos-juvenis-assina-contrato-profissional-com-o-sporting\/"},"wordCount":198,"image":{"@id":"https:\/\/portaltela.pt\/noticias\/2026\/04\/16\/medio-dos-juvenis-assina-contrato-profissional-com-o-sporting\/#primaryimage"},"thumbnailUrl":"https:\/\/portaltela.pt\/s.01k8rhncp4jt1\/2026\/04\/img_1200x721uu2026-04-16-12-39-06-2433350.jpg","keywords":["Aveiro","forma\u00e7\u00e3o","futebol","jovens","Sele\u00e7\u00e3o Nacional","Sporting"],"articleSection":["Desporto","Futebol"],"inLanguage":"pt-PT"},{"@type":"WebPage","@id":"https:\/\/portaltela.pt\/noticias\/2026\/04\/16\/medio-dos-juvenis-assina-contrato-profissional-com-o-sporting\/","url":"https:\/\/portaltela.pt\/noticias\/2026\/04\/16\/medio-dos-juvenis-assina-contrato-profissional-com-o-sporting\/","name":"M\u00e9dio dos juvenis assina contrato profissional com o Sporting - Portal Tela Portugal","isPartOf":{"@id":"https:\/\/portaltela.pt\/#website"},"primaryImageOfPage":{"@id":"https:\/\/portaltela.pt\/noticias\/2026\/04\/16\/medio-dos-juvenis-assina-contrato-profissional-com-o-sporting\/#primaryimage"},"image":{"@id":"https:\/\/portaltela.pt\/noticias\/2026\/04\/16\/medio-dos-juvenis-assina-contrato-profissional-com-o-sporting\/#primaryimage"},"thumbnailUrl":"https:\/\/portaltela.pt\/s.01k8rhncp4jt1\/2026\/04\/img_1200x721uu2026-04-16-12-39-06-2433350.jpg","datePublished":"2026-04-16T18:18:19+00:00","author":{"@id":"https:\/\/portaltela.pt\/#\/schema\/person\/c4278d4a6028830caff9ee44b42d32ed"},"breadcrumb":{"@id":"https:\/\/portaltela.pt\/noticias\/2026\/04\/16\/medio-dos-juvenis-assina-contrato-profissional-com-o-sporting\/#breadcrumb"},"inLanguage":"pt-PT","potentialAction":[{"@type":"ReadAction","target":["https:\/\/portaltela.pt\/noticias\/2026\/04\/16\/medio-dos-juvenis-assina-contrato-profissional-com-o-sporting\/"]}]},{"@type":"ImageObject","inLanguage":"pt-PT","@id":"https:\/\/portaltela.pt\/noticias\/2026\/04\/16\/medio-dos-juvenis-assina-contrato-profissional-com-o-sporting\/#primaryimage","url":"https:\/\/portaltela.pt\/s.01k8rhncp4jt1\/2026\/04\/img_1200x721uu2026-04-16-12-39-06-2433350.jpg","contentUrl":"https:\/\/portaltela.pt\/s.01k8rhncp4jt1\/2026\/04\/img_1200x721uu2026-04-16-12-39-06-2433350.jpg","width":796,"height":448,"caption":"Francisco Sim\u00f5es posa junto ao s\u00edmbolo do clube"},{"@type":"BreadcrumbList","@id":"https:\/\/portaltela.pt\/noticias\/2026\/04\/16\/medio-dos-juvenis-assina-contrato-profissional-com-o-sporting\/#breadcrumb","itemListElement":[{"@type":"ListItem","position":1,"name":"In\u00edcio","item":"https:\/\/portaltela.pt\/"},{"@type":"ListItem","position":2,"name":"M\u00e9dio dos juvenis assina contrato profissional com o Sporting"}]},{"@type":"WebSite","@id":"https:\/\/portaltela.pt\/#website","url":"https:\/\/portaltela.pt\/","name":"Portal Tela Portugal","description":"","potentialAction":[{"@type":"SearchAction","target":{"@type":"EntryPoint","urlTemplate":"https:\/\/portaltela.pt\/?s={search_term_string}"},"query-input":{"@type":"PropertyValueSpecification","valueRequired":true,"valueName":"search_term_string"}}],"inLanguage":"pt-PT"},{"@type":"Person","@id":"https:\/\/portaltela.pt\/#\/schema\/person\/c4278d4a6028830caff9ee44b42d32ed","name":"Telinha","image":{"@type":"ImageObject","inLanguage":"pt-PT","@id":"https:\/\/portaltela.pt\/s.01k8rhncp4jt1\/2025\/11\/talking-bot-125x125.png","url":"https:\/\/portaltela.pt\/s.01k8rhncp4jt1\/2025\/11\/talking-bot-125x125.png","contentUrl":"https:\/\/portaltela.pt\/s.01k8rhncp4jt1\/2025\/11\/talking-bot-125x125.png","caption":"Telinha"},"sameAs":["https:\/\/portaltela.pt\/"],"url":"https:\/\/portaltela.pt\/por\/367410592786\/"}]}},"_links":{"self":[{"href":"https:\/\/portaltela.pt\/api\/wp\/v2\/posts\/446907","targetHints":{"allow":["GET"]}}],"collection":[{"href":"https:\/\/portaltela.pt\/api\/wp\/v2\/posts"}],"about":[{"href":"https:\/\/portaltela.pt\/api\/wp\/v2\/types\/post"}],"author":[{"embeddable":true,"href":"https:\/\/portaltela.pt\/api\/wp\/v2\/users\/2"}],"replies":[{"embeddable":true,"href":"https:\/\/portaltela.pt\/api\/wp\/v2\/comments?post=446907"}],"version-history":[{"count":0,"href":"https:\/\/portaltela.pt\/api\/wp\/v2\/posts\/446907\/revisions"}],"wp:featuredmedia":[{"embeddable":true,"href":"https:\/\/portaltela.pt\/api\/wp\/v2\/media\/446911"}],"wp:attachment":[{"href":"https:\/\/portaltela.pt\/api\/wp\/v2\/media?parent=446907"}],"wp:term":[{"taxonomy":"category","embeddable":true,"href":"https:\/\/portaltela.pt\/api\/wp\/v2\/categories?post=446907"},{"taxonomy":"post_tag","embeddable":true,"href":"https:\/\/portaltela.pt\/api\/wp\/v2\/tags?post=446907"}],"curies":[{"name":"wp","href":"https:\/\/api.w.org\/{rel}","templated":true}]}}