{"id":446902,"date":"2026-04-16T15:18:10","date_gmt":"2026-04-16T18:18:10","guid":{"rendered":"https:\/\/portaltela.pt\/noticias\/2026\/04\/16\/michael-jordan-encerrou-a-carreira-ha-23-anos-gigante-no-adeus\/"},"modified":"2026-04-16T15:18:10","modified_gmt":"2026-04-16T18:18:10","slug":"michael-jordan-encerrou-a-carreira-ha-23-anos-gigante-no-adeus","status":"publish","type":"post","link":"https:\/\/portaltela.pt\/desporto\/copa-do-mundo\/2026\/04\/16\/michael-jordan-encerrou-a-carreira-ha-23-anos-gigante-no-adeus\/","title":{"rendered":"Michael Jordan encerrou a carreira h\u00e1 23 anos, gigante no adeus"},"content":{"rendered":"<p>Michael Jordan encerrou a carreira na NBA h\u00e1 23 anos. O \u00faltimo jogo realizou-se em Filad\u00e9lfia, diante dos Philadelphia 76ers, com os Wizards a perderem por 87-107. Jordan foi fortemente aplaudido antes, durante e ap\u00f3s o encontro, mesmo fora de casa.<\/p>\n<p>O jogador, amplamente reconhecido como um dos melhores de sempre, manteve a aposta emocional da noite com ovacionadas em cada momento do jogo, refletindo o impacto da sua carreira ao longo de anos.<\/p>\n<p>A partida ocorreu a 16 de abril de 2003, no Centro de Exposi\u00e7\u00e3o de Filad\u00e9lfia, marcando um marco hist\u00f3rico para o basquetebol e para a liga, que testemunhou o adeus de MJ aos n\u00e9on do gin\u00e1sio.<\/p>\n","protected":false},"excerpt":{"rendered":"<ul>\n<li>Michael Jordan terminou a carreira na NBA h\u00e1 23 anos.<\/li>\n<li>O \u00faltimo jogo foi em Filad\u00e9lfia, frente aos Sixers, com os Washington Wizards a perderem por 87-107.<\/li>\n<li>Jordan recebeu forte ova\u00e7\u00e3o antes, durante e ap\u00f3s a partida, mesmo atuando fora de casa.<\/li>\n<li>A partida ficou marcada pela presen\u00e7a do jogador e pela derrota dos Wizards frente aos Sixers.<\/li>\n<\/ul>\n","protected":false},"author":2,"featured_media":446906,"comment_status":"closed","ping_status":"closed","sticky":false,"template":"","format":"standard","meta":{"footnotes":""},"categories":[6695,21],"tags":[392,186,60,78,299,7490],"class_list":["post-446902","post","type-post","status-publish","format-standard","has-post-thumbnail","hentry","category-copa-do-mundo","category-desporto","tag-basquetebol","tag-desportos","tag-esportes","tag-famosos","tag-historia","tag-memoria-publica"],"yoast_head":"<!-- This site is optimized with the Yoast SEO plugin v27.2 - https:\/\/yoast.com\/product\/yoast-seo-wordpress\/ -->\n<title>Michael Jordan encerrou a carreira h\u00e1 23 anos, gigante no adeus - Portal Tela Portugal<\/title>\n<meta name=\"robots\" content=\"index, follow, max-snippet:-1, max-image-preview:large, max-video-preview:-1\" \/>\n<meta property=\"og:locale\" content=\"pt_PT\" \/>\n<meta property=\"og:type\" content=\"article\" \/>\n<meta property=\"og:title\" content=\"Michael Jordan encerrou a carreira h\u00e1 23 anos, gigante no adeus - Portal Tela Portugal\" \/>\n<meta property=\"og:description\" content=\"Michael Jordan terminou a carreira na NBA h\u00e1 23 anos. O \u00faltimo jogo foi em Filad\u00e9lfia, frente aos Sixers, com os Washington Wizards a perderem por 87-107. Jordan recebeu forte ova\u00e7\u00e3o antes, durante e ap\u00f3s a partida, mesmo atuando fora de casa. A partida ficou marcada pela presen\u00e7a do jogador e pela derrota dos Wizards frente aos Sixers.\" \/>\n<meta property=\"og:url\" content=\"https:\/\/portaltela.pt\/noticias\/2026\/04\/16\/michael-jordan-encerrou-a-carreira-ha-23-anos-gigante-no-adeus\/\" \/>\n<meta property=\"og:site_name\" content=\"Portal Tela Portugal\" \/>\n<meta property=\"article:published_time\" content=\"2026-04-16T18:18:10+00:00\" \/>\n<meta name=\"author\" content=\"Telinha\" \/>\n<meta name=\"twitter:card\" content=\"summary_large_image\" \/>\n<meta name=\"twitter:label1\" content=\"Escrito por\" \/>\n\t<meta name=\"twitter:data1\" content=\"Telinha\" \/>\n\t<meta name=\"twitter:label2\" content=\"Tempo estimado de leitura\" \/>\n\t<meta name=\"twitter:data2\" content=\"1 minuto\" \/>\n<script type=\"application\/ld+json\" class=\"yoast-schema-graph\">{\"@context\":\"https:\/\/schema.org\",\"@graph\":[{\"@type\":\"Article\",\"@id\":\"https:\/\/portaltela.pt\/noticias\/2026\/04\/16\/michael-jordan-encerrou-a-carreira-ha-23-anos-gigante-no-adeus\/#article\",\"isPartOf\":{\"@id\":\"https:\/\/portaltela.pt\/noticias\/2026\/04\/16\/michael-jordan-encerrou-a-carreira-ha-23-anos-gigante-no-adeus\/\"},\"author\":{\"name\":\"Telinha\",\"@id\":\"https:\/\/portaltela.pt\/#\/schema\/person\/c4278d4a6028830caff9ee44b42d32ed\"},\"headline\":\"Michael Jordan encerrou a carreira h\u00e1 23 anos, gigante no adeus\",\"datePublished\":\"2026-04-16T18:18:10+00:00\",\"mainEntityOfPage\":{\"@id\":\"https:\/\/portaltela.pt\/noticias\/2026\/04\/16\/michael-jordan-encerrou-a-carreira-ha-23-anos-gigante-no-adeus\/\"},\"wordCount\":124,\"image\":{\"@id\":\"https:\/\/portaltela.pt\/noticias\/2026\/04\/16\/michael-jordan-encerrou-a-carreira-ha-23-anos-gigante-no-adeus\/#primaryimage\"},\"thumbnailUrl\":\"https:\/\/portaltela.pt\/s.01k8rhncp4jt1\/2026\/04\/img_1200x721uu2026-04-16-18-55-49-2433457.jpg\",\"keywords\":[\"basquetebol\",\"desportos\",\"esportes\",\"famosos\",\"hist\u00f3ria\",\"mem\u00f3ria p\u00fablica\"],\"articleSection\":[\"Copa do Mundo\",\"Desporto\"],\"inLanguage\":\"pt-PT\"},{\"@type\":\"WebPage\",\"@id\":\"https:\/\/portaltela.pt\/noticias\/2026\/04\/16\/michael-jordan-encerrou-a-carreira-ha-23-anos-gigante-no-adeus\/\",\"url\":\"https:\/\/portaltela.pt\/noticias\/2026\/04\/16\/michael-jordan-encerrou-a-carreira-ha-23-anos-gigante-no-adeus\/\",\"name\":\"Michael Jordan encerrou a carreira h\u00e1 23 anos, gigante no adeus - Portal Tela Portugal\",\"isPartOf\":{\"@id\":\"https:\/\/portaltela.pt\/#website\"},\"primaryImageOfPage\":{\"@id\":\"https:\/\/portaltela.pt\/noticias\/2026\/04\/16\/michael-jordan-encerrou-a-carreira-ha-23-anos-gigante-no-adeus\/#primaryimage\"},\"image\":{\"@id\":\"https:\/\/portaltela.pt\/noticias\/2026\/04\/16\/michael-jordan-encerrou-a-carreira-ha-23-anos-gigante-no-adeus\/#primaryimage\"},\"thumbnailUrl\":\"https:\/\/portaltela.pt\/s.01k8rhncp4jt1\/2026\/04\/img_1200x721uu2026-04-16-18-55-49-2433457.jpg\",\"datePublished\":\"2026-04-16T18:18:10+00:00\",\"author\":{\"@id\":\"https:\/\/portaltela.pt\/#\/schema\/person\/c4278d4a6028830caff9ee44b42d32ed\"},\"breadcrumb\":{\"@id\":\"https:\/\/portaltela.pt\/noticias\/2026\/04\/16\/michael-jordan-encerrou-a-carreira-ha-23-anos-gigante-no-adeus\/#breadcrumb\"},\"inLanguage\":\"pt-PT\",\"potentialAction\":[{\"@type\":\"ReadAction\",\"target\":[\"https:\/\/portaltela.pt\/noticias\/2026\/04\/16\/michael-jordan-encerrou-a-carreira-ha-23-anos-gigante-no-adeus\/\"]}]},{\"@type\":\"ImageObject\",\"inLanguage\":\"pt-PT\",\"@id\":\"https:\/\/portaltela.pt\/noticias\/2026\/04\/16\/michael-jordan-encerrou-a-carreira-ha-23-anos-gigante-no-adeus\/#primaryimage\",\"url\":\"https:\/\/portaltela.pt\/s.01k8rhncp4jt1\/2026\/04\/img_1200x721uu2026-04-16-18-55-49-2433457.jpg\",\"contentUrl\":\"https:\/\/portaltela.pt\/s.01k8rhncp4jt1\/2026\/04\/img_1200x721uu2026-04-16-18-55-49-2433457.jpg\",\"width\":796,\"height\":448,\"caption\":\"Photo\"},{\"@type\":\"BreadcrumbList\",\"@id\":\"https:\/\/portaltela.pt\/noticias\/2026\/04\/16\/michael-jordan-encerrou-a-carreira-ha-23-anos-gigante-no-adeus\/#breadcrumb\",\"itemListElement\":[{\"@type\":\"ListItem\",\"position\":1,\"name\":\"In\u00edcio\",\"item\":\"https:\/\/portaltela.pt\/\"},{\"@type\":\"ListItem\",\"position\":2,\"name\":\"Michael Jordan encerrou a carreira h\u00e1 23 anos, gigante no adeus\"}]},{\"@type\":\"WebSite\",\"@id\":\"https:\/\/portaltela.pt\/#website\",\"url\":\"https:\/\/portaltela.pt\/\",\"name\":\"Portal Tela Portugal\",\"description\":\"\",\"potentialAction\":[{\"@type\":\"SearchAction\",\"target\":{\"@type\":\"EntryPoint\",\"urlTemplate\":\"https:\/\/portaltela.pt\/?s={search_term_string}\"},\"query-input\":{\"@type\":\"PropertyValueSpecification\",\"valueRequired\":true,\"valueName\":\"search_term_string\"}}],\"inLanguage\":\"pt-PT\"},{\"@type\":\"Person\",\"@id\":\"https:\/\/portaltela.pt\/#\/schema\/person\/c4278d4a6028830caff9ee44b42d32ed\",\"name\":\"Telinha\",\"image\":{\"@type\":\"ImageObject\",\"inLanguage\":\"pt-PT\",\"@id\":\"https:\/\/portaltela.pt\/s.01k8rhncp4jt1\/2025\/11\/talking-bot-125x125.png\",\"url\":\"https:\/\/portaltela.pt\/s.01k8rhncp4jt1\/2025\/11\/talking-bot-125x125.png\",\"contentUrl\":\"https:\/\/portaltela.pt\/s.01k8rhncp4jt1\/2025\/11\/talking-bot-125x125.png\",\"caption\":\"Telinha\"},\"sameAs\":[\"https:\/\/portaltela.pt\/\"],\"url\":\"https:\/\/portaltela.pt\/por\/367410592786\/\"}]}<\/script>\n<!-- \/ Yoast SEO plugin. -->","yoast_head_json":{"title":"Michael Jordan encerrou a carreira h\u00e1 23 anos, gigante no adeus - Portal Tela Portugal","robots":{"index":"index","follow":"follow","max-snippet":"max-snippet:-1","max-image-preview":"max-image-preview:large","max-video-preview":"max-video-preview:-1"},"og_locale":"pt_PT","og_type":"article","og_title":"Michael Jordan encerrou a carreira h\u00e1 23 anos, gigante no adeus - Portal Tela Portugal","og_description":"Michael Jordan terminou a carreira na NBA h\u00e1 23 anos. O \u00faltimo jogo foi em Filad\u00e9lfia, frente aos Sixers, com os Washington Wizards a perderem por 87-107. Jordan recebeu forte ova\u00e7\u00e3o antes, durante e ap\u00f3s a partida, mesmo atuando fora de casa. A partida ficou marcada pela presen\u00e7a do jogador e pela derrota dos Wizards frente aos Sixers.","og_url":"https:\/\/portaltela.pt\/noticias\/2026\/04\/16\/michael-jordan-encerrou-a-carreira-ha-23-anos-gigante-no-adeus\/","og_site_name":"Portal Tela Portugal","article_published_time":"2026-04-16T18:18:10+00:00","author":"Telinha","twitter_card":"summary_large_image","twitter_misc":{"Escrito por":"Telinha","Tempo estimado de leitura":"1 minuto"},"schema":{"@context":"https:\/\/schema.org","@graph":[{"@type":"Article","@id":"https:\/\/portaltela.pt\/noticias\/2026\/04\/16\/michael-jordan-encerrou-a-carreira-ha-23-anos-gigante-no-adeus\/#article","isPartOf":{"@id":"https:\/\/portaltela.pt\/noticias\/2026\/04\/16\/michael-jordan-encerrou-a-carreira-ha-23-anos-gigante-no-adeus\/"},"author":{"name":"Telinha","@id":"https:\/\/portaltela.pt\/#\/schema\/person\/c4278d4a6028830caff9ee44b42d32ed"},"headline":"Michael Jordan encerrou a carreira h\u00e1 23 anos, gigante no adeus","datePublished":"2026-04-16T18:18:10+00:00","mainEntityOfPage":{"@id":"https:\/\/portaltela.pt\/noticias\/2026\/04\/16\/michael-jordan-encerrou-a-carreira-ha-23-anos-gigante-no-adeus\/"},"wordCount":124,"image":{"@id":"https:\/\/portaltela.pt\/noticias\/2026\/04\/16\/michael-jordan-encerrou-a-carreira-ha-23-anos-gigante-no-adeus\/#primaryimage"},"thumbnailUrl":"https:\/\/portaltela.pt\/s.01k8rhncp4jt1\/2026\/04\/img_1200x721uu2026-04-16-18-55-49-2433457.jpg","keywords":["basquetebol","desportos","esportes","famosos","hist\u00f3ria","mem\u00f3ria p\u00fablica"],"articleSection":["Copa do Mundo","Desporto"],"inLanguage":"pt-PT"},{"@type":"WebPage","@id":"https:\/\/portaltela.pt\/noticias\/2026\/04\/16\/michael-jordan-encerrou-a-carreira-ha-23-anos-gigante-no-adeus\/","url":"https:\/\/portaltela.pt\/noticias\/2026\/04\/16\/michael-jordan-encerrou-a-carreira-ha-23-anos-gigante-no-adeus\/","name":"Michael Jordan encerrou a carreira h\u00e1 23 anos, gigante no adeus - Portal Tela Portugal","isPartOf":{"@id":"https:\/\/portaltela.pt\/#website"},"primaryImageOfPage":{"@id":"https:\/\/portaltela.pt\/noticias\/2026\/04\/16\/michael-jordan-encerrou-a-carreira-ha-23-anos-gigante-no-adeus\/#primaryimage"},"image":{"@id":"https:\/\/portaltela.pt\/noticias\/2026\/04\/16\/michael-jordan-encerrou-a-carreira-ha-23-anos-gigante-no-adeus\/#primaryimage"},"thumbnailUrl":"https:\/\/portaltela.pt\/s.01k8rhncp4jt1\/2026\/04\/img_1200x721uu2026-04-16-18-55-49-2433457.jpg","datePublished":"2026-04-16T18:18:10+00:00","author":{"@id":"https:\/\/portaltela.pt\/#\/schema\/person\/c4278d4a6028830caff9ee44b42d32ed"},"breadcrumb":{"@id":"https:\/\/portaltela.pt\/noticias\/2026\/04\/16\/michael-jordan-encerrou-a-carreira-ha-23-anos-gigante-no-adeus\/#breadcrumb"},"inLanguage":"pt-PT","potentialAction":[{"@type":"ReadAction","target":["https:\/\/portaltela.pt\/noticias\/2026\/04\/16\/michael-jordan-encerrou-a-carreira-ha-23-anos-gigante-no-adeus\/"]}]},{"@type":"ImageObject","inLanguage":"pt-PT","@id":"https:\/\/portaltela.pt\/noticias\/2026\/04\/16\/michael-jordan-encerrou-a-carreira-ha-23-anos-gigante-no-adeus\/#primaryimage","url":"https:\/\/portaltela.pt\/s.01k8rhncp4jt1\/2026\/04\/img_1200x721uu2026-04-16-18-55-49-2433457.jpg","contentUrl":"https:\/\/portaltela.pt\/s.01k8rhncp4jt1\/2026\/04\/img_1200x721uu2026-04-16-18-55-49-2433457.jpg","width":796,"height":448,"caption":"Photo"},{"@type":"BreadcrumbList","@id":"https:\/\/portaltela.pt\/noticias\/2026\/04\/16\/michael-jordan-encerrou-a-carreira-ha-23-anos-gigante-no-adeus\/#breadcrumb","itemListElement":[{"@type":"ListItem","position":1,"name":"In\u00edcio","item":"https:\/\/portaltela.pt\/"},{"@type":"ListItem","position":2,"name":"Michael Jordan encerrou a carreira h\u00e1 23 anos, gigante no adeus"}]},{"@type":"WebSite","@id":"https:\/\/portaltela.pt\/#website","url":"https:\/\/portaltela.pt\/","name":"Portal Tela Portugal","description":"","potentialAction":[{"@type":"SearchAction","target":{"@type":"EntryPoint","urlTemplate":"https:\/\/portaltela.pt\/?s={search_term_string}"},"query-input":{"@type":"PropertyValueSpecification","valueRequired":true,"valueName":"search_term_string"}}],"inLanguage":"pt-PT"},{"@type":"Person","@id":"https:\/\/portaltela.pt\/#\/schema\/person\/c4278d4a6028830caff9ee44b42d32ed","name":"Telinha","image":{"@type":"ImageObject","inLanguage":"pt-PT","@id":"https:\/\/portaltela.pt\/s.01k8rhncp4jt1\/2025\/11\/talking-bot-125x125.png","url":"https:\/\/portaltela.pt\/s.01k8rhncp4jt1\/2025\/11\/talking-bot-125x125.png","contentUrl":"https:\/\/portaltela.pt\/s.01k8rhncp4jt1\/2025\/11\/talking-bot-125x125.png","caption":"Telinha"},"sameAs":["https:\/\/portaltela.pt\/"],"url":"https:\/\/portaltela.pt\/por\/367410592786\/"}]}},"_links":{"self":[{"href":"https:\/\/portaltela.pt\/api\/wp\/v2\/posts\/446902","targetHints":{"allow":["GET"]}}],"collection":[{"href":"https:\/\/portaltela.pt\/api\/wp\/v2\/posts"}],"about":[{"href":"https:\/\/portaltela.pt\/api\/wp\/v2\/types\/post"}],"author":[{"embeddable":true,"href":"https:\/\/portaltela.pt\/api\/wp\/v2\/users\/2"}],"replies":[{"embeddable":true,"href":"https:\/\/portaltela.pt\/api\/wp\/v2\/comments?post=446902"}],"version-history":[{"count":0,"href":"https:\/\/portaltela.pt\/api\/wp\/v2\/posts\/446902\/revisions"}],"wp:featuredmedia":[{"embeddable":true,"href":"https:\/\/portaltela.pt\/api\/wp\/v2\/media\/446906"}],"wp:attachment":[{"href":"https:\/\/portaltela.pt\/api\/wp\/v2\/media?parent=446902"}],"wp:term":[{"taxonomy":"category","embeddable":true,"href":"https:\/\/portaltela.pt\/api\/wp\/v2\/categories?post=446902"},{"taxonomy":"post_tag","embeddable":true,"href":"https:\/\/portaltela.pt\/api\/wp\/v2\/tags?post=446902"}],"curies":[{"name":"wp","href":"https:\/\/api.w.org\/{rel}","templated":true}]}}