{"id":446862,"date":"2026-04-16T15:02:54","date_gmt":"2026-04-16T18:02:54","guid":{"rendered":"https:\/\/portaltela.pt\/noticias\/2026\/04\/16\/rodrigo-mora-comenta-relacao-com-thiago-silva-e-recebe-muitos-conselhos\/"},"modified":"2026-04-16T15:02:54","modified_gmt":"2026-04-16T18:02:54","slug":"rodrigo-mora-comenta-relacao-com-thiago-silva-e-recebe-muitos-conselhos","status":"publish","type":"post","link":"https:\/\/portaltela.pt\/desporto\/futebol\/2026\/04\/16\/rodrigo-mora-comenta-relacao-com-thiago-silva-e-recebe-muitos-conselhos\/","title":{"rendered":"Rodrigo Mora comenta rela\u00e7\u00e3o com Thiago Silva e recebe muitos conselhos"},"content":{"rendered":"<p>Rodrigo Mora descreveu Thiago Silva como uma refer\u00eancia dentro do plantel, destacando a influ\u00eancia do central brasileiro ao longo da carreira. O m\u00e9dio de 18 anos de diferen\u00e7a brincou que Thiago poderia ser o seu pai, sem deixar de notar a qualidade e experi\u00eancia do companheiro.<\/p>\n<p>A not\u00edcia envolve o FC Porto, que recebe o Nottingham Forest na 2.\u00aa m\u00e3o dos quartos de final da Liga Europa. O jogo decorre esta quinta-feira, no Drag\u00e3o, com Mora a mostrar confian\u00e7a na recupera\u00e7\u00e3o da eliminat\u00f3ria.<\/p>\n<p>Mora espera um advers\u00e1rio agressivo desde o apito inicial, admitindo que o encontro ser\u00e1 muito f\u00edsico. Apontou que, no primeiro jogo, houve dois pen\u00e1ltis, e refor\u00e7ou a cren\u00e7a da equipa na qualifica\u00e7\u00e3o.<\/p>\n<p>A equipa t\u00e9cnica e o staff mant\u00eam a cren\u00e7a no objetivo de vencer as tr\u00eas provas em que est\u00e3o envolvidos. O m\u00e9dio brasileiro sublinhou o ambiente positivo no balne\u00e1rio e a vontade de prolongar o momento de forma equilibrada e concentrada.<\/p>\n","protected":false},"excerpt":{"rendered":"<ul>\n<li>Rodrigo Mora elogiou Thiago Silva, dizendo que recebe muitos conselhos do central e que a diferen\u00e7a de idade entre ambos \u00e9 de cerca de 23 anos, quase a idade do seu filho.<\/li>\n<li>O jogador mostrou confian\u00e7a na equipa para a segunda m\u00e3o dos quartos de final da Liga Europa frente ao Nottingham Forest.<\/li>\n<li>Mora descreveu o advers\u00e1rio como agressivo, esperando que entre a pressionar desde o apito inicial, e lembrou que o primeiro jogo teve dois pen\u00e1ltis.<\/li>\n<li>Refor\u00e7ou a ambi\u00e7\u00e3o de vencer as tr\u00eas provas em que est\u00e3o envolvidos, apontando a vit\u00f3ria nesta partida como primeiro passo para esse objetivo.<\/li>\n<li>O m\u00e9dio elogiou o ambiente de jogo, dizendo que \u00e9 bonito e compar\u00e1vel ao de casa, o Drag\u00e3o, onde tamb\u00e9m j\u00e1 sentiram um ambiente forte.<\/li>\n<\/ul>\n","protected":false},"author":2,"featured_media":446870,"comment_status":"closed","ping_status":"closed","sticky":false,"template":"","format":"standard","meta":{"footnotes":""},"categories":[21,24],"tags":[8004,8315,7907,32,4761,3037],"class_list":["post-446862","post","type-post","status-publish","format-standard","has-post-thumbnail","hentry","category-desporto","category-futebol","tag-_europa","tag-_fc-porto","tag-_futebol-internacional","tag-futebol","tag-nottingham-forest","tag-thiago-silva"],"yoast_head":"<!-- This site is optimized with the Yoast SEO plugin v27.2 - https:\/\/yoast.com\/product\/yoast-seo-wordpress\/ -->\n<title>Rodrigo Mora comenta rela\u00e7\u00e3o com Thiago Silva e recebe muitos conselhos - Portal Tela Portugal<\/title>\n<meta name=\"robots\" content=\"index, follow, max-snippet:-1, max-image-preview:large, max-video-preview:-1\" \/>\n<meta property=\"og:locale\" content=\"pt_PT\" \/>\n<meta property=\"og:type\" content=\"article\" \/>\n<meta property=\"og:title\" content=\"Rodrigo Mora comenta rela\u00e7\u00e3o com Thiago Silva e recebe muitos conselhos - Portal Tela Portugal\" \/>\n<meta property=\"og:description\" content=\"Rodrigo Mora elogiou Thiago Silva, dizendo que recebe muitos conselhos do central e que a diferen\u00e7a de idade entre ambos \u00e9 de cerca de 23 anos, quase a idade do seu filho. O jogador mostrou confian\u00e7a na equipa para a segunda m\u00e3o dos quartos de final da Liga Europa frente ao Nottingham Forest. Mora descreveu o advers\u00e1rio como agressivo, esperando que entre a pressionar desde o apito inicial, e lembrou que o primeiro jogo teve dois pen\u00e1ltis. Refor\u00e7ou a ambi\u00e7\u00e3o de vencer as tr\u00eas provas em que est\u00e3o envolvidos, apontando a vit\u00f3ria nesta partida como primeiro passo para esse objetivo. O m\u00e9dio elogiou o ambiente de jogo, dizendo que \u00e9 bonito e compar\u00e1vel ao de casa, o Drag\u00e3o, onde tamb\u00e9m j\u00e1 sentiram um ambiente forte.\" \/>\n<meta property=\"og:url\" content=\"https:\/\/portaltela.pt\/noticias\/2026\/04\/16\/rodrigo-mora-comenta-relacao-com-thiago-silva-e-recebe-muitos-conselhos\/\" \/>\n<meta property=\"og:site_name\" content=\"Portal Tela Portugal\" \/>\n<meta property=\"article:published_time\" content=\"2026-04-16T18:02:54+00:00\" \/>\n<meta name=\"author\" content=\"Telinha\" \/>\n<meta name=\"twitter:card\" content=\"summary_large_image\" \/>\n<meta name=\"twitter:label1\" content=\"Escrito por\" \/>\n\t<meta name=\"twitter:data1\" content=\"Telinha\" \/>\n\t<meta name=\"twitter:label2\" content=\"Tempo estimado de leitura\" \/>\n\t<meta name=\"twitter:data2\" content=\"1 minuto\" \/>\n<script type=\"application\/ld+json\" class=\"yoast-schema-graph\">{\"@context\":\"https:\/\/schema.org\",\"@graph\":[{\"@type\":\"Article\",\"@id\":\"https:\/\/portaltela.pt\/noticias\/2026\/04\/16\/rodrigo-mora-comenta-relacao-com-thiago-silva-e-recebe-muitos-conselhos\/#article\",\"isPartOf\":{\"@id\":\"https:\/\/portaltela.pt\/noticias\/2026\/04\/16\/rodrigo-mora-comenta-relacao-com-thiago-silva-e-recebe-muitos-conselhos\/\"},\"author\":{\"name\":\"Telinha\",\"@id\":\"https:\/\/portaltela.pt\/#\/schema\/person\/c4278d4a6028830caff9ee44b42d32ed\"},\"headline\":\"Rodrigo Mora comenta rela\u00e7\u00e3o com Thiago Silva e recebe muitos conselhos\",\"datePublished\":\"2026-04-16T18:02:54+00:00\",\"mainEntityOfPage\":{\"@id\":\"https:\/\/portaltela.pt\/noticias\/2026\/04\/16\/rodrigo-mora-comenta-relacao-com-thiago-silva-e-recebe-muitos-conselhos\/\"},\"wordCount\":190,\"image\":{\"@id\":\"https:\/\/portaltela.pt\/noticias\/2026\/04\/16\/rodrigo-mora-comenta-relacao-com-thiago-silva-e-recebe-muitos-conselhos\/#primaryimage\"},\"thumbnailUrl\":\"https:\/\/portaltela.pt\/s.01k8rhncp4jt1\/2026\/04\/img_920x518uu2025-11-22-22-36-48-2404377-im-639119615542629512.jpg\",\"keywords\":[\"_Europa\",\"_FC Porto\",\"_futebol internacional\",\"futebol\",\"Nottingham Forest\",\"Thiago Silva\"],\"articleSection\":[\"Desporto\",\"Futebol\"],\"inLanguage\":\"pt-PT\"},{\"@type\":\"WebPage\",\"@id\":\"https:\/\/portaltela.pt\/noticias\/2026\/04\/16\/rodrigo-mora-comenta-relacao-com-thiago-silva-e-recebe-muitos-conselhos\/\",\"url\":\"https:\/\/portaltela.pt\/noticias\/2026\/04\/16\/rodrigo-mora-comenta-relacao-com-thiago-silva-e-recebe-muitos-conselhos\/\",\"name\":\"Rodrigo Mora comenta rela\u00e7\u00e3o com Thiago Silva e recebe muitos conselhos - Portal Tela Portugal\",\"isPartOf\":{\"@id\":\"https:\/\/portaltela.pt\/#website\"},\"primaryImageOfPage\":{\"@id\":\"https:\/\/portaltela.pt\/noticias\/2026\/04\/16\/rodrigo-mora-comenta-relacao-com-thiago-silva-e-recebe-muitos-conselhos\/#primaryimage\"},\"image\":{\"@id\":\"https:\/\/portaltela.pt\/noticias\/2026\/04\/16\/rodrigo-mora-comenta-relacao-com-thiago-silva-e-recebe-muitos-conselhos\/#primaryimage\"},\"thumbnailUrl\":\"https:\/\/portaltela.pt\/s.01k8rhncp4jt1\/2026\/04\/img_920x518uu2025-11-22-22-36-48-2404377-im-639119615542629512.jpg\",\"datePublished\":\"2026-04-16T18:02:54+00:00\",\"author\":{\"@id\":\"https:\/\/portaltela.pt\/#\/schema\/person\/c4278d4a6028830caff9ee44b42d32ed\"},\"breadcrumb\":{\"@id\":\"https:\/\/portaltela.pt\/noticias\/2026\/04\/16\/rodrigo-mora-comenta-relacao-com-thiago-silva-e-recebe-muitos-conselhos\/#breadcrumb\"},\"inLanguage\":\"pt-PT\",\"potentialAction\":[{\"@type\":\"ReadAction\",\"target\":[\"https:\/\/portaltela.pt\/noticias\/2026\/04\/16\/rodrigo-mora-comenta-relacao-com-thiago-silva-e-recebe-muitos-conselhos\/\"]}]},{\"@type\":\"ImageObject\",\"inLanguage\":\"pt-PT\",\"@id\":\"https:\/\/portaltela.pt\/noticias\/2026\/04\/16\/rodrigo-mora-comenta-relacao-com-thiago-silva-e-recebe-muitos-conselhos\/#primaryimage\",\"url\":\"https:\/\/portaltela.pt\/s.01k8rhncp4jt1\/2026\/04\/img_920x518uu2025-11-22-22-36-48-2404377-im-639119615542629512.jpg\",\"contentUrl\":\"https:\/\/portaltela.pt\/s.01k8rhncp4jt1\/2026\/04\/img_920x518uu2025-11-22-22-36-48-2404377-im-639119615542629512.jpg\",\"width\":796,\"height\":448,\"caption\":\"Rodrigo Mora\"},{\"@type\":\"BreadcrumbList\",\"@id\":\"https:\/\/portaltela.pt\/noticias\/2026\/04\/16\/rodrigo-mora-comenta-relacao-com-thiago-silva-e-recebe-muitos-conselhos\/#breadcrumb\",\"itemListElement\":[{\"@type\":\"ListItem\",\"position\":1,\"name\":\"In\u00edcio\",\"item\":\"https:\/\/portaltela.pt\/\"},{\"@type\":\"ListItem\",\"position\":2,\"name\":\"Rodrigo Mora comenta rela\u00e7\u00e3o com Thiago Silva e recebe muitos conselhos\"}]},{\"@type\":\"WebSite\",\"@id\":\"https:\/\/portaltela.pt\/#website\",\"url\":\"https:\/\/portaltela.pt\/\",\"name\":\"Portal Tela Portugal\",\"description\":\"\",\"potentialAction\":[{\"@type\":\"SearchAction\",\"target\":{\"@type\":\"EntryPoint\",\"urlTemplate\":\"https:\/\/portaltela.pt\/?s={search_term_string}\"},\"query-input\":{\"@type\":\"PropertyValueSpecification\",\"valueRequired\":true,\"valueName\":\"search_term_string\"}}],\"inLanguage\":\"pt-PT\"},{\"@type\":\"Person\",\"@id\":\"https:\/\/portaltela.pt\/#\/schema\/person\/c4278d4a6028830caff9ee44b42d32ed\",\"name\":\"Telinha\",\"image\":{\"@type\":\"ImageObject\",\"inLanguage\":\"pt-PT\",\"@id\":\"https:\/\/portaltela.pt\/s.01k8rhncp4jt1\/2025\/11\/talking-bot-125x125.png\",\"url\":\"https:\/\/portaltela.pt\/s.01k8rhncp4jt1\/2025\/11\/talking-bot-125x125.png\",\"contentUrl\":\"https:\/\/portaltela.pt\/s.01k8rhncp4jt1\/2025\/11\/talking-bot-125x125.png\",\"caption\":\"Telinha\"},\"sameAs\":[\"https:\/\/portaltela.pt\/\"],\"url\":\"https:\/\/portaltela.pt\/por\/367410592786\/\"}]}<\/script>\n<!-- \/ Yoast SEO plugin. -->","yoast_head_json":{"title":"Rodrigo Mora comenta rela\u00e7\u00e3o com Thiago Silva e recebe muitos conselhos - Portal Tela Portugal","robots":{"index":"index","follow":"follow","max-snippet":"max-snippet:-1","max-image-preview":"max-image-preview:large","max-video-preview":"max-video-preview:-1"},"og_locale":"pt_PT","og_type":"article","og_title":"Rodrigo Mora comenta rela\u00e7\u00e3o com Thiago Silva e recebe muitos conselhos - Portal Tela Portugal","og_description":"Rodrigo Mora elogiou Thiago Silva, dizendo que recebe muitos conselhos do central e que a diferen\u00e7a de idade entre ambos \u00e9 de cerca de 23 anos, quase a idade do seu filho. O jogador mostrou confian\u00e7a na equipa para a segunda m\u00e3o dos quartos de final da Liga Europa frente ao Nottingham Forest. Mora descreveu o advers\u00e1rio como agressivo, esperando que entre a pressionar desde o apito inicial, e lembrou que o primeiro jogo teve dois pen\u00e1ltis. Refor\u00e7ou a ambi\u00e7\u00e3o de vencer as tr\u00eas provas em que est\u00e3o envolvidos, apontando a vit\u00f3ria nesta partida como primeiro passo para esse objetivo. O m\u00e9dio elogiou o ambiente de jogo, dizendo que \u00e9 bonito e compar\u00e1vel ao de casa, o Drag\u00e3o, onde tamb\u00e9m j\u00e1 sentiram um ambiente forte.","og_url":"https:\/\/portaltela.pt\/noticias\/2026\/04\/16\/rodrigo-mora-comenta-relacao-com-thiago-silva-e-recebe-muitos-conselhos\/","og_site_name":"Portal Tela Portugal","article_published_time":"2026-04-16T18:02:54+00:00","author":"Telinha","twitter_card":"summary_large_image","twitter_misc":{"Escrito por":"Telinha","Tempo estimado de leitura":"1 minuto"},"schema":{"@context":"https:\/\/schema.org","@graph":[{"@type":"Article","@id":"https:\/\/portaltela.pt\/noticias\/2026\/04\/16\/rodrigo-mora-comenta-relacao-com-thiago-silva-e-recebe-muitos-conselhos\/#article","isPartOf":{"@id":"https:\/\/portaltela.pt\/noticias\/2026\/04\/16\/rodrigo-mora-comenta-relacao-com-thiago-silva-e-recebe-muitos-conselhos\/"},"author":{"name":"Telinha","@id":"https:\/\/portaltela.pt\/#\/schema\/person\/c4278d4a6028830caff9ee44b42d32ed"},"headline":"Rodrigo Mora comenta rela\u00e7\u00e3o com Thiago Silva e recebe muitos conselhos","datePublished":"2026-04-16T18:02:54+00:00","mainEntityOfPage":{"@id":"https:\/\/portaltela.pt\/noticias\/2026\/04\/16\/rodrigo-mora-comenta-relacao-com-thiago-silva-e-recebe-muitos-conselhos\/"},"wordCount":190,"image":{"@id":"https:\/\/portaltela.pt\/noticias\/2026\/04\/16\/rodrigo-mora-comenta-relacao-com-thiago-silva-e-recebe-muitos-conselhos\/#primaryimage"},"thumbnailUrl":"https:\/\/portaltela.pt\/s.01k8rhncp4jt1\/2026\/04\/img_920x518uu2025-11-22-22-36-48-2404377-im-639119615542629512.jpg","keywords":["_Europa","_FC Porto","_futebol internacional","futebol","Nottingham Forest","Thiago Silva"],"articleSection":["Desporto","Futebol"],"inLanguage":"pt-PT"},{"@type":"WebPage","@id":"https:\/\/portaltela.pt\/noticias\/2026\/04\/16\/rodrigo-mora-comenta-relacao-com-thiago-silva-e-recebe-muitos-conselhos\/","url":"https:\/\/portaltela.pt\/noticias\/2026\/04\/16\/rodrigo-mora-comenta-relacao-com-thiago-silva-e-recebe-muitos-conselhos\/","name":"Rodrigo Mora comenta rela\u00e7\u00e3o com Thiago Silva e recebe muitos conselhos - Portal Tela Portugal","isPartOf":{"@id":"https:\/\/portaltela.pt\/#website"},"primaryImageOfPage":{"@id":"https:\/\/portaltela.pt\/noticias\/2026\/04\/16\/rodrigo-mora-comenta-relacao-com-thiago-silva-e-recebe-muitos-conselhos\/#primaryimage"},"image":{"@id":"https:\/\/portaltela.pt\/noticias\/2026\/04\/16\/rodrigo-mora-comenta-relacao-com-thiago-silva-e-recebe-muitos-conselhos\/#primaryimage"},"thumbnailUrl":"https:\/\/portaltela.pt\/s.01k8rhncp4jt1\/2026\/04\/img_920x518uu2025-11-22-22-36-48-2404377-im-639119615542629512.jpg","datePublished":"2026-04-16T18:02:54+00:00","author":{"@id":"https:\/\/portaltela.pt\/#\/schema\/person\/c4278d4a6028830caff9ee44b42d32ed"},"breadcrumb":{"@id":"https:\/\/portaltela.pt\/noticias\/2026\/04\/16\/rodrigo-mora-comenta-relacao-com-thiago-silva-e-recebe-muitos-conselhos\/#breadcrumb"},"inLanguage":"pt-PT","potentialAction":[{"@type":"ReadAction","target":["https:\/\/portaltela.pt\/noticias\/2026\/04\/16\/rodrigo-mora-comenta-relacao-com-thiago-silva-e-recebe-muitos-conselhos\/"]}]},{"@type":"ImageObject","inLanguage":"pt-PT","@id":"https:\/\/portaltela.pt\/noticias\/2026\/04\/16\/rodrigo-mora-comenta-relacao-com-thiago-silva-e-recebe-muitos-conselhos\/#primaryimage","url":"https:\/\/portaltela.pt\/s.01k8rhncp4jt1\/2026\/04\/img_920x518uu2025-11-22-22-36-48-2404377-im-639119615542629512.jpg","contentUrl":"https:\/\/portaltela.pt\/s.01k8rhncp4jt1\/2026\/04\/img_920x518uu2025-11-22-22-36-48-2404377-im-639119615542629512.jpg","width":796,"height":448,"caption":"Rodrigo Mora"},{"@type":"BreadcrumbList","@id":"https:\/\/portaltela.pt\/noticias\/2026\/04\/16\/rodrigo-mora-comenta-relacao-com-thiago-silva-e-recebe-muitos-conselhos\/#breadcrumb","itemListElement":[{"@type":"ListItem","position":1,"name":"In\u00edcio","item":"https:\/\/portaltela.pt\/"},{"@type":"ListItem","position":2,"name":"Rodrigo Mora comenta rela\u00e7\u00e3o com Thiago Silva e recebe muitos conselhos"}]},{"@type":"WebSite","@id":"https:\/\/portaltela.pt\/#website","url":"https:\/\/portaltela.pt\/","name":"Portal Tela Portugal","description":"","potentialAction":[{"@type":"SearchAction","target":{"@type":"EntryPoint","urlTemplate":"https:\/\/portaltela.pt\/?s={search_term_string}"},"query-input":{"@type":"PropertyValueSpecification","valueRequired":true,"valueName":"search_term_string"}}],"inLanguage":"pt-PT"},{"@type":"Person","@id":"https:\/\/portaltela.pt\/#\/schema\/person\/c4278d4a6028830caff9ee44b42d32ed","name":"Telinha","image":{"@type":"ImageObject","inLanguage":"pt-PT","@id":"https:\/\/portaltela.pt\/s.01k8rhncp4jt1\/2025\/11\/talking-bot-125x125.png","url":"https:\/\/portaltela.pt\/s.01k8rhncp4jt1\/2025\/11\/talking-bot-125x125.png","contentUrl":"https:\/\/portaltela.pt\/s.01k8rhncp4jt1\/2025\/11\/talking-bot-125x125.png","caption":"Telinha"},"sameAs":["https:\/\/portaltela.pt\/"],"url":"https:\/\/portaltela.pt\/por\/367410592786\/"}]}},"_links":{"self":[{"href":"https:\/\/portaltela.pt\/api\/wp\/v2\/posts\/446862","targetHints":{"allow":["GET"]}}],"collection":[{"href":"https:\/\/portaltela.pt\/api\/wp\/v2\/posts"}],"about":[{"href":"https:\/\/portaltela.pt\/api\/wp\/v2\/types\/post"}],"author":[{"embeddable":true,"href":"https:\/\/portaltela.pt\/api\/wp\/v2\/users\/2"}],"replies":[{"embeddable":true,"href":"https:\/\/portaltela.pt\/api\/wp\/v2\/comments?post=446862"}],"version-history":[{"count":0,"href":"https:\/\/portaltela.pt\/api\/wp\/v2\/posts\/446862\/revisions"}],"wp:featuredmedia":[{"embeddable":true,"href":"https:\/\/portaltela.pt\/api\/wp\/v2\/media\/446870"}],"wp:attachment":[{"href":"https:\/\/portaltela.pt\/api\/wp\/v2\/media?parent=446862"}],"wp:term":[{"taxonomy":"category","embeddable":true,"href":"https:\/\/portaltela.pt\/api\/wp\/v2\/categories?post=446862"},{"taxonomy":"post_tag","embeddable":true,"href":"https:\/\/portaltela.pt\/api\/wp\/v2\/tags?post=446862"}],"curies":[{"name":"wp","href":"https:\/\/api.w.org\/{rel}","templated":true}]}}