{"id":446812,"date":"2026-04-16T14:33:14","date_gmt":"2026-04-16T17:33:14","guid":{"rendered":"https:\/\/portaltela.pt\/noticias\/2026\/04\/16\/regionalizacao-volta-ao-parlamento-travao-do-governo-ate-2029\/"},"modified":"2026-04-16T14:33:14","modified_gmt":"2026-04-16T17:33:14","slug":"regionalizacao-volta-ao-parlamento-travao-do-governo-ate-2029","status":"publish","type":"post","link":"https:\/\/portaltela.pt\/noticias\/politica\/2026\/04\/16\/regionalizacao-volta-ao-parlamento-travao-do-governo-ate-2029\/","title":{"rendered":"Regionaliza\u00e7\u00e3o volta ao Parlamento, trav\u00e3o do Governo at\u00e9 2029"},"content":{"rendered":"<p>A regionaliza\u00e7\u00e3o volta a ocupar a agenda do Parlamento na sexta-feira, com tr\u00eas iniciativas apresentadas por BE, Livre e PAN. As propostas visam relan\u00e7ar o debate sobre o processo de regionaliza\u00e7\u00e3o, ainda que o Governo tenha reiterado que o tema est\u00e1 encerrado pelo menos at\u00e9 ao fim da legislatura.<\/p>\n<p>Os textos apresentados por estas forma\u00e7\u00f5es procuram abrir caminho para uma discuss\u00e3o sobre compet\u00eancias, finan\u00e7as e a organiza\u00e7\u00e3o territorial, em contraste com a posi\u00e7\u00e3o governamental. O Governo mant\u00e9m a posi\u00e7\u00e3o de n\u00e3o avan\u00e7ar com mudan\u00e7as at\u00e9 2029, alegando necessidade de estabilidade institucional.<\/p>\n<p>A iniciativa surge em meio a consequ\u00eancias das tempestades recentes, que levaram autarcas a defenderem uma resposta regionalizada para zonas afetadas. Al\u00e9m disso, o debate ocorre numa altura em que n\u00e3o existe consenso pol\u00edtico entre as principais for\u00e7as.<\/p>\n<h3>Regionaliza\u00e7\u00e3o em foco<\/h3>\n<p>As propostas chegam \u00e0 Assembleia da Rep\u00fablica num momento de polariza\u00e7\u00e3o entre quem defende uma resposta regionalizada para compet\u00eancias p\u00fablicas e quem sustenta a continuidade do modelo atual. A discuss\u00e3o, embora retomada, ainda n\u00e3o tem calend\u00e1rio definido.<\/p>\n","protected":false},"excerpt":{"rendered":"<ul>\n<li>A regionaliza\u00e7\u00e3o volta a discutir-se na Assembleia da Rep\u00fablica nesta sexta-feira, com tr\u00eas iniciativas do BE, Livre e PAN.<\/li>\n<li>As propostas procuram relan\u00e7ar o debate sobre o processo, apesar de o Governo ter afastado a hip\u00f3tese pelo menos at\u00e9 ao fim da legislatura.<\/li>\n<li>O tema permanece sem consenso pol\u00edtico entre as for\u00e7as partid\u00e1rias.<\/li>\n<li>O debate surge tamb\u00e9m a partir das consequ\u00eancias das tempestades, com autarcas a defenderem a regionaliza\u00e7\u00e3o devido a dificuldades na resposta do Estado.<\/li>\n<\/ul>\n","protected":false},"author":2,"featured_media":446816,"comment_status":"closed","ping_status":"closed","sticky":false,"template":"","format":"standard","meta":{"footnotes":""},"categories":[1,5],"tags":[168,4211,2706,34,2832,1778],"class_list":["post-446812","post","type-post","status-publish","format-standard","has-post-thumbnail","hentry","category-noticias","category-politica","tag-administracao-publica","tag-assembleia-nacional","tag-autarquias","tag-governo","tag-politica","tag-regionalizacao-territorial"],"yoast_head":"<!-- This site is optimized with the Yoast SEO plugin v27.2 - https:\/\/yoast.com\/product\/yoast-seo-wordpress\/ -->\n<title>Regionaliza\u00e7\u00e3o volta ao Parlamento, trav\u00e3o do Governo at\u00e9 2029 - Portal Tela Portugal<\/title>\n<meta name=\"robots\" content=\"index, follow, max-snippet:-1, max-image-preview:large, max-video-preview:-1\" \/>\n<meta property=\"og:locale\" content=\"pt_PT\" \/>\n<meta property=\"og:type\" content=\"article\" \/>\n<meta property=\"og:title\" content=\"Regionaliza\u00e7\u00e3o volta ao Parlamento, trav\u00e3o do Governo at\u00e9 2029 - Portal Tela Portugal\" \/>\n<meta property=\"og:description\" content=\"A regionaliza\u00e7\u00e3o volta a discutir-se na Assembleia da Rep\u00fablica nesta sexta-feira, com tr\u00eas iniciativas do BE, Livre e PAN. As propostas procuram relan\u00e7ar o debate sobre o processo, apesar de o Governo ter afastado a hip\u00f3tese pelo menos at\u00e9 ao fim da legislatura. O tema permanece sem consenso pol\u00edtico entre as for\u00e7as partid\u00e1rias. O debate surge tamb\u00e9m a partir das consequ\u00eancias das tempestades, com autarcas a defenderem a regionaliza\u00e7\u00e3o devido a dificuldades na resposta do Estado.\" \/>\n<meta property=\"og:url\" content=\"https:\/\/portaltela.pt\/noticias\/2026\/04\/16\/regionalizacao-volta-ao-parlamento-travao-do-governo-ate-2029\/\" \/>\n<meta property=\"og:site_name\" content=\"Portal Tela Portugal\" \/>\n<meta property=\"article:published_time\" content=\"2026-04-16T17:33:14+00:00\" \/>\n<meta name=\"author\" content=\"Telinha\" \/>\n<meta name=\"twitter:card\" content=\"summary_large_image\" \/>\n<meta name=\"twitter:label1\" content=\"Escrito por\" \/>\n\t<meta name=\"twitter:data1\" content=\"Telinha\" \/>\n\t<meta name=\"twitter:label2\" content=\"Tempo estimado de leitura\" \/>\n\t<meta name=\"twitter:data2\" content=\"1 minuto\" \/>\n<script type=\"application\/ld+json\" class=\"yoast-schema-graph\">{\"@context\":\"https:\/\/schema.org\",\"@graph\":[{\"@type\":\"Article\",\"@id\":\"https:\/\/portaltela.pt\/noticias\/2026\/04\/16\/regionalizacao-volta-ao-parlamento-travao-do-governo-ate-2029\/#article\",\"isPartOf\":{\"@id\":\"https:\/\/portaltela.pt\/noticias\/2026\/04\/16\/regionalizacao-volta-ao-parlamento-travao-do-governo-ate-2029\/\"},\"author\":{\"name\":\"Telinha\",\"@id\":\"https:\/\/portaltela.pt\/#\/schema\/person\/c4278d4a6028830caff9ee44b42d32ed\"},\"headline\":\"Regionaliza\u00e7\u00e3o volta ao Parlamento, trav\u00e3o do Governo at\u00e9 2029\",\"datePublished\":\"2026-04-16T17:33:14+00:00\",\"mainEntityOfPage\":{\"@id\":\"https:\/\/portaltela.pt\/noticias\/2026\/04\/16\/regionalizacao-volta-ao-parlamento-travao-do-governo-ate-2029\/\"},\"wordCount\":205,\"image\":{\"@id\":\"https:\/\/portaltela.pt\/noticias\/2026\/04\/16\/regionalizacao-volta-ao-parlamento-travao-do-governo-ate-2029\/#primaryimage\"},\"thumbnailUrl\":\"https:\/\/portaltela.pt\/s.01k8rhncp4jt1\/2026\/04\/2081541.jpg\",\"keywords\":[\"administra\u00e7\u00e3o p\u00fablica\",\"Assembleia Nacional\",\"autarquias\",\"governo\",\"pol\u00edtica\",\"regionaliza\u00e7\u00e3o territorial\"],\"articleSection\":[\"Not\u00edcias\",\"Pol\u00edtica\"],\"inLanguage\":\"pt-PT\"},{\"@type\":\"WebPage\",\"@id\":\"https:\/\/portaltela.pt\/noticias\/2026\/04\/16\/regionalizacao-volta-ao-parlamento-travao-do-governo-ate-2029\/\",\"url\":\"https:\/\/portaltela.pt\/noticias\/2026\/04\/16\/regionalizacao-volta-ao-parlamento-travao-do-governo-ate-2029\/\",\"name\":\"Regionaliza\u00e7\u00e3o volta ao Parlamento, trav\u00e3o do Governo at\u00e9 2029 - Portal Tela Portugal\",\"isPartOf\":{\"@id\":\"https:\/\/portaltela.pt\/#website\"},\"primaryImageOfPage\":{\"@id\":\"https:\/\/portaltela.pt\/noticias\/2026\/04\/16\/regionalizacao-volta-ao-parlamento-travao-do-governo-ate-2029\/#primaryimage\"},\"image\":{\"@id\":\"https:\/\/portaltela.pt\/noticias\/2026\/04\/16\/regionalizacao-volta-ao-parlamento-travao-do-governo-ate-2029\/#primaryimage\"},\"thumbnailUrl\":\"https:\/\/portaltela.pt\/s.01k8rhncp4jt1\/2026\/04\/2081541.jpg\",\"datePublished\":\"2026-04-16T17:33:14+00:00\",\"author\":{\"@id\":\"https:\/\/portaltela.pt\/#\/schema\/person\/c4278d4a6028830caff9ee44b42d32ed\"},\"breadcrumb\":{\"@id\":\"https:\/\/portaltela.pt\/noticias\/2026\/04\/16\/regionalizacao-volta-ao-parlamento-travao-do-governo-ate-2029\/#breadcrumb\"},\"inLanguage\":\"pt-PT\",\"potentialAction\":[{\"@type\":\"ReadAction\",\"target\":[\"https:\/\/portaltela.pt\/noticias\/2026\/04\/16\/regionalizacao-volta-ao-parlamento-travao-do-governo-ate-2029\/\"]}]},{\"@type\":\"ImageObject\",\"inLanguage\":\"pt-PT\",\"@id\":\"https:\/\/portaltela.pt\/noticias\/2026\/04\/16\/regionalizacao-volta-ao-parlamento-travao-do-governo-ate-2029\/#primaryimage\",\"url\":\"https:\/\/portaltela.pt\/s.01k8rhncp4jt1\/2026\/04\/2081541.jpg\",\"contentUrl\":\"https:\/\/portaltela.pt\/s.01k8rhncp4jt1\/2026\/04\/2081541.jpg\",\"width\":796,\"height\":448,\"caption\":\"Propostas v\u00e3o ser debatidas nesta sexta-feira\"},{\"@type\":\"BreadcrumbList\",\"@id\":\"https:\/\/portaltela.pt\/noticias\/2026\/04\/16\/regionalizacao-volta-ao-parlamento-travao-do-governo-ate-2029\/#breadcrumb\",\"itemListElement\":[{\"@type\":\"ListItem\",\"position\":1,\"name\":\"In\u00edcio\",\"item\":\"https:\/\/portaltela.pt\/\"},{\"@type\":\"ListItem\",\"position\":2,\"name\":\"Regionaliza\u00e7\u00e3o volta ao Parlamento, trav\u00e3o do Governo at\u00e9 2029\"}]},{\"@type\":\"WebSite\",\"@id\":\"https:\/\/portaltela.pt\/#website\",\"url\":\"https:\/\/portaltela.pt\/\",\"name\":\"Portal Tela Portugal\",\"description\":\"\",\"potentialAction\":[{\"@type\":\"SearchAction\",\"target\":{\"@type\":\"EntryPoint\",\"urlTemplate\":\"https:\/\/portaltela.pt\/?s={search_term_string}\"},\"query-input\":{\"@type\":\"PropertyValueSpecification\",\"valueRequired\":true,\"valueName\":\"search_term_string\"}}],\"inLanguage\":\"pt-PT\"},{\"@type\":\"Person\",\"@id\":\"https:\/\/portaltela.pt\/#\/schema\/person\/c4278d4a6028830caff9ee44b42d32ed\",\"name\":\"Telinha\",\"image\":{\"@type\":\"ImageObject\",\"inLanguage\":\"pt-PT\",\"@id\":\"https:\/\/portaltela.pt\/s.01k8rhncp4jt1\/2025\/11\/talking-bot-125x125.png\",\"url\":\"https:\/\/portaltela.pt\/s.01k8rhncp4jt1\/2025\/11\/talking-bot-125x125.png\",\"contentUrl\":\"https:\/\/portaltela.pt\/s.01k8rhncp4jt1\/2025\/11\/talking-bot-125x125.png\",\"caption\":\"Telinha\"},\"sameAs\":[\"https:\/\/portaltela.pt\/\"],\"url\":\"https:\/\/portaltela.pt\/por\/367410592786\/\"}]}<\/script>\n<!-- \/ Yoast SEO plugin. -->","yoast_head_json":{"title":"Regionaliza\u00e7\u00e3o volta ao Parlamento, trav\u00e3o do Governo at\u00e9 2029 - Portal Tela Portugal","robots":{"index":"index","follow":"follow","max-snippet":"max-snippet:-1","max-image-preview":"max-image-preview:large","max-video-preview":"max-video-preview:-1"},"og_locale":"pt_PT","og_type":"article","og_title":"Regionaliza\u00e7\u00e3o volta ao Parlamento, trav\u00e3o do Governo at\u00e9 2029 - Portal Tela Portugal","og_description":"A regionaliza\u00e7\u00e3o volta a discutir-se na Assembleia da Rep\u00fablica nesta sexta-feira, com tr\u00eas iniciativas do BE, Livre e PAN. As propostas procuram relan\u00e7ar o debate sobre o processo, apesar de o Governo ter afastado a hip\u00f3tese pelo menos at\u00e9 ao fim da legislatura. O tema permanece sem consenso pol\u00edtico entre as for\u00e7as partid\u00e1rias. O debate surge tamb\u00e9m a partir das consequ\u00eancias das tempestades, com autarcas a defenderem a regionaliza\u00e7\u00e3o devido a dificuldades na resposta do Estado.","og_url":"https:\/\/portaltela.pt\/noticias\/2026\/04\/16\/regionalizacao-volta-ao-parlamento-travao-do-governo-ate-2029\/","og_site_name":"Portal Tela Portugal","article_published_time":"2026-04-16T17:33:14+00:00","author":"Telinha","twitter_card":"summary_large_image","twitter_misc":{"Escrito por":"Telinha","Tempo estimado de leitura":"1 minuto"},"schema":{"@context":"https:\/\/schema.org","@graph":[{"@type":"Article","@id":"https:\/\/portaltela.pt\/noticias\/2026\/04\/16\/regionalizacao-volta-ao-parlamento-travao-do-governo-ate-2029\/#article","isPartOf":{"@id":"https:\/\/portaltela.pt\/noticias\/2026\/04\/16\/regionalizacao-volta-ao-parlamento-travao-do-governo-ate-2029\/"},"author":{"name":"Telinha","@id":"https:\/\/portaltela.pt\/#\/schema\/person\/c4278d4a6028830caff9ee44b42d32ed"},"headline":"Regionaliza\u00e7\u00e3o volta ao Parlamento, trav\u00e3o do Governo at\u00e9 2029","datePublished":"2026-04-16T17:33:14+00:00","mainEntityOfPage":{"@id":"https:\/\/portaltela.pt\/noticias\/2026\/04\/16\/regionalizacao-volta-ao-parlamento-travao-do-governo-ate-2029\/"},"wordCount":205,"image":{"@id":"https:\/\/portaltela.pt\/noticias\/2026\/04\/16\/regionalizacao-volta-ao-parlamento-travao-do-governo-ate-2029\/#primaryimage"},"thumbnailUrl":"https:\/\/portaltela.pt\/s.01k8rhncp4jt1\/2026\/04\/2081541.jpg","keywords":["administra\u00e7\u00e3o p\u00fablica","Assembleia Nacional","autarquias","governo","pol\u00edtica","regionaliza\u00e7\u00e3o territorial"],"articleSection":["Not\u00edcias","Pol\u00edtica"],"inLanguage":"pt-PT"},{"@type":"WebPage","@id":"https:\/\/portaltela.pt\/noticias\/2026\/04\/16\/regionalizacao-volta-ao-parlamento-travao-do-governo-ate-2029\/","url":"https:\/\/portaltela.pt\/noticias\/2026\/04\/16\/regionalizacao-volta-ao-parlamento-travao-do-governo-ate-2029\/","name":"Regionaliza\u00e7\u00e3o volta ao Parlamento, trav\u00e3o do Governo at\u00e9 2029 - Portal Tela Portugal","isPartOf":{"@id":"https:\/\/portaltela.pt\/#website"},"primaryImageOfPage":{"@id":"https:\/\/portaltela.pt\/noticias\/2026\/04\/16\/regionalizacao-volta-ao-parlamento-travao-do-governo-ate-2029\/#primaryimage"},"image":{"@id":"https:\/\/portaltela.pt\/noticias\/2026\/04\/16\/regionalizacao-volta-ao-parlamento-travao-do-governo-ate-2029\/#primaryimage"},"thumbnailUrl":"https:\/\/portaltela.pt\/s.01k8rhncp4jt1\/2026\/04\/2081541.jpg","datePublished":"2026-04-16T17:33:14+00:00","author":{"@id":"https:\/\/portaltela.pt\/#\/schema\/person\/c4278d4a6028830caff9ee44b42d32ed"},"breadcrumb":{"@id":"https:\/\/portaltela.pt\/noticias\/2026\/04\/16\/regionalizacao-volta-ao-parlamento-travao-do-governo-ate-2029\/#breadcrumb"},"inLanguage":"pt-PT","potentialAction":[{"@type":"ReadAction","target":["https:\/\/portaltela.pt\/noticias\/2026\/04\/16\/regionalizacao-volta-ao-parlamento-travao-do-governo-ate-2029\/"]}]},{"@type":"ImageObject","inLanguage":"pt-PT","@id":"https:\/\/portaltela.pt\/noticias\/2026\/04\/16\/regionalizacao-volta-ao-parlamento-travao-do-governo-ate-2029\/#primaryimage","url":"https:\/\/portaltela.pt\/s.01k8rhncp4jt1\/2026\/04\/2081541.jpg","contentUrl":"https:\/\/portaltela.pt\/s.01k8rhncp4jt1\/2026\/04\/2081541.jpg","width":796,"height":448,"caption":"Propostas v\u00e3o ser debatidas nesta sexta-feira"},{"@type":"BreadcrumbList","@id":"https:\/\/portaltela.pt\/noticias\/2026\/04\/16\/regionalizacao-volta-ao-parlamento-travao-do-governo-ate-2029\/#breadcrumb","itemListElement":[{"@type":"ListItem","position":1,"name":"In\u00edcio","item":"https:\/\/portaltela.pt\/"},{"@type":"ListItem","position":2,"name":"Regionaliza\u00e7\u00e3o volta ao Parlamento, trav\u00e3o do Governo at\u00e9 2029"}]},{"@type":"WebSite","@id":"https:\/\/portaltela.pt\/#website","url":"https:\/\/portaltela.pt\/","name":"Portal Tela Portugal","description":"","potentialAction":[{"@type":"SearchAction","target":{"@type":"EntryPoint","urlTemplate":"https:\/\/portaltela.pt\/?s={search_term_string}"},"query-input":{"@type":"PropertyValueSpecification","valueRequired":true,"valueName":"search_term_string"}}],"inLanguage":"pt-PT"},{"@type":"Person","@id":"https:\/\/portaltela.pt\/#\/schema\/person\/c4278d4a6028830caff9ee44b42d32ed","name":"Telinha","image":{"@type":"ImageObject","inLanguage":"pt-PT","@id":"https:\/\/portaltela.pt\/s.01k8rhncp4jt1\/2025\/11\/talking-bot-125x125.png","url":"https:\/\/portaltela.pt\/s.01k8rhncp4jt1\/2025\/11\/talking-bot-125x125.png","contentUrl":"https:\/\/portaltela.pt\/s.01k8rhncp4jt1\/2025\/11\/talking-bot-125x125.png","caption":"Telinha"},"sameAs":["https:\/\/portaltela.pt\/"],"url":"https:\/\/portaltela.pt\/por\/367410592786\/"}]}},"_links":{"self":[{"href":"https:\/\/portaltela.pt\/api\/wp\/v2\/posts\/446812","targetHints":{"allow":["GET"]}}],"collection":[{"href":"https:\/\/portaltela.pt\/api\/wp\/v2\/posts"}],"about":[{"href":"https:\/\/portaltela.pt\/api\/wp\/v2\/types\/post"}],"author":[{"embeddable":true,"href":"https:\/\/portaltela.pt\/api\/wp\/v2\/users\/2"}],"replies":[{"embeddable":true,"href":"https:\/\/portaltela.pt\/api\/wp\/v2\/comments?post=446812"}],"version-history":[{"count":0,"href":"https:\/\/portaltela.pt\/api\/wp\/v2\/posts\/446812\/revisions"}],"wp:featuredmedia":[{"embeddable":true,"href":"https:\/\/portaltela.pt\/api\/wp\/v2\/media\/446816"}],"wp:attachment":[{"href":"https:\/\/portaltela.pt\/api\/wp\/v2\/media?parent=446812"}],"wp:term":[{"taxonomy":"category","embeddable":true,"href":"https:\/\/portaltela.pt\/api\/wp\/v2\/categories?post=446812"},{"taxonomy":"post_tag","embeddable":true,"href":"https:\/\/portaltela.pt\/api\/wp\/v2\/tags?post=446812"}],"curies":[{"name":"wp","href":"https:\/\/api.w.org\/{rel}","templated":true}]}}