{"id":446811,"date":"2026-04-16T14:33:13","date_gmt":"2026-04-16T17:33:13","guid":{"rendered":"https:\/\/portaltela.pt\/noticias\/2026\/04\/16\/macau-quer-usar-visita-de-lider-para-atrair-empresas-de-portugal-e-espanha\/"},"modified":"2026-04-16T14:33:13","modified_gmt":"2026-04-16T17:33:13","slug":"macau-quer-usar-visita-de-lider-para-atrair-empresas-de-portugal-e-espanha","status":"publish","type":"post","link":"https:\/\/portaltela.pt\/noticias\/economia\/2026\/04\/16\/macau-quer-usar-visita-de-lider-para-atrair-empresas-de-portugal-e-espanha\/","title":{"rendered":"Macau quer usar visita de l\u00edder para atrair empresas de Portugal e Espanha"},"content":{"rendered":"<p>O governo de Macau pretende aproveitar a visita de um l\u00edder para promover contactos com empresas de Portugal e Espanha. A iniciativa visa refor\u00e7ar la\u00e7os econ\u00f3micos e atrair investimento externo para a regi\u00e3o.<\/p>\n<p>Segundo fontes oficiais, o objetivo \u00e9 destacar oportunidades em setores estrat\u00e9gicos, como turismo, tecnologia e infraestruturas. A visita \u00e9 encarada como um impulso para fazer chegar propostas diretamente a parceiros ib\u00e9ricos.<\/p>\n<p>A a\u00e7\u00e3o ocorre no contexto de refor\u00e7o de rela\u00e7\u00f5es entre Macau e a comunidade empresarial europeia, com foco em coopera\u00e7\u00e3o bilateral, parcerias p\u00fablico-privadas e facilita\u00e7\u00e3o de neg\u00f3cios. A expectativa \u00e9 ver respostas concreteiras a curto prazo.<\/p>\n","protected":false},"excerpt":{"rendered":"<ul>\n<li>Macau quer aproveitar a visita de um l\u00edder para atrair empresas de Portugal e Espanha.<\/li>\n<li>a estrat\u00e9gia centra-se na atra\u00e7\u00e3o de investidores e empresas desses dois pa\u00edses.<\/li>\n<li>o conte\u00fado completo est\u00e1 dispon\u00edvel apenas para subscritores.<\/li>\n<li>n\u00e3o h\u00e1 mais detalhes fornecidos no excerto dispon\u00edvel.<\/li>\n<li>a abordagem \u00e9 apresentar Macau como destino empresarial durante a visita.<\/li>\n<\/ul>\n","protected":false},"author":2,"featured_media":446814,"comment_status":"closed","ping_status":"closed","sticky":false,"template":"","format":"standard","meta":{"footnotes":""},"categories":[2,6735],"tags":[244,256,2031,316,5386,1014],"class_list":["post-446811","post","type-post","status-publish","format-standard","has-post-thumbnail","hentry","category-economia","category-negocios","tag-comercio","tag-cooperacao-internacional","tag-espanha","tag-investimento","tag-macau","tag-portugal"],"yoast_head":"<!-- This site is optimized with the Yoast SEO plugin v27.2 - https:\/\/yoast.com\/product\/yoast-seo-wordpress\/ -->\n<title>Macau quer usar visita de l\u00edder para atrair empresas de Portugal e Espanha - Portal Tela Portugal<\/title>\n<meta name=\"robots\" content=\"index, follow, max-snippet:-1, max-image-preview:large, max-video-preview:-1\" \/>\n<meta property=\"og:locale\" content=\"pt_PT\" \/>\n<meta property=\"og:type\" content=\"article\" \/>\n<meta property=\"og:title\" content=\"Macau quer usar visita de l\u00edder para atrair empresas de Portugal e Espanha - Portal Tela Portugal\" \/>\n<meta property=\"og:description\" content=\"Macau quer aproveitar a visita de um l\u00edder para atrair empresas de Portugal e Espanha. a estrat\u00e9gia centra-se na atra\u00e7\u00e3o de investidores e empresas desses dois pa\u00edses. o conte\u00fado completo est\u00e1 dispon\u00edvel apenas para subscritores. n\u00e3o h\u00e1 mais detalhes fornecidos no excerto dispon\u00edvel. a abordagem \u00e9 apresentar Macau como destino empresarial durante a visita.\" \/>\n<meta property=\"og:url\" content=\"https:\/\/portaltela.pt\/noticias\/2026\/04\/16\/macau-quer-usar-visita-de-lider-para-atrair-empresas-de-portugal-e-espanha\/\" \/>\n<meta property=\"og:site_name\" content=\"Portal Tela Portugal\" \/>\n<meta property=\"article:published_time\" content=\"2026-04-16T17:33:13+00:00\" \/>\n<meta name=\"author\" content=\"Telinha\" \/>\n<meta name=\"twitter:card\" content=\"summary_large_image\" \/>\n<meta name=\"twitter:label1\" content=\"Escrito por\" \/>\n\t<meta name=\"twitter:data1\" content=\"Telinha\" \/>\n\t<meta name=\"twitter:label2\" content=\"Tempo estimado de leitura\" \/>\n\t<meta name=\"twitter:data2\" content=\"1 minuto\" \/>\n<script type=\"application\/ld+json\" class=\"yoast-schema-graph\">{\"@context\":\"https:\/\/schema.org\",\"@graph\":[{\"@type\":\"Article\",\"@id\":\"https:\/\/portaltela.pt\/noticias\/2026\/04\/16\/macau-quer-usar-visita-de-lider-para-atrair-empresas-de-portugal-e-espanha\/#article\",\"isPartOf\":{\"@id\":\"https:\/\/portaltela.pt\/noticias\/2026\/04\/16\/macau-quer-usar-visita-de-lider-para-atrair-empresas-de-portugal-e-espanha\/\"},\"author\":{\"name\":\"Telinha\",\"@id\":\"https:\/\/portaltela.pt\/#\/schema\/person\/c4278d4a6028830caff9ee44b42d32ed\"},\"headline\":\"Macau quer usar visita de l\u00edder para atrair empresas de Portugal e Espanha\",\"datePublished\":\"2026-04-16T17:33:13+00:00\",\"mainEntityOfPage\":{\"@id\":\"https:\/\/portaltela.pt\/noticias\/2026\/04\/16\/macau-quer-usar-visita-de-lider-para-atrair-empresas-de-portugal-e-espanha\/\"},\"wordCount\":125,\"image\":{\"@id\":\"https:\/\/portaltela.pt\/noticias\/2026\/04\/16\/macau-quer-usar-visita-de-lider-para-atrair-empresas-de-portugal-e-espanha\/#primaryimage\"},\"thumbnailUrl\":\"https:\/\/portaltela.pt\/s.01k8rhncp4jt1\/2026\/04\/CACHE_780X1200_ANALOG_WATERMARKED_44670662_7125103_28032025094145.jpg\",\"keywords\":[\"com\u00e9rcio\",\"coopera\u00e7\u00e3o internacional\",\"Espanha\",\"investimento\",\"Macau\",\"Portugal\"],\"articleSection\":[\"Economia\",\"Neg\u00f3cios\"],\"inLanguage\":\"pt-PT\"},{\"@type\":\"WebPage\",\"@id\":\"https:\/\/portaltela.pt\/noticias\/2026\/04\/16\/macau-quer-usar-visita-de-lider-para-atrair-empresas-de-portugal-e-espanha\/\",\"url\":\"https:\/\/portaltela.pt\/noticias\/2026\/04\/16\/macau-quer-usar-visita-de-lider-para-atrair-empresas-de-portugal-e-espanha\/\",\"name\":\"Macau quer usar visita de l\u00edder para atrair empresas de Portugal e Espanha - Portal Tela Portugal\",\"isPartOf\":{\"@id\":\"https:\/\/portaltela.pt\/#website\"},\"primaryImageOfPage\":{\"@id\":\"https:\/\/portaltela.pt\/noticias\/2026\/04\/16\/macau-quer-usar-visita-de-lider-para-atrair-empresas-de-portugal-e-espanha\/#primaryimage\"},\"image\":{\"@id\":\"https:\/\/portaltela.pt\/noticias\/2026\/04\/16\/macau-quer-usar-visita-de-lider-para-atrair-empresas-de-portugal-e-espanha\/#primaryimage\"},\"thumbnailUrl\":\"https:\/\/portaltela.pt\/s.01k8rhncp4jt1\/2026\/04\/CACHE_780X1200_ANALOG_WATERMARKED_44670662_7125103_28032025094145.jpg\",\"datePublished\":\"2026-04-16T17:33:13+00:00\",\"author\":{\"@id\":\"https:\/\/portaltela.pt\/#\/schema\/person\/c4278d4a6028830caff9ee44b42d32ed\"},\"breadcrumb\":{\"@id\":\"https:\/\/portaltela.pt\/noticias\/2026\/04\/16\/macau-quer-usar-visita-de-lider-para-atrair-empresas-de-portugal-e-espanha\/#breadcrumb\"},\"inLanguage\":\"pt-PT\",\"potentialAction\":[{\"@type\":\"ReadAction\",\"target\":[\"https:\/\/portaltela.pt\/noticias\/2026\/04\/16\/macau-quer-usar-visita-de-lider-para-atrair-empresas-de-portugal-e-espanha\/\"]}]},{\"@type\":\"ImageObject\",\"inLanguage\":\"pt-PT\",\"@id\":\"https:\/\/portaltela.pt\/noticias\/2026\/04\/16\/macau-quer-usar-visita-de-lider-para-atrair-empresas-de-portugal-e-espanha\/#primaryimage\",\"url\":\"https:\/\/portaltela.pt\/s.01k8rhncp4jt1\/2026\/04\/CACHE_780X1200_ANALOG_WATERMARKED_44670662_7125103_28032025094145.jpg\",\"contentUrl\":\"https:\/\/portaltela.pt\/s.01k8rhncp4jt1\/2026\/04\/CACHE_780X1200_ANALOG_WATERMARKED_44670662_7125103_28032025094145.jpg\",\"width\":796,\"height\":448,\"caption\":\"Photo\"},{\"@type\":\"BreadcrumbList\",\"@id\":\"https:\/\/portaltela.pt\/noticias\/2026\/04\/16\/macau-quer-usar-visita-de-lider-para-atrair-empresas-de-portugal-e-espanha\/#breadcrumb\",\"itemListElement\":[{\"@type\":\"ListItem\",\"position\":1,\"name\":\"In\u00edcio\",\"item\":\"https:\/\/portaltela.pt\/\"},{\"@type\":\"ListItem\",\"position\":2,\"name\":\"Macau quer usar visita de l\u00edder para atrair empresas de Portugal e Espanha\"}]},{\"@type\":\"WebSite\",\"@id\":\"https:\/\/portaltela.pt\/#website\",\"url\":\"https:\/\/portaltela.pt\/\",\"name\":\"Portal Tela Portugal\",\"description\":\"\",\"potentialAction\":[{\"@type\":\"SearchAction\",\"target\":{\"@type\":\"EntryPoint\",\"urlTemplate\":\"https:\/\/portaltela.pt\/?s={search_term_string}\"},\"query-input\":{\"@type\":\"PropertyValueSpecification\",\"valueRequired\":true,\"valueName\":\"search_term_string\"}}],\"inLanguage\":\"pt-PT\"},{\"@type\":\"Person\",\"@id\":\"https:\/\/portaltela.pt\/#\/schema\/person\/c4278d4a6028830caff9ee44b42d32ed\",\"name\":\"Telinha\",\"image\":{\"@type\":\"ImageObject\",\"inLanguage\":\"pt-PT\",\"@id\":\"https:\/\/portaltela.pt\/s.01k8rhncp4jt1\/2025\/11\/talking-bot-125x125.png\",\"url\":\"https:\/\/portaltela.pt\/s.01k8rhncp4jt1\/2025\/11\/talking-bot-125x125.png\",\"contentUrl\":\"https:\/\/portaltela.pt\/s.01k8rhncp4jt1\/2025\/11\/talking-bot-125x125.png\",\"caption\":\"Telinha\"},\"sameAs\":[\"https:\/\/portaltela.pt\/\"],\"url\":\"https:\/\/portaltela.pt\/por\/367410592786\/\"}]}<\/script>\n<!-- \/ Yoast SEO plugin. -->","yoast_head_json":{"title":"Macau quer usar visita de l\u00edder para atrair empresas de Portugal e Espanha - Portal Tela Portugal","robots":{"index":"index","follow":"follow","max-snippet":"max-snippet:-1","max-image-preview":"max-image-preview:large","max-video-preview":"max-video-preview:-1"},"og_locale":"pt_PT","og_type":"article","og_title":"Macau quer usar visita de l\u00edder para atrair empresas de Portugal e Espanha - Portal Tela Portugal","og_description":"Macau quer aproveitar a visita de um l\u00edder para atrair empresas de Portugal e Espanha. a estrat\u00e9gia centra-se na atra\u00e7\u00e3o de investidores e empresas desses dois pa\u00edses. o conte\u00fado completo est\u00e1 dispon\u00edvel apenas para subscritores. n\u00e3o h\u00e1 mais detalhes fornecidos no excerto dispon\u00edvel. a abordagem \u00e9 apresentar Macau como destino empresarial durante a visita.","og_url":"https:\/\/portaltela.pt\/noticias\/2026\/04\/16\/macau-quer-usar-visita-de-lider-para-atrair-empresas-de-portugal-e-espanha\/","og_site_name":"Portal Tela Portugal","article_published_time":"2026-04-16T17:33:13+00:00","author":"Telinha","twitter_card":"summary_large_image","twitter_misc":{"Escrito por":"Telinha","Tempo estimado de leitura":"1 minuto"},"schema":{"@context":"https:\/\/schema.org","@graph":[{"@type":"Article","@id":"https:\/\/portaltela.pt\/noticias\/2026\/04\/16\/macau-quer-usar-visita-de-lider-para-atrair-empresas-de-portugal-e-espanha\/#article","isPartOf":{"@id":"https:\/\/portaltela.pt\/noticias\/2026\/04\/16\/macau-quer-usar-visita-de-lider-para-atrair-empresas-de-portugal-e-espanha\/"},"author":{"name":"Telinha","@id":"https:\/\/portaltela.pt\/#\/schema\/person\/c4278d4a6028830caff9ee44b42d32ed"},"headline":"Macau quer usar visita de l\u00edder para atrair empresas de Portugal e Espanha","datePublished":"2026-04-16T17:33:13+00:00","mainEntityOfPage":{"@id":"https:\/\/portaltela.pt\/noticias\/2026\/04\/16\/macau-quer-usar-visita-de-lider-para-atrair-empresas-de-portugal-e-espanha\/"},"wordCount":125,"image":{"@id":"https:\/\/portaltela.pt\/noticias\/2026\/04\/16\/macau-quer-usar-visita-de-lider-para-atrair-empresas-de-portugal-e-espanha\/#primaryimage"},"thumbnailUrl":"https:\/\/portaltela.pt\/s.01k8rhncp4jt1\/2026\/04\/CACHE_780X1200_ANALOG_WATERMARKED_44670662_7125103_28032025094145.jpg","keywords":["com\u00e9rcio","coopera\u00e7\u00e3o internacional","Espanha","investimento","Macau","Portugal"],"articleSection":["Economia","Neg\u00f3cios"],"inLanguage":"pt-PT"},{"@type":"WebPage","@id":"https:\/\/portaltela.pt\/noticias\/2026\/04\/16\/macau-quer-usar-visita-de-lider-para-atrair-empresas-de-portugal-e-espanha\/","url":"https:\/\/portaltela.pt\/noticias\/2026\/04\/16\/macau-quer-usar-visita-de-lider-para-atrair-empresas-de-portugal-e-espanha\/","name":"Macau quer usar visita de l\u00edder para atrair empresas de Portugal e Espanha - Portal Tela Portugal","isPartOf":{"@id":"https:\/\/portaltela.pt\/#website"},"primaryImageOfPage":{"@id":"https:\/\/portaltela.pt\/noticias\/2026\/04\/16\/macau-quer-usar-visita-de-lider-para-atrair-empresas-de-portugal-e-espanha\/#primaryimage"},"image":{"@id":"https:\/\/portaltela.pt\/noticias\/2026\/04\/16\/macau-quer-usar-visita-de-lider-para-atrair-empresas-de-portugal-e-espanha\/#primaryimage"},"thumbnailUrl":"https:\/\/portaltela.pt\/s.01k8rhncp4jt1\/2026\/04\/CACHE_780X1200_ANALOG_WATERMARKED_44670662_7125103_28032025094145.jpg","datePublished":"2026-04-16T17:33:13+00:00","author":{"@id":"https:\/\/portaltela.pt\/#\/schema\/person\/c4278d4a6028830caff9ee44b42d32ed"},"breadcrumb":{"@id":"https:\/\/portaltela.pt\/noticias\/2026\/04\/16\/macau-quer-usar-visita-de-lider-para-atrair-empresas-de-portugal-e-espanha\/#breadcrumb"},"inLanguage":"pt-PT","potentialAction":[{"@type":"ReadAction","target":["https:\/\/portaltela.pt\/noticias\/2026\/04\/16\/macau-quer-usar-visita-de-lider-para-atrair-empresas-de-portugal-e-espanha\/"]}]},{"@type":"ImageObject","inLanguage":"pt-PT","@id":"https:\/\/portaltela.pt\/noticias\/2026\/04\/16\/macau-quer-usar-visita-de-lider-para-atrair-empresas-de-portugal-e-espanha\/#primaryimage","url":"https:\/\/portaltela.pt\/s.01k8rhncp4jt1\/2026\/04\/CACHE_780X1200_ANALOG_WATERMARKED_44670662_7125103_28032025094145.jpg","contentUrl":"https:\/\/portaltela.pt\/s.01k8rhncp4jt1\/2026\/04\/CACHE_780X1200_ANALOG_WATERMARKED_44670662_7125103_28032025094145.jpg","width":796,"height":448,"caption":"Photo"},{"@type":"BreadcrumbList","@id":"https:\/\/portaltela.pt\/noticias\/2026\/04\/16\/macau-quer-usar-visita-de-lider-para-atrair-empresas-de-portugal-e-espanha\/#breadcrumb","itemListElement":[{"@type":"ListItem","position":1,"name":"In\u00edcio","item":"https:\/\/portaltela.pt\/"},{"@type":"ListItem","position":2,"name":"Macau quer usar visita de l\u00edder para atrair empresas de Portugal e Espanha"}]},{"@type":"WebSite","@id":"https:\/\/portaltela.pt\/#website","url":"https:\/\/portaltela.pt\/","name":"Portal Tela Portugal","description":"","potentialAction":[{"@type":"SearchAction","target":{"@type":"EntryPoint","urlTemplate":"https:\/\/portaltela.pt\/?s={search_term_string}"},"query-input":{"@type":"PropertyValueSpecification","valueRequired":true,"valueName":"search_term_string"}}],"inLanguage":"pt-PT"},{"@type":"Person","@id":"https:\/\/portaltela.pt\/#\/schema\/person\/c4278d4a6028830caff9ee44b42d32ed","name":"Telinha","image":{"@type":"ImageObject","inLanguage":"pt-PT","@id":"https:\/\/portaltela.pt\/s.01k8rhncp4jt1\/2025\/11\/talking-bot-125x125.png","url":"https:\/\/portaltela.pt\/s.01k8rhncp4jt1\/2025\/11\/talking-bot-125x125.png","contentUrl":"https:\/\/portaltela.pt\/s.01k8rhncp4jt1\/2025\/11\/talking-bot-125x125.png","caption":"Telinha"},"sameAs":["https:\/\/portaltela.pt\/"],"url":"https:\/\/portaltela.pt\/por\/367410592786\/"}]}},"_links":{"self":[{"href":"https:\/\/portaltela.pt\/api\/wp\/v2\/posts\/446811","targetHints":{"allow":["GET"]}}],"collection":[{"href":"https:\/\/portaltela.pt\/api\/wp\/v2\/posts"}],"about":[{"href":"https:\/\/portaltela.pt\/api\/wp\/v2\/types\/post"}],"author":[{"embeddable":true,"href":"https:\/\/portaltela.pt\/api\/wp\/v2\/users\/2"}],"replies":[{"embeddable":true,"href":"https:\/\/portaltela.pt\/api\/wp\/v2\/comments?post=446811"}],"version-history":[{"count":0,"href":"https:\/\/portaltela.pt\/api\/wp\/v2\/posts\/446811\/revisions"}],"wp:featuredmedia":[{"embeddable":true,"href":"https:\/\/portaltela.pt\/api\/wp\/v2\/media\/446814"}],"wp:attachment":[{"href":"https:\/\/portaltela.pt\/api\/wp\/v2\/media?parent=446811"}],"wp:term":[{"taxonomy":"category","embeddable":true,"href":"https:\/\/portaltela.pt\/api\/wp\/v2\/categories?post=446811"},{"taxonomy":"post_tag","embeddable":true,"href":"https:\/\/portaltela.pt\/api\/wp\/v2\/tags?post=446811"}],"curies":[{"name":"wp","href":"https:\/\/api.w.org\/{rel}","templated":true}]}}