{"id":446798,"date":"2026-04-16T14:08:30","date_gmt":"2026-04-16T17:08:30","guid":{"rendered":"https:\/\/portaltela.pt\/noticias\/2026\/04\/16\/portugal-perdera-mais-de-dois-milhoes-de-habitantes-ate-2100\/"},"modified":"2026-04-16T14:08:30","modified_gmt":"2026-04-16T17:08:30","slug":"portugal-perdera-mais-de-dois-milhoes-de-habitantes-ate-2100","status":"publish","type":"post","link":"https:\/\/portaltela.pt\/sociedade\/2026\/04\/16\/portugal-perdera-mais-de-dois-milhoes-de-habitantes-ate-2100\/","title":{"rendered":"Portugal perder\u00e1 mais de dois milh\u00f5es de habitantes at\u00e9 2100"},"content":{"rendered":"<p>Portugal dever\u00e1 perder 20,1% da popula\u00e7\u00e3o at\u00e9 2100, segundo as proje\u00e7\u00f5es mais recentes do Eurostat, o que representa menos 2 190 636 pessoas no pa\u00eds ao longo das pr\u00f3ximas d\u00e9cadas.<\/p>\n<p>A estimativa aponta que a popula\u00e7\u00e3o dever\u00e1 crescer at\u00e9 2035, mas a partir da\u00ed iniciar um decl\u00ednio gradual que se prolonga at\u00e9 ao final do s\u00e9culo.<\/p>\n<h3>Proje\u00e7\u00f5es e compara\u00e7\u00e3o<\/h3>\n<p>A queda prevista \u00e9 quase o dobro da m\u00e9dia europeia, avaliada em 11,7%. A not\u00edcia aponta tamb\u00e9m n\u00fameros absolutos para Portugal.<\/p>\n<p>Este ano, a popula\u00e7\u00e3o situava-se em 10 871 014 habitantes, devendo cair para 8 680 378 no in\u00edcio do pr\u00f3ximo s\u00e9culo, fortalecendo a tend\u00eancia de decl\u00ednio demogr\u00e1fico a longo prazo.<\/p>\n","protected":false},"excerpt":{"rendered":"<ul>\n<li>Portugal pode perder 20,1% da sua popula\u00e7\u00e3o at\u00e9 2100, segundo proje\u00e7\u00f5es do Eurostat, equivalente a 2.190.636 pessoas a menos no pa\u00eds ao longo do s\u00e9culo.<\/li>\n<li>A descida \u00e9 superior \u00e0 m\u00e9dia europeia, que dever\u00e1 ficar em 11,7%.<\/li>\n<li>A proje\u00e7\u00e3o indica que a popula\u00e7\u00e3o deve crescer at\u00e9 2035, antes de uma tend\u00eancia de decl\u00ednio at\u00e9 ao fim do s\u00e9culo.<\/li>\n<li>Este ano, a estimativa aponta uma redu\u00e7\u00e3o de 10.871.014 habitantes para 8.680.378 no in\u00edcio do pr\u00f3ximo s\u00e9culo.<\/li>\n<li>O cen\u00e1rio sugere um decl\u00ednio demogr\u00e1fico de longo prazo em Portugal.<\/li>\n<\/ul>\n","protected":false},"author":2,"featured_media":446808,"comment_status":"closed","ping_status":"closed","sticky":false,"template":"","format":"standard","meta":{"footnotes":""},"categories":[7384,6871],"tags":[4947,2487,5547,40,6558,1014],"class_list":["post-446798","post","type-post","status-publish","format-standard","has-post-thumbnail","hentry","category-curiosidades","category-sociedade","tag-demografia","tag-europa","tag-informacao-internacional","tag-pessoas","tag-populacao-civil","tag-portugal"],"yoast_head":"<!-- This site is optimized with the Yoast SEO plugin v27.2 - https:\/\/yoast.com\/product\/yoast-seo-wordpress\/ -->\n<title>Portugal perder\u00e1 mais de dois milh\u00f5es de habitantes at\u00e9 2100 - Portal Tela Portugal<\/title>\n<meta name=\"robots\" content=\"index, follow, max-snippet:-1, max-image-preview:large, max-video-preview:-1\" \/>\n<meta property=\"og:locale\" content=\"pt_PT\" \/>\n<meta property=\"og:type\" content=\"article\" \/>\n<meta property=\"og:title\" content=\"Portugal perder\u00e1 mais de dois milh\u00f5es de habitantes at\u00e9 2100 - Portal Tela Portugal\" \/>\n<meta property=\"og:description\" content=\"Portugal pode perder 20,1% da sua popula\u00e7\u00e3o at\u00e9 2100, segundo proje\u00e7\u00f5es do Eurostat, equivalente a 2.190.636 pessoas a menos no pa\u00eds ao longo do s\u00e9culo. A descida \u00e9 superior \u00e0 m\u00e9dia europeia, que dever\u00e1 ficar em 11,7%. A proje\u00e7\u00e3o indica que a popula\u00e7\u00e3o deve crescer at\u00e9 2035, antes de uma tend\u00eancia de decl\u00ednio at\u00e9 ao fim do s\u00e9culo. Este ano, a estimativa aponta uma redu\u00e7\u00e3o de 10.871.014 habitantes para 8.680.378 no in\u00edcio do pr\u00f3ximo s\u00e9culo. O cen\u00e1rio sugere um decl\u00ednio demogr\u00e1fico de longo prazo em Portugal.\" \/>\n<meta property=\"og:url\" content=\"https:\/\/portaltela.pt\/noticias\/2026\/04\/16\/portugal-perdera-mais-de-dois-milhoes-de-habitantes-ate-2100\/\" \/>\n<meta property=\"og:site_name\" content=\"Portal Tela Portugal\" \/>\n<meta property=\"article:published_time\" content=\"2026-04-16T17:08:30+00:00\" \/>\n<meta name=\"author\" content=\"Telinha\" \/>\n<meta name=\"twitter:card\" content=\"summary_large_image\" \/>\n<meta name=\"twitter:label1\" content=\"Escrito por\" \/>\n\t<meta name=\"twitter:data1\" content=\"Telinha\" \/>\n\t<meta name=\"twitter:label2\" content=\"Tempo estimado de leitura\" \/>\n\t<meta name=\"twitter:data2\" content=\"1 minuto\" \/>\n<script type=\"application\/ld+json\" class=\"yoast-schema-graph\">{\"@context\":\"https:\/\/schema.org\",\"@graph\":[{\"@type\":\"Article\",\"@id\":\"https:\/\/portaltela.pt\/noticias\/2026\/04\/16\/portugal-perdera-mais-de-dois-milhoes-de-habitantes-ate-2100\/#article\",\"isPartOf\":{\"@id\":\"https:\/\/portaltela.pt\/noticias\/2026\/04\/16\/portugal-perdera-mais-de-dois-milhoes-de-habitantes-ate-2100\/\"},\"author\":{\"name\":\"Telinha\",\"@id\":\"https:\/\/portaltela.pt\/#\/schema\/person\/c4278d4a6028830caff9ee44b42d32ed\"},\"headline\":\"Portugal perder\u00e1 mais de dois milh\u00f5es de habitantes at\u00e9 2100\",\"datePublished\":\"2026-04-16T17:08:30+00:00\",\"mainEntityOfPage\":{\"@id\":\"https:\/\/portaltela.pt\/noticias\/2026\/04\/16\/portugal-perdera-mais-de-dois-milhoes-de-habitantes-ate-2100\/\"},\"wordCount\":127,\"image\":{\"@id\":\"https:\/\/portaltela.pt\/noticias\/2026\/04\/16\/portugal-perdera-mais-de-dois-milhoes-de-habitantes-ate-2100\/#primaryimage\"},\"thumbnailUrl\":\"https:\/\/portaltela.pt\/s.01k8rhncp4jt1\/2026\/04\/image-995.jpg\",\"keywords\":[\"demografia\",\"Europa\",\"informa\u00e7\u00e3o internacional\",\"pessoas\",\"popula\u00e7\u00e3o civil\",\"Portugal\"],\"articleSection\":[\"Curiosidades\",\"Sociedade\"],\"inLanguage\":\"pt-PT\"},{\"@type\":\"WebPage\",\"@id\":\"https:\/\/portaltela.pt\/noticias\/2026\/04\/16\/portugal-perdera-mais-de-dois-milhoes-de-habitantes-ate-2100\/\",\"url\":\"https:\/\/portaltela.pt\/noticias\/2026\/04\/16\/portugal-perdera-mais-de-dois-milhoes-de-habitantes-ate-2100\/\",\"name\":\"Portugal perder\u00e1 mais de dois milh\u00f5es de habitantes at\u00e9 2100 - Portal Tela Portugal\",\"isPartOf\":{\"@id\":\"https:\/\/portaltela.pt\/#website\"},\"primaryImageOfPage\":{\"@id\":\"https:\/\/portaltela.pt\/noticias\/2026\/04\/16\/portugal-perdera-mais-de-dois-milhoes-de-habitantes-ate-2100\/#primaryimage\"},\"image\":{\"@id\":\"https:\/\/portaltela.pt\/noticias\/2026\/04\/16\/portugal-perdera-mais-de-dois-milhoes-de-habitantes-ate-2100\/#primaryimage\"},\"thumbnailUrl\":\"https:\/\/portaltela.pt\/s.01k8rhncp4jt1\/2026\/04\/image-995.jpg\",\"datePublished\":\"2026-04-16T17:08:30+00:00\",\"author\":{\"@id\":\"https:\/\/portaltela.pt\/#\/schema\/person\/c4278d4a6028830caff9ee44b42d32ed\"},\"breadcrumb\":{\"@id\":\"https:\/\/portaltela.pt\/noticias\/2026\/04\/16\/portugal-perdera-mais-de-dois-milhoes-de-habitantes-ate-2100\/#breadcrumb\"},\"inLanguage\":\"pt-PT\",\"potentialAction\":[{\"@type\":\"ReadAction\",\"target\":[\"https:\/\/portaltela.pt\/noticias\/2026\/04\/16\/portugal-perdera-mais-de-dois-milhoes-de-habitantes-ate-2100\/\"]}]},{\"@type\":\"ImageObject\",\"inLanguage\":\"pt-PT\",\"@id\":\"https:\/\/portaltela.pt\/noticias\/2026\/04\/16\/portugal-perdera-mais-de-dois-milhoes-de-habitantes-ate-2100\/#primaryimage\",\"url\":\"https:\/\/portaltela.pt\/s.01k8rhncp4jt1\/2026\/04\/image-995.jpg\",\"contentUrl\":\"https:\/\/portaltela.pt\/s.01k8rhncp4jt1\/2026\/04\/image-995.jpg\",\"width\":796,\"height\":448,\"caption\":\"Popula\u00e7\u00e3o dever\u00e1 continuar a crescer at\u00e9 2035, mas a partir desse momento, o cen\u00e1rio inverte-se at\u00e9 ao final do s\u00e9culo\"},{\"@type\":\"BreadcrumbList\",\"@id\":\"https:\/\/portaltela.pt\/noticias\/2026\/04\/16\/portugal-perdera-mais-de-dois-milhoes-de-habitantes-ate-2100\/#breadcrumb\",\"itemListElement\":[{\"@type\":\"ListItem\",\"position\":1,\"name\":\"In\u00edcio\",\"item\":\"https:\/\/portaltela.pt\/\"},{\"@type\":\"ListItem\",\"position\":2,\"name\":\"Portugal perder\u00e1 mais de dois milh\u00f5es de habitantes at\u00e9 2100\"}]},{\"@type\":\"WebSite\",\"@id\":\"https:\/\/portaltela.pt\/#website\",\"url\":\"https:\/\/portaltela.pt\/\",\"name\":\"Portal Tela Portugal\",\"description\":\"\",\"potentialAction\":[{\"@type\":\"SearchAction\",\"target\":{\"@type\":\"EntryPoint\",\"urlTemplate\":\"https:\/\/portaltela.pt\/?s={search_term_string}\"},\"query-input\":{\"@type\":\"PropertyValueSpecification\",\"valueRequired\":true,\"valueName\":\"search_term_string\"}}],\"inLanguage\":\"pt-PT\"},{\"@type\":\"Person\",\"@id\":\"https:\/\/portaltela.pt\/#\/schema\/person\/c4278d4a6028830caff9ee44b42d32ed\",\"name\":\"Telinha\",\"image\":{\"@type\":\"ImageObject\",\"inLanguage\":\"pt-PT\",\"@id\":\"https:\/\/portaltela.pt\/s.01k8rhncp4jt1\/2025\/11\/talking-bot-125x125.png\",\"url\":\"https:\/\/portaltela.pt\/s.01k8rhncp4jt1\/2025\/11\/talking-bot-125x125.png\",\"contentUrl\":\"https:\/\/portaltela.pt\/s.01k8rhncp4jt1\/2025\/11\/talking-bot-125x125.png\",\"caption\":\"Telinha\"},\"sameAs\":[\"https:\/\/portaltela.pt\/\"],\"url\":\"https:\/\/portaltela.pt\/por\/367410592786\/\"}]}<\/script>\n<!-- \/ Yoast SEO plugin. -->","yoast_head_json":{"title":"Portugal perder\u00e1 mais de dois milh\u00f5es de habitantes at\u00e9 2100 - Portal Tela Portugal","robots":{"index":"index","follow":"follow","max-snippet":"max-snippet:-1","max-image-preview":"max-image-preview:large","max-video-preview":"max-video-preview:-1"},"og_locale":"pt_PT","og_type":"article","og_title":"Portugal perder\u00e1 mais de dois milh\u00f5es de habitantes at\u00e9 2100 - Portal Tela Portugal","og_description":"Portugal pode perder 20,1% da sua popula\u00e7\u00e3o at\u00e9 2100, segundo proje\u00e7\u00f5es do Eurostat, equivalente a 2.190.636 pessoas a menos no pa\u00eds ao longo do s\u00e9culo. A descida \u00e9 superior \u00e0 m\u00e9dia europeia, que dever\u00e1 ficar em 11,7%. A proje\u00e7\u00e3o indica que a popula\u00e7\u00e3o deve crescer at\u00e9 2035, antes de uma tend\u00eancia de decl\u00ednio at\u00e9 ao fim do s\u00e9culo. Este ano, a estimativa aponta uma redu\u00e7\u00e3o de 10.871.014 habitantes para 8.680.378 no in\u00edcio do pr\u00f3ximo s\u00e9culo. O cen\u00e1rio sugere um decl\u00ednio demogr\u00e1fico de longo prazo em Portugal.","og_url":"https:\/\/portaltela.pt\/noticias\/2026\/04\/16\/portugal-perdera-mais-de-dois-milhoes-de-habitantes-ate-2100\/","og_site_name":"Portal Tela Portugal","article_published_time":"2026-04-16T17:08:30+00:00","author":"Telinha","twitter_card":"summary_large_image","twitter_misc":{"Escrito por":"Telinha","Tempo estimado de leitura":"1 minuto"},"schema":{"@context":"https:\/\/schema.org","@graph":[{"@type":"Article","@id":"https:\/\/portaltela.pt\/noticias\/2026\/04\/16\/portugal-perdera-mais-de-dois-milhoes-de-habitantes-ate-2100\/#article","isPartOf":{"@id":"https:\/\/portaltela.pt\/noticias\/2026\/04\/16\/portugal-perdera-mais-de-dois-milhoes-de-habitantes-ate-2100\/"},"author":{"name":"Telinha","@id":"https:\/\/portaltela.pt\/#\/schema\/person\/c4278d4a6028830caff9ee44b42d32ed"},"headline":"Portugal perder\u00e1 mais de dois milh\u00f5es de habitantes at\u00e9 2100","datePublished":"2026-04-16T17:08:30+00:00","mainEntityOfPage":{"@id":"https:\/\/portaltela.pt\/noticias\/2026\/04\/16\/portugal-perdera-mais-de-dois-milhoes-de-habitantes-ate-2100\/"},"wordCount":127,"image":{"@id":"https:\/\/portaltela.pt\/noticias\/2026\/04\/16\/portugal-perdera-mais-de-dois-milhoes-de-habitantes-ate-2100\/#primaryimage"},"thumbnailUrl":"https:\/\/portaltela.pt\/s.01k8rhncp4jt1\/2026\/04\/image-995.jpg","keywords":["demografia","Europa","informa\u00e7\u00e3o internacional","pessoas","popula\u00e7\u00e3o civil","Portugal"],"articleSection":["Curiosidades","Sociedade"],"inLanguage":"pt-PT"},{"@type":"WebPage","@id":"https:\/\/portaltela.pt\/noticias\/2026\/04\/16\/portugal-perdera-mais-de-dois-milhoes-de-habitantes-ate-2100\/","url":"https:\/\/portaltela.pt\/noticias\/2026\/04\/16\/portugal-perdera-mais-de-dois-milhoes-de-habitantes-ate-2100\/","name":"Portugal perder\u00e1 mais de dois milh\u00f5es de habitantes at\u00e9 2100 - Portal Tela Portugal","isPartOf":{"@id":"https:\/\/portaltela.pt\/#website"},"primaryImageOfPage":{"@id":"https:\/\/portaltela.pt\/noticias\/2026\/04\/16\/portugal-perdera-mais-de-dois-milhoes-de-habitantes-ate-2100\/#primaryimage"},"image":{"@id":"https:\/\/portaltela.pt\/noticias\/2026\/04\/16\/portugal-perdera-mais-de-dois-milhoes-de-habitantes-ate-2100\/#primaryimage"},"thumbnailUrl":"https:\/\/portaltela.pt\/s.01k8rhncp4jt1\/2026\/04\/image-995.jpg","datePublished":"2026-04-16T17:08:30+00:00","author":{"@id":"https:\/\/portaltela.pt\/#\/schema\/person\/c4278d4a6028830caff9ee44b42d32ed"},"breadcrumb":{"@id":"https:\/\/portaltela.pt\/noticias\/2026\/04\/16\/portugal-perdera-mais-de-dois-milhoes-de-habitantes-ate-2100\/#breadcrumb"},"inLanguage":"pt-PT","potentialAction":[{"@type":"ReadAction","target":["https:\/\/portaltela.pt\/noticias\/2026\/04\/16\/portugal-perdera-mais-de-dois-milhoes-de-habitantes-ate-2100\/"]}]},{"@type":"ImageObject","inLanguage":"pt-PT","@id":"https:\/\/portaltela.pt\/noticias\/2026\/04\/16\/portugal-perdera-mais-de-dois-milhoes-de-habitantes-ate-2100\/#primaryimage","url":"https:\/\/portaltela.pt\/s.01k8rhncp4jt1\/2026\/04\/image-995.jpg","contentUrl":"https:\/\/portaltela.pt\/s.01k8rhncp4jt1\/2026\/04\/image-995.jpg","width":796,"height":448,"caption":"Popula\u00e7\u00e3o dever\u00e1 continuar a crescer at\u00e9 2035, mas a partir desse momento, o cen\u00e1rio inverte-se at\u00e9 ao final do s\u00e9culo"},{"@type":"BreadcrumbList","@id":"https:\/\/portaltela.pt\/noticias\/2026\/04\/16\/portugal-perdera-mais-de-dois-milhoes-de-habitantes-ate-2100\/#breadcrumb","itemListElement":[{"@type":"ListItem","position":1,"name":"In\u00edcio","item":"https:\/\/portaltela.pt\/"},{"@type":"ListItem","position":2,"name":"Portugal perder\u00e1 mais de dois milh\u00f5es de habitantes at\u00e9 2100"}]},{"@type":"WebSite","@id":"https:\/\/portaltela.pt\/#website","url":"https:\/\/portaltela.pt\/","name":"Portal Tela Portugal","description":"","potentialAction":[{"@type":"SearchAction","target":{"@type":"EntryPoint","urlTemplate":"https:\/\/portaltela.pt\/?s={search_term_string}"},"query-input":{"@type":"PropertyValueSpecification","valueRequired":true,"valueName":"search_term_string"}}],"inLanguage":"pt-PT"},{"@type":"Person","@id":"https:\/\/portaltela.pt\/#\/schema\/person\/c4278d4a6028830caff9ee44b42d32ed","name":"Telinha","image":{"@type":"ImageObject","inLanguage":"pt-PT","@id":"https:\/\/portaltela.pt\/s.01k8rhncp4jt1\/2025\/11\/talking-bot-125x125.png","url":"https:\/\/portaltela.pt\/s.01k8rhncp4jt1\/2025\/11\/talking-bot-125x125.png","contentUrl":"https:\/\/portaltela.pt\/s.01k8rhncp4jt1\/2025\/11\/talking-bot-125x125.png","caption":"Telinha"},"sameAs":["https:\/\/portaltela.pt\/"],"url":"https:\/\/portaltela.pt\/por\/367410592786\/"}]}},"_links":{"self":[{"href":"https:\/\/portaltela.pt\/api\/wp\/v2\/posts\/446798","targetHints":{"allow":["GET"]}}],"collection":[{"href":"https:\/\/portaltela.pt\/api\/wp\/v2\/posts"}],"about":[{"href":"https:\/\/portaltela.pt\/api\/wp\/v2\/types\/post"}],"author":[{"embeddable":true,"href":"https:\/\/portaltela.pt\/api\/wp\/v2\/users\/2"}],"replies":[{"embeddable":true,"href":"https:\/\/portaltela.pt\/api\/wp\/v2\/comments?post=446798"}],"version-history":[{"count":0,"href":"https:\/\/portaltela.pt\/api\/wp\/v2\/posts\/446798\/revisions"}],"wp:featuredmedia":[{"embeddable":true,"href":"https:\/\/portaltela.pt\/api\/wp\/v2\/media\/446808"}],"wp:attachment":[{"href":"https:\/\/portaltela.pt\/api\/wp\/v2\/media?parent=446798"}],"wp:term":[{"taxonomy":"category","embeddable":true,"href":"https:\/\/portaltela.pt\/api\/wp\/v2\/categories?post=446798"},{"taxonomy":"post_tag","embeddable":true,"href":"https:\/\/portaltela.pt\/api\/wp\/v2\/tags?post=446798"}],"curies":[{"name":"wp","href":"https:\/\/api.w.org\/{rel}","templated":true}]}}