{"id":446792,"date":"2026-04-16T14:08:12","date_gmt":"2026-04-16T17:08:12","guid":{"rendered":"https:\/\/portaltela.pt\/noticias\/2026\/04\/16\/presidente-do-conselho-fiscal-do-v-guimaraes-alerta-defice-que-aumenta-passivo\/"},"modified":"2026-04-16T14:08:12","modified_gmt":"2026-04-16T17:08:12","slug":"presidente-do-conselho-fiscal-do-v-guimaraes-alerta-defice-que-aumenta-passivo","status":"publish","type":"post","link":"https:\/\/portaltela.pt\/desporto\/futebol\/2026\/04\/16\/presidente-do-conselho-fiscal-do-v-guimaraes-alerta-defice-que-aumenta-passivo\/","title":{"rendered":"Presidente do Conselho Fiscal do V. Guimar\u00e3es alerta d\u00e9fice que aumenta passivo"},"content":{"rendered":"<p>Dinis Monteiro, presidente do Conselho Fiscal do Vit\u00f3ria FC, concedeu uma entrevista ao Grupo Santiago para discutir a situa\u00e7\u00e3o financeira da SAD minhota. Alertou para um d\u00e9fice significativo que est\u00e1 a puxar o passivo para valores elevados.<\/p>\n<p>Segundo o respons\u00e1vel, a conjuntura atual difere da \u00e9poca de 2024\/2025, quando houve recordes de pontos e de receitas correntes, bem como de vendas de atletas. As receitas da UEFA n\u00e3o est\u00e3o a entrar, e as vendas de jogadores foram menos expressivas, aumentando o d\u00e9fice.<\/p>\n<p>As contas finais de 30 de Junho de 2025 ainda est\u00e3o por sofrer confirma\u00e7\u00e3o. A dire\u00e7\u00e3o prev\u00ea analisar o resultado apenas quando as contas de 2026 estiverem fechadas, o que pode influenciar o montante e a composi\u00e7\u00e3o do passivo.<\/p>\n<h3>Apelo aos candidatos<\/h3>\n<p>Dinis Monteiro defendeu que a dire\u00e7\u00e3o cessante deve maximizar as vendas e cumprir objetivos m\u00ednimos para manter o clube est\u00e1vel para quem o suceder. O Conselho Fiscal acompanhar\u00e1 o trabalho at\u00e9 ao fim, monitorizando a evolu\u00e7\u00e3o financeira.<\/p>\n<p>O dirigente refor\u00e7ou a ideia de que quem quiser ser candidato precisa compreender a dimens\u00e3o do Vit\u00f3ria e o estado econ\u00f3mico-financeiro da SAD. A responsabilidade recai sobre candidatos e \u00f3rg\u00e3os sociais, mesmo em ren\u00fancia.<\/p>\n","protected":false},"excerpt":{"rendered":"<ul>\n<li>O presidente do Conselho Fiscal do Vit\u00f3ria, Dinis Monteiro, afirma que a SAD minhota enfrenta um d\u00e9fice grande que faz disparar o passivo.<\/li>\n<li>Segundo Monteiro, as contas a 30 de junho de 2025 mostram um passivo j\u00e1 alto, apesar de uma melhoria face ao ano anterior, devido a receitas correntes e de vendas de atletas recordes na \u00e9poca anterior.<\/li>\n<li>A \u00e9poca sem receitas da UEFA e com vendas de jogadores reduzidas, concentradas na janela de agosto, explica o d\u00e9fice e o aumento do passivo.<\/li>\n<li>As contas finais s\u00f3 ser\u00e3o conhecidas ap\u00f3s o fecho de contas a 30 de junho de 2026, altura em que se saber\u00e1 o valor exato do passivo e a sua composi\u00e7\u00e3o.<\/li>\n<li>O dirigente apela \u00e0 responsabilidade dos candidatos, defendendo o apoio \u00e0 dire\u00e7\u00e3o cessante para maximizar vendas e manter o clube o mais est\u00e1vel poss\u00edvel para quem o suceder.<\/li>\n<\/ul>\n","protected":false},"author":2,"featured_media":446803,"comment_status":"closed","ping_status":"closed","sticky":false,"template":"","format":"standard","meta":{"footnotes":""},"categories":[21,24],"tags":[28,2584,32,2415,50,2428],"class_list":["post-446792","post","type-post","status-publish","format-standard","has-post-thumbnail","hentry","category-desporto","category-futebol","tag-economia","tag-financas","tag-futebol","tag-gestao","tag-mercado-da-bola","tag-vitoria"],"yoast_head":"<!-- This site is optimized with the Yoast SEO plugin v27.2 - https:\/\/yoast.com\/product\/yoast-seo-wordpress\/ -->\n<title>Presidente do Conselho Fiscal do V. Guimar\u00e3es alerta d\u00e9fice que aumenta passivo - Portal Tela Portugal<\/title>\n<meta name=\"robots\" content=\"index, follow, max-snippet:-1, max-image-preview:large, max-video-preview:-1\" \/>\n<meta property=\"og:locale\" content=\"pt_PT\" \/>\n<meta property=\"og:type\" content=\"article\" \/>\n<meta property=\"og:title\" content=\"Presidente do Conselho Fiscal do V. Guimar\u00e3es alerta d\u00e9fice que aumenta passivo - Portal Tela Portugal\" \/>\n<meta property=\"og:description\" content=\"O presidente do Conselho Fiscal do Vit\u00f3ria, Dinis Monteiro, afirma que a SAD minhota enfrenta um d\u00e9fice grande que faz disparar o passivo. Segundo Monteiro, as contas a 30 de junho de 2025 mostram um passivo j\u00e1 alto, apesar de uma melhoria face ao ano anterior, devido a receitas correntes e de vendas de atletas recordes na \u00e9poca anterior. A \u00e9poca sem receitas da UEFA e com vendas de jogadores reduzidas, concentradas na janela de agosto, explica o d\u00e9fice e o aumento do passivo. As contas finais s\u00f3 ser\u00e3o conhecidas ap\u00f3s o fecho de contas a 30 de junho de 2026, altura em que se saber\u00e1 o valor exato do passivo e a sua composi\u00e7\u00e3o. O dirigente apela \u00e0 responsabilidade dos candidatos, defendendo o apoio \u00e0 dire\u00e7\u00e3o cessante para maximizar vendas e manter o clube o mais est\u00e1vel poss\u00edvel para quem o suceder.\" \/>\n<meta property=\"og:url\" content=\"https:\/\/portaltela.pt\/noticias\/2026\/04\/16\/presidente-do-conselho-fiscal-do-v-guimaraes-alerta-defice-que-aumenta-passivo\/\" \/>\n<meta property=\"og:site_name\" content=\"Portal Tela Portugal\" \/>\n<meta property=\"article:published_time\" content=\"2026-04-16T17:08:12+00:00\" \/>\n<meta name=\"author\" content=\"Telinha\" \/>\n<meta name=\"twitter:card\" content=\"summary_large_image\" \/>\n<meta name=\"twitter:label1\" content=\"Escrito por\" \/>\n\t<meta name=\"twitter:data1\" content=\"Telinha\" \/>\n\t<meta name=\"twitter:label2\" content=\"Tempo estimado de leitura\" \/>\n\t<meta name=\"twitter:data2\" content=\"1 minuto\" \/>\n<script type=\"application\/ld+json\" class=\"yoast-schema-graph\">{\"@context\":\"https:\/\/schema.org\",\"@graph\":[{\"@type\":\"Article\",\"@id\":\"https:\/\/portaltela.pt\/noticias\/2026\/04\/16\/presidente-do-conselho-fiscal-do-v-guimaraes-alerta-defice-que-aumenta-passivo\/#article\",\"isPartOf\":{\"@id\":\"https:\/\/portaltela.pt\/noticias\/2026\/04\/16\/presidente-do-conselho-fiscal-do-v-guimaraes-alerta-defice-que-aumenta-passivo\/\"},\"author\":{\"name\":\"Telinha\",\"@id\":\"https:\/\/portaltela.pt\/#\/schema\/person\/c4278d4a6028830caff9ee44b42d32ed\"},\"headline\":\"Presidente do Conselho Fiscal do V. Guimar\u00e3es alerta d\u00e9fice que aumenta passivo\",\"datePublished\":\"2026-04-16T17:08:12+00:00\",\"mainEntityOfPage\":{\"@id\":\"https:\/\/portaltela.pt\/noticias\/2026\/04\/16\/presidente-do-conselho-fiscal-do-v-guimaraes-alerta-defice-que-aumenta-passivo\/\"},\"wordCount\":226,\"image\":{\"@id\":\"https:\/\/portaltela.pt\/noticias\/2026\/04\/16\/presidente-do-conselho-fiscal-do-v-guimaraes-alerta-defice-que-aumenta-passivo\/#primaryimage\"},\"thumbnailUrl\":\"https:\/\/portaltela.pt\/s.01k8rhncp4jt1\/2026\/04\/img_293x165uu2025-04-05-12-22-08-2354043-im-639094433439668748.jpg\",\"keywords\":[\"economia\",\"finan\u00e7as\",\"futebol\",\"gest\u00e3o\",\"mercado da bola\",\"Vit\u00f3ria\"],\"articleSection\":[\"Desporto\",\"Futebol\"],\"inLanguage\":\"pt-PT\"},{\"@type\":\"WebPage\",\"@id\":\"https:\/\/portaltela.pt\/noticias\/2026\/04\/16\/presidente-do-conselho-fiscal-do-v-guimaraes-alerta-defice-que-aumenta-passivo\/\",\"url\":\"https:\/\/portaltela.pt\/noticias\/2026\/04\/16\/presidente-do-conselho-fiscal-do-v-guimaraes-alerta-defice-que-aumenta-passivo\/\",\"name\":\"Presidente do Conselho Fiscal do V. Guimar\u00e3es alerta d\u00e9fice que aumenta passivo - Portal Tela Portugal\",\"isPartOf\":{\"@id\":\"https:\/\/portaltela.pt\/#website\"},\"primaryImageOfPage\":{\"@id\":\"https:\/\/portaltela.pt\/noticias\/2026\/04\/16\/presidente-do-conselho-fiscal-do-v-guimaraes-alerta-defice-que-aumenta-passivo\/#primaryimage\"},\"image\":{\"@id\":\"https:\/\/portaltela.pt\/noticias\/2026\/04\/16\/presidente-do-conselho-fiscal-do-v-guimaraes-alerta-defice-que-aumenta-passivo\/#primaryimage\"},\"thumbnailUrl\":\"https:\/\/portaltela.pt\/s.01k8rhncp4jt1\/2026\/04\/img_293x165uu2025-04-05-12-22-08-2354043-im-639094433439668748.jpg\",\"datePublished\":\"2026-04-16T17:08:12+00:00\",\"author\":{\"@id\":\"https:\/\/portaltela.pt\/#\/schema\/person\/c4278d4a6028830caff9ee44b42d32ed\"},\"breadcrumb\":{\"@id\":\"https:\/\/portaltela.pt\/noticias\/2026\/04\/16\/presidente-do-conselho-fiscal-do-v-guimaraes-alerta-defice-que-aumenta-passivo\/#breadcrumb\"},\"inLanguage\":\"pt-PT\",\"potentialAction\":[{\"@type\":\"ReadAction\",\"target\":[\"https:\/\/portaltela.pt\/noticias\/2026\/04\/16\/presidente-do-conselho-fiscal-do-v-guimaraes-alerta-defice-que-aumenta-passivo\/\"]}]},{\"@type\":\"ImageObject\",\"inLanguage\":\"pt-PT\",\"@id\":\"https:\/\/portaltela.pt\/noticias\/2026\/04\/16\/presidente-do-conselho-fiscal-do-v-guimaraes-alerta-defice-que-aumenta-passivo\/#primaryimage\",\"url\":\"https:\/\/portaltela.pt\/s.01k8rhncp4jt1\/2026\/04\/img_293x165uu2025-04-05-12-22-08-2354043-im-639094433439668748.jpg\",\"contentUrl\":\"https:\/\/portaltela.pt\/s.01k8rhncp4jt1\/2026\/04\/img_293x165uu2025-04-05-12-22-08-2354043-im-639094433439668748.jpg\",\"width\":796,\"height\":448,\"caption\":\"Est\u00e1dio D. Afonso Henriques\"},{\"@type\":\"BreadcrumbList\",\"@id\":\"https:\/\/portaltela.pt\/noticias\/2026\/04\/16\/presidente-do-conselho-fiscal-do-v-guimaraes-alerta-defice-que-aumenta-passivo\/#breadcrumb\",\"itemListElement\":[{\"@type\":\"ListItem\",\"position\":1,\"name\":\"In\u00edcio\",\"item\":\"https:\/\/portaltela.pt\/\"},{\"@type\":\"ListItem\",\"position\":2,\"name\":\"Presidente do Conselho Fiscal do V. Guimar\u00e3es alerta d\u00e9fice que aumenta passivo\"}]},{\"@type\":\"WebSite\",\"@id\":\"https:\/\/portaltela.pt\/#website\",\"url\":\"https:\/\/portaltela.pt\/\",\"name\":\"Portal Tela Portugal\",\"description\":\"\",\"potentialAction\":[{\"@type\":\"SearchAction\",\"target\":{\"@type\":\"EntryPoint\",\"urlTemplate\":\"https:\/\/portaltela.pt\/?s={search_term_string}\"},\"query-input\":{\"@type\":\"PropertyValueSpecification\",\"valueRequired\":true,\"valueName\":\"search_term_string\"}}],\"inLanguage\":\"pt-PT\"},{\"@type\":\"Person\",\"@id\":\"https:\/\/portaltela.pt\/#\/schema\/person\/c4278d4a6028830caff9ee44b42d32ed\",\"name\":\"Telinha\",\"image\":{\"@type\":\"ImageObject\",\"inLanguage\":\"pt-PT\",\"@id\":\"https:\/\/portaltela.pt\/s.01k8rhncp4jt1\/2025\/11\/talking-bot-125x125.png\",\"url\":\"https:\/\/portaltela.pt\/s.01k8rhncp4jt1\/2025\/11\/talking-bot-125x125.png\",\"contentUrl\":\"https:\/\/portaltela.pt\/s.01k8rhncp4jt1\/2025\/11\/talking-bot-125x125.png\",\"caption\":\"Telinha\"},\"sameAs\":[\"https:\/\/portaltela.pt\/\"],\"url\":\"https:\/\/portaltela.pt\/por\/367410592786\/\"}]}<\/script>\n<!-- \/ Yoast SEO plugin. -->","yoast_head_json":{"title":"Presidente do Conselho Fiscal do V. Guimar\u00e3es alerta d\u00e9fice que aumenta passivo - Portal Tela Portugal","robots":{"index":"index","follow":"follow","max-snippet":"max-snippet:-1","max-image-preview":"max-image-preview:large","max-video-preview":"max-video-preview:-1"},"og_locale":"pt_PT","og_type":"article","og_title":"Presidente do Conselho Fiscal do V. Guimar\u00e3es alerta d\u00e9fice que aumenta passivo - Portal Tela Portugal","og_description":"O presidente do Conselho Fiscal do Vit\u00f3ria, Dinis Monteiro, afirma que a SAD minhota enfrenta um d\u00e9fice grande que faz disparar o passivo. Segundo Monteiro, as contas a 30 de junho de 2025 mostram um passivo j\u00e1 alto, apesar de uma melhoria face ao ano anterior, devido a receitas correntes e de vendas de atletas recordes na \u00e9poca anterior. A \u00e9poca sem receitas da UEFA e com vendas de jogadores reduzidas, concentradas na janela de agosto, explica o d\u00e9fice e o aumento do passivo. As contas finais s\u00f3 ser\u00e3o conhecidas ap\u00f3s o fecho de contas a 30 de junho de 2026, altura em que se saber\u00e1 o valor exato do passivo e a sua composi\u00e7\u00e3o. O dirigente apela \u00e0 responsabilidade dos candidatos, defendendo o apoio \u00e0 dire\u00e7\u00e3o cessante para maximizar vendas e manter o clube o mais est\u00e1vel poss\u00edvel para quem o suceder.","og_url":"https:\/\/portaltela.pt\/noticias\/2026\/04\/16\/presidente-do-conselho-fiscal-do-v-guimaraes-alerta-defice-que-aumenta-passivo\/","og_site_name":"Portal Tela Portugal","article_published_time":"2026-04-16T17:08:12+00:00","author":"Telinha","twitter_card":"summary_large_image","twitter_misc":{"Escrito por":"Telinha","Tempo estimado de leitura":"1 minuto"},"schema":{"@context":"https:\/\/schema.org","@graph":[{"@type":"Article","@id":"https:\/\/portaltela.pt\/noticias\/2026\/04\/16\/presidente-do-conselho-fiscal-do-v-guimaraes-alerta-defice-que-aumenta-passivo\/#article","isPartOf":{"@id":"https:\/\/portaltela.pt\/noticias\/2026\/04\/16\/presidente-do-conselho-fiscal-do-v-guimaraes-alerta-defice-que-aumenta-passivo\/"},"author":{"name":"Telinha","@id":"https:\/\/portaltela.pt\/#\/schema\/person\/c4278d4a6028830caff9ee44b42d32ed"},"headline":"Presidente do Conselho Fiscal do V. Guimar\u00e3es alerta d\u00e9fice que aumenta passivo","datePublished":"2026-04-16T17:08:12+00:00","mainEntityOfPage":{"@id":"https:\/\/portaltela.pt\/noticias\/2026\/04\/16\/presidente-do-conselho-fiscal-do-v-guimaraes-alerta-defice-que-aumenta-passivo\/"},"wordCount":226,"image":{"@id":"https:\/\/portaltela.pt\/noticias\/2026\/04\/16\/presidente-do-conselho-fiscal-do-v-guimaraes-alerta-defice-que-aumenta-passivo\/#primaryimage"},"thumbnailUrl":"https:\/\/portaltela.pt\/s.01k8rhncp4jt1\/2026\/04\/img_293x165uu2025-04-05-12-22-08-2354043-im-639094433439668748.jpg","keywords":["economia","finan\u00e7as","futebol","gest\u00e3o","mercado da bola","Vit\u00f3ria"],"articleSection":["Desporto","Futebol"],"inLanguage":"pt-PT"},{"@type":"WebPage","@id":"https:\/\/portaltela.pt\/noticias\/2026\/04\/16\/presidente-do-conselho-fiscal-do-v-guimaraes-alerta-defice-que-aumenta-passivo\/","url":"https:\/\/portaltela.pt\/noticias\/2026\/04\/16\/presidente-do-conselho-fiscal-do-v-guimaraes-alerta-defice-que-aumenta-passivo\/","name":"Presidente do Conselho Fiscal do V. Guimar\u00e3es alerta d\u00e9fice que aumenta passivo - Portal Tela Portugal","isPartOf":{"@id":"https:\/\/portaltela.pt\/#website"},"primaryImageOfPage":{"@id":"https:\/\/portaltela.pt\/noticias\/2026\/04\/16\/presidente-do-conselho-fiscal-do-v-guimaraes-alerta-defice-que-aumenta-passivo\/#primaryimage"},"image":{"@id":"https:\/\/portaltela.pt\/noticias\/2026\/04\/16\/presidente-do-conselho-fiscal-do-v-guimaraes-alerta-defice-que-aumenta-passivo\/#primaryimage"},"thumbnailUrl":"https:\/\/portaltela.pt\/s.01k8rhncp4jt1\/2026\/04\/img_293x165uu2025-04-05-12-22-08-2354043-im-639094433439668748.jpg","datePublished":"2026-04-16T17:08:12+00:00","author":{"@id":"https:\/\/portaltela.pt\/#\/schema\/person\/c4278d4a6028830caff9ee44b42d32ed"},"breadcrumb":{"@id":"https:\/\/portaltela.pt\/noticias\/2026\/04\/16\/presidente-do-conselho-fiscal-do-v-guimaraes-alerta-defice-que-aumenta-passivo\/#breadcrumb"},"inLanguage":"pt-PT","potentialAction":[{"@type":"ReadAction","target":["https:\/\/portaltela.pt\/noticias\/2026\/04\/16\/presidente-do-conselho-fiscal-do-v-guimaraes-alerta-defice-que-aumenta-passivo\/"]}]},{"@type":"ImageObject","inLanguage":"pt-PT","@id":"https:\/\/portaltela.pt\/noticias\/2026\/04\/16\/presidente-do-conselho-fiscal-do-v-guimaraes-alerta-defice-que-aumenta-passivo\/#primaryimage","url":"https:\/\/portaltela.pt\/s.01k8rhncp4jt1\/2026\/04\/img_293x165uu2025-04-05-12-22-08-2354043-im-639094433439668748.jpg","contentUrl":"https:\/\/portaltela.pt\/s.01k8rhncp4jt1\/2026\/04\/img_293x165uu2025-04-05-12-22-08-2354043-im-639094433439668748.jpg","width":796,"height":448,"caption":"Est\u00e1dio D. Afonso Henriques"},{"@type":"BreadcrumbList","@id":"https:\/\/portaltela.pt\/noticias\/2026\/04\/16\/presidente-do-conselho-fiscal-do-v-guimaraes-alerta-defice-que-aumenta-passivo\/#breadcrumb","itemListElement":[{"@type":"ListItem","position":1,"name":"In\u00edcio","item":"https:\/\/portaltela.pt\/"},{"@type":"ListItem","position":2,"name":"Presidente do Conselho Fiscal do V. Guimar\u00e3es alerta d\u00e9fice que aumenta passivo"}]},{"@type":"WebSite","@id":"https:\/\/portaltela.pt\/#website","url":"https:\/\/portaltela.pt\/","name":"Portal Tela Portugal","description":"","potentialAction":[{"@type":"SearchAction","target":{"@type":"EntryPoint","urlTemplate":"https:\/\/portaltela.pt\/?s={search_term_string}"},"query-input":{"@type":"PropertyValueSpecification","valueRequired":true,"valueName":"search_term_string"}}],"inLanguage":"pt-PT"},{"@type":"Person","@id":"https:\/\/portaltela.pt\/#\/schema\/person\/c4278d4a6028830caff9ee44b42d32ed","name":"Telinha","image":{"@type":"ImageObject","inLanguage":"pt-PT","@id":"https:\/\/portaltela.pt\/s.01k8rhncp4jt1\/2025\/11\/talking-bot-125x125.png","url":"https:\/\/portaltela.pt\/s.01k8rhncp4jt1\/2025\/11\/talking-bot-125x125.png","contentUrl":"https:\/\/portaltela.pt\/s.01k8rhncp4jt1\/2025\/11\/talking-bot-125x125.png","caption":"Telinha"},"sameAs":["https:\/\/portaltela.pt\/"],"url":"https:\/\/portaltela.pt\/por\/367410592786\/"}]}},"_links":{"self":[{"href":"https:\/\/portaltela.pt\/api\/wp\/v2\/posts\/446792","targetHints":{"allow":["GET"]}}],"collection":[{"href":"https:\/\/portaltela.pt\/api\/wp\/v2\/posts"}],"about":[{"href":"https:\/\/portaltela.pt\/api\/wp\/v2\/types\/post"}],"author":[{"embeddable":true,"href":"https:\/\/portaltela.pt\/api\/wp\/v2\/users\/2"}],"replies":[{"embeddable":true,"href":"https:\/\/portaltela.pt\/api\/wp\/v2\/comments?post=446792"}],"version-history":[{"count":0,"href":"https:\/\/portaltela.pt\/api\/wp\/v2\/posts\/446792\/revisions"}],"wp:featuredmedia":[{"embeddable":true,"href":"https:\/\/portaltela.pt\/api\/wp\/v2\/media\/446803"}],"wp:attachment":[{"href":"https:\/\/portaltela.pt\/api\/wp\/v2\/media?parent=446792"}],"wp:term":[{"taxonomy":"category","embeddable":true,"href":"https:\/\/portaltela.pt\/api\/wp\/v2\/categories?post=446792"},{"taxonomy":"post_tag","embeddable":true,"href":"https:\/\/portaltela.pt\/api\/wp\/v2\/tags?post=446792"}],"curies":[{"name":"wp","href":"https:\/\/api.w.org\/{rel}","templated":true}]}}