{"id":446785,"date":"2026-04-16T14:18:18","date_gmt":"2026-04-16T17:18:18","guid":{"rendered":"https:\/\/portaltela.pt\/noticias\/2026\/04\/16\/cantor-fernando-daniel-investe-2-m-em-ovar-para-estudios-com-escola-social\/"},"modified":"2026-04-16T14:18:18","modified_gmt":"2026-04-16T17:18:18","slug":"cantor-fernando-daniel-investe-2-m-em-ovar-para-estudios-com-escola-social","status":"publish","type":"post","link":"https:\/\/portaltela.pt\/musica\/2026\/04\/16\/cantor-fernando-daniel-investe-2-m-em-ovar-para-estudios-com-escola-social\/","title":{"rendered":"Cantor Fernando Daniel investe 2 M\u20ac em Ovar para est\u00fadios com escola social"},"content":{"rendered":"<p>O cantautor Fernando Daniel vai investir 2 milh\u00f5es de euros em Ovar para a constru\u00e7\u00e3o de est\u00fadios que integram uma escola de cariz social. O projeto visa promover forma\u00e7\u00e3o art\u00edstica na regi\u00e3o.<\/p>\n<p>A iniciativa prev\u00ea infraestruturas de grava\u00e7\u00e3o e ensino, com foco em iniciativas comunit\u00e1rias e no desenvolvimento musical, audiovisual e t\u00e9cnico de jovens locais.<\/p>\n<p>N\u00e3o foram divulgados detalhes adicionais sobre parceiros ou empresas envolvidas no projeto, nem data concreta de in\u00edcio de obras. A informa\u00e7\u00e3o dispon\u00edvel surge por meio da divulga\u00e7\u00e3o do artista.<\/p>\n<p>O objetivo do investimento \u00e9 criar oportunidades de inclus\u00e3o social atrav\u00e9s da cultura, potenciando talentos locais e o acesso a forma\u00e7\u00e3o profissional no setor criativo. Fonte: LUSA.<\/p>\n","protected":false},"excerpt":{"rendered":"<ul>\n<li>Cantor Fernando Daniel investe dois milh\u00f5es de euros em Ovar para abrir est\u00fadios com uma escola de cariz social.<\/li>\n<li>O projeto est\u00e1 destinado a criar infraestrutura de grava\u00e7\u00e3o e oferecer forma\u00e7\u00e3o e apoio social na comunidade.<\/li>\n<li>A iniciativa visa consolidar uma presen\u00e7a art\u00edstica local, associando m\u00fasica, educa\u00e7\u00e3o e interven\u00e7\u00e3o social.<\/li>\n<li>A not\u00edcia n\u00e3o especifica prazos de implementa\u00e7\u00e3o nem detalhes adicionais sobre a escola ouParceiros envolvidos.<\/li>\n<\/ul>\n","protected":false},"author":2,"featured_media":446795,"comment_status":"closed","ping_status":"closed","sticky":false,"template":"","format":"standard","meta":{"footnotes":""},"categories":[7375,6676],"tags":[1084,70,6163,163,122,3210],"class_list":["post-446785","post","type-post","status-publish","format-standard","has-post-thumbnail","hentry","category-cultura","category-musica","tag-acao-social","tag-arte","tag-cantores","tag-educacao","tag-musica","tag-ovar"],"yoast_head":"<!-- This site is optimized with the Yoast SEO plugin v27.2 - https:\/\/yoast.com\/product\/yoast-seo-wordpress\/ -->\n<title>Cantor Fernando Daniel investe 2 M\u20ac em Ovar para est\u00fadios com escola social - Portal Tela Portugal<\/title>\n<meta name=\"robots\" content=\"index, follow, max-snippet:-1, max-image-preview:large, max-video-preview:-1\" \/>\n<meta property=\"og:locale\" content=\"pt_PT\" \/>\n<meta property=\"og:type\" content=\"article\" \/>\n<meta property=\"og:title\" content=\"Cantor Fernando Daniel investe 2 M\u20ac em Ovar para est\u00fadios com escola social - Portal Tela Portugal\" \/>\n<meta property=\"og:description\" content=\"Cantor Fernando Daniel investe dois milh\u00f5es de euros em Ovar para abrir est\u00fadios com uma escola de cariz social. O projeto est\u00e1 destinado a criar infraestrutura de grava\u00e7\u00e3o e oferecer forma\u00e7\u00e3o e apoio social na comunidade. A iniciativa visa consolidar uma presen\u00e7a art\u00edstica local, associando m\u00fasica, educa\u00e7\u00e3o e interven\u00e7\u00e3o social. A not\u00edcia n\u00e3o especifica prazos de implementa\u00e7\u00e3o nem detalhes adicionais sobre a escola ouParceiros envolvidos.\" \/>\n<meta property=\"og:url\" content=\"https:\/\/portaltela.pt\/noticias\/2026\/04\/16\/cantor-fernando-daniel-investe-2-m-em-ovar-para-estudios-com-escola-social\/\" \/>\n<meta property=\"og:site_name\" content=\"Portal Tela Portugal\" \/>\n<meta property=\"article:published_time\" content=\"2026-04-16T17:18:18+00:00\" \/>\n<meta name=\"author\" content=\"Telinha\" \/>\n<meta name=\"twitter:card\" content=\"summary_large_image\" \/>\n<meta name=\"twitter:label1\" content=\"Escrito por\" \/>\n\t<meta name=\"twitter:data1\" content=\"Telinha\" \/>\n\t<meta name=\"twitter:label2\" content=\"Tempo estimado de leitura\" \/>\n\t<meta name=\"twitter:data2\" content=\"1 minuto\" \/>\n<script type=\"application\/ld+json\" class=\"yoast-schema-graph\">{\"@context\":\"https:\/\/schema.org\",\"@graph\":[{\"@type\":\"Article\",\"@id\":\"https:\/\/portaltela.pt\/noticias\/2026\/04\/16\/cantor-fernando-daniel-investe-2-m-em-ovar-para-estudios-com-escola-social\/#article\",\"isPartOf\":{\"@id\":\"https:\/\/portaltela.pt\/noticias\/2026\/04\/16\/cantor-fernando-daniel-investe-2-m-em-ovar-para-estudios-com-escola-social\/\"},\"author\":{\"name\":\"Telinha\",\"@id\":\"https:\/\/portaltela.pt\/#\/schema\/person\/c4278d4a6028830caff9ee44b42d32ed\"},\"headline\":\"Cantor Fernando Daniel investe 2 M\u20ac em Ovar para est\u00fadios com escola social\",\"datePublished\":\"2026-04-16T17:18:18+00:00\",\"mainEntityOfPage\":{\"@id\":\"https:\/\/portaltela.pt\/noticias\/2026\/04\/16\/cantor-fernando-daniel-investe-2-m-em-ovar-para-estudios-com-escola-social\/\"},\"wordCount\":139,\"image\":{\"@id\":\"https:\/\/portaltela.pt\/noticias\/2026\/04\/16\/cantor-fernando-daniel-investe-2-m-em-ovar-para-estudios-com-escola-social\/#primaryimage\"},\"thumbnailUrl\":\"https:\/\/portaltela.pt\/s.01k8rhncp4jt1\/2026\/04\/CACHE_780X1200_ANALOG_WATERMARKED_46942738_3764963_16042026043158.jpg\",\"keywords\":[\"A\u00e7\u00e3o Social\",\"arte\",\"cantores\",\"educa\u00e7\u00e3o\",\"m\u00fasica\",\"Ovar\"],\"articleSection\":[\"Cultura\",\"M\u00fasica\"],\"inLanguage\":\"pt-PT\"},{\"@type\":\"WebPage\",\"@id\":\"https:\/\/portaltela.pt\/noticias\/2026\/04\/16\/cantor-fernando-daniel-investe-2-m-em-ovar-para-estudios-com-escola-social\/\",\"url\":\"https:\/\/portaltela.pt\/noticias\/2026\/04\/16\/cantor-fernando-daniel-investe-2-m-em-ovar-para-estudios-com-escola-social\/\",\"name\":\"Cantor Fernando Daniel investe 2 M\u20ac em Ovar para est\u00fadios com escola social - Portal Tela Portugal\",\"isPartOf\":{\"@id\":\"https:\/\/portaltela.pt\/#website\"},\"primaryImageOfPage\":{\"@id\":\"https:\/\/portaltela.pt\/noticias\/2026\/04\/16\/cantor-fernando-daniel-investe-2-m-em-ovar-para-estudios-com-escola-social\/#primaryimage\"},\"image\":{\"@id\":\"https:\/\/portaltela.pt\/noticias\/2026\/04\/16\/cantor-fernando-daniel-investe-2-m-em-ovar-para-estudios-com-escola-social\/#primaryimage\"},\"thumbnailUrl\":\"https:\/\/portaltela.pt\/s.01k8rhncp4jt1\/2026\/04\/CACHE_780X1200_ANALOG_WATERMARKED_46942738_3764963_16042026043158.jpg\",\"datePublished\":\"2026-04-16T17:18:18+00:00\",\"author\":{\"@id\":\"https:\/\/portaltela.pt\/#\/schema\/person\/c4278d4a6028830caff9ee44b42d32ed\"},\"breadcrumb\":{\"@id\":\"https:\/\/portaltela.pt\/noticias\/2026\/04\/16\/cantor-fernando-daniel-investe-2-m-em-ovar-para-estudios-com-escola-social\/#breadcrumb\"},\"inLanguage\":\"pt-PT\",\"potentialAction\":[{\"@type\":\"ReadAction\",\"target\":[\"https:\/\/portaltela.pt\/noticias\/2026\/04\/16\/cantor-fernando-daniel-investe-2-m-em-ovar-para-estudios-com-escola-social\/\"]}]},{\"@type\":\"ImageObject\",\"inLanguage\":\"pt-PT\",\"@id\":\"https:\/\/portaltela.pt\/noticias\/2026\/04\/16\/cantor-fernando-daniel-investe-2-m-em-ovar-para-estudios-com-escola-social\/#primaryimage\",\"url\":\"https:\/\/portaltela.pt\/s.01k8rhncp4jt1\/2026\/04\/CACHE_780X1200_ANALOG_WATERMARKED_46942738_3764963_16042026043158.jpg\",\"contentUrl\":\"https:\/\/portaltela.pt\/s.01k8rhncp4jt1\/2026\/04\/CACHE_780X1200_ANALOG_WATERMARKED_46942738_3764963_16042026043158.jpg\",\"width\":768,\"height\":512,\"caption\":\"Cantor Fernando Daniel investe 2ME em Ovar para inaugurar est\u00fadios com escola de cariz social\"},{\"@type\":\"BreadcrumbList\",\"@id\":\"https:\/\/portaltela.pt\/noticias\/2026\/04\/16\/cantor-fernando-daniel-investe-2-m-em-ovar-para-estudios-com-escola-social\/#breadcrumb\",\"itemListElement\":[{\"@type\":\"ListItem\",\"position\":1,\"name\":\"In\u00edcio\",\"item\":\"https:\/\/portaltela.pt\/\"},{\"@type\":\"ListItem\",\"position\":2,\"name\":\"Cantor Fernando Daniel investe 2 M\u20ac em Ovar para est\u00fadios com escola social\"}]},{\"@type\":\"WebSite\",\"@id\":\"https:\/\/portaltela.pt\/#website\",\"url\":\"https:\/\/portaltela.pt\/\",\"name\":\"Portal Tela Portugal\",\"description\":\"\",\"potentialAction\":[{\"@type\":\"SearchAction\",\"target\":{\"@type\":\"EntryPoint\",\"urlTemplate\":\"https:\/\/portaltela.pt\/?s={search_term_string}\"},\"query-input\":{\"@type\":\"PropertyValueSpecification\",\"valueRequired\":true,\"valueName\":\"search_term_string\"}}],\"inLanguage\":\"pt-PT\"},{\"@type\":\"Person\",\"@id\":\"https:\/\/portaltela.pt\/#\/schema\/person\/c4278d4a6028830caff9ee44b42d32ed\",\"name\":\"Telinha\",\"image\":{\"@type\":\"ImageObject\",\"inLanguage\":\"pt-PT\",\"@id\":\"https:\/\/portaltela.pt\/s.01k8rhncp4jt1\/2025\/11\/talking-bot-125x125.png\",\"url\":\"https:\/\/portaltela.pt\/s.01k8rhncp4jt1\/2025\/11\/talking-bot-125x125.png\",\"contentUrl\":\"https:\/\/portaltela.pt\/s.01k8rhncp4jt1\/2025\/11\/talking-bot-125x125.png\",\"caption\":\"Telinha\"},\"sameAs\":[\"https:\/\/portaltela.pt\/\"],\"url\":\"https:\/\/portaltela.pt\/por\/367410592786\/\"}]}<\/script>\n<!-- \/ Yoast SEO plugin. -->","yoast_head_json":{"title":"Cantor Fernando Daniel investe 2 M\u20ac em Ovar para est\u00fadios com escola social - Portal Tela Portugal","robots":{"index":"index","follow":"follow","max-snippet":"max-snippet:-1","max-image-preview":"max-image-preview:large","max-video-preview":"max-video-preview:-1"},"og_locale":"pt_PT","og_type":"article","og_title":"Cantor Fernando Daniel investe 2 M\u20ac em Ovar para est\u00fadios com escola social - Portal Tela Portugal","og_description":"Cantor Fernando Daniel investe dois milh\u00f5es de euros em Ovar para abrir est\u00fadios com uma escola de cariz social. O projeto est\u00e1 destinado a criar infraestrutura de grava\u00e7\u00e3o e oferecer forma\u00e7\u00e3o e apoio social na comunidade. A iniciativa visa consolidar uma presen\u00e7a art\u00edstica local, associando m\u00fasica, educa\u00e7\u00e3o e interven\u00e7\u00e3o social. A not\u00edcia n\u00e3o especifica prazos de implementa\u00e7\u00e3o nem detalhes adicionais sobre a escola ouParceiros envolvidos.","og_url":"https:\/\/portaltela.pt\/noticias\/2026\/04\/16\/cantor-fernando-daniel-investe-2-m-em-ovar-para-estudios-com-escola-social\/","og_site_name":"Portal Tela Portugal","article_published_time":"2026-04-16T17:18:18+00:00","author":"Telinha","twitter_card":"summary_large_image","twitter_misc":{"Escrito por":"Telinha","Tempo estimado de leitura":"1 minuto"},"schema":{"@context":"https:\/\/schema.org","@graph":[{"@type":"Article","@id":"https:\/\/portaltela.pt\/noticias\/2026\/04\/16\/cantor-fernando-daniel-investe-2-m-em-ovar-para-estudios-com-escola-social\/#article","isPartOf":{"@id":"https:\/\/portaltela.pt\/noticias\/2026\/04\/16\/cantor-fernando-daniel-investe-2-m-em-ovar-para-estudios-com-escola-social\/"},"author":{"name":"Telinha","@id":"https:\/\/portaltela.pt\/#\/schema\/person\/c4278d4a6028830caff9ee44b42d32ed"},"headline":"Cantor Fernando Daniel investe 2 M\u20ac em Ovar para est\u00fadios com escola social","datePublished":"2026-04-16T17:18:18+00:00","mainEntityOfPage":{"@id":"https:\/\/portaltela.pt\/noticias\/2026\/04\/16\/cantor-fernando-daniel-investe-2-m-em-ovar-para-estudios-com-escola-social\/"},"wordCount":139,"image":{"@id":"https:\/\/portaltela.pt\/noticias\/2026\/04\/16\/cantor-fernando-daniel-investe-2-m-em-ovar-para-estudios-com-escola-social\/#primaryimage"},"thumbnailUrl":"https:\/\/portaltela.pt\/s.01k8rhncp4jt1\/2026\/04\/CACHE_780X1200_ANALOG_WATERMARKED_46942738_3764963_16042026043158.jpg","keywords":["A\u00e7\u00e3o Social","arte","cantores","educa\u00e7\u00e3o","m\u00fasica","Ovar"],"articleSection":["Cultura","M\u00fasica"],"inLanguage":"pt-PT"},{"@type":"WebPage","@id":"https:\/\/portaltela.pt\/noticias\/2026\/04\/16\/cantor-fernando-daniel-investe-2-m-em-ovar-para-estudios-com-escola-social\/","url":"https:\/\/portaltela.pt\/noticias\/2026\/04\/16\/cantor-fernando-daniel-investe-2-m-em-ovar-para-estudios-com-escola-social\/","name":"Cantor Fernando Daniel investe 2 M\u20ac em Ovar para est\u00fadios com escola social - Portal Tela Portugal","isPartOf":{"@id":"https:\/\/portaltela.pt\/#website"},"primaryImageOfPage":{"@id":"https:\/\/portaltela.pt\/noticias\/2026\/04\/16\/cantor-fernando-daniel-investe-2-m-em-ovar-para-estudios-com-escola-social\/#primaryimage"},"image":{"@id":"https:\/\/portaltela.pt\/noticias\/2026\/04\/16\/cantor-fernando-daniel-investe-2-m-em-ovar-para-estudios-com-escola-social\/#primaryimage"},"thumbnailUrl":"https:\/\/portaltela.pt\/s.01k8rhncp4jt1\/2026\/04\/CACHE_780X1200_ANALOG_WATERMARKED_46942738_3764963_16042026043158.jpg","datePublished":"2026-04-16T17:18:18+00:00","author":{"@id":"https:\/\/portaltela.pt\/#\/schema\/person\/c4278d4a6028830caff9ee44b42d32ed"},"breadcrumb":{"@id":"https:\/\/portaltela.pt\/noticias\/2026\/04\/16\/cantor-fernando-daniel-investe-2-m-em-ovar-para-estudios-com-escola-social\/#breadcrumb"},"inLanguage":"pt-PT","potentialAction":[{"@type":"ReadAction","target":["https:\/\/portaltela.pt\/noticias\/2026\/04\/16\/cantor-fernando-daniel-investe-2-m-em-ovar-para-estudios-com-escola-social\/"]}]},{"@type":"ImageObject","inLanguage":"pt-PT","@id":"https:\/\/portaltela.pt\/noticias\/2026\/04\/16\/cantor-fernando-daniel-investe-2-m-em-ovar-para-estudios-com-escola-social\/#primaryimage","url":"https:\/\/portaltela.pt\/s.01k8rhncp4jt1\/2026\/04\/CACHE_780X1200_ANALOG_WATERMARKED_46942738_3764963_16042026043158.jpg","contentUrl":"https:\/\/portaltela.pt\/s.01k8rhncp4jt1\/2026\/04\/CACHE_780X1200_ANALOG_WATERMARKED_46942738_3764963_16042026043158.jpg","width":768,"height":512,"caption":"Cantor Fernando Daniel investe 2ME em Ovar para inaugurar est\u00fadios com escola de cariz social"},{"@type":"BreadcrumbList","@id":"https:\/\/portaltela.pt\/noticias\/2026\/04\/16\/cantor-fernando-daniel-investe-2-m-em-ovar-para-estudios-com-escola-social\/#breadcrumb","itemListElement":[{"@type":"ListItem","position":1,"name":"In\u00edcio","item":"https:\/\/portaltela.pt\/"},{"@type":"ListItem","position":2,"name":"Cantor Fernando Daniel investe 2 M\u20ac em Ovar para est\u00fadios com escola social"}]},{"@type":"WebSite","@id":"https:\/\/portaltela.pt\/#website","url":"https:\/\/portaltela.pt\/","name":"Portal Tela Portugal","description":"","potentialAction":[{"@type":"SearchAction","target":{"@type":"EntryPoint","urlTemplate":"https:\/\/portaltela.pt\/?s={search_term_string}"},"query-input":{"@type":"PropertyValueSpecification","valueRequired":true,"valueName":"search_term_string"}}],"inLanguage":"pt-PT"},{"@type":"Person","@id":"https:\/\/portaltela.pt\/#\/schema\/person\/c4278d4a6028830caff9ee44b42d32ed","name":"Telinha","image":{"@type":"ImageObject","inLanguage":"pt-PT","@id":"https:\/\/portaltela.pt\/s.01k8rhncp4jt1\/2025\/11\/talking-bot-125x125.png","url":"https:\/\/portaltela.pt\/s.01k8rhncp4jt1\/2025\/11\/talking-bot-125x125.png","contentUrl":"https:\/\/portaltela.pt\/s.01k8rhncp4jt1\/2025\/11\/talking-bot-125x125.png","caption":"Telinha"},"sameAs":["https:\/\/portaltela.pt\/"],"url":"https:\/\/portaltela.pt\/por\/367410592786\/"}]}},"_links":{"self":[{"href":"https:\/\/portaltela.pt\/api\/wp\/v2\/posts\/446785","targetHints":{"allow":["GET"]}}],"collection":[{"href":"https:\/\/portaltela.pt\/api\/wp\/v2\/posts"}],"about":[{"href":"https:\/\/portaltela.pt\/api\/wp\/v2\/types\/post"}],"author":[{"embeddable":true,"href":"https:\/\/portaltela.pt\/api\/wp\/v2\/users\/2"}],"replies":[{"embeddable":true,"href":"https:\/\/portaltela.pt\/api\/wp\/v2\/comments?post=446785"}],"version-history":[{"count":0,"href":"https:\/\/portaltela.pt\/api\/wp\/v2\/posts\/446785\/revisions"}],"wp:featuredmedia":[{"embeddable":true,"href":"https:\/\/portaltela.pt\/api\/wp\/v2\/media\/446795"}],"wp:attachment":[{"href":"https:\/\/portaltela.pt\/api\/wp\/v2\/media?parent=446785"}],"wp:term":[{"taxonomy":"category","embeddable":true,"href":"https:\/\/portaltela.pt\/api\/wp\/v2\/categories?post=446785"},{"taxonomy":"post_tag","embeddable":true,"href":"https:\/\/portaltela.pt\/api\/wp\/v2\/tags?post=446785"}],"curies":[{"name":"wp","href":"https:\/\/api.w.org\/{rel}","templated":true}]}}