{"id":446774,"date":"2026-04-16T14:17:58","date_gmt":"2026-04-16T17:17:58","guid":{"rendered":"https:\/\/portaltela.pt\/noticias\/2026\/04\/16\/eleicao-para-conselho-de-opiniao-da-rtp-adiada-com-protestos-do-chega-e-psd\/"},"modified":"2026-04-16T14:17:58","modified_gmt":"2026-04-16T17:17:58","slug":"eleicao-para-conselho-de-opiniao-da-rtp-adiada-com-protestos-do-chega-e-psd","status":"publish","type":"post","link":"https:\/\/portaltela.pt\/noticias\/politica\/2026\/04\/16\/eleicao-para-conselho-de-opiniao-da-rtp-adiada-com-protestos-do-chega-e-psd\/","title":{"rendered":"Elei\u00e7\u00e3o para Conselho de Opini\u00e3o da RTP adiada com protestos do Chega e PSD"},"content":{"rendered":"<p>A elei\u00e7\u00e3o para o Conselho de Opini\u00e3o da RTP foi adiada nesta quinta-feira, devido \u00e0 aus\u00eancia de parecer da Comiss\u00e3o da Transpar\u00eancia. A decis\u00e3o foi comunicada pela vice-presidenta da Assembleia da Rep\u00fablica, Teresa Morais, no in\u00edcio do plen\u00e1rio. PSD e Chega protestaram contra o adiamento.<\/p>\n<p>A confer\u00eancia de l\u00edderes pediu, na quarta-feira, um parecer urgente da Comiss\u00e3o da Transpar\u00eancia at\u00e9 \u00e0s 15h, momento em que come\u00e7avam as vota\u00e7\u00f5es para os \u00f3rg\u00e3os externos do Parlamento. O objetivo era determinar se a candidatura de tr\u00eas deputados do Chega violava o Estatuto dos Deputados.<\/p>\n<p>A Comiss\u00e3o da Transpar\u00eancia reuniu-se \u00e0s 14h, mas concluiu que n\u00e3o conseguia proferir o parecer no prazo de uma hora, dada a complexidade da mat\u00e9ria. Seguiu-se a decis\u00e3o de adiar a elei\u00e7\u00e3o por seguran\u00e7a jur\u00eddica.<\/p>\n<p>No plen\u00e1rio, o l\u00edder do PSD, Hugo Soares, manifestou-se contra o adiamento e afirmou ter um entendimento diferente do que saiu da reuni\u00e3o de l\u00edderes. Ainda assim, n\u00e3o apresentou recurso da decis\u00e3o da Mesa.<\/p>\n<p>O presidente do Chega classificou o adiamento como uma grave viola\u00e7\u00e3o da vontade da maioria no plen\u00e1rio e alegou incompet\u00eancia da Mesa. Defendeu que o parecer da Transpar\u00eancia nunca seria vinculativo para a lista de deputados.<\/p>\n<p>Teresa Morais respondeu que a lideran\u00e7a optou por consultar a Comiss\u00e3o para n\u00e3o colocar em causa a seguran\u00e7a jur\u00eddica. A posi\u00e7\u00e3o foi apoiada por Eurico Brilhante Dias (PS) e Isabel Mendes Lopes (Livre).<\/p>\n<p>O Chega manteve a proposta de incluir Patr\u00edcia Carvalho, Jorge Galveias e Bernardo Pessanha na lista para o Conselho de Opini\u00e3o da RTP. O PSD n\u00e3o avan\u00e7ou com nova data de elei\u00e7\u00e3o nesta sess\u00e3o.<\/p>\n<p>No balan\u00e7o, n\u00e3o houve acordo sobre uma nova data para a elei\u00e7\u00e3o do Conselho de Opini\u00e3o da RTP. O PSD sinalizou que outros assuntos, como elei\u00e7\u00f5es para o Tribunal Constitucional, poder\u00e3o surgir nos pr\u00f3ximos dias.<\/p>\n","protected":false},"excerpt":{"rendered":"<ul>\n<li>A elei\u00e7\u00e3o para o Conselho de Opini\u00e3o da RTP foi adiada por falta de parecer da Comiss\u00e3o da Transpar\u00eancia sobre a legalidade da presen\u00e7a de deputados do Chega na lista \u00fanica.<\/li>\n<li>A decis\u00e3o foi comunicada pela vice-presidente da Assembleia da Rep\u00fablica, Teresa Morais, e motivou protestos do PSD e do Chega.<\/li>\n<li>A confer\u00eancia de l\u00edderes pediu, com urg\u00eancia, ao \u00f3rg\u00e3o t\u00e9cnico um parecer at\u00e9 \u00e0s 15h de quinta-feira, data de in\u00edcio das vota\u00e7\u00f5es.<\/li>\n<li>A Comiss\u00e3o da Transpar\u00eancia entendeu n\u00e3o conseguir emitir o parecer no prazo de uma hora devido \u00e0 complexidade da mat\u00e9ria, levando \u00e0 suspens\u00e3o da vota\u00e7\u00e3o.<\/li>\n<li>N\u00e3o houve nova data marcada para a elei\u00e7\u00e3o; o PSD indicou discord\u00e2ncia com a suspens\u00e3o, enquanto o Chega alegou viola\u00e7\u00e3o \u00e0 vontade da maioria em plen\u00e1rio.<\/li>\n<\/ul>\n","protected":false},"author":2,"featured_media":446781,"comment_status":"closed","ping_status":"closed","sticky":false,"template":"","format":"standard","meta":{"footnotes":""},"categories":[1,5],"tags":[2142,3776,68,2832,3695,5708],"class_list":["post-446774","post","type-post","status-publish","format-standard","has-post-thumbnail","hentry","category-noticias","category-politica","tag-chega","tag-comissao","tag-eleicoes","tag-politica","tag-psd","tag-transparencia-publica"],"yoast_head":"<!-- This site is optimized with the Yoast SEO plugin v27.2 - https:\/\/yoast.com\/product\/yoast-seo-wordpress\/ -->\n<title>Elei\u00e7\u00e3o para Conselho de Opini\u00e3o da RTP adiada com protestos do Chega e PSD - Portal Tela Portugal<\/title>\n<meta name=\"robots\" content=\"index, follow, max-snippet:-1, max-image-preview:large, max-video-preview:-1\" \/>\n<meta property=\"og:locale\" content=\"pt_PT\" \/>\n<meta property=\"og:type\" content=\"article\" \/>\n<meta property=\"og:title\" content=\"Elei\u00e7\u00e3o para Conselho de Opini\u00e3o da RTP adiada com protestos do Chega e PSD - Portal Tela Portugal\" \/>\n<meta property=\"og:description\" content=\"A elei\u00e7\u00e3o para o Conselho de Opini\u00e3o da RTP foi adiada por falta de parecer da Comiss\u00e3o da Transpar\u00eancia sobre a legalidade da presen\u00e7a de deputados do Chega na lista \u00fanica. A decis\u00e3o foi comunicada pela vice-presidente da Assembleia da Rep\u00fablica, Teresa Morais, e motivou protestos do PSD e do Chega. A confer\u00eancia de l\u00edderes pediu, com urg\u00eancia, ao \u00f3rg\u00e3o t\u00e9cnico um parecer at\u00e9 \u00e0s 15h de quinta-feira, data de in\u00edcio das vota\u00e7\u00f5es. A Comiss\u00e3o da Transpar\u00eancia entendeu n\u00e3o conseguir emitir o parecer no prazo de uma hora devido \u00e0 complexidade da mat\u00e9ria, levando \u00e0 suspens\u00e3o da vota\u00e7\u00e3o. N\u00e3o houve nova data marcada para a elei\u00e7\u00e3o; o PSD indicou discord\u00e2ncia com a suspens\u00e3o, enquanto o Chega alegou viola\u00e7\u00e3o \u00e0 vontade da maioria em plen\u00e1rio.\" \/>\n<meta property=\"og:url\" content=\"https:\/\/portaltela.pt\/noticias\/2026\/04\/16\/eleicao-para-conselho-de-opiniao-da-rtp-adiada-com-protestos-do-chega-e-psd\/\" \/>\n<meta property=\"og:site_name\" content=\"Portal Tela Portugal\" \/>\n<meta property=\"article:published_time\" content=\"2026-04-16T17:17:58+00:00\" \/>\n<meta name=\"author\" content=\"Telinha\" \/>\n<meta name=\"twitter:card\" content=\"summary_large_image\" \/>\n<meta name=\"twitter:label1\" content=\"Escrito por\" \/>\n\t<meta name=\"twitter:data1\" content=\"Telinha\" \/>\n\t<meta name=\"twitter:label2\" content=\"Tempo estimado de leitura\" \/>\n\t<meta name=\"twitter:data2\" content=\"2 minutos\" \/>\n<script type=\"application\/ld+json\" class=\"yoast-schema-graph\">{\"@context\":\"https:\/\/schema.org\",\"@graph\":[{\"@type\":\"Article\",\"@id\":\"https:\/\/portaltela.pt\/noticias\/2026\/04\/16\/eleicao-para-conselho-de-opiniao-da-rtp-adiada-com-protestos-do-chega-e-psd\/#article\",\"isPartOf\":{\"@id\":\"https:\/\/portaltela.pt\/noticias\/2026\/04\/16\/eleicao-para-conselho-de-opiniao-da-rtp-adiada-com-protestos-do-chega-e-psd\/\"},\"author\":{\"name\":\"Telinha\",\"@id\":\"https:\/\/portaltela.pt\/#\/schema\/person\/c4278d4a6028830caff9ee44b42d32ed\"},\"headline\":\"Elei\u00e7\u00e3o para Conselho de Opini\u00e3o da RTP adiada com protestos do Chega e PSD\",\"datePublished\":\"2026-04-16T17:17:58+00:00\",\"mainEntityOfPage\":{\"@id\":\"https:\/\/portaltela.pt\/noticias\/2026\/04\/16\/eleicao-para-conselho-de-opiniao-da-rtp-adiada-com-protestos-do-chega-e-psd\/\"},\"wordCount\":367,\"image\":{\"@id\":\"https:\/\/portaltela.pt\/noticias\/2026\/04\/16\/eleicao-para-conselho-de-opiniao-da-rtp-adiada-com-protestos-do-chega-e-psd\/#primaryimage\"},\"thumbnailUrl\":\"https:\/\/portaltela.pt\/s.01k8rhncp4jt1\/2026\/04\/2081875.jpg\",\"keywords\":[\"CHEGA\",\"comiss\u00e3o\",\"elei\u00e7\u00f5es\",\"pol\u00edtica\",\"PSD\",\"transpar\u00eancia p\u00fablica\"],\"articleSection\":[\"Not\u00edcias\",\"Pol\u00edtica\"],\"inLanguage\":\"pt-PT\"},{\"@type\":\"WebPage\",\"@id\":\"https:\/\/portaltela.pt\/noticias\/2026\/04\/16\/eleicao-para-conselho-de-opiniao-da-rtp-adiada-com-protestos-do-chega-e-psd\/\",\"url\":\"https:\/\/portaltela.pt\/noticias\/2026\/04\/16\/eleicao-para-conselho-de-opiniao-da-rtp-adiada-com-protestos-do-chega-e-psd\/\",\"name\":\"Elei\u00e7\u00e3o para Conselho de Opini\u00e3o da RTP adiada com protestos do Chega e PSD - Portal Tela Portugal\",\"isPartOf\":{\"@id\":\"https:\/\/portaltela.pt\/#website\"},\"primaryImageOfPage\":{\"@id\":\"https:\/\/portaltela.pt\/noticias\/2026\/04\/16\/eleicao-para-conselho-de-opiniao-da-rtp-adiada-com-protestos-do-chega-e-psd\/#primaryimage\"},\"image\":{\"@id\":\"https:\/\/portaltela.pt\/noticias\/2026\/04\/16\/eleicao-para-conselho-de-opiniao-da-rtp-adiada-com-protestos-do-chega-e-psd\/#primaryimage\"},\"thumbnailUrl\":\"https:\/\/portaltela.pt\/s.01k8rhncp4jt1\/2026\/04\/2081875.jpg\",\"datePublished\":\"2026-04-16T17:17:58+00:00\",\"author\":{\"@id\":\"https:\/\/portaltela.pt\/#\/schema\/person\/c4278d4a6028830caff9ee44b42d32ed\"},\"breadcrumb\":{\"@id\":\"https:\/\/portaltela.pt\/noticias\/2026\/04\/16\/eleicao-para-conselho-de-opiniao-da-rtp-adiada-com-protestos-do-chega-e-psd\/#breadcrumb\"},\"inLanguage\":\"pt-PT\",\"potentialAction\":[{\"@type\":\"ReadAction\",\"target\":[\"https:\/\/portaltela.pt\/noticias\/2026\/04\/16\/eleicao-para-conselho-de-opiniao-da-rtp-adiada-com-protestos-do-chega-e-psd\/\"]}]},{\"@type\":\"ImageObject\",\"inLanguage\":\"pt-PT\",\"@id\":\"https:\/\/portaltela.pt\/noticias\/2026\/04\/16\/eleicao-para-conselho-de-opiniao-da-rtp-adiada-com-protestos-do-chega-e-psd\/#primaryimage\",\"url\":\"https:\/\/portaltela.pt\/s.01k8rhncp4jt1\/2026\/04\/2081875.jpg\",\"contentUrl\":\"https:\/\/portaltela.pt\/s.01k8rhncp4jt1\/2026\/04\/2081875.jpg\",\"width\":796,\"height\":448,\"caption\":\"Legalidade da presen\u00e7a de deputados do Chega na lista para o Conselho de Opini\u00e3o da RTP foi contestada\"},{\"@type\":\"BreadcrumbList\",\"@id\":\"https:\/\/portaltela.pt\/noticias\/2026\/04\/16\/eleicao-para-conselho-de-opiniao-da-rtp-adiada-com-protestos-do-chega-e-psd\/#breadcrumb\",\"itemListElement\":[{\"@type\":\"ListItem\",\"position\":1,\"name\":\"In\u00edcio\",\"item\":\"https:\/\/portaltela.pt\/\"},{\"@type\":\"ListItem\",\"position\":2,\"name\":\"Elei\u00e7\u00e3o para Conselho de Opini\u00e3o da RTP adiada com protestos do Chega e PSD\"}]},{\"@type\":\"WebSite\",\"@id\":\"https:\/\/portaltela.pt\/#website\",\"url\":\"https:\/\/portaltela.pt\/\",\"name\":\"Portal Tela Portugal\",\"description\":\"\",\"potentialAction\":[{\"@type\":\"SearchAction\",\"target\":{\"@type\":\"EntryPoint\",\"urlTemplate\":\"https:\/\/portaltela.pt\/?s={search_term_string}\"},\"query-input\":{\"@type\":\"PropertyValueSpecification\",\"valueRequired\":true,\"valueName\":\"search_term_string\"}}],\"inLanguage\":\"pt-PT\"},{\"@type\":\"Person\",\"@id\":\"https:\/\/portaltela.pt\/#\/schema\/person\/c4278d4a6028830caff9ee44b42d32ed\",\"name\":\"Telinha\",\"image\":{\"@type\":\"ImageObject\",\"inLanguage\":\"pt-PT\",\"@id\":\"https:\/\/portaltela.pt\/s.01k8rhncp4jt1\/2025\/11\/talking-bot-125x125.png\",\"url\":\"https:\/\/portaltela.pt\/s.01k8rhncp4jt1\/2025\/11\/talking-bot-125x125.png\",\"contentUrl\":\"https:\/\/portaltela.pt\/s.01k8rhncp4jt1\/2025\/11\/talking-bot-125x125.png\",\"caption\":\"Telinha\"},\"sameAs\":[\"https:\/\/portaltela.pt\/\"],\"url\":\"https:\/\/portaltela.pt\/por\/367410592786\/\"}]}<\/script>\n<!-- \/ Yoast SEO plugin. -->","yoast_head_json":{"title":"Elei\u00e7\u00e3o para Conselho de Opini\u00e3o da RTP adiada com protestos do Chega e PSD - Portal Tela Portugal","robots":{"index":"index","follow":"follow","max-snippet":"max-snippet:-1","max-image-preview":"max-image-preview:large","max-video-preview":"max-video-preview:-1"},"og_locale":"pt_PT","og_type":"article","og_title":"Elei\u00e7\u00e3o para Conselho de Opini\u00e3o da RTP adiada com protestos do Chega e PSD - Portal Tela Portugal","og_description":"A elei\u00e7\u00e3o para o Conselho de Opini\u00e3o da RTP foi adiada por falta de parecer da Comiss\u00e3o da Transpar\u00eancia sobre a legalidade da presen\u00e7a de deputados do Chega na lista \u00fanica. A decis\u00e3o foi comunicada pela vice-presidente da Assembleia da Rep\u00fablica, Teresa Morais, e motivou protestos do PSD e do Chega. A confer\u00eancia de l\u00edderes pediu, com urg\u00eancia, ao \u00f3rg\u00e3o t\u00e9cnico um parecer at\u00e9 \u00e0s 15h de quinta-feira, data de in\u00edcio das vota\u00e7\u00f5es. A Comiss\u00e3o da Transpar\u00eancia entendeu n\u00e3o conseguir emitir o parecer no prazo de uma hora devido \u00e0 complexidade da mat\u00e9ria, levando \u00e0 suspens\u00e3o da vota\u00e7\u00e3o. N\u00e3o houve nova data marcada para a elei\u00e7\u00e3o; o PSD indicou discord\u00e2ncia com a suspens\u00e3o, enquanto o Chega alegou viola\u00e7\u00e3o \u00e0 vontade da maioria em plen\u00e1rio.","og_url":"https:\/\/portaltela.pt\/noticias\/2026\/04\/16\/eleicao-para-conselho-de-opiniao-da-rtp-adiada-com-protestos-do-chega-e-psd\/","og_site_name":"Portal Tela Portugal","article_published_time":"2026-04-16T17:17:58+00:00","author":"Telinha","twitter_card":"summary_large_image","twitter_misc":{"Escrito por":"Telinha","Tempo estimado de leitura":"2 minutos"},"schema":{"@context":"https:\/\/schema.org","@graph":[{"@type":"Article","@id":"https:\/\/portaltela.pt\/noticias\/2026\/04\/16\/eleicao-para-conselho-de-opiniao-da-rtp-adiada-com-protestos-do-chega-e-psd\/#article","isPartOf":{"@id":"https:\/\/portaltela.pt\/noticias\/2026\/04\/16\/eleicao-para-conselho-de-opiniao-da-rtp-adiada-com-protestos-do-chega-e-psd\/"},"author":{"name":"Telinha","@id":"https:\/\/portaltela.pt\/#\/schema\/person\/c4278d4a6028830caff9ee44b42d32ed"},"headline":"Elei\u00e7\u00e3o para Conselho de Opini\u00e3o da RTP adiada com protestos do Chega e PSD","datePublished":"2026-04-16T17:17:58+00:00","mainEntityOfPage":{"@id":"https:\/\/portaltela.pt\/noticias\/2026\/04\/16\/eleicao-para-conselho-de-opiniao-da-rtp-adiada-com-protestos-do-chega-e-psd\/"},"wordCount":367,"image":{"@id":"https:\/\/portaltela.pt\/noticias\/2026\/04\/16\/eleicao-para-conselho-de-opiniao-da-rtp-adiada-com-protestos-do-chega-e-psd\/#primaryimage"},"thumbnailUrl":"https:\/\/portaltela.pt\/s.01k8rhncp4jt1\/2026\/04\/2081875.jpg","keywords":["CHEGA","comiss\u00e3o","elei\u00e7\u00f5es","pol\u00edtica","PSD","transpar\u00eancia p\u00fablica"],"articleSection":["Not\u00edcias","Pol\u00edtica"],"inLanguage":"pt-PT"},{"@type":"WebPage","@id":"https:\/\/portaltela.pt\/noticias\/2026\/04\/16\/eleicao-para-conselho-de-opiniao-da-rtp-adiada-com-protestos-do-chega-e-psd\/","url":"https:\/\/portaltela.pt\/noticias\/2026\/04\/16\/eleicao-para-conselho-de-opiniao-da-rtp-adiada-com-protestos-do-chega-e-psd\/","name":"Elei\u00e7\u00e3o para Conselho de Opini\u00e3o da RTP adiada com protestos do Chega e PSD - Portal Tela Portugal","isPartOf":{"@id":"https:\/\/portaltela.pt\/#website"},"primaryImageOfPage":{"@id":"https:\/\/portaltela.pt\/noticias\/2026\/04\/16\/eleicao-para-conselho-de-opiniao-da-rtp-adiada-com-protestos-do-chega-e-psd\/#primaryimage"},"image":{"@id":"https:\/\/portaltela.pt\/noticias\/2026\/04\/16\/eleicao-para-conselho-de-opiniao-da-rtp-adiada-com-protestos-do-chega-e-psd\/#primaryimage"},"thumbnailUrl":"https:\/\/portaltela.pt\/s.01k8rhncp4jt1\/2026\/04\/2081875.jpg","datePublished":"2026-04-16T17:17:58+00:00","author":{"@id":"https:\/\/portaltela.pt\/#\/schema\/person\/c4278d4a6028830caff9ee44b42d32ed"},"breadcrumb":{"@id":"https:\/\/portaltela.pt\/noticias\/2026\/04\/16\/eleicao-para-conselho-de-opiniao-da-rtp-adiada-com-protestos-do-chega-e-psd\/#breadcrumb"},"inLanguage":"pt-PT","potentialAction":[{"@type":"ReadAction","target":["https:\/\/portaltela.pt\/noticias\/2026\/04\/16\/eleicao-para-conselho-de-opiniao-da-rtp-adiada-com-protestos-do-chega-e-psd\/"]}]},{"@type":"ImageObject","inLanguage":"pt-PT","@id":"https:\/\/portaltela.pt\/noticias\/2026\/04\/16\/eleicao-para-conselho-de-opiniao-da-rtp-adiada-com-protestos-do-chega-e-psd\/#primaryimage","url":"https:\/\/portaltela.pt\/s.01k8rhncp4jt1\/2026\/04\/2081875.jpg","contentUrl":"https:\/\/portaltela.pt\/s.01k8rhncp4jt1\/2026\/04\/2081875.jpg","width":796,"height":448,"caption":"Legalidade da presen\u00e7a de deputados do Chega na lista para o Conselho de Opini\u00e3o da RTP foi contestada"},{"@type":"BreadcrumbList","@id":"https:\/\/portaltela.pt\/noticias\/2026\/04\/16\/eleicao-para-conselho-de-opiniao-da-rtp-adiada-com-protestos-do-chega-e-psd\/#breadcrumb","itemListElement":[{"@type":"ListItem","position":1,"name":"In\u00edcio","item":"https:\/\/portaltela.pt\/"},{"@type":"ListItem","position":2,"name":"Elei\u00e7\u00e3o para Conselho de Opini\u00e3o da RTP adiada com protestos do Chega e PSD"}]},{"@type":"WebSite","@id":"https:\/\/portaltela.pt\/#website","url":"https:\/\/portaltela.pt\/","name":"Portal Tela Portugal","description":"","potentialAction":[{"@type":"SearchAction","target":{"@type":"EntryPoint","urlTemplate":"https:\/\/portaltela.pt\/?s={search_term_string}"},"query-input":{"@type":"PropertyValueSpecification","valueRequired":true,"valueName":"search_term_string"}}],"inLanguage":"pt-PT"},{"@type":"Person","@id":"https:\/\/portaltela.pt\/#\/schema\/person\/c4278d4a6028830caff9ee44b42d32ed","name":"Telinha","image":{"@type":"ImageObject","inLanguage":"pt-PT","@id":"https:\/\/portaltela.pt\/s.01k8rhncp4jt1\/2025\/11\/talking-bot-125x125.png","url":"https:\/\/portaltela.pt\/s.01k8rhncp4jt1\/2025\/11\/talking-bot-125x125.png","contentUrl":"https:\/\/portaltela.pt\/s.01k8rhncp4jt1\/2025\/11\/talking-bot-125x125.png","caption":"Telinha"},"sameAs":["https:\/\/portaltela.pt\/"],"url":"https:\/\/portaltela.pt\/por\/367410592786\/"}]}},"_links":{"self":[{"href":"https:\/\/portaltela.pt\/api\/wp\/v2\/posts\/446774","targetHints":{"allow":["GET"]}}],"collection":[{"href":"https:\/\/portaltela.pt\/api\/wp\/v2\/posts"}],"about":[{"href":"https:\/\/portaltela.pt\/api\/wp\/v2\/types\/post"}],"author":[{"embeddable":true,"href":"https:\/\/portaltela.pt\/api\/wp\/v2\/users\/2"}],"replies":[{"embeddable":true,"href":"https:\/\/portaltela.pt\/api\/wp\/v2\/comments?post=446774"}],"version-history":[{"count":0,"href":"https:\/\/portaltela.pt\/api\/wp\/v2\/posts\/446774\/revisions"}],"wp:featuredmedia":[{"embeddable":true,"href":"https:\/\/portaltela.pt\/api\/wp\/v2\/media\/446781"}],"wp:attachment":[{"href":"https:\/\/portaltela.pt\/api\/wp\/v2\/media?parent=446774"}],"wp:term":[{"taxonomy":"category","embeddable":true,"href":"https:\/\/portaltela.pt\/api\/wp\/v2\/categories?post=446774"},{"taxonomy":"post_tag","embeddable":true,"href":"https:\/\/portaltela.pt\/api\/wp\/v2\/tags?post=446774"}],"curies":[{"name":"wp","href":"https:\/\/api.w.org\/{rel}","templated":true}]}}