{"id":446771,"date":"2026-04-16T14:17:55","date_gmt":"2026-04-16T17:17:55","guid":{"rendered":"https:\/\/portaltela.pt\/noticias\/2026\/04\/16\/psd-elege-tres-membros-para-o-conselho-de-estado-chega-e-ps-elegem-um-cada\/"},"modified":"2026-04-16T14:17:55","modified_gmt":"2026-04-16T17:17:55","slug":"psd-elege-tres-membros-para-o-conselho-de-estado-chega-e-ps-elegem-um-cada","status":"publish","type":"post","link":"https:\/\/portaltela.pt\/noticias\/politica\/2026\/04\/16\/psd-elege-tres-membros-para-o-conselho-de-estado-chega-e-ps-elegem-um-cada\/","title":{"rendered":"PSD elege tr\u00eas membros para o Conselho de Estado, Chega e PS elegem um cada"},"content":{"rendered":"<p>Segundo informa\u00e7\u00f5es dispon\u00edveis, o PSD elegeu tr\u00eas membros para o Conselho de Estado, enquanto o Chega e o PS elegeram um membro cada. A not\u00edcia completa depende de conte\u00fados reservados a subscritores.<\/p>\n<p>As informa\u00e7\u00f5es divulgadas n\u00e3o detalham os nomes dos eleitos nem o formato exato do processo. N\u00e3o foram publicadas datas espec\u00edficas nem locais associados a estas nomea\u00e7\u00f5es. A divulga\u00e7\u00e3o p\u00fablica sobre o assunto mant\u00e9m-se escassa at\u00e9 ao momento.<\/p>\n","protected":false},"excerpt":{"rendered":"<ul>\n<li>O PSD elegeu tr\u00eas membros para o Conselho de Estado.<\/li>\n<li>O Chega elegeu um membro para o Conselho de Estado.<\/li>\n<li>O PS tamb\u00e9m elegeu um membro para o Conselho de Estado.<\/li>\n<\/ul>\n","protected":false},"author":2,"featured_media":446776,"comment_status":"closed","ping_status":"closed","sticky":false,"template":"","format":"standard","meta":{"footnotes":""},"categories":[1,5],"tags":[2142,6340,2832,7892,2144,3695],"class_list":["post-446771","post","type-post","status-publish","format-standard","has-post-thumbnail","hentry","category-noticias","category-politica","tag-chega","tag-conselho-nacional","tag-politica","tag-politica-interna","tag-ps","tag-psd"],"yoast_head":"<!-- This site is optimized with the Yoast SEO plugin v27.2 - https:\/\/yoast.com\/product\/yoast-seo-wordpress\/ -->\n<title>PSD elege tr\u00eas membros para o Conselho de Estado, Chega e PS elegem um cada - Portal Tela Portugal<\/title>\n<meta name=\"robots\" content=\"index, follow, max-snippet:-1, max-image-preview:large, max-video-preview:-1\" \/>\n<meta property=\"og:locale\" content=\"pt_PT\" \/>\n<meta property=\"og:type\" content=\"article\" \/>\n<meta property=\"og:title\" content=\"PSD elege tr\u00eas membros para o Conselho de Estado, Chega e PS elegem um cada - Portal Tela Portugal\" \/>\n<meta property=\"og:description\" content=\"O PSD elegeu tr\u00eas membros para o Conselho de Estado. O Chega elegeu um membro para o Conselho de Estado. O PS tamb\u00e9m elegeu um membro para o Conselho de Estado.\" \/>\n<meta property=\"og:url\" content=\"https:\/\/portaltela.pt\/noticias\/2026\/04\/16\/psd-elege-tres-membros-para-o-conselho-de-estado-chega-e-ps-elegem-um-cada\/\" \/>\n<meta property=\"og:site_name\" content=\"Portal Tela Portugal\" \/>\n<meta property=\"article:published_time\" content=\"2026-04-16T17:17:55+00:00\" \/>\n<meta name=\"author\" content=\"Telinha\" \/>\n<meta name=\"twitter:card\" content=\"summary_large_image\" \/>\n<meta name=\"twitter:label1\" content=\"Escrito por\" \/>\n\t<meta name=\"twitter:data1\" content=\"Telinha\" \/>\n<script type=\"application\/ld+json\" class=\"yoast-schema-graph\">{\"@context\":\"https:\/\/schema.org\",\"@graph\":[{\"@type\":\"Article\",\"@id\":\"https:\/\/portaltela.pt\/noticias\/2026\/04\/16\/psd-elege-tres-membros-para-o-conselho-de-estado-chega-e-ps-elegem-um-cada\/#article\",\"isPartOf\":{\"@id\":\"https:\/\/portaltela.pt\/noticias\/2026\/04\/16\/psd-elege-tres-membros-para-o-conselho-de-estado-chega-e-ps-elegem-um-cada\/\"},\"author\":{\"name\":\"Telinha\",\"@id\":\"https:\/\/portaltela.pt\/#\/schema\/person\/c4278d4a6028830caff9ee44b42d32ed\"},\"headline\":\"PSD elege tr\u00eas membros para o Conselho de Estado, Chega e PS elegem um cada\",\"datePublished\":\"2026-04-16T17:17:55+00:00\",\"mainEntityOfPage\":{\"@id\":\"https:\/\/portaltela.pt\/noticias\/2026\/04\/16\/psd-elege-tres-membros-para-o-conselho-de-estado-chega-e-ps-elegem-um-cada\/\"},\"wordCount\":98,\"image\":{\"@id\":\"https:\/\/portaltela.pt\/noticias\/2026\/04\/16\/psd-elege-tres-membros-para-o-conselho-de-estado-chega-e-ps-elegem-um-cada\/#primaryimage\"},\"thumbnailUrl\":\"https:\/\/portaltela.pt\/s.01k8rhncp4jt1\/2026\/04\/CACHE_780X1200_ANALOG_WATERMARKED_46322861_4614134_09012026035616.jpg\",\"keywords\":[\"CHEGA\",\"Conselho Nacional\",\"pol\u00edtica\",\"pol\u00edtica interna\",\"PS\",\"PSD\"],\"articleSection\":[\"Not\u00edcias\",\"Pol\u00edtica\"],\"inLanguage\":\"pt-PT\"},{\"@type\":\"WebPage\",\"@id\":\"https:\/\/portaltela.pt\/noticias\/2026\/04\/16\/psd-elege-tres-membros-para-o-conselho-de-estado-chega-e-ps-elegem-um-cada\/\",\"url\":\"https:\/\/portaltela.pt\/noticias\/2026\/04\/16\/psd-elege-tres-membros-para-o-conselho-de-estado-chega-e-ps-elegem-um-cada\/\",\"name\":\"PSD elege tr\u00eas membros para o Conselho de Estado, Chega e PS elegem um cada - Portal Tela Portugal\",\"isPartOf\":{\"@id\":\"https:\/\/portaltela.pt\/#website\"},\"primaryImageOfPage\":{\"@id\":\"https:\/\/portaltela.pt\/noticias\/2026\/04\/16\/psd-elege-tres-membros-para-o-conselho-de-estado-chega-e-ps-elegem-um-cada\/#primaryimage\"},\"image\":{\"@id\":\"https:\/\/portaltela.pt\/noticias\/2026\/04\/16\/psd-elege-tres-membros-para-o-conselho-de-estado-chega-e-ps-elegem-um-cada\/#primaryimage\"},\"thumbnailUrl\":\"https:\/\/portaltela.pt\/s.01k8rhncp4jt1\/2026\/04\/CACHE_780X1200_ANALOG_WATERMARKED_46322861_4614134_09012026035616.jpg\",\"datePublished\":\"2026-04-16T17:17:55+00:00\",\"author\":{\"@id\":\"https:\/\/portaltela.pt\/#\/schema\/person\/c4278d4a6028830caff9ee44b42d32ed\"},\"breadcrumb\":{\"@id\":\"https:\/\/portaltela.pt\/noticias\/2026\/04\/16\/psd-elege-tres-membros-para-o-conselho-de-estado-chega-e-ps-elegem-um-cada\/#breadcrumb\"},\"inLanguage\":\"pt-PT\",\"potentialAction\":[{\"@type\":\"ReadAction\",\"target\":[\"https:\/\/portaltela.pt\/noticias\/2026\/04\/16\/psd-elege-tres-membros-para-o-conselho-de-estado-chega-e-ps-elegem-um-cada\/\"]}]},{\"@type\":\"ImageObject\",\"inLanguage\":\"pt-PT\",\"@id\":\"https:\/\/portaltela.pt\/noticias\/2026\/04\/16\/psd-elege-tres-membros-para-o-conselho-de-estado-chega-e-ps-elegem-um-cada\/#primaryimage\",\"url\":\"https:\/\/portaltela.pt\/s.01k8rhncp4jt1\/2026\/04\/CACHE_780X1200_ANALOG_WATERMARKED_46322861_4614134_09012026035616.jpg\",\"contentUrl\":\"https:\/\/portaltela.pt\/s.01k8rhncp4jt1\/2026\/04\/CACHE_780X1200_ANALOG_WATERMARKED_46322861_4614134_09012026035616.jpg\",\"width\":768,\"height\":512,\"caption\":\"PSD elege tr\u00eas membros para Conselho de Estado, Chega um e PS tamb\u00e9m um\"},{\"@type\":\"BreadcrumbList\",\"@id\":\"https:\/\/portaltela.pt\/noticias\/2026\/04\/16\/psd-elege-tres-membros-para-o-conselho-de-estado-chega-e-ps-elegem-um-cada\/#breadcrumb\",\"itemListElement\":[{\"@type\":\"ListItem\",\"position\":1,\"name\":\"In\u00edcio\",\"item\":\"https:\/\/portaltela.pt\/\"},{\"@type\":\"ListItem\",\"position\":2,\"name\":\"PSD elege tr\u00eas membros para o Conselho de Estado, Chega e PS elegem um cada\"}]},{\"@type\":\"WebSite\",\"@id\":\"https:\/\/portaltela.pt\/#website\",\"url\":\"https:\/\/portaltela.pt\/\",\"name\":\"Portal Tela Portugal\",\"description\":\"\",\"potentialAction\":[{\"@type\":\"SearchAction\",\"target\":{\"@type\":\"EntryPoint\",\"urlTemplate\":\"https:\/\/portaltela.pt\/?s={search_term_string}\"},\"query-input\":{\"@type\":\"PropertyValueSpecification\",\"valueRequired\":true,\"valueName\":\"search_term_string\"}}],\"inLanguage\":\"pt-PT\"},{\"@type\":\"Person\",\"@id\":\"https:\/\/portaltela.pt\/#\/schema\/person\/c4278d4a6028830caff9ee44b42d32ed\",\"name\":\"Telinha\",\"image\":{\"@type\":\"ImageObject\",\"inLanguage\":\"pt-PT\",\"@id\":\"https:\/\/portaltela.pt\/s.01k8rhncp4jt1\/2025\/11\/talking-bot-125x125.png\",\"url\":\"https:\/\/portaltela.pt\/s.01k8rhncp4jt1\/2025\/11\/talking-bot-125x125.png\",\"contentUrl\":\"https:\/\/portaltela.pt\/s.01k8rhncp4jt1\/2025\/11\/talking-bot-125x125.png\",\"caption\":\"Telinha\"},\"sameAs\":[\"https:\/\/portaltela.pt\/\"],\"url\":\"https:\/\/portaltela.pt\/por\/367410592786\/\"}]}<\/script>\n<!-- \/ Yoast SEO plugin. -->","yoast_head_json":{"title":"PSD elege tr\u00eas membros para o Conselho de Estado, Chega e PS elegem um cada - Portal Tela Portugal","robots":{"index":"index","follow":"follow","max-snippet":"max-snippet:-1","max-image-preview":"max-image-preview:large","max-video-preview":"max-video-preview:-1"},"og_locale":"pt_PT","og_type":"article","og_title":"PSD elege tr\u00eas membros para o Conselho de Estado, Chega e PS elegem um cada - Portal Tela Portugal","og_description":"O PSD elegeu tr\u00eas membros para o Conselho de Estado. O Chega elegeu um membro para o Conselho de Estado. O PS tamb\u00e9m elegeu um membro para o Conselho de Estado.","og_url":"https:\/\/portaltela.pt\/noticias\/2026\/04\/16\/psd-elege-tres-membros-para-o-conselho-de-estado-chega-e-ps-elegem-um-cada\/","og_site_name":"Portal Tela Portugal","article_published_time":"2026-04-16T17:17:55+00:00","author":"Telinha","twitter_card":"summary_large_image","twitter_misc":{"Escrito por":"Telinha"},"schema":{"@context":"https:\/\/schema.org","@graph":[{"@type":"Article","@id":"https:\/\/portaltela.pt\/noticias\/2026\/04\/16\/psd-elege-tres-membros-para-o-conselho-de-estado-chega-e-ps-elegem-um-cada\/#article","isPartOf":{"@id":"https:\/\/portaltela.pt\/noticias\/2026\/04\/16\/psd-elege-tres-membros-para-o-conselho-de-estado-chega-e-ps-elegem-um-cada\/"},"author":{"name":"Telinha","@id":"https:\/\/portaltela.pt\/#\/schema\/person\/c4278d4a6028830caff9ee44b42d32ed"},"headline":"PSD elege tr\u00eas membros para o Conselho de Estado, Chega e PS elegem um cada","datePublished":"2026-04-16T17:17:55+00:00","mainEntityOfPage":{"@id":"https:\/\/portaltela.pt\/noticias\/2026\/04\/16\/psd-elege-tres-membros-para-o-conselho-de-estado-chega-e-ps-elegem-um-cada\/"},"wordCount":98,"image":{"@id":"https:\/\/portaltela.pt\/noticias\/2026\/04\/16\/psd-elege-tres-membros-para-o-conselho-de-estado-chega-e-ps-elegem-um-cada\/#primaryimage"},"thumbnailUrl":"https:\/\/portaltela.pt\/s.01k8rhncp4jt1\/2026\/04\/CACHE_780X1200_ANALOG_WATERMARKED_46322861_4614134_09012026035616.jpg","keywords":["CHEGA","Conselho Nacional","pol\u00edtica","pol\u00edtica interna","PS","PSD"],"articleSection":["Not\u00edcias","Pol\u00edtica"],"inLanguage":"pt-PT"},{"@type":"WebPage","@id":"https:\/\/portaltela.pt\/noticias\/2026\/04\/16\/psd-elege-tres-membros-para-o-conselho-de-estado-chega-e-ps-elegem-um-cada\/","url":"https:\/\/portaltela.pt\/noticias\/2026\/04\/16\/psd-elege-tres-membros-para-o-conselho-de-estado-chega-e-ps-elegem-um-cada\/","name":"PSD elege tr\u00eas membros para o Conselho de Estado, Chega e PS elegem um cada - Portal Tela Portugal","isPartOf":{"@id":"https:\/\/portaltela.pt\/#website"},"primaryImageOfPage":{"@id":"https:\/\/portaltela.pt\/noticias\/2026\/04\/16\/psd-elege-tres-membros-para-o-conselho-de-estado-chega-e-ps-elegem-um-cada\/#primaryimage"},"image":{"@id":"https:\/\/portaltela.pt\/noticias\/2026\/04\/16\/psd-elege-tres-membros-para-o-conselho-de-estado-chega-e-ps-elegem-um-cada\/#primaryimage"},"thumbnailUrl":"https:\/\/portaltela.pt\/s.01k8rhncp4jt1\/2026\/04\/CACHE_780X1200_ANALOG_WATERMARKED_46322861_4614134_09012026035616.jpg","datePublished":"2026-04-16T17:17:55+00:00","author":{"@id":"https:\/\/portaltela.pt\/#\/schema\/person\/c4278d4a6028830caff9ee44b42d32ed"},"breadcrumb":{"@id":"https:\/\/portaltela.pt\/noticias\/2026\/04\/16\/psd-elege-tres-membros-para-o-conselho-de-estado-chega-e-ps-elegem-um-cada\/#breadcrumb"},"inLanguage":"pt-PT","potentialAction":[{"@type":"ReadAction","target":["https:\/\/portaltela.pt\/noticias\/2026\/04\/16\/psd-elege-tres-membros-para-o-conselho-de-estado-chega-e-ps-elegem-um-cada\/"]}]},{"@type":"ImageObject","inLanguage":"pt-PT","@id":"https:\/\/portaltela.pt\/noticias\/2026\/04\/16\/psd-elege-tres-membros-para-o-conselho-de-estado-chega-e-ps-elegem-um-cada\/#primaryimage","url":"https:\/\/portaltela.pt\/s.01k8rhncp4jt1\/2026\/04\/CACHE_780X1200_ANALOG_WATERMARKED_46322861_4614134_09012026035616.jpg","contentUrl":"https:\/\/portaltela.pt\/s.01k8rhncp4jt1\/2026\/04\/CACHE_780X1200_ANALOG_WATERMARKED_46322861_4614134_09012026035616.jpg","width":768,"height":512,"caption":"PSD elege tr\u00eas membros para Conselho de Estado, Chega um e PS tamb\u00e9m um"},{"@type":"BreadcrumbList","@id":"https:\/\/portaltela.pt\/noticias\/2026\/04\/16\/psd-elege-tres-membros-para-o-conselho-de-estado-chega-e-ps-elegem-um-cada\/#breadcrumb","itemListElement":[{"@type":"ListItem","position":1,"name":"In\u00edcio","item":"https:\/\/portaltela.pt\/"},{"@type":"ListItem","position":2,"name":"PSD elege tr\u00eas membros para o Conselho de Estado, Chega e PS elegem um cada"}]},{"@type":"WebSite","@id":"https:\/\/portaltela.pt\/#website","url":"https:\/\/portaltela.pt\/","name":"Portal Tela Portugal","description":"","potentialAction":[{"@type":"SearchAction","target":{"@type":"EntryPoint","urlTemplate":"https:\/\/portaltela.pt\/?s={search_term_string}"},"query-input":{"@type":"PropertyValueSpecification","valueRequired":true,"valueName":"search_term_string"}}],"inLanguage":"pt-PT"},{"@type":"Person","@id":"https:\/\/portaltela.pt\/#\/schema\/person\/c4278d4a6028830caff9ee44b42d32ed","name":"Telinha","image":{"@type":"ImageObject","inLanguage":"pt-PT","@id":"https:\/\/portaltela.pt\/s.01k8rhncp4jt1\/2025\/11\/talking-bot-125x125.png","url":"https:\/\/portaltela.pt\/s.01k8rhncp4jt1\/2025\/11\/talking-bot-125x125.png","contentUrl":"https:\/\/portaltela.pt\/s.01k8rhncp4jt1\/2025\/11\/talking-bot-125x125.png","caption":"Telinha"},"sameAs":["https:\/\/portaltela.pt\/"],"url":"https:\/\/portaltela.pt\/por\/367410592786\/"}]}},"_links":{"self":[{"href":"https:\/\/portaltela.pt\/api\/wp\/v2\/posts\/446771","targetHints":{"allow":["GET"]}}],"collection":[{"href":"https:\/\/portaltela.pt\/api\/wp\/v2\/posts"}],"about":[{"href":"https:\/\/portaltela.pt\/api\/wp\/v2\/types\/post"}],"author":[{"embeddable":true,"href":"https:\/\/portaltela.pt\/api\/wp\/v2\/users\/2"}],"replies":[{"embeddable":true,"href":"https:\/\/portaltela.pt\/api\/wp\/v2\/comments?post=446771"}],"version-history":[{"count":0,"href":"https:\/\/portaltela.pt\/api\/wp\/v2\/posts\/446771\/revisions"}],"wp:featuredmedia":[{"embeddable":true,"href":"https:\/\/portaltela.pt\/api\/wp\/v2\/media\/446776"}],"wp:attachment":[{"href":"https:\/\/portaltela.pt\/api\/wp\/v2\/media?parent=446771"}],"wp:term":[{"taxonomy":"category","embeddable":true,"href":"https:\/\/portaltela.pt\/api\/wp\/v2\/categories?post=446771"},{"taxonomy":"post_tag","embeddable":true,"href":"https:\/\/portaltela.pt\/api\/wp\/v2\/tags?post=446771"}],"curies":[{"name":"wp","href":"https:\/\/api.w.org\/{rel}","templated":true}]}}