{"id":446749,"date":"2026-04-16T14:08:06","date_gmt":"2026-04-16T17:08:06","guid":{"rendered":"https:\/\/portaltela.pt\/noticias\/2026\/04\/16\/mb-way-chega-a-lojas-na-espanha-franca-e-italia-no-proximo-ano\/"},"modified":"2026-04-16T14:08:06","modified_gmt":"2026-04-16T17:08:06","slug":"mb-way-chega-a-lojas-na-espanha-franca-e-italia-no-proximo-ano","status":"publish","type":"post","link":"https:\/\/portaltela.pt\/noticias\/economia\/2026\/04\/16\/mb-way-chega-a-lojas-na-espanha-franca-e-italia-no-proximo-ano\/","title":{"rendered":"MB Way chega a lojas na Espanha, Fran\u00e7a e It\u00e1lia no pr\u00f3ximo ano"},"content":{"rendered":"<p>Nos pr\u00f3ximos meses, pagamentos entre pa\u00edses com MB Way j\u00e1 ser\u00e3o poss\u00edveis apenas por transfer\u00eancias entre pessoas. O uso em lojas comerciais ainda n\u00e3o est\u00e1 dispon\u00edvel, mas poder\u00e1 ser implementado em 2027.<\/p>\n<p>Durante uma demonstra\u00e7\u00e3o em Lisboa, o italiano Massimo Itta mostrou que pagar com MB Way atrav\u00e9s de QR Code \u00e9 vi\u00e1vel entre sistemas nacionais. O terminal de pagamento de um hotel recebeu o c\u00f3digo de um telem\u00f3vel italiano, permitindo a transa\u00e7\u00e3o.<\/p>\n<p>A a\u00e7\u00e3o ocorreu na manh\u00e3 de quinta-feira, 16 de Abril, numa cidade portuguesa com vista para o Tejo. Participaram representantes da SIBS, Bancomat e EPI, num contexto de coopera\u00e7\u00e3o entre bancos e emissores de pagamento privados.<\/p>\n<h3>Prova de conceito e objetivos<\/h3>\n<p>Teresa Mesquita, administradora executiva da SIBS, anunciou que a demonstra\u00e7\u00e3o valida a interoperabilidade entre MB Way, Bancomat e Wero. A respons\u00e1vel destacou o marco para a autonomia europeia em servi\u00e7os financeiros digitais.<\/p>\n<p>Massimo Itta descreveu a experi\u00eancia como prova de que solu\u00e7\u00f5es locais podem formar alian\u00e7as para reduzir a depend\u00eancia de operadores externos. A demonstra\u00e7\u00e3o foi apresentada como parte de um memorando entre cinco partes.<\/p>\n<h3>Contexto e calend\u00e1rio<\/h3>\n<p>A prova insere-se numa parceria entre SIBS, Bancomat, EPI, Bizum e Vipps MobilePay. A inten\u00e7\u00e3o \u00e9 estender a interoperabilidade a transfer\u00eancias entre particulares j\u00e1 at\u00e9 ao final deste ano em todos os pa\u00edses da alian\u00e7a.<\/p>\n<p>Os sistemas j\u00e1 permitem transfer\u00eancias entre pessoas entre Portugal, Espanha e It\u00e1lia. O objetivo \u00e9 tornar o pagamento em lojas compat\u00edvel com o MB Way, Bizum e Bancomat em 2027, com expans\u00e3o para 13 pa\u00edses europeus.<\/p>\n<h3>Perspetivas sobre o euro digital<\/h3>\n<p>O projeto privado visa acompanhar o euro digital do BCE, cujo lan\u00e7amento est\u00e1 previsto para 2029. Enquanto isso, a iniciativa privada pretende oferecer maior alcance e reduzir a depend\u00eancia de solu\u00e7\u00f5es estrangeiras, como Visa e Mastercard.<\/p>\n<p>Alfred Baroulier, da EPI, sublinhou que o euro digital \u00e9 p\u00fablico e ter\u00e1 de coexistir com solu\u00e7\u00f5es privadas j\u00e1 existentes. A coopera\u00e7\u00e3o entre as partes \u00e9 vista como essencial para a autonomia europeia.<\/p>\n","protected":false},"excerpt":{"rendered":"<ul>\n<li>No pr\u00f3ximo ano, pagamentos em lojas com MB Way entre Portugal, Espanha e It\u00e1lia ficam apenas para 2027, mas as transfer\u00eancias entre pessoas j\u00e1 s\u00e3o poss\u00edveis nos sistemas MB Way, Bizum e Bancomat, com demonstra\u00e7\u00e3o de interoperabilidade em Lisboa a 16 de abril.<\/li>\n<li>A prova de conceito mostrou que o QR Code do MB Way pode ser usado para pagar em terminais de pagamento de terceiros, com participa\u00e7\u00e3o do Bancomat e do sistema Wero, em ambiente real.<\/li>\n<li>O memorando de entendimento envolve cinco partes \u2014 SIBS, Bancomat, EPI, Bizum e Vipps MobilePay \u2014 visando ampliar a interoperabilidade e abranger com\u00e9rcio eletr\u00f3nico e pagamentos em loja.<\/li>\n<li>A iniciativa beneficia 13 pa\u00edses europeus na alian\u00e7a privada e aponta para pagamentos entre pa\u00edses em 2027, por QR Code e NFC, reduzindo a depend\u00eancia de operadores extra\u2011europeus.<\/li>\n<li>O euro digital do BCE, com previs\u00e3o de operacionaliza\u00e7\u00e3o em 2029, \u00e9 citado como contexto p\u00fablico, com este movimento privado a buscar autonomia e soberania dos servi\u00e7os financeiros digitais.<\/li>\n<\/ul>\n","protected":false},"author":2,"featured_media":446750,"comment_status":"closed","ping_status":"closed","sticky":false,"template":"","format":"standard","meta":{"footnotes":""},"categories":[2,6850],"tags":[7027,2487,4693,1014,2050,1633],"class_list":["post-446749","post","type-post","status-publish","format-standard","has-post-thumbnail","hentry","category-economia","category-financas","tag-bancos","tag-europa","tag-pagamentos","tag-portugal","tag-transferencias","tag-transferencias-internacionais"],"yoast_head":"<!-- This site is optimized with the Yoast SEO plugin v27.2 - https:\/\/yoast.com\/product\/yoast-seo-wordpress\/ -->\n<title>MB Way chega a lojas na Espanha, Fran\u00e7a e It\u00e1lia no pr\u00f3ximo ano - Portal Tela Portugal<\/title>\n<meta name=\"robots\" content=\"index, follow, max-snippet:-1, max-image-preview:large, max-video-preview:-1\" \/>\n<meta property=\"og:locale\" content=\"pt_PT\" \/>\n<meta property=\"og:type\" content=\"article\" \/>\n<meta property=\"og:title\" content=\"MB Way chega a lojas na Espanha, Fran\u00e7a e It\u00e1lia no pr\u00f3ximo ano - Portal Tela Portugal\" \/>\n<meta property=\"og:description\" content=\"No pr\u00f3ximo ano, pagamentos em lojas com MB Way entre Portugal, Espanha e It\u00e1lia ficam apenas para 2027, mas as transfer\u00eancias entre pessoas j\u00e1 s\u00e3o poss\u00edveis nos sistemas MB Way, Bizum e Bancomat, com demonstra\u00e7\u00e3o de interoperabilidade em Lisboa a 16 de abril. A prova de conceito mostrou que o QR Code do MB Way pode ser usado para pagar em terminais de pagamento de terceiros, com participa\u00e7\u00e3o do Bancomat e do sistema Wero, em ambiente real. O memorando de entendimento envolve cinco partes \u2014 SIBS, Bancomat, EPI, Bizum e Vipps MobilePay \u2014 visando ampliar a interoperabilidade e abranger com\u00e9rcio eletr\u00f3nico e pagamentos em loja. A iniciativa beneficia 13 pa\u00edses europeus na alian\u00e7a privada e aponta para pagamentos entre pa\u00edses em 2027, por QR Code e NFC, reduzindo a depend\u00eancia de operadores extra\u2011europeus. O euro digital do BCE, com previs\u00e3o de operacionaliza\u00e7\u00e3o em 2029, \u00e9 citado como contexto p\u00fablico, com este movimento privado a buscar autonomia e soberania dos servi\u00e7os financeiros digitais.\" \/>\n<meta property=\"og:url\" content=\"https:\/\/portaltela.pt\/noticias\/2026\/04\/16\/mb-way-chega-a-lojas-na-espanha-franca-e-italia-no-proximo-ano\/\" \/>\n<meta property=\"og:site_name\" content=\"Portal Tela Portugal\" \/>\n<meta property=\"article:published_time\" content=\"2026-04-16T17:08:06+00:00\" \/>\n<meta name=\"author\" content=\"Telinha\" \/>\n<meta name=\"twitter:card\" content=\"summary_large_image\" \/>\n<meta name=\"twitter:label1\" content=\"Escrito por\" \/>\n\t<meta name=\"twitter:data1\" content=\"Telinha\" \/>\n\t<meta name=\"twitter:label2\" content=\"Tempo estimado de leitura\" \/>\n\t<meta name=\"twitter:data2\" content=\"2 minutos\" \/>\n<script type=\"application\/ld+json\" class=\"yoast-schema-graph\">{\"@context\":\"https:\/\/schema.org\",\"@graph\":[{\"@type\":\"Article\",\"@id\":\"https:\/\/portaltela.pt\/noticias\/2026\/04\/16\/mb-way-chega-a-lojas-na-espanha-franca-e-italia-no-proximo-ano\/#article\",\"isPartOf\":{\"@id\":\"https:\/\/portaltela.pt\/noticias\/2026\/04\/16\/mb-way-chega-a-lojas-na-espanha-franca-e-italia-no-proximo-ano\/\"},\"author\":{\"name\":\"Telinha\",\"@id\":\"https:\/\/portaltela.pt\/#\/schema\/person\/c4278d4a6028830caff9ee44b42d32ed\"},\"headline\":\"MB Way chega a lojas na Espanha, Fran\u00e7a e It\u00e1lia no pr\u00f3ximo ano\",\"datePublished\":\"2026-04-16T17:08:06+00:00\",\"mainEntityOfPage\":{\"@id\":\"https:\/\/portaltela.pt\/noticias\/2026\/04\/16\/mb-way-chega-a-lojas-na-espanha-franca-e-italia-no-proximo-ano\/\"},\"wordCount\":372,\"image\":{\"@id\":\"https:\/\/portaltela.pt\/noticias\/2026\/04\/16\/mb-way-chega-a-lojas-na-espanha-franca-e-italia-no-proximo-ano\/#primaryimage\"},\"thumbnailUrl\":\"https:\/\/portaltela.pt\/s.01k8rhncp4jt1\/2026\/04\/2081850.jpg\",\"keywords\":[\"bancos\",\"Europa\",\"pagamentos\",\"Portugal\",\"transfer\u00eancias\",\"transfer\u00eancias internacionais\"],\"articleSection\":[\"Economia\",\"Finan\u00e7as\"],\"inLanguage\":\"pt-PT\"},{\"@type\":\"WebPage\",\"@id\":\"https:\/\/portaltela.pt\/noticias\/2026\/04\/16\/mb-way-chega-a-lojas-na-espanha-franca-e-italia-no-proximo-ano\/\",\"url\":\"https:\/\/portaltela.pt\/noticias\/2026\/04\/16\/mb-way-chega-a-lojas-na-espanha-franca-e-italia-no-proximo-ano\/\",\"name\":\"MB Way chega a lojas na Espanha, Fran\u00e7a e It\u00e1lia no pr\u00f3ximo ano - Portal Tela Portugal\",\"isPartOf\":{\"@id\":\"https:\/\/portaltela.pt\/#website\"},\"primaryImageOfPage\":{\"@id\":\"https:\/\/portaltela.pt\/noticias\/2026\/04\/16\/mb-way-chega-a-lojas-na-espanha-franca-e-italia-no-proximo-ano\/#primaryimage\"},\"image\":{\"@id\":\"https:\/\/portaltela.pt\/noticias\/2026\/04\/16\/mb-way-chega-a-lojas-na-espanha-franca-e-italia-no-proximo-ano\/#primaryimage\"},\"thumbnailUrl\":\"https:\/\/portaltela.pt\/s.01k8rhncp4jt1\/2026\/04\/2081850.jpg\",\"datePublished\":\"2026-04-16T17:08:06+00:00\",\"author\":{\"@id\":\"https:\/\/portaltela.pt\/#\/schema\/person\/c4278d4a6028830caff9ee44b42d32ed\"},\"breadcrumb\":{\"@id\":\"https:\/\/portaltela.pt\/noticias\/2026\/04\/16\/mb-way-chega-a-lojas-na-espanha-franca-e-italia-no-proximo-ano\/#breadcrumb\"},\"inLanguage\":\"pt-PT\",\"potentialAction\":[{\"@type\":\"ReadAction\",\"target\":[\"https:\/\/portaltela.pt\/noticias\/2026\/04\/16\/mb-way-chega-a-lojas-na-espanha-franca-e-italia-no-proximo-ano\/\"]}]},{\"@type\":\"ImageObject\",\"inLanguage\":\"pt-PT\",\"@id\":\"https:\/\/portaltela.pt\/noticias\/2026\/04\/16\/mb-way-chega-a-lojas-na-espanha-franca-e-italia-no-proximo-ano\/#primaryimage\",\"url\":\"https:\/\/portaltela.pt\/s.01k8rhncp4jt1\/2026\/04\/2081850.jpg\",\"contentUrl\":\"https:\/\/portaltela.pt\/s.01k8rhncp4jt1\/2026\/04\/2081850.jpg\",\"width\":796,\"height\":448,\"caption\":\"Demonstra\u00e7\u00e3o de pagamentos entre sistemas locais foi feita nesta ter\u00e7a-feira\"},{\"@type\":\"BreadcrumbList\",\"@id\":\"https:\/\/portaltela.pt\/noticias\/2026\/04\/16\/mb-way-chega-a-lojas-na-espanha-franca-e-italia-no-proximo-ano\/#breadcrumb\",\"itemListElement\":[{\"@type\":\"ListItem\",\"position\":1,\"name\":\"In\u00edcio\",\"item\":\"https:\/\/portaltela.pt\/\"},{\"@type\":\"ListItem\",\"position\":2,\"name\":\"MB Way chega a lojas na Espanha, Fran\u00e7a e It\u00e1lia no pr\u00f3ximo ano\"}]},{\"@type\":\"WebSite\",\"@id\":\"https:\/\/portaltela.pt\/#website\",\"url\":\"https:\/\/portaltela.pt\/\",\"name\":\"Portal Tela Portugal\",\"description\":\"\",\"potentialAction\":[{\"@type\":\"SearchAction\",\"target\":{\"@type\":\"EntryPoint\",\"urlTemplate\":\"https:\/\/portaltela.pt\/?s={search_term_string}\"},\"query-input\":{\"@type\":\"PropertyValueSpecification\",\"valueRequired\":true,\"valueName\":\"search_term_string\"}}],\"inLanguage\":\"pt-PT\"},{\"@type\":\"Person\",\"@id\":\"https:\/\/portaltela.pt\/#\/schema\/person\/c4278d4a6028830caff9ee44b42d32ed\",\"name\":\"Telinha\",\"image\":{\"@type\":\"ImageObject\",\"inLanguage\":\"pt-PT\",\"@id\":\"https:\/\/portaltela.pt\/s.01k8rhncp4jt1\/2025\/11\/talking-bot-125x125.png\",\"url\":\"https:\/\/portaltela.pt\/s.01k8rhncp4jt1\/2025\/11\/talking-bot-125x125.png\",\"contentUrl\":\"https:\/\/portaltela.pt\/s.01k8rhncp4jt1\/2025\/11\/talking-bot-125x125.png\",\"caption\":\"Telinha\"},\"sameAs\":[\"https:\/\/portaltela.pt\/\"],\"url\":\"https:\/\/portaltela.pt\/por\/367410592786\/\"}]}<\/script>\n<!-- \/ Yoast SEO plugin. -->","yoast_head_json":{"title":"MB Way chega a lojas na Espanha, Fran\u00e7a e It\u00e1lia no pr\u00f3ximo ano - Portal Tela Portugal","robots":{"index":"index","follow":"follow","max-snippet":"max-snippet:-1","max-image-preview":"max-image-preview:large","max-video-preview":"max-video-preview:-1"},"og_locale":"pt_PT","og_type":"article","og_title":"MB Way chega a lojas na Espanha, Fran\u00e7a e It\u00e1lia no pr\u00f3ximo ano - Portal Tela Portugal","og_description":"No pr\u00f3ximo ano, pagamentos em lojas com MB Way entre Portugal, Espanha e It\u00e1lia ficam apenas para 2027, mas as transfer\u00eancias entre pessoas j\u00e1 s\u00e3o poss\u00edveis nos sistemas MB Way, Bizum e Bancomat, com demonstra\u00e7\u00e3o de interoperabilidade em Lisboa a 16 de abril. A prova de conceito mostrou que o QR Code do MB Way pode ser usado para pagar em terminais de pagamento de terceiros, com participa\u00e7\u00e3o do Bancomat e do sistema Wero, em ambiente real. O memorando de entendimento envolve cinco partes \u2014 SIBS, Bancomat, EPI, Bizum e Vipps MobilePay \u2014 visando ampliar a interoperabilidade e abranger com\u00e9rcio eletr\u00f3nico e pagamentos em loja. A iniciativa beneficia 13 pa\u00edses europeus na alian\u00e7a privada e aponta para pagamentos entre pa\u00edses em 2027, por QR Code e NFC, reduzindo a depend\u00eancia de operadores extra\u2011europeus. O euro digital do BCE, com previs\u00e3o de operacionaliza\u00e7\u00e3o em 2029, \u00e9 citado como contexto p\u00fablico, com este movimento privado a buscar autonomia e soberania dos servi\u00e7os financeiros digitais.","og_url":"https:\/\/portaltela.pt\/noticias\/2026\/04\/16\/mb-way-chega-a-lojas-na-espanha-franca-e-italia-no-proximo-ano\/","og_site_name":"Portal Tela Portugal","article_published_time":"2026-04-16T17:08:06+00:00","author":"Telinha","twitter_card":"summary_large_image","twitter_misc":{"Escrito por":"Telinha","Tempo estimado de leitura":"2 minutos"},"schema":{"@context":"https:\/\/schema.org","@graph":[{"@type":"Article","@id":"https:\/\/portaltela.pt\/noticias\/2026\/04\/16\/mb-way-chega-a-lojas-na-espanha-franca-e-italia-no-proximo-ano\/#article","isPartOf":{"@id":"https:\/\/portaltela.pt\/noticias\/2026\/04\/16\/mb-way-chega-a-lojas-na-espanha-franca-e-italia-no-proximo-ano\/"},"author":{"name":"Telinha","@id":"https:\/\/portaltela.pt\/#\/schema\/person\/c4278d4a6028830caff9ee44b42d32ed"},"headline":"MB Way chega a lojas na Espanha, Fran\u00e7a e It\u00e1lia no pr\u00f3ximo ano","datePublished":"2026-04-16T17:08:06+00:00","mainEntityOfPage":{"@id":"https:\/\/portaltela.pt\/noticias\/2026\/04\/16\/mb-way-chega-a-lojas-na-espanha-franca-e-italia-no-proximo-ano\/"},"wordCount":372,"image":{"@id":"https:\/\/portaltela.pt\/noticias\/2026\/04\/16\/mb-way-chega-a-lojas-na-espanha-franca-e-italia-no-proximo-ano\/#primaryimage"},"thumbnailUrl":"https:\/\/portaltela.pt\/s.01k8rhncp4jt1\/2026\/04\/2081850.jpg","keywords":["bancos","Europa","pagamentos","Portugal","transfer\u00eancias","transfer\u00eancias internacionais"],"articleSection":["Economia","Finan\u00e7as"],"inLanguage":"pt-PT"},{"@type":"WebPage","@id":"https:\/\/portaltela.pt\/noticias\/2026\/04\/16\/mb-way-chega-a-lojas-na-espanha-franca-e-italia-no-proximo-ano\/","url":"https:\/\/portaltela.pt\/noticias\/2026\/04\/16\/mb-way-chega-a-lojas-na-espanha-franca-e-italia-no-proximo-ano\/","name":"MB Way chega a lojas na Espanha, Fran\u00e7a e It\u00e1lia no pr\u00f3ximo ano - Portal Tela Portugal","isPartOf":{"@id":"https:\/\/portaltela.pt\/#website"},"primaryImageOfPage":{"@id":"https:\/\/portaltela.pt\/noticias\/2026\/04\/16\/mb-way-chega-a-lojas-na-espanha-franca-e-italia-no-proximo-ano\/#primaryimage"},"image":{"@id":"https:\/\/portaltela.pt\/noticias\/2026\/04\/16\/mb-way-chega-a-lojas-na-espanha-franca-e-italia-no-proximo-ano\/#primaryimage"},"thumbnailUrl":"https:\/\/portaltela.pt\/s.01k8rhncp4jt1\/2026\/04\/2081850.jpg","datePublished":"2026-04-16T17:08:06+00:00","author":{"@id":"https:\/\/portaltela.pt\/#\/schema\/person\/c4278d4a6028830caff9ee44b42d32ed"},"breadcrumb":{"@id":"https:\/\/portaltela.pt\/noticias\/2026\/04\/16\/mb-way-chega-a-lojas-na-espanha-franca-e-italia-no-proximo-ano\/#breadcrumb"},"inLanguage":"pt-PT","potentialAction":[{"@type":"ReadAction","target":["https:\/\/portaltela.pt\/noticias\/2026\/04\/16\/mb-way-chega-a-lojas-na-espanha-franca-e-italia-no-proximo-ano\/"]}]},{"@type":"ImageObject","inLanguage":"pt-PT","@id":"https:\/\/portaltela.pt\/noticias\/2026\/04\/16\/mb-way-chega-a-lojas-na-espanha-franca-e-italia-no-proximo-ano\/#primaryimage","url":"https:\/\/portaltela.pt\/s.01k8rhncp4jt1\/2026\/04\/2081850.jpg","contentUrl":"https:\/\/portaltela.pt\/s.01k8rhncp4jt1\/2026\/04\/2081850.jpg","width":796,"height":448,"caption":"Demonstra\u00e7\u00e3o de pagamentos entre sistemas locais foi feita nesta ter\u00e7a-feira"},{"@type":"BreadcrumbList","@id":"https:\/\/portaltela.pt\/noticias\/2026\/04\/16\/mb-way-chega-a-lojas-na-espanha-franca-e-italia-no-proximo-ano\/#breadcrumb","itemListElement":[{"@type":"ListItem","position":1,"name":"In\u00edcio","item":"https:\/\/portaltela.pt\/"},{"@type":"ListItem","position":2,"name":"MB Way chega a lojas na Espanha, Fran\u00e7a e It\u00e1lia no pr\u00f3ximo ano"}]},{"@type":"WebSite","@id":"https:\/\/portaltela.pt\/#website","url":"https:\/\/portaltela.pt\/","name":"Portal Tela Portugal","description":"","potentialAction":[{"@type":"SearchAction","target":{"@type":"EntryPoint","urlTemplate":"https:\/\/portaltela.pt\/?s={search_term_string}"},"query-input":{"@type":"PropertyValueSpecification","valueRequired":true,"valueName":"search_term_string"}}],"inLanguage":"pt-PT"},{"@type":"Person","@id":"https:\/\/portaltela.pt\/#\/schema\/person\/c4278d4a6028830caff9ee44b42d32ed","name":"Telinha","image":{"@type":"ImageObject","inLanguage":"pt-PT","@id":"https:\/\/portaltela.pt\/s.01k8rhncp4jt1\/2025\/11\/talking-bot-125x125.png","url":"https:\/\/portaltela.pt\/s.01k8rhncp4jt1\/2025\/11\/talking-bot-125x125.png","contentUrl":"https:\/\/portaltela.pt\/s.01k8rhncp4jt1\/2025\/11\/talking-bot-125x125.png","caption":"Telinha"},"sameAs":["https:\/\/portaltela.pt\/"],"url":"https:\/\/portaltela.pt\/por\/367410592786\/"}]}},"_links":{"self":[{"href":"https:\/\/portaltela.pt\/api\/wp\/v2\/posts\/446749","targetHints":{"allow":["GET"]}}],"collection":[{"href":"https:\/\/portaltela.pt\/api\/wp\/v2\/posts"}],"about":[{"href":"https:\/\/portaltela.pt\/api\/wp\/v2\/types\/post"}],"author":[{"embeddable":true,"href":"https:\/\/portaltela.pt\/api\/wp\/v2\/users\/2"}],"replies":[{"embeddable":true,"href":"https:\/\/portaltela.pt\/api\/wp\/v2\/comments?post=446749"}],"version-history":[{"count":0,"href":"https:\/\/portaltela.pt\/api\/wp\/v2\/posts\/446749\/revisions"}],"wp:featuredmedia":[{"embeddable":true,"href":"https:\/\/portaltela.pt\/api\/wp\/v2\/media\/446750"}],"wp:attachment":[{"href":"https:\/\/portaltela.pt\/api\/wp\/v2\/media?parent=446749"}],"wp:term":[{"taxonomy":"category","embeddable":true,"href":"https:\/\/portaltela.pt\/api\/wp\/v2\/categories?post=446749"},{"taxonomy":"post_tag","embeddable":true,"href":"https:\/\/portaltela.pt\/api\/wp\/v2\/tags?post=446749"}],"curies":[{"name":"wp","href":"https:\/\/api.w.org\/{rel}","templated":true}]}}