{"id":446713,"date":"2026-04-16T12:31:00","date_gmt":"2026-04-16T15:31:00","guid":{"rendered":"https:\/\/portaltela.pt\/noticias\/2026\/04\/16\/paquistao-diz-que-cessar-fogo-no-libano-e-essencial-para-negociacoes\/"},"modified":"2026-04-16T12:31:00","modified_gmt":"2026-04-16T15:31:00","slug":"paquistao-diz-que-cessar-fogo-no-libano-e-essencial-para-negociacoes","status":"publish","type":"post","link":"https:\/\/portaltela.pt\/noticias\/internacional\/2026\/04\/16\/paquistao-diz-que-cessar-fogo-no-libano-e-essencial-para-negociacoes\/","title":{"rendered":"Paquist\u00e3o diz que cessar-fogo no L\u00edbano \u00e9 essencial para negocia\u00e7\u00f5es"},"content":{"rendered":"<p>O Paquist\u00e3o afirmou que o cessar-fogo no L\u00edbano \u00e9 essencial para as negocia\u00e7\u00f5es em curso entre as partes envolvidas. A posi\u00e7\u00e3o foi apresentada como condi\u00e7\u00e3o para avan\u00e7os diplom\u00e1ticos.<\/p>\n<p>Segundo o governo paquistan\u00eas, manter a tr\u00e9gua facilita o di\u00e1logo, reduzindo tens\u00f5es e criando espa\u00e7o para acordos duradouros. N\u00e3o foram detalhadas propostas espec\u00edficas.<\/p>\n<p>A declara\u00e7\u00e3o aborda a situa\u00e7\u00e3o no L\u00edbano, sem indicar prazo para implementa\u00e7\u00e3o ou pr\u00f3ximos passos. A oposi\u00e7\u00e3o \u00e0s a\u00e7\u00f5es militares foi destacada como elemento central.<\/p>\n<p>A comunica\u00e7\u00e3o refor\u00e7a a import\u00e2ncia de uma pausa no fogo para o progresso das negocia\u00e7\u00f5es, destacando o papel de atores internacionais na media\u00e7\u00e3o.<\/p>\n","protected":false},"excerpt":{"rendered":"<ul>\n<li>O Paquist\u00e3o afirmou que o cessar-fogo no L\u00edbano \u00e9 essencial para as negocia\u00e7\u00f5es em curso.<\/li>\n<li>A posi\u00e7\u00e3o destacada enfatiza a import\u00e2ncia de estabilizar a regi\u00e3o para avan\u00e7ar no di\u00e1logo entre as partes envolvidas.<\/li>\n<li>A declara\u00e7\u00e3o surge no contexto de tentativas diplom\u00e1ticas para facilitar acordos regionais.<\/li>\n<li>N\u00e3o s\u00e3o apresentados detalhes adicionais sobre as negocia\u00e7\u00f5es ou prazos.<\/li>\n<\/ul>\n","protected":false},"author":2,"featured_media":446716,"comment_status":"closed","ping_status":"closed","sticky":false,"template":"","format":"standard","meta":{"footnotes":""},"categories":[6814,4],"tags":[4541,6635,1879,6566,3897,3743],"class_list":["post-446713","post","type-post","status-publish","format-standard","has-post-thumbnail","hentry","category-geopolitica","category-internacional","tag-cessar-fogo","tag-libano","tag-mediacao-internacional","tag-negociacao","tag-negociacoes","tag-paquistao"],"yoast_head":"<!-- This site is optimized with the Yoast SEO plugin v27.2 - https:\/\/yoast.com\/product\/yoast-seo-wordpress\/ -->\n<title>Paquist\u00e3o diz que cessar-fogo no L\u00edbano \u00e9 essencial para negocia\u00e7\u00f5es - Portal Tela Portugal<\/title>\n<meta name=\"robots\" content=\"index, follow, max-snippet:-1, max-image-preview:large, max-video-preview:-1\" \/>\n<meta property=\"og:locale\" content=\"pt_PT\" \/>\n<meta property=\"og:type\" content=\"article\" \/>\n<meta property=\"og:title\" content=\"Paquist\u00e3o diz que cessar-fogo no L\u00edbano \u00e9 essencial para negocia\u00e7\u00f5es - Portal Tela Portugal\" \/>\n<meta property=\"og:description\" content=\"O Paquist\u00e3o afirmou que o cessar-fogo no L\u00edbano \u00e9 essencial para as negocia\u00e7\u00f5es em curso. A posi\u00e7\u00e3o destacada enfatiza a import\u00e2ncia de estabilizar a regi\u00e3o para avan\u00e7ar no di\u00e1logo entre as partes envolvidas. A declara\u00e7\u00e3o surge no contexto de tentativas diplom\u00e1ticas para facilitar acordos regionais. N\u00e3o s\u00e3o apresentados detalhes adicionais sobre as negocia\u00e7\u00f5es ou prazos.\" \/>\n<meta property=\"og:url\" content=\"https:\/\/portaltela.pt\/noticias\/2026\/04\/16\/paquistao-diz-que-cessar-fogo-no-libano-e-essencial-para-negociacoes\/\" \/>\n<meta property=\"og:site_name\" content=\"Portal Tela Portugal\" \/>\n<meta property=\"article:published_time\" content=\"2026-04-16T15:31:00+00:00\" \/>\n<meta name=\"author\" content=\"Telinha\" \/>\n<meta name=\"twitter:card\" content=\"summary_large_image\" \/>\n<meta name=\"twitter:label1\" content=\"Escrito por\" \/>\n\t<meta name=\"twitter:data1\" content=\"Telinha\" \/>\n\t<meta name=\"twitter:label2\" content=\"Tempo estimado de leitura\" \/>\n\t<meta name=\"twitter:data2\" content=\"1 minuto\" \/>\n<script type=\"application\/ld+json\" class=\"yoast-schema-graph\">{\"@context\":\"https:\/\/schema.org\",\"@graph\":[{\"@type\":\"Article\",\"@id\":\"https:\/\/portaltela.pt\/noticias\/2026\/04\/16\/paquistao-diz-que-cessar-fogo-no-libano-e-essencial-para-negociacoes\/#article\",\"isPartOf\":{\"@id\":\"https:\/\/portaltela.pt\/noticias\/2026\/04\/16\/paquistao-diz-que-cessar-fogo-no-libano-e-essencial-para-negociacoes\/\"},\"author\":{\"name\":\"Telinha\",\"@id\":\"https:\/\/portaltela.pt\/#\/schema\/person\/c4278d4a6028830caff9ee44b42d32ed\"},\"headline\":\"Paquist\u00e3o diz que cessar-fogo no L\u00edbano \u00e9 essencial para negocia\u00e7\u00f5es\",\"datePublished\":\"2026-04-16T15:31:00+00:00\",\"mainEntityOfPage\":{\"@id\":\"https:\/\/portaltela.pt\/noticias\/2026\/04\/16\/paquistao-diz-que-cessar-fogo-no-libano-e-essencial-para-negociacoes\/\"},\"wordCount\":136,\"image\":{\"@id\":\"https:\/\/portaltela.pt\/noticias\/2026\/04\/16\/paquistao-diz-que-cessar-fogo-no-libano-e-essencial-para-negociacoes\/#primaryimage\"},\"thumbnailUrl\":\"https:\/\/portaltela.pt\/s.01k8rhncp4jt1\/2026\/04\/CACHE_780X1200_ANALOG_WATERMARKED_46942069_815431312922882.jpg\",\"keywords\":[\"cessar-fogo\",\"L\u00edbano\",\"media\u00e7\u00e3o internacional\",\"negocia\u00e7\u00e3o\",\"negocia\u00e7\u00f5es\",\"Paquist\u00e3o\"],\"articleSection\":[\"Geopol\u00edtica\",\"Internacional\"],\"inLanguage\":\"pt-PT\"},{\"@type\":\"WebPage\",\"@id\":\"https:\/\/portaltela.pt\/noticias\/2026\/04\/16\/paquistao-diz-que-cessar-fogo-no-libano-e-essencial-para-negociacoes\/\",\"url\":\"https:\/\/portaltela.pt\/noticias\/2026\/04\/16\/paquistao-diz-que-cessar-fogo-no-libano-e-essencial-para-negociacoes\/\",\"name\":\"Paquist\u00e3o diz que cessar-fogo no L\u00edbano \u00e9 essencial para negocia\u00e7\u00f5es - Portal Tela Portugal\",\"isPartOf\":{\"@id\":\"https:\/\/portaltela.pt\/#website\"},\"primaryImageOfPage\":{\"@id\":\"https:\/\/portaltela.pt\/noticias\/2026\/04\/16\/paquistao-diz-que-cessar-fogo-no-libano-e-essencial-para-negociacoes\/#primaryimage\"},\"image\":{\"@id\":\"https:\/\/portaltela.pt\/noticias\/2026\/04\/16\/paquistao-diz-que-cessar-fogo-no-libano-e-essencial-para-negociacoes\/#primaryimage\"},\"thumbnailUrl\":\"https:\/\/portaltela.pt\/s.01k8rhncp4jt1\/2026\/04\/CACHE_780X1200_ANALOG_WATERMARKED_46942069_815431312922882.jpg\",\"datePublished\":\"2026-04-16T15:31:00+00:00\",\"author\":{\"@id\":\"https:\/\/portaltela.pt\/#\/schema\/person\/c4278d4a6028830caff9ee44b42d32ed\"},\"breadcrumb\":{\"@id\":\"https:\/\/portaltela.pt\/noticias\/2026\/04\/16\/paquistao-diz-que-cessar-fogo-no-libano-e-essencial-para-negociacoes\/#breadcrumb\"},\"inLanguage\":\"pt-PT\",\"potentialAction\":[{\"@type\":\"ReadAction\",\"target\":[\"https:\/\/portaltela.pt\/noticias\/2026\/04\/16\/paquistao-diz-que-cessar-fogo-no-libano-e-essencial-para-negociacoes\/\"]}]},{\"@type\":\"ImageObject\",\"inLanguage\":\"pt-PT\",\"@id\":\"https:\/\/portaltela.pt\/noticias\/2026\/04\/16\/paquistao-diz-que-cessar-fogo-no-libano-e-essencial-para-negociacoes\/#primaryimage\",\"url\":\"https:\/\/portaltela.pt\/s.01k8rhncp4jt1\/2026\/04\/CACHE_780X1200_ANALOG_WATERMARKED_46942069_815431312922882.jpg\",\"contentUrl\":\"https:\/\/portaltela.pt\/s.01k8rhncp4jt1\/2026\/04\/CACHE_780X1200_ANALOG_WATERMARKED_46942069_815431312922882.jpg\",\"width\":796,\"height\":448,\"caption\":\"Cessar-fogo no L\u00edbano \u00e9 elemento essencial para as negocia\u00e7\u00f5es - Paquist\u00e3o\"},{\"@type\":\"BreadcrumbList\",\"@id\":\"https:\/\/portaltela.pt\/noticias\/2026\/04\/16\/paquistao-diz-que-cessar-fogo-no-libano-e-essencial-para-negociacoes\/#breadcrumb\",\"itemListElement\":[{\"@type\":\"ListItem\",\"position\":1,\"name\":\"In\u00edcio\",\"item\":\"https:\/\/portaltela.pt\/\"},{\"@type\":\"ListItem\",\"position\":2,\"name\":\"Paquist\u00e3o diz que cessar-fogo no L\u00edbano \u00e9 essencial para negocia\u00e7\u00f5es\"}]},{\"@type\":\"WebSite\",\"@id\":\"https:\/\/portaltela.pt\/#website\",\"url\":\"https:\/\/portaltela.pt\/\",\"name\":\"Portal Tela Portugal\",\"description\":\"\",\"potentialAction\":[{\"@type\":\"SearchAction\",\"target\":{\"@type\":\"EntryPoint\",\"urlTemplate\":\"https:\/\/portaltela.pt\/?s={search_term_string}\"},\"query-input\":{\"@type\":\"PropertyValueSpecification\",\"valueRequired\":true,\"valueName\":\"search_term_string\"}}],\"inLanguage\":\"pt-PT\"},{\"@type\":\"Person\",\"@id\":\"https:\/\/portaltela.pt\/#\/schema\/person\/c4278d4a6028830caff9ee44b42d32ed\",\"name\":\"Telinha\",\"image\":{\"@type\":\"ImageObject\",\"inLanguage\":\"pt-PT\",\"@id\":\"https:\/\/portaltela.pt\/s.01k8rhncp4jt1\/2025\/11\/talking-bot-125x125.png\",\"url\":\"https:\/\/portaltela.pt\/s.01k8rhncp4jt1\/2025\/11\/talking-bot-125x125.png\",\"contentUrl\":\"https:\/\/portaltela.pt\/s.01k8rhncp4jt1\/2025\/11\/talking-bot-125x125.png\",\"caption\":\"Telinha\"},\"sameAs\":[\"https:\/\/portaltela.pt\/\"],\"url\":\"https:\/\/portaltela.pt\/por\/367410592786\/\"}]}<\/script>\n<!-- \/ Yoast SEO plugin. -->","yoast_head_json":{"title":"Paquist\u00e3o diz que cessar-fogo no L\u00edbano \u00e9 essencial para negocia\u00e7\u00f5es - Portal Tela Portugal","robots":{"index":"index","follow":"follow","max-snippet":"max-snippet:-1","max-image-preview":"max-image-preview:large","max-video-preview":"max-video-preview:-1"},"og_locale":"pt_PT","og_type":"article","og_title":"Paquist\u00e3o diz que cessar-fogo no L\u00edbano \u00e9 essencial para negocia\u00e7\u00f5es - Portal Tela Portugal","og_description":"O Paquist\u00e3o afirmou que o cessar-fogo no L\u00edbano \u00e9 essencial para as negocia\u00e7\u00f5es em curso. A posi\u00e7\u00e3o destacada enfatiza a import\u00e2ncia de estabilizar a regi\u00e3o para avan\u00e7ar no di\u00e1logo entre as partes envolvidas. A declara\u00e7\u00e3o surge no contexto de tentativas diplom\u00e1ticas para facilitar acordos regionais. N\u00e3o s\u00e3o apresentados detalhes adicionais sobre as negocia\u00e7\u00f5es ou prazos.","og_url":"https:\/\/portaltela.pt\/noticias\/2026\/04\/16\/paquistao-diz-que-cessar-fogo-no-libano-e-essencial-para-negociacoes\/","og_site_name":"Portal Tela Portugal","article_published_time":"2026-04-16T15:31:00+00:00","author":"Telinha","twitter_card":"summary_large_image","twitter_misc":{"Escrito por":"Telinha","Tempo estimado de leitura":"1 minuto"},"schema":{"@context":"https:\/\/schema.org","@graph":[{"@type":"Article","@id":"https:\/\/portaltela.pt\/noticias\/2026\/04\/16\/paquistao-diz-que-cessar-fogo-no-libano-e-essencial-para-negociacoes\/#article","isPartOf":{"@id":"https:\/\/portaltela.pt\/noticias\/2026\/04\/16\/paquistao-diz-que-cessar-fogo-no-libano-e-essencial-para-negociacoes\/"},"author":{"name":"Telinha","@id":"https:\/\/portaltela.pt\/#\/schema\/person\/c4278d4a6028830caff9ee44b42d32ed"},"headline":"Paquist\u00e3o diz que cessar-fogo no L\u00edbano \u00e9 essencial para negocia\u00e7\u00f5es","datePublished":"2026-04-16T15:31:00+00:00","mainEntityOfPage":{"@id":"https:\/\/portaltela.pt\/noticias\/2026\/04\/16\/paquistao-diz-que-cessar-fogo-no-libano-e-essencial-para-negociacoes\/"},"wordCount":136,"image":{"@id":"https:\/\/portaltela.pt\/noticias\/2026\/04\/16\/paquistao-diz-que-cessar-fogo-no-libano-e-essencial-para-negociacoes\/#primaryimage"},"thumbnailUrl":"https:\/\/portaltela.pt\/s.01k8rhncp4jt1\/2026\/04\/CACHE_780X1200_ANALOG_WATERMARKED_46942069_815431312922882.jpg","keywords":["cessar-fogo","L\u00edbano","media\u00e7\u00e3o internacional","negocia\u00e7\u00e3o","negocia\u00e7\u00f5es","Paquist\u00e3o"],"articleSection":["Geopol\u00edtica","Internacional"],"inLanguage":"pt-PT"},{"@type":"WebPage","@id":"https:\/\/portaltela.pt\/noticias\/2026\/04\/16\/paquistao-diz-que-cessar-fogo-no-libano-e-essencial-para-negociacoes\/","url":"https:\/\/portaltela.pt\/noticias\/2026\/04\/16\/paquistao-diz-que-cessar-fogo-no-libano-e-essencial-para-negociacoes\/","name":"Paquist\u00e3o diz que cessar-fogo no L\u00edbano \u00e9 essencial para negocia\u00e7\u00f5es - Portal Tela Portugal","isPartOf":{"@id":"https:\/\/portaltela.pt\/#website"},"primaryImageOfPage":{"@id":"https:\/\/portaltela.pt\/noticias\/2026\/04\/16\/paquistao-diz-que-cessar-fogo-no-libano-e-essencial-para-negociacoes\/#primaryimage"},"image":{"@id":"https:\/\/portaltela.pt\/noticias\/2026\/04\/16\/paquistao-diz-que-cessar-fogo-no-libano-e-essencial-para-negociacoes\/#primaryimage"},"thumbnailUrl":"https:\/\/portaltela.pt\/s.01k8rhncp4jt1\/2026\/04\/CACHE_780X1200_ANALOG_WATERMARKED_46942069_815431312922882.jpg","datePublished":"2026-04-16T15:31:00+00:00","author":{"@id":"https:\/\/portaltela.pt\/#\/schema\/person\/c4278d4a6028830caff9ee44b42d32ed"},"breadcrumb":{"@id":"https:\/\/portaltela.pt\/noticias\/2026\/04\/16\/paquistao-diz-que-cessar-fogo-no-libano-e-essencial-para-negociacoes\/#breadcrumb"},"inLanguage":"pt-PT","potentialAction":[{"@type":"ReadAction","target":["https:\/\/portaltela.pt\/noticias\/2026\/04\/16\/paquistao-diz-que-cessar-fogo-no-libano-e-essencial-para-negociacoes\/"]}]},{"@type":"ImageObject","inLanguage":"pt-PT","@id":"https:\/\/portaltela.pt\/noticias\/2026\/04\/16\/paquistao-diz-que-cessar-fogo-no-libano-e-essencial-para-negociacoes\/#primaryimage","url":"https:\/\/portaltela.pt\/s.01k8rhncp4jt1\/2026\/04\/CACHE_780X1200_ANALOG_WATERMARKED_46942069_815431312922882.jpg","contentUrl":"https:\/\/portaltela.pt\/s.01k8rhncp4jt1\/2026\/04\/CACHE_780X1200_ANALOG_WATERMARKED_46942069_815431312922882.jpg","width":796,"height":448,"caption":"Cessar-fogo no L\u00edbano \u00e9 elemento essencial para as negocia\u00e7\u00f5es - Paquist\u00e3o"},{"@type":"BreadcrumbList","@id":"https:\/\/portaltela.pt\/noticias\/2026\/04\/16\/paquistao-diz-que-cessar-fogo-no-libano-e-essencial-para-negociacoes\/#breadcrumb","itemListElement":[{"@type":"ListItem","position":1,"name":"In\u00edcio","item":"https:\/\/portaltela.pt\/"},{"@type":"ListItem","position":2,"name":"Paquist\u00e3o diz que cessar-fogo no L\u00edbano \u00e9 essencial para negocia\u00e7\u00f5es"}]},{"@type":"WebSite","@id":"https:\/\/portaltela.pt\/#website","url":"https:\/\/portaltela.pt\/","name":"Portal Tela Portugal","description":"","potentialAction":[{"@type":"SearchAction","target":{"@type":"EntryPoint","urlTemplate":"https:\/\/portaltela.pt\/?s={search_term_string}"},"query-input":{"@type":"PropertyValueSpecification","valueRequired":true,"valueName":"search_term_string"}}],"inLanguage":"pt-PT"},{"@type":"Person","@id":"https:\/\/portaltela.pt\/#\/schema\/person\/c4278d4a6028830caff9ee44b42d32ed","name":"Telinha","image":{"@type":"ImageObject","inLanguage":"pt-PT","@id":"https:\/\/portaltela.pt\/s.01k8rhncp4jt1\/2025\/11\/talking-bot-125x125.png","url":"https:\/\/portaltela.pt\/s.01k8rhncp4jt1\/2025\/11\/talking-bot-125x125.png","contentUrl":"https:\/\/portaltela.pt\/s.01k8rhncp4jt1\/2025\/11\/talking-bot-125x125.png","caption":"Telinha"},"sameAs":["https:\/\/portaltela.pt\/"],"url":"https:\/\/portaltela.pt\/por\/367410592786\/"}]}},"_links":{"self":[{"href":"https:\/\/portaltela.pt\/api\/wp\/v2\/posts\/446713","targetHints":{"allow":["GET"]}}],"collection":[{"href":"https:\/\/portaltela.pt\/api\/wp\/v2\/posts"}],"about":[{"href":"https:\/\/portaltela.pt\/api\/wp\/v2\/types\/post"}],"author":[{"embeddable":true,"href":"https:\/\/portaltela.pt\/api\/wp\/v2\/users\/2"}],"replies":[{"embeddable":true,"href":"https:\/\/portaltela.pt\/api\/wp\/v2\/comments?post=446713"}],"version-history":[{"count":0,"href":"https:\/\/portaltela.pt\/api\/wp\/v2\/posts\/446713\/revisions"}],"wp:featuredmedia":[{"embeddable":true,"href":"https:\/\/portaltela.pt\/api\/wp\/v2\/media\/446716"}],"wp:attachment":[{"href":"https:\/\/portaltela.pt\/api\/wp\/v2\/media?parent=446713"}],"wp:term":[{"taxonomy":"category","embeddable":true,"href":"https:\/\/portaltela.pt\/api\/wp\/v2\/categories?post=446713"},{"taxonomy":"post_tag","embeddable":true,"href":"https:\/\/portaltela.pt\/api\/wp\/v2\/tags?post=446713"}],"curies":[{"name":"wp","href":"https:\/\/api.w.org\/{rel}","templated":true}]}}