{"id":446710,"date":"2026-04-16T13:32:17","date_gmt":"2026-04-16T16:32:17","guid":{"rendered":"https:\/\/portaltela.pt\/noticias\/2026\/04\/16\/varios-fotografos-feridos-apos-celebracoes-no-bayern-de-munique-real-madrid\/"},"modified":"2026-04-16T13:32:17","modified_gmt":"2026-04-16T16:32:17","slug":"varios-fotografos-feridos-apos-celebracoes-no-bayern-de-munique-real-madrid","status":"publish","type":"post","link":"https:\/\/portaltela.pt\/desporto\/futebol\/2026\/04\/16\/varios-fotografos-feridos-apos-celebracoes-no-bayern-de-munique-real-madrid\/","title":{"rendered":"V\u00e1rios fot\u00f3grafos feridos ap\u00f3s celebra\u00e7\u00f5es no Bayern de Munique-Real Madrid"},"content":{"rendered":"<p>V\u00e1rios fot\u00f3grafos ficaram feridos durante celebra\u00e7\u00f5es associadas ao encontro Bayern Munique-Real Madrid, reporta a ag\u00eancia Lusa. A not\u00edcia n\u00e3o detalha o n\u00famero exato de feridos nem as circunst\u00e2ncias espec\u00edficas.<\/p>\n<p>N\u00e3o h\u00e1 informa\u00e7\u00f5es oficiais adicionais divulgadas sobre o local preciso, nem sobre as causas dos ferimentos. O ve\u00edculo de comunica\u00e7\u00e3o limita-se a descrever o epis\u00f3dio como parte das celebra\u00e7\u00f5es ap\u00f3s o jogo.<\/p>\n<p>A reportagem original foi publicada pela Lusa, sem liga\u00e7\u00e3o a conte\u00fados de subscri\u00e7\u00e3o. As autoridades ou organizadores ainda n\u00e3o emitiram comunicados p\u00fablicos sobre o sucedido.<\/p>\n","protected":false},"excerpt":{"rendered":"<ul>\n<li>V\u00e1rios fot\u00f3grafos ficaram feridos durante as celebra\u00e7\u00f5es associadas ao Bayern Munique-Real Madrid.<\/li>\n<li>O conte\u00fado completo da not\u00edcia est\u00e1 dispon\u00edvel apenas para subscritores.<\/li>\n<li>Fonte: ag\u00eancia Lusa.<\/li>\n<li>N\u00e3o foram divulgados detalhes adicionais sobre a gravidade dos ferimentos.<\/li>\n<li>O incidente ocorreu no contexto das celebra\u00e7\u00f5es ap\u00f3s o encontro entre as duas equipas.<\/li>\n<\/ul>\n","protected":false},"author":2,"featured_media":446715,"comment_status":"closed","ping_status":"closed","sticky":false,"template":"","format":"standard","meta":{"footnotes":""},"categories":[21,24],"tags":[1603,3730,247,32,81,7221],"class_list":["post-446710","post","type-post","status-publish","format-standard","has-post-thumbnail","hentry","category-desporto","category-futebol","tag-alemanha","tag-festejos","tag-fotografia","tag-futebol","tag-internacionais","tag-noticias"],"yoast_head":"<!-- This site is optimized with the Yoast SEO plugin v27.2 - https:\/\/yoast.com\/product\/yoast-seo-wordpress\/ -->\n<title>V\u00e1rios fot\u00f3grafos feridos ap\u00f3s celebra\u00e7\u00f5es no Bayern de Munique-Real Madrid - Portal Tela Portugal<\/title>\n<meta name=\"robots\" content=\"index, follow, max-snippet:-1, max-image-preview:large, max-video-preview:-1\" \/>\n<meta property=\"og:locale\" content=\"pt_PT\" \/>\n<meta property=\"og:type\" content=\"article\" \/>\n<meta property=\"og:title\" content=\"V\u00e1rios fot\u00f3grafos feridos ap\u00f3s celebra\u00e7\u00f5es no Bayern de Munique-Real Madrid - Portal Tela Portugal\" \/>\n<meta property=\"og:description\" content=\"V\u00e1rios fot\u00f3grafos ficaram feridos durante as celebra\u00e7\u00f5es associadas ao Bayern Munique-Real Madrid. O conte\u00fado completo da not\u00edcia est\u00e1 dispon\u00edvel apenas para subscritores. Fonte: ag\u00eancia Lusa. N\u00e3o foram divulgados detalhes adicionais sobre a gravidade dos ferimentos. O incidente ocorreu no contexto das celebra\u00e7\u00f5es ap\u00f3s o encontro entre as duas equipas.\" \/>\n<meta property=\"og:url\" content=\"https:\/\/portaltela.pt\/noticias\/2026\/04\/16\/varios-fotografos-feridos-apos-celebracoes-no-bayern-de-munique-real-madrid\/\" \/>\n<meta property=\"og:site_name\" content=\"Portal Tela Portugal\" \/>\n<meta property=\"article:published_time\" content=\"2026-04-16T16:32:17+00:00\" \/>\n<meta name=\"author\" content=\"Telinha\" \/>\n<meta name=\"twitter:card\" content=\"summary_large_image\" \/>\n<meta name=\"twitter:label1\" content=\"Escrito por\" \/>\n\t<meta name=\"twitter:data1\" content=\"Telinha\" \/>\n\t<meta name=\"twitter:label2\" content=\"Tempo estimado de leitura\" \/>\n\t<meta name=\"twitter:data2\" content=\"1 minuto\" \/>\n<script type=\"application\/ld+json\" class=\"yoast-schema-graph\">{\"@context\":\"https:\/\/schema.org\",\"@graph\":[{\"@type\":\"Article\",\"@id\":\"https:\/\/portaltela.pt\/noticias\/2026\/04\/16\/varios-fotografos-feridos-apos-celebracoes-no-bayern-de-munique-real-madrid\/#article\",\"isPartOf\":{\"@id\":\"https:\/\/portaltela.pt\/noticias\/2026\/04\/16\/varios-fotografos-feridos-apos-celebracoes-no-bayern-de-munique-real-madrid\/\"},\"author\":{\"name\":\"Telinha\",\"@id\":\"https:\/\/portaltela.pt\/#\/schema\/person\/c4278d4a6028830caff9ee44b42d32ed\"},\"headline\":\"V\u00e1rios fot\u00f3grafos feridos ap\u00f3s celebra\u00e7\u00f5es no Bayern de Munique-Real Madrid\",\"datePublished\":\"2026-04-16T16:32:17+00:00\",\"mainEntityOfPage\":{\"@id\":\"https:\/\/portaltela.pt\/noticias\/2026\/04\/16\/varios-fotografos-feridos-apos-celebracoes-no-bayern-de-munique-real-madrid\/\"},\"wordCount\":121,\"image\":{\"@id\":\"https:\/\/portaltela.pt\/noticias\/2026\/04\/16\/varios-fotografos-feridos-apos-celebracoes-no-bayern-de-munique-real-madrid\/#primaryimage\"},\"thumbnailUrl\":\"https:\/\/portaltela.pt\/s.01k8rhncp4jt1\/2026\/04\/CACHE_780X1200_ANALOG_WATERMARKED_46938415_308681010486181.jpg\",\"keywords\":[\"Alemanha\",\"festejos\",\"fotografia\",\"futebol\",\"internacionais\",\"not\u00edcias\"],\"articleSection\":[\"Desporto\",\"Futebol\"],\"inLanguage\":\"pt-PT\"},{\"@type\":\"WebPage\",\"@id\":\"https:\/\/portaltela.pt\/noticias\/2026\/04\/16\/varios-fotografos-feridos-apos-celebracoes-no-bayern-de-munique-real-madrid\/\",\"url\":\"https:\/\/portaltela.pt\/noticias\/2026\/04\/16\/varios-fotografos-feridos-apos-celebracoes-no-bayern-de-munique-real-madrid\/\",\"name\":\"V\u00e1rios fot\u00f3grafos feridos ap\u00f3s celebra\u00e7\u00f5es no Bayern de Munique-Real Madrid - Portal Tela Portugal\",\"isPartOf\":{\"@id\":\"https:\/\/portaltela.pt\/#website\"},\"primaryImageOfPage\":{\"@id\":\"https:\/\/portaltela.pt\/noticias\/2026\/04\/16\/varios-fotografos-feridos-apos-celebracoes-no-bayern-de-munique-real-madrid\/#primaryimage\"},\"image\":{\"@id\":\"https:\/\/portaltela.pt\/noticias\/2026\/04\/16\/varios-fotografos-feridos-apos-celebracoes-no-bayern-de-munique-real-madrid\/#primaryimage\"},\"thumbnailUrl\":\"https:\/\/portaltela.pt\/s.01k8rhncp4jt1\/2026\/04\/CACHE_780X1200_ANALOG_WATERMARKED_46938415_308681010486181.jpg\",\"datePublished\":\"2026-04-16T16:32:17+00:00\",\"author\":{\"@id\":\"https:\/\/portaltela.pt\/#\/schema\/person\/c4278d4a6028830caff9ee44b42d32ed\"},\"breadcrumb\":{\"@id\":\"https:\/\/portaltela.pt\/noticias\/2026\/04\/16\/varios-fotografos-feridos-apos-celebracoes-no-bayern-de-munique-real-madrid\/#breadcrumb\"},\"inLanguage\":\"pt-PT\",\"potentialAction\":[{\"@type\":\"ReadAction\",\"target\":[\"https:\/\/portaltela.pt\/noticias\/2026\/04\/16\/varios-fotografos-feridos-apos-celebracoes-no-bayern-de-munique-real-madrid\/\"]}]},{\"@type\":\"ImageObject\",\"inLanguage\":\"pt-PT\",\"@id\":\"https:\/\/portaltela.pt\/noticias\/2026\/04\/16\/varios-fotografos-feridos-apos-celebracoes-no-bayern-de-munique-real-madrid\/#primaryimage\",\"url\":\"https:\/\/portaltela.pt\/s.01k8rhncp4jt1\/2026\/04\/CACHE_780X1200_ANALOG_WATERMARKED_46938415_308681010486181.jpg\",\"contentUrl\":\"https:\/\/portaltela.pt\/s.01k8rhncp4jt1\/2026\/04\/CACHE_780X1200_ANALOG_WATERMARKED_46938415_308681010486181.jpg\",\"width\":796,\"height\":448,\"caption\":\"Photo\"},{\"@type\":\"BreadcrumbList\",\"@id\":\"https:\/\/portaltela.pt\/noticias\/2026\/04\/16\/varios-fotografos-feridos-apos-celebracoes-no-bayern-de-munique-real-madrid\/#breadcrumb\",\"itemListElement\":[{\"@type\":\"ListItem\",\"position\":1,\"name\":\"In\u00edcio\",\"item\":\"https:\/\/portaltela.pt\/\"},{\"@type\":\"ListItem\",\"position\":2,\"name\":\"V\u00e1rios fot\u00f3grafos feridos ap\u00f3s celebra\u00e7\u00f5es no Bayern de Munique-Real Madrid\"}]},{\"@type\":\"WebSite\",\"@id\":\"https:\/\/portaltela.pt\/#website\",\"url\":\"https:\/\/portaltela.pt\/\",\"name\":\"Portal Tela Portugal\",\"description\":\"\",\"potentialAction\":[{\"@type\":\"SearchAction\",\"target\":{\"@type\":\"EntryPoint\",\"urlTemplate\":\"https:\/\/portaltela.pt\/?s={search_term_string}\"},\"query-input\":{\"@type\":\"PropertyValueSpecification\",\"valueRequired\":true,\"valueName\":\"search_term_string\"}}],\"inLanguage\":\"pt-PT\"},{\"@type\":\"Person\",\"@id\":\"https:\/\/portaltela.pt\/#\/schema\/person\/c4278d4a6028830caff9ee44b42d32ed\",\"name\":\"Telinha\",\"image\":{\"@type\":\"ImageObject\",\"inLanguage\":\"pt-PT\",\"@id\":\"https:\/\/portaltela.pt\/s.01k8rhncp4jt1\/2025\/11\/talking-bot-125x125.png\",\"url\":\"https:\/\/portaltela.pt\/s.01k8rhncp4jt1\/2025\/11\/talking-bot-125x125.png\",\"contentUrl\":\"https:\/\/portaltela.pt\/s.01k8rhncp4jt1\/2025\/11\/talking-bot-125x125.png\",\"caption\":\"Telinha\"},\"sameAs\":[\"https:\/\/portaltela.pt\/\"],\"url\":\"https:\/\/portaltela.pt\/por\/367410592786\/\"}]}<\/script>\n<!-- \/ Yoast SEO plugin. -->","yoast_head_json":{"title":"V\u00e1rios fot\u00f3grafos feridos ap\u00f3s celebra\u00e7\u00f5es no Bayern de Munique-Real Madrid - Portal Tela Portugal","robots":{"index":"index","follow":"follow","max-snippet":"max-snippet:-1","max-image-preview":"max-image-preview:large","max-video-preview":"max-video-preview:-1"},"og_locale":"pt_PT","og_type":"article","og_title":"V\u00e1rios fot\u00f3grafos feridos ap\u00f3s celebra\u00e7\u00f5es no Bayern de Munique-Real Madrid - Portal Tela Portugal","og_description":"V\u00e1rios fot\u00f3grafos ficaram feridos durante as celebra\u00e7\u00f5es associadas ao Bayern Munique-Real Madrid. O conte\u00fado completo da not\u00edcia est\u00e1 dispon\u00edvel apenas para subscritores. Fonte: ag\u00eancia Lusa. N\u00e3o foram divulgados detalhes adicionais sobre a gravidade dos ferimentos. O incidente ocorreu no contexto das celebra\u00e7\u00f5es ap\u00f3s o encontro entre as duas equipas.","og_url":"https:\/\/portaltela.pt\/noticias\/2026\/04\/16\/varios-fotografos-feridos-apos-celebracoes-no-bayern-de-munique-real-madrid\/","og_site_name":"Portal Tela Portugal","article_published_time":"2026-04-16T16:32:17+00:00","author":"Telinha","twitter_card":"summary_large_image","twitter_misc":{"Escrito por":"Telinha","Tempo estimado de leitura":"1 minuto"},"schema":{"@context":"https:\/\/schema.org","@graph":[{"@type":"Article","@id":"https:\/\/portaltela.pt\/noticias\/2026\/04\/16\/varios-fotografos-feridos-apos-celebracoes-no-bayern-de-munique-real-madrid\/#article","isPartOf":{"@id":"https:\/\/portaltela.pt\/noticias\/2026\/04\/16\/varios-fotografos-feridos-apos-celebracoes-no-bayern-de-munique-real-madrid\/"},"author":{"name":"Telinha","@id":"https:\/\/portaltela.pt\/#\/schema\/person\/c4278d4a6028830caff9ee44b42d32ed"},"headline":"V\u00e1rios fot\u00f3grafos feridos ap\u00f3s celebra\u00e7\u00f5es no Bayern de Munique-Real Madrid","datePublished":"2026-04-16T16:32:17+00:00","mainEntityOfPage":{"@id":"https:\/\/portaltela.pt\/noticias\/2026\/04\/16\/varios-fotografos-feridos-apos-celebracoes-no-bayern-de-munique-real-madrid\/"},"wordCount":121,"image":{"@id":"https:\/\/portaltela.pt\/noticias\/2026\/04\/16\/varios-fotografos-feridos-apos-celebracoes-no-bayern-de-munique-real-madrid\/#primaryimage"},"thumbnailUrl":"https:\/\/portaltela.pt\/s.01k8rhncp4jt1\/2026\/04\/CACHE_780X1200_ANALOG_WATERMARKED_46938415_308681010486181.jpg","keywords":["Alemanha","festejos","fotografia","futebol","internacionais","not\u00edcias"],"articleSection":["Desporto","Futebol"],"inLanguage":"pt-PT"},{"@type":"WebPage","@id":"https:\/\/portaltela.pt\/noticias\/2026\/04\/16\/varios-fotografos-feridos-apos-celebracoes-no-bayern-de-munique-real-madrid\/","url":"https:\/\/portaltela.pt\/noticias\/2026\/04\/16\/varios-fotografos-feridos-apos-celebracoes-no-bayern-de-munique-real-madrid\/","name":"V\u00e1rios fot\u00f3grafos feridos ap\u00f3s celebra\u00e7\u00f5es no Bayern de Munique-Real Madrid - Portal Tela Portugal","isPartOf":{"@id":"https:\/\/portaltela.pt\/#website"},"primaryImageOfPage":{"@id":"https:\/\/portaltela.pt\/noticias\/2026\/04\/16\/varios-fotografos-feridos-apos-celebracoes-no-bayern-de-munique-real-madrid\/#primaryimage"},"image":{"@id":"https:\/\/portaltela.pt\/noticias\/2026\/04\/16\/varios-fotografos-feridos-apos-celebracoes-no-bayern-de-munique-real-madrid\/#primaryimage"},"thumbnailUrl":"https:\/\/portaltela.pt\/s.01k8rhncp4jt1\/2026\/04\/CACHE_780X1200_ANALOG_WATERMARKED_46938415_308681010486181.jpg","datePublished":"2026-04-16T16:32:17+00:00","author":{"@id":"https:\/\/portaltela.pt\/#\/schema\/person\/c4278d4a6028830caff9ee44b42d32ed"},"breadcrumb":{"@id":"https:\/\/portaltela.pt\/noticias\/2026\/04\/16\/varios-fotografos-feridos-apos-celebracoes-no-bayern-de-munique-real-madrid\/#breadcrumb"},"inLanguage":"pt-PT","potentialAction":[{"@type":"ReadAction","target":["https:\/\/portaltela.pt\/noticias\/2026\/04\/16\/varios-fotografos-feridos-apos-celebracoes-no-bayern-de-munique-real-madrid\/"]}]},{"@type":"ImageObject","inLanguage":"pt-PT","@id":"https:\/\/portaltela.pt\/noticias\/2026\/04\/16\/varios-fotografos-feridos-apos-celebracoes-no-bayern-de-munique-real-madrid\/#primaryimage","url":"https:\/\/portaltela.pt\/s.01k8rhncp4jt1\/2026\/04\/CACHE_780X1200_ANALOG_WATERMARKED_46938415_308681010486181.jpg","contentUrl":"https:\/\/portaltela.pt\/s.01k8rhncp4jt1\/2026\/04\/CACHE_780X1200_ANALOG_WATERMARKED_46938415_308681010486181.jpg","width":796,"height":448,"caption":"Photo"},{"@type":"BreadcrumbList","@id":"https:\/\/portaltela.pt\/noticias\/2026\/04\/16\/varios-fotografos-feridos-apos-celebracoes-no-bayern-de-munique-real-madrid\/#breadcrumb","itemListElement":[{"@type":"ListItem","position":1,"name":"In\u00edcio","item":"https:\/\/portaltela.pt\/"},{"@type":"ListItem","position":2,"name":"V\u00e1rios fot\u00f3grafos feridos ap\u00f3s celebra\u00e7\u00f5es no Bayern de Munique-Real Madrid"}]},{"@type":"WebSite","@id":"https:\/\/portaltela.pt\/#website","url":"https:\/\/portaltela.pt\/","name":"Portal Tela Portugal","description":"","potentialAction":[{"@type":"SearchAction","target":{"@type":"EntryPoint","urlTemplate":"https:\/\/portaltela.pt\/?s={search_term_string}"},"query-input":{"@type":"PropertyValueSpecification","valueRequired":true,"valueName":"search_term_string"}}],"inLanguage":"pt-PT"},{"@type":"Person","@id":"https:\/\/portaltela.pt\/#\/schema\/person\/c4278d4a6028830caff9ee44b42d32ed","name":"Telinha","image":{"@type":"ImageObject","inLanguage":"pt-PT","@id":"https:\/\/portaltela.pt\/s.01k8rhncp4jt1\/2025\/11\/talking-bot-125x125.png","url":"https:\/\/portaltela.pt\/s.01k8rhncp4jt1\/2025\/11\/talking-bot-125x125.png","contentUrl":"https:\/\/portaltela.pt\/s.01k8rhncp4jt1\/2025\/11\/talking-bot-125x125.png","caption":"Telinha"},"sameAs":["https:\/\/portaltela.pt\/"],"url":"https:\/\/portaltela.pt\/por\/367410592786\/"}]}},"_links":{"self":[{"href":"https:\/\/portaltela.pt\/api\/wp\/v2\/posts\/446710","targetHints":{"allow":["GET"]}}],"collection":[{"href":"https:\/\/portaltela.pt\/api\/wp\/v2\/posts"}],"about":[{"href":"https:\/\/portaltela.pt\/api\/wp\/v2\/types\/post"}],"author":[{"embeddable":true,"href":"https:\/\/portaltela.pt\/api\/wp\/v2\/users\/2"}],"replies":[{"embeddable":true,"href":"https:\/\/portaltela.pt\/api\/wp\/v2\/comments?post=446710"}],"version-history":[{"count":0,"href":"https:\/\/portaltela.pt\/api\/wp\/v2\/posts\/446710\/revisions"}],"wp:featuredmedia":[{"embeddable":true,"href":"https:\/\/portaltela.pt\/api\/wp\/v2\/media\/446715"}],"wp:attachment":[{"href":"https:\/\/portaltela.pt\/api\/wp\/v2\/media?parent=446710"}],"wp:term":[{"taxonomy":"category","embeddable":true,"href":"https:\/\/portaltela.pt\/api\/wp\/v2\/categories?post=446710"},{"taxonomy":"post_tag","embeddable":true,"href":"https:\/\/portaltela.pt\/api\/wp\/v2\/tags?post=446710"}],"curies":[{"name":"wp","href":"https:\/\/api.w.org\/{rel}","templated":true}]}}