{"id":446706,"date":"2026-04-16T11:47:00","date_gmt":"2026-04-16T14:47:00","guid":{"rendered":"https:\/\/portaltela.pt\/noticias\/2026\/04\/16\/mocambique-cresce-05-este-ano-segundo-fmi\/"},"modified":"2026-04-16T11:47:00","modified_gmt":"2026-04-16T14:47:00","slug":"mocambique-cresce-05-este-ano-segundo-fmi","status":"publish","type":"post","link":"https:\/\/portaltela.pt\/noticias\/economia\/2026\/04\/16\/mocambique-cresce-05-este-ano-segundo-fmi\/","title":{"rendered":"Mo\u00e7ambique cresce 0,5% este ano, segundo FMI"},"content":{"rendered":"<p>O Fundo Monet\u00e1rio Internacional (FMI) prev\u00ea que a economia de Mo\u00e7ambique cres\u00e7a 0,5% este ano, devido \u00e0 incerteza econ\u00f3mica e \u00e0 escassez de divisas, ap\u00f3s uma recess\u00e3o em 2025.<\/p>\n<p>Segundo o FMI, o crescimento dever\u00e1 acelerar para 2,7% no pr\u00f3ximo ano, mantendo-se dependente da evolu\u00e7\u00e3o dessas vari\u00e1veis externas e da estabilidade cambial.<\/p>\n<p>As previs\u00f5es refletem o cen\u00e1rio atual de conten\u00e7\u00e3o de fluxos monet\u00e1rios e de dificuldades de financiamento externo, que limitam a expans\u00e3o da atividade econ\u00f3mica no pa\u00eds.<\/p>\n","protected":false},"excerpt":{"rendered":"<ul>\n<li>O Fundo Monet\u00e1rio Internacional (FMI) prev\u00ea que Mo\u00e7ambique cres\u00e7a 0,5% este ano.<\/li>\n<li>A previs\u00e3o deve-se \u00e0 incerteza econ\u00f3mica e \u00e0 escassez de divisas.<\/li>\n<li>Mo\u00e7ambique registou recess\u00e3o em 2025.<\/li>\n<li>O FMI aponta um crescimento de 2,7% no pr\u00f3ximo ano.<\/li>\n<li>A previs\u00e3o indica uma recupera\u00e7\u00e3o gradual.<\/li>\n<\/ul>\n","protected":false},"author":2,"featured_media":446707,"comment_status":"closed","ping_status":"closed","sticky":false,"template":"","format":"standard","meta":{"footnotes":""},"categories":[2,6850],"tags":[5872,28,3861,5063,1911],"class_list":["post-446706","post","type-post","status-publish","format-standard","has-post-thumbnail","hentry","category-economia","category-financas","tag-crescimento-economico","tag-economia","tag-economia-internacional","tag-financas-internacionais","tag-mocambique"],"yoast_head":"<!-- This site is optimized with the Yoast SEO plugin v27.2 - https:\/\/yoast.com\/product\/yoast-seo-wordpress\/ -->\n<title>Mo\u00e7ambique cresce 0,5% este ano, segundo FMI - Portal Tela Portugal<\/title>\n<meta name=\"robots\" content=\"index, follow, max-snippet:-1, max-image-preview:large, max-video-preview:-1\" \/>\n<meta property=\"og:locale\" content=\"pt_PT\" \/>\n<meta property=\"og:type\" content=\"article\" \/>\n<meta property=\"og:title\" content=\"Mo\u00e7ambique cresce 0,5% este ano, segundo FMI - Portal Tela Portugal\" \/>\n<meta property=\"og:description\" content=\"O Fundo Monet\u00e1rio Internacional (FMI) prev\u00ea que Mo\u00e7ambique cres\u00e7a 0,5% este ano. A previs\u00e3o deve-se \u00e0 incerteza econ\u00f3mica e \u00e0 escassez de divisas. Mo\u00e7ambique registou recess\u00e3o em 2025. O FMI aponta um crescimento de 2,7% no pr\u00f3ximo ano. A previs\u00e3o indica uma recupera\u00e7\u00e3o gradual.\" \/>\n<meta property=\"og:url\" content=\"https:\/\/portaltela.pt\/noticias\/2026\/04\/16\/mocambique-cresce-05-este-ano-segundo-fmi\/\" \/>\n<meta property=\"og:site_name\" content=\"Portal Tela Portugal\" \/>\n<meta property=\"article:published_time\" content=\"2026-04-16T14:47:00+00:00\" \/>\n<meta name=\"author\" content=\"Telinha\" \/>\n<meta name=\"twitter:card\" content=\"summary_large_image\" \/>\n<meta name=\"twitter:label1\" content=\"Escrito por\" \/>\n\t<meta name=\"twitter:data1\" content=\"Telinha\" \/>\n<script type=\"application\/ld+json\" class=\"yoast-schema-graph\">{\"@context\":\"https:\/\/schema.org\",\"@graph\":[{\"@type\":\"Article\",\"@id\":\"https:\/\/portaltela.pt\/noticias\/2026\/04\/16\/mocambique-cresce-05-este-ano-segundo-fmi\/#article\",\"isPartOf\":{\"@id\":\"https:\/\/portaltela.pt\/noticias\/2026\/04\/16\/mocambique-cresce-05-este-ano-segundo-fmi\/\"},\"author\":{\"name\":\"Telinha\",\"@id\":\"https:\/\/portaltela.pt\/#\/schema\/person\/c4278d4a6028830caff9ee44b42d32ed\"},\"headline\":\"Mo\u00e7ambique cresce 0,5% este ano, segundo FMI\",\"datePublished\":\"2026-04-16T14:47:00+00:00\",\"mainEntityOfPage\":{\"@id\":\"https:\/\/portaltela.pt\/noticias\/2026\/04\/16\/mocambique-cresce-05-este-ano-segundo-fmi\/\"},\"wordCount\":96,\"image\":{\"@id\":\"https:\/\/portaltela.pt\/noticias\/2026\/04\/16\/mocambique-cresce-05-este-ano-segundo-fmi\/#primaryimage\"},\"thumbnailUrl\":\"https:\/\/portaltela.pt\/s.01k8rhncp4jt1\/2026\/04\/CACHE_780X1200_ANALOG_WATERMARKED_17611470_2195488_05042019055013.jpg\",\"keywords\":[\"crescimento econ\u00f3mico\",\"economia\",\"economia internacional\",\"finan\u00e7as internacionais\",\"Mo\u00e7ambique\"],\"articleSection\":[\"Economia\",\"Finan\u00e7as\"],\"inLanguage\":\"pt-PT\"},{\"@type\":\"WebPage\",\"@id\":\"https:\/\/portaltela.pt\/noticias\/2026\/04\/16\/mocambique-cresce-05-este-ano-segundo-fmi\/\",\"url\":\"https:\/\/portaltela.pt\/noticias\/2026\/04\/16\/mocambique-cresce-05-este-ano-segundo-fmi\/\",\"name\":\"Mo\u00e7ambique cresce 0,5% este ano, segundo FMI - Portal Tela Portugal\",\"isPartOf\":{\"@id\":\"https:\/\/portaltela.pt\/#website\"},\"primaryImageOfPage\":{\"@id\":\"https:\/\/portaltela.pt\/noticias\/2026\/04\/16\/mocambique-cresce-05-este-ano-segundo-fmi\/#primaryimage\"},\"image\":{\"@id\":\"https:\/\/portaltela.pt\/noticias\/2026\/04\/16\/mocambique-cresce-05-este-ano-segundo-fmi\/#primaryimage\"},\"thumbnailUrl\":\"https:\/\/portaltela.pt\/s.01k8rhncp4jt1\/2026\/04\/CACHE_780X1200_ANALOG_WATERMARKED_17611470_2195488_05042019055013.jpg\",\"datePublished\":\"2026-04-16T14:47:00+00:00\",\"author\":{\"@id\":\"https:\/\/portaltela.pt\/#\/schema\/person\/c4278d4a6028830caff9ee44b42d32ed\"},\"breadcrumb\":{\"@id\":\"https:\/\/portaltela.pt\/noticias\/2026\/04\/16\/mocambique-cresce-05-este-ano-segundo-fmi\/#breadcrumb\"},\"inLanguage\":\"pt-PT\",\"potentialAction\":[{\"@type\":\"ReadAction\",\"target\":[\"https:\/\/portaltela.pt\/noticias\/2026\/04\/16\/mocambique-cresce-05-este-ano-segundo-fmi\/\"]}]},{\"@type\":\"ImageObject\",\"inLanguage\":\"pt-PT\",\"@id\":\"https:\/\/portaltela.pt\/noticias\/2026\/04\/16\/mocambique-cresce-05-este-ano-segundo-fmi\/#primaryimage\",\"url\":\"https:\/\/portaltela.pt\/s.01k8rhncp4jt1\/2026\/04\/CACHE_780X1200_ANALOG_WATERMARKED_17611470_2195488_05042019055013.jpg\",\"contentUrl\":\"https:\/\/portaltela.pt\/s.01k8rhncp4jt1\/2026\/04\/CACHE_780X1200_ANALOG_WATERMARKED_17611470_2195488_05042019055013.jpg\",\"width\":796,\"height\":448,\"caption\":\"Mo\u00e7ambique cresce apenas 0,5% este ano - FMI\"},{\"@type\":\"BreadcrumbList\",\"@id\":\"https:\/\/portaltela.pt\/noticias\/2026\/04\/16\/mocambique-cresce-05-este-ano-segundo-fmi\/#breadcrumb\",\"itemListElement\":[{\"@type\":\"ListItem\",\"position\":1,\"name\":\"In\u00edcio\",\"item\":\"https:\/\/portaltela.pt\/\"},{\"@type\":\"ListItem\",\"position\":2,\"name\":\"Mo\u00e7ambique cresce 0,5% este ano, segundo FMI\"}]},{\"@type\":\"WebSite\",\"@id\":\"https:\/\/portaltela.pt\/#website\",\"url\":\"https:\/\/portaltela.pt\/\",\"name\":\"Portal Tela Portugal\",\"description\":\"\",\"potentialAction\":[{\"@type\":\"SearchAction\",\"target\":{\"@type\":\"EntryPoint\",\"urlTemplate\":\"https:\/\/portaltela.pt\/?s={search_term_string}\"},\"query-input\":{\"@type\":\"PropertyValueSpecification\",\"valueRequired\":true,\"valueName\":\"search_term_string\"}}],\"inLanguage\":\"pt-PT\"},{\"@type\":\"Person\",\"@id\":\"https:\/\/portaltela.pt\/#\/schema\/person\/c4278d4a6028830caff9ee44b42d32ed\",\"name\":\"Telinha\",\"image\":{\"@type\":\"ImageObject\",\"inLanguage\":\"pt-PT\",\"@id\":\"https:\/\/portaltela.pt\/s.01k8rhncp4jt1\/2025\/11\/talking-bot-125x125.png\",\"url\":\"https:\/\/portaltela.pt\/s.01k8rhncp4jt1\/2025\/11\/talking-bot-125x125.png\",\"contentUrl\":\"https:\/\/portaltela.pt\/s.01k8rhncp4jt1\/2025\/11\/talking-bot-125x125.png\",\"caption\":\"Telinha\"},\"sameAs\":[\"https:\/\/portaltela.pt\/\"],\"url\":\"https:\/\/portaltela.pt\/por\/367410592786\/\"}]}<\/script>\n<!-- \/ Yoast SEO plugin. -->","yoast_head_json":{"title":"Mo\u00e7ambique cresce 0,5% este ano, segundo FMI - Portal Tela Portugal","robots":{"index":"index","follow":"follow","max-snippet":"max-snippet:-1","max-image-preview":"max-image-preview:large","max-video-preview":"max-video-preview:-1"},"og_locale":"pt_PT","og_type":"article","og_title":"Mo\u00e7ambique cresce 0,5% este ano, segundo FMI - Portal Tela Portugal","og_description":"O Fundo Monet\u00e1rio Internacional (FMI) prev\u00ea que Mo\u00e7ambique cres\u00e7a 0,5% este ano. A previs\u00e3o deve-se \u00e0 incerteza econ\u00f3mica e \u00e0 escassez de divisas. Mo\u00e7ambique registou recess\u00e3o em 2025. O FMI aponta um crescimento de 2,7% no pr\u00f3ximo ano. A previs\u00e3o indica uma recupera\u00e7\u00e3o gradual.","og_url":"https:\/\/portaltela.pt\/noticias\/2026\/04\/16\/mocambique-cresce-05-este-ano-segundo-fmi\/","og_site_name":"Portal Tela Portugal","article_published_time":"2026-04-16T14:47:00+00:00","author":"Telinha","twitter_card":"summary_large_image","twitter_misc":{"Escrito por":"Telinha"},"schema":{"@context":"https:\/\/schema.org","@graph":[{"@type":"Article","@id":"https:\/\/portaltela.pt\/noticias\/2026\/04\/16\/mocambique-cresce-05-este-ano-segundo-fmi\/#article","isPartOf":{"@id":"https:\/\/portaltela.pt\/noticias\/2026\/04\/16\/mocambique-cresce-05-este-ano-segundo-fmi\/"},"author":{"name":"Telinha","@id":"https:\/\/portaltela.pt\/#\/schema\/person\/c4278d4a6028830caff9ee44b42d32ed"},"headline":"Mo\u00e7ambique cresce 0,5% este ano, segundo FMI","datePublished":"2026-04-16T14:47:00+00:00","mainEntityOfPage":{"@id":"https:\/\/portaltela.pt\/noticias\/2026\/04\/16\/mocambique-cresce-05-este-ano-segundo-fmi\/"},"wordCount":96,"image":{"@id":"https:\/\/portaltela.pt\/noticias\/2026\/04\/16\/mocambique-cresce-05-este-ano-segundo-fmi\/#primaryimage"},"thumbnailUrl":"https:\/\/portaltela.pt\/s.01k8rhncp4jt1\/2026\/04\/CACHE_780X1200_ANALOG_WATERMARKED_17611470_2195488_05042019055013.jpg","keywords":["crescimento econ\u00f3mico","economia","economia internacional","finan\u00e7as internacionais","Mo\u00e7ambique"],"articleSection":["Economia","Finan\u00e7as"],"inLanguage":"pt-PT"},{"@type":"WebPage","@id":"https:\/\/portaltela.pt\/noticias\/2026\/04\/16\/mocambique-cresce-05-este-ano-segundo-fmi\/","url":"https:\/\/portaltela.pt\/noticias\/2026\/04\/16\/mocambique-cresce-05-este-ano-segundo-fmi\/","name":"Mo\u00e7ambique cresce 0,5% este ano, segundo FMI - Portal Tela Portugal","isPartOf":{"@id":"https:\/\/portaltela.pt\/#website"},"primaryImageOfPage":{"@id":"https:\/\/portaltela.pt\/noticias\/2026\/04\/16\/mocambique-cresce-05-este-ano-segundo-fmi\/#primaryimage"},"image":{"@id":"https:\/\/portaltela.pt\/noticias\/2026\/04\/16\/mocambique-cresce-05-este-ano-segundo-fmi\/#primaryimage"},"thumbnailUrl":"https:\/\/portaltela.pt\/s.01k8rhncp4jt1\/2026\/04\/CACHE_780X1200_ANALOG_WATERMARKED_17611470_2195488_05042019055013.jpg","datePublished":"2026-04-16T14:47:00+00:00","author":{"@id":"https:\/\/portaltela.pt\/#\/schema\/person\/c4278d4a6028830caff9ee44b42d32ed"},"breadcrumb":{"@id":"https:\/\/portaltela.pt\/noticias\/2026\/04\/16\/mocambique-cresce-05-este-ano-segundo-fmi\/#breadcrumb"},"inLanguage":"pt-PT","potentialAction":[{"@type":"ReadAction","target":["https:\/\/portaltela.pt\/noticias\/2026\/04\/16\/mocambique-cresce-05-este-ano-segundo-fmi\/"]}]},{"@type":"ImageObject","inLanguage":"pt-PT","@id":"https:\/\/portaltela.pt\/noticias\/2026\/04\/16\/mocambique-cresce-05-este-ano-segundo-fmi\/#primaryimage","url":"https:\/\/portaltela.pt\/s.01k8rhncp4jt1\/2026\/04\/CACHE_780X1200_ANALOG_WATERMARKED_17611470_2195488_05042019055013.jpg","contentUrl":"https:\/\/portaltela.pt\/s.01k8rhncp4jt1\/2026\/04\/CACHE_780X1200_ANALOG_WATERMARKED_17611470_2195488_05042019055013.jpg","width":796,"height":448,"caption":"Mo\u00e7ambique cresce apenas 0,5% este ano - FMI"},{"@type":"BreadcrumbList","@id":"https:\/\/portaltela.pt\/noticias\/2026\/04\/16\/mocambique-cresce-05-este-ano-segundo-fmi\/#breadcrumb","itemListElement":[{"@type":"ListItem","position":1,"name":"In\u00edcio","item":"https:\/\/portaltela.pt\/"},{"@type":"ListItem","position":2,"name":"Mo\u00e7ambique cresce 0,5% este ano, segundo FMI"}]},{"@type":"WebSite","@id":"https:\/\/portaltela.pt\/#website","url":"https:\/\/portaltela.pt\/","name":"Portal Tela Portugal","description":"","potentialAction":[{"@type":"SearchAction","target":{"@type":"EntryPoint","urlTemplate":"https:\/\/portaltela.pt\/?s={search_term_string}"},"query-input":{"@type":"PropertyValueSpecification","valueRequired":true,"valueName":"search_term_string"}}],"inLanguage":"pt-PT"},{"@type":"Person","@id":"https:\/\/portaltela.pt\/#\/schema\/person\/c4278d4a6028830caff9ee44b42d32ed","name":"Telinha","image":{"@type":"ImageObject","inLanguage":"pt-PT","@id":"https:\/\/portaltela.pt\/s.01k8rhncp4jt1\/2025\/11\/talking-bot-125x125.png","url":"https:\/\/portaltela.pt\/s.01k8rhncp4jt1\/2025\/11\/talking-bot-125x125.png","contentUrl":"https:\/\/portaltela.pt\/s.01k8rhncp4jt1\/2025\/11\/talking-bot-125x125.png","caption":"Telinha"},"sameAs":["https:\/\/portaltela.pt\/"],"url":"https:\/\/portaltela.pt\/por\/367410592786\/"}]}},"_links":{"self":[{"href":"https:\/\/portaltela.pt\/api\/wp\/v2\/posts\/446706","targetHints":{"allow":["GET"]}}],"collection":[{"href":"https:\/\/portaltela.pt\/api\/wp\/v2\/posts"}],"about":[{"href":"https:\/\/portaltela.pt\/api\/wp\/v2\/types\/post"}],"author":[{"embeddable":true,"href":"https:\/\/portaltela.pt\/api\/wp\/v2\/users\/2"}],"replies":[{"embeddable":true,"href":"https:\/\/portaltela.pt\/api\/wp\/v2\/comments?post=446706"}],"version-history":[{"count":0,"href":"https:\/\/portaltela.pt\/api\/wp\/v2\/posts\/446706\/revisions"}],"wp:featuredmedia":[{"embeddable":true,"href":"https:\/\/portaltela.pt\/api\/wp\/v2\/media\/446707"}],"wp:attachment":[{"href":"https:\/\/portaltela.pt\/api\/wp\/v2\/media?parent=446706"}],"wp:term":[{"taxonomy":"category","embeddable":true,"href":"https:\/\/portaltela.pt\/api\/wp\/v2\/categories?post=446706"},{"taxonomy":"post_tag","embeddable":true,"href":"https:\/\/portaltela.pt\/api\/wp\/v2\/tags?post=446706"}],"curies":[{"name":"wp","href":"https:\/\/api.w.org\/{rel}","templated":true}]}}