{"id":446681,"date":"2026-04-16T13:17:11","date_gmt":"2026-04-16T16:17:11","guid":{"rendered":"https:\/\/portaltela.pt\/noticias\/2026\/04\/16\/judo-gago-fica-em-nono-tralhao-e-siderot-perdem-na-estreia-nos-europeus\/"},"modified":"2026-04-16T13:17:11","modified_gmt":"2026-04-16T16:17:11","slug":"judo-gago-fica-em-nono-tralhao-e-siderot-perdem-na-estreia-nos-europeus","status":"publish","type":"post","link":"https:\/\/portaltela.pt\/desporto\/futebol\/2026\/04\/16\/judo-gago-fica-em-nono-tralhao-e-siderot-perdem-na-estreia-nos-europeus\/","title":{"rendered":"Judo: Gago fica em nono; Tralh\u00e3o e Siderot perdem na estreia nos Europeus"},"content":{"rendered":"<p>O primeiro dia dos Campeonatos da Europa de judo, em Tblissi, ficou marcado por Portugal entrar no duelo com elenco desfalcado. Miguel Gago foi o melhor entre os portugueses na -66 kg, ao terminar em nono lugar ap\u00f3s dois combates. A competi\u00e7\u00e3o decorre no Pal\u00e1cio Ol\u00edmpico dos Desportos.<\/p>\n<p>Gago, 22 anos, disputou o terceiro Europeu e iniciou com vit\u00f3ria por ippon frente ao lituano Simas Polikevicius. No confronto seguinte, frente ao vice-campe\u00e3o europeu Murad Chopanov, o jovem algarvio empatou o combate at\u00e9 perto do fim, mas acabou por ceder com dois yuko.<\/p>\n<p>A derrota precoce de Miguel Gago abriu caminho para os restantes portugueses na primeira jornada, com Bernardo Tralh\u00e3o (-60 kg) e Maria Siderot (-52 kg) a perderem tamb\u00e9m na estreia, ambos no tempo extra do golden score.<\/p>\n<p>Maria Siderot, aos 29 anos, dominou os tr\u00eas primeiros minutos contra a checa Tereza Bodnarova, chegou a ter duas vantagens e um yuko, mas permitiu o empate e acabou por sofrer um waza-ari no prolongamento. A atleta encerrou a participa\u00e7\u00e3o.<\/p>\n<p>Tralh\u00e3o, com 23 anos, igualmente entrou bem, for\u00e7ando o tempo extra, mas sofreu um waza-ari no duelo frente ao espanhol Luis Barroso L\u00f3pez, tra\u00e7ando o desfecho na sua primeira participa\u00e7\u00e3o em Europeus.<\/p>\n<p>Os Campeonatos prosseguem at\u00e9 domingo, com Portugal ainda a disputar Otari Kvantidze (-73 kg), B\u00e1rbara Timo (-70 kg), Rochele Nunes (+78 kg) e Diogo Brites (+100 kg) nos pr\u00f3ximos dias. A comitiva nacional chega com aus\u00eancias por les\u00e3o de peso.<\/p>\n<p>Portugal participa com 400 judocas em Tblissi, de 46 pa\u00edses, destacando o impacto da aus\u00eancia de atletas como Jorge Fonseca, Patr\u00edcia Sampaio e Catarina Costa, que tamb\u00e9m n\u00e3o competem no evento.<\/p>\n","protected":false},"excerpt":{"rendered":"<ul>\n<li>Miguel Gago foi o melhor portugu\u00eas no primeiro dia dos Europeus de judo em Tblissi, ficando em nono lugar na categoria de -66 kg ap\u00f3s dois combates.<\/li>\n<li>Gago venceu o lituano Simas Polikevicius por ippon, mas perdeu com o russo Murad Chopanov, atual vice-campe\u00e3o europeu, ap\u00f3s dois yuko, terminando a participa\u00e7\u00e3o.<\/li>\n<li>Bernardo Tralh\u00e3o (-60 kg) e Maria Siderot (-52 kg) sa\u00edram na estreia, ambos ao sofrerem no golden score ap\u00f3s o quarto minuto de combate.<\/li>\n<li>Siderot, com duas vantagens iniciais, acabou por ceder no prolongamento diante da checa Tereza Bodnarova, ao sofrer um waza-ari.<\/li>\n<li>Tralh\u00e3o, na estreia absoluta, tamb\u00e9m caiu no prolongamento frente ao espanhol Luis Barroso L\u00f3pez, com waza-ari a decidir o combate.<\/li>\n<\/ul>\n","protected":false},"author":2,"featured_media":446684,"comment_status":"closed","ping_status":"closed","sticky":false,"template":"","format":"standard","meta":{"footnotes":""},"categories":[21,24],"tags":[2463,152,2487,1862,2538,1014],"class_list":["post-446681","post","type-post","status-publish","format-standard","has-post-thumbnail","hentry","category-desporto","category-futebol","tag-competicao-internacional","tag-desporto","tag-europa","tag-judo","tag-lesoes","tag-portugal"],"yoast_head":"<!-- This site is optimized with the Yoast SEO plugin v27.2 - https:\/\/yoast.com\/product\/yoast-seo-wordpress\/ -->\n<title>Judo: Gago fica em nono; Tralh\u00e3o e Siderot perdem na estreia nos Europeus - Portal Tela Portugal<\/title>\n<meta name=\"robots\" content=\"index, follow, max-snippet:-1, max-image-preview:large, max-video-preview:-1\" \/>\n<meta property=\"og:locale\" content=\"pt_PT\" \/>\n<meta property=\"og:type\" content=\"article\" \/>\n<meta property=\"og:title\" content=\"Judo: Gago fica em nono; Tralh\u00e3o e Siderot perdem na estreia nos Europeus - Portal Tela Portugal\" \/>\n<meta property=\"og:description\" content=\"Miguel Gago foi o melhor portugu\u00eas no primeiro dia dos Europeus de judo em Tblissi, ficando em nono lugar na categoria de -66 kg ap\u00f3s dois combates. Gago venceu o lituano Simas Polikevicius por ippon, mas perdeu com o russo Murad Chopanov, atual vice-campe\u00e3o europeu, ap\u00f3s dois yuko, terminando a participa\u00e7\u00e3o. Bernardo Tralh\u00e3o (-60 kg) e Maria Siderot (-52 kg) sa\u00edram na estreia, ambos ao sofrerem no golden score ap\u00f3s o quarto minuto de combate. Siderot, com duas vantagens iniciais, acabou por ceder no prolongamento diante da checa Tereza Bodnarova, ao sofrer um waza-ari. Tralh\u00e3o, na estreia absoluta, tamb\u00e9m caiu no prolongamento frente ao espanhol Luis Barroso L\u00f3pez, com waza-ari a decidir o combate.\" \/>\n<meta property=\"og:url\" content=\"https:\/\/portaltela.pt\/noticias\/2026\/04\/16\/judo-gago-fica-em-nono-tralhao-e-siderot-perdem-na-estreia-nos-europeus\/\" \/>\n<meta property=\"og:site_name\" content=\"Portal Tela Portugal\" \/>\n<meta property=\"article:published_time\" content=\"2026-04-16T16:17:11+00:00\" \/>\n<meta name=\"author\" content=\"Telinha\" \/>\n<meta name=\"twitter:card\" content=\"summary_large_image\" \/>\n<meta name=\"twitter:label1\" content=\"Escrito por\" \/>\n\t<meta name=\"twitter:data1\" content=\"Telinha\" \/>\n\t<meta name=\"twitter:label2\" content=\"Tempo estimado de leitura\" \/>\n\t<meta name=\"twitter:data2\" content=\"1 minuto\" \/>\n<script type=\"application\/ld+json\" class=\"yoast-schema-graph\">{\"@context\":\"https:\/\/schema.org\",\"@graph\":[{\"@type\":\"Article\",\"@id\":\"https:\/\/portaltela.pt\/noticias\/2026\/04\/16\/judo-gago-fica-em-nono-tralhao-e-siderot-perdem-na-estreia-nos-europeus\/#article\",\"isPartOf\":{\"@id\":\"https:\/\/portaltela.pt\/noticias\/2026\/04\/16\/judo-gago-fica-em-nono-tralhao-e-siderot-perdem-na-estreia-nos-europeus\/\"},\"author\":{\"name\":\"Telinha\",\"@id\":\"https:\/\/portaltela.pt\/#\/schema\/person\/c4278d4a6028830caff9ee44b42d32ed\"},\"headline\":\"Judo: Gago fica em nono; Tralh\u00e3o e Siderot perdem na estreia nos Europeus\",\"datePublished\":\"2026-04-16T16:17:11+00:00\",\"mainEntityOfPage\":{\"@id\":\"https:\/\/portaltela.pt\/noticias\/2026\/04\/16\/judo-gago-fica-em-nono-tralhao-e-siderot-perdem-na-estreia-nos-europeus\/\"},\"wordCount\":303,\"image\":{\"@id\":\"https:\/\/portaltela.pt\/noticias\/2026\/04\/16\/judo-gago-fica-em-nono-tralhao-e-siderot-perdem-na-estreia-nos-europeus\/#primaryimage\"},\"thumbnailUrl\":\"https:\/\/portaltela.pt\/s.01k8rhncp4jt1\/2026\/04\/2081864.jpg\",\"keywords\":[\"competi\u00e7\u00e3o internacional\",\"desporto\",\"Europa\",\"judo\",\"les\u00f5es\",\"Portugal\"],\"articleSection\":[\"Desporto\",\"Futebol\"],\"inLanguage\":\"pt-PT\"},{\"@type\":\"WebPage\",\"@id\":\"https:\/\/portaltela.pt\/noticias\/2026\/04\/16\/judo-gago-fica-em-nono-tralhao-e-siderot-perdem-na-estreia-nos-europeus\/\",\"url\":\"https:\/\/portaltela.pt\/noticias\/2026\/04\/16\/judo-gago-fica-em-nono-tralhao-e-siderot-perdem-na-estreia-nos-europeus\/\",\"name\":\"Judo: Gago fica em nono; Tralh\u00e3o e Siderot perdem na estreia nos Europeus - Portal Tela Portugal\",\"isPartOf\":{\"@id\":\"https:\/\/portaltela.pt\/#website\"},\"primaryImageOfPage\":{\"@id\":\"https:\/\/portaltela.pt\/noticias\/2026\/04\/16\/judo-gago-fica-em-nono-tralhao-e-siderot-perdem-na-estreia-nos-europeus\/#primaryimage\"},\"image\":{\"@id\":\"https:\/\/portaltela.pt\/noticias\/2026\/04\/16\/judo-gago-fica-em-nono-tralhao-e-siderot-perdem-na-estreia-nos-europeus\/#primaryimage\"},\"thumbnailUrl\":\"https:\/\/portaltela.pt\/s.01k8rhncp4jt1\/2026\/04\/2081864.jpg\",\"datePublished\":\"2026-04-16T16:17:11+00:00\",\"author\":{\"@id\":\"https:\/\/portaltela.pt\/#\/schema\/person\/c4278d4a6028830caff9ee44b42d32ed\"},\"breadcrumb\":{\"@id\":\"https:\/\/portaltela.pt\/noticias\/2026\/04\/16\/judo-gago-fica-em-nono-tralhao-e-siderot-perdem-na-estreia-nos-europeus\/#breadcrumb\"},\"inLanguage\":\"pt-PT\",\"potentialAction\":[{\"@type\":\"ReadAction\",\"target\":[\"https:\/\/portaltela.pt\/noticias\/2026\/04\/16\/judo-gago-fica-em-nono-tralhao-e-siderot-perdem-na-estreia-nos-europeus\/\"]}]},{\"@type\":\"ImageObject\",\"inLanguage\":\"pt-PT\",\"@id\":\"https:\/\/portaltela.pt\/noticias\/2026\/04\/16\/judo-gago-fica-em-nono-tralhao-e-siderot-perdem-na-estreia-nos-europeus\/#primaryimage\",\"url\":\"https:\/\/portaltela.pt\/s.01k8rhncp4jt1\/2026\/04\/2081864.jpg\",\"contentUrl\":\"https:\/\/portaltela.pt\/s.01k8rhncp4jt1\/2026\/04\/2081864.jpg\",\"width\":796,\"height\":448,\"caption\":\"Miguel Gago (na foto no Grand Slam de Paris deste ano) foi o melhor portugu\u00eas no primeiro dia dos Europeus\"},{\"@type\":\"BreadcrumbList\",\"@id\":\"https:\/\/portaltela.pt\/noticias\/2026\/04\/16\/judo-gago-fica-em-nono-tralhao-e-siderot-perdem-na-estreia-nos-europeus\/#breadcrumb\",\"itemListElement\":[{\"@type\":\"ListItem\",\"position\":1,\"name\":\"In\u00edcio\",\"item\":\"https:\/\/portaltela.pt\/\"},{\"@type\":\"ListItem\",\"position\":2,\"name\":\"Judo: Gago fica em nono; Tralh\u00e3o e Siderot perdem na estreia nos Europeus\"}]},{\"@type\":\"WebSite\",\"@id\":\"https:\/\/portaltela.pt\/#website\",\"url\":\"https:\/\/portaltela.pt\/\",\"name\":\"Portal Tela Portugal\",\"description\":\"\",\"potentialAction\":[{\"@type\":\"SearchAction\",\"target\":{\"@type\":\"EntryPoint\",\"urlTemplate\":\"https:\/\/portaltela.pt\/?s={search_term_string}\"},\"query-input\":{\"@type\":\"PropertyValueSpecification\",\"valueRequired\":true,\"valueName\":\"search_term_string\"}}],\"inLanguage\":\"pt-PT\"},{\"@type\":\"Person\",\"@id\":\"https:\/\/portaltela.pt\/#\/schema\/person\/c4278d4a6028830caff9ee44b42d32ed\",\"name\":\"Telinha\",\"image\":{\"@type\":\"ImageObject\",\"inLanguage\":\"pt-PT\",\"@id\":\"https:\/\/portaltela.pt\/s.01k8rhncp4jt1\/2025\/11\/talking-bot-125x125.png\",\"url\":\"https:\/\/portaltela.pt\/s.01k8rhncp4jt1\/2025\/11\/talking-bot-125x125.png\",\"contentUrl\":\"https:\/\/portaltela.pt\/s.01k8rhncp4jt1\/2025\/11\/talking-bot-125x125.png\",\"caption\":\"Telinha\"},\"sameAs\":[\"https:\/\/portaltela.pt\/\"],\"url\":\"https:\/\/portaltela.pt\/por\/367410592786\/\"}]}<\/script>\n<!-- \/ Yoast SEO plugin. -->","yoast_head_json":{"title":"Judo: Gago fica em nono; Tralh\u00e3o e Siderot perdem na estreia nos Europeus - Portal Tela Portugal","robots":{"index":"index","follow":"follow","max-snippet":"max-snippet:-1","max-image-preview":"max-image-preview:large","max-video-preview":"max-video-preview:-1"},"og_locale":"pt_PT","og_type":"article","og_title":"Judo: Gago fica em nono; Tralh\u00e3o e Siderot perdem na estreia nos Europeus - Portal Tela Portugal","og_description":"Miguel Gago foi o melhor portugu\u00eas no primeiro dia dos Europeus de judo em Tblissi, ficando em nono lugar na categoria de -66 kg ap\u00f3s dois combates. Gago venceu o lituano Simas Polikevicius por ippon, mas perdeu com o russo Murad Chopanov, atual vice-campe\u00e3o europeu, ap\u00f3s dois yuko, terminando a participa\u00e7\u00e3o. Bernardo Tralh\u00e3o (-60 kg) e Maria Siderot (-52 kg) sa\u00edram na estreia, ambos ao sofrerem no golden score ap\u00f3s o quarto minuto de combate. Siderot, com duas vantagens iniciais, acabou por ceder no prolongamento diante da checa Tereza Bodnarova, ao sofrer um waza-ari. Tralh\u00e3o, na estreia absoluta, tamb\u00e9m caiu no prolongamento frente ao espanhol Luis Barroso L\u00f3pez, com waza-ari a decidir o combate.","og_url":"https:\/\/portaltela.pt\/noticias\/2026\/04\/16\/judo-gago-fica-em-nono-tralhao-e-siderot-perdem-na-estreia-nos-europeus\/","og_site_name":"Portal Tela Portugal","article_published_time":"2026-04-16T16:17:11+00:00","author":"Telinha","twitter_card":"summary_large_image","twitter_misc":{"Escrito por":"Telinha","Tempo estimado de leitura":"1 minuto"},"schema":{"@context":"https:\/\/schema.org","@graph":[{"@type":"Article","@id":"https:\/\/portaltela.pt\/noticias\/2026\/04\/16\/judo-gago-fica-em-nono-tralhao-e-siderot-perdem-na-estreia-nos-europeus\/#article","isPartOf":{"@id":"https:\/\/portaltela.pt\/noticias\/2026\/04\/16\/judo-gago-fica-em-nono-tralhao-e-siderot-perdem-na-estreia-nos-europeus\/"},"author":{"name":"Telinha","@id":"https:\/\/portaltela.pt\/#\/schema\/person\/c4278d4a6028830caff9ee44b42d32ed"},"headline":"Judo: Gago fica em nono; Tralh\u00e3o e Siderot perdem na estreia nos Europeus","datePublished":"2026-04-16T16:17:11+00:00","mainEntityOfPage":{"@id":"https:\/\/portaltela.pt\/noticias\/2026\/04\/16\/judo-gago-fica-em-nono-tralhao-e-siderot-perdem-na-estreia-nos-europeus\/"},"wordCount":303,"image":{"@id":"https:\/\/portaltela.pt\/noticias\/2026\/04\/16\/judo-gago-fica-em-nono-tralhao-e-siderot-perdem-na-estreia-nos-europeus\/#primaryimage"},"thumbnailUrl":"https:\/\/portaltela.pt\/s.01k8rhncp4jt1\/2026\/04\/2081864.jpg","keywords":["competi\u00e7\u00e3o internacional","desporto","Europa","judo","les\u00f5es","Portugal"],"articleSection":["Desporto","Futebol"],"inLanguage":"pt-PT"},{"@type":"WebPage","@id":"https:\/\/portaltela.pt\/noticias\/2026\/04\/16\/judo-gago-fica-em-nono-tralhao-e-siderot-perdem-na-estreia-nos-europeus\/","url":"https:\/\/portaltela.pt\/noticias\/2026\/04\/16\/judo-gago-fica-em-nono-tralhao-e-siderot-perdem-na-estreia-nos-europeus\/","name":"Judo: Gago fica em nono; Tralh\u00e3o e Siderot perdem na estreia nos Europeus - Portal Tela Portugal","isPartOf":{"@id":"https:\/\/portaltela.pt\/#website"},"primaryImageOfPage":{"@id":"https:\/\/portaltela.pt\/noticias\/2026\/04\/16\/judo-gago-fica-em-nono-tralhao-e-siderot-perdem-na-estreia-nos-europeus\/#primaryimage"},"image":{"@id":"https:\/\/portaltela.pt\/noticias\/2026\/04\/16\/judo-gago-fica-em-nono-tralhao-e-siderot-perdem-na-estreia-nos-europeus\/#primaryimage"},"thumbnailUrl":"https:\/\/portaltela.pt\/s.01k8rhncp4jt1\/2026\/04\/2081864.jpg","datePublished":"2026-04-16T16:17:11+00:00","author":{"@id":"https:\/\/portaltela.pt\/#\/schema\/person\/c4278d4a6028830caff9ee44b42d32ed"},"breadcrumb":{"@id":"https:\/\/portaltela.pt\/noticias\/2026\/04\/16\/judo-gago-fica-em-nono-tralhao-e-siderot-perdem-na-estreia-nos-europeus\/#breadcrumb"},"inLanguage":"pt-PT","potentialAction":[{"@type":"ReadAction","target":["https:\/\/portaltela.pt\/noticias\/2026\/04\/16\/judo-gago-fica-em-nono-tralhao-e-siderot-perdem-na-estreia-nos-europeus\/"]}]},{"@type":"ImageObject","inLanguage":"pt-PT","@id":"https:\/\/portaltela.pt\/noticias\/2026\/04\/16\/judo-gago-fica-em-nono-tralhao-e-siderot-perdem-na-estreia-nos-europeus\/#primaryimage","url":"https:\/\/portaltela.pt\/s.01k8rhncp4jt1\/2026\/04\/2081864.jpg","contentUrl":"https:\/\/portaltela.pt\/s.01k8rhncp4jt1\/2026\/04\/2081864.jpg","width":796,"height":448,"caption":"Miguel Gago (na foto no Grand Slam de Paris deste ano) foi o melhor portugu\u00eas no primeiro dia dos Europeus"},{"@type":"BreadcrumbList","@id":"https:\/\/portaltela.pt\/noticias\/2026\/04\/16\/judo-gago-fica-em-nono-tralhao-e-siderot-perdem-na-estreia-nos-europeus\/#breadcrumb","itemListElement":[{"@type":"ListItem","position":1,"name":"In\u00edcio","item":"https:\/\/portaltela.pt\/"},{"@type":"ListItem","position":2,"name":"Judo: Gago fica em nono; Tralh\u00e3o e Siderot perdem na estreia nos Europeus"}]},{"@type":"WebSite","@id":"https:\/\/portaltela.pt\/#website","url":"https:\/\/portaltela.pt\/","name":"Portal Tela Portugal","description":"","potentialAction":[{"@type":"SearchAction","target":{"@type":"EntryPoint","urlTemplate":"https:\/\/portaltela.pt\/?s={search_term_string}"},"query-input":{"@type":"PropertyValueSpecification","valueRequired":true,"valueName":"search_term_string"}}],"inLanguage":"pt-PT"},{"@type":"Person","@id":"https:\/\/portaltela.pt\/#\/schema\/person\/c4278d4a6028830caff9ee44b42d32ed","name":"Telinha","image":{"@type":"ImageObject","inLanguage":"pt-PT","@id":"https:\/\/portaltela.pt\/s.01k8rhncp4jt1\/2025\/11\/talking-bot-125x125.png","url":"https:\/\/portaltela.pt\/s.01k8rhncp4jt1\/2025\/11\/talking-bot-125x125.png","contentUrl":"https:\/\/portaltela.pt\/s.01k8rhncp4jt1\/2025\/11\/talking-bot-125x125.png","caption":"Telinha"},"sameAs":["https:\/\/portaltela.pt\/"],"url":"https:\/\/portaltela.pt\/por\/367410592786\/"}]}},"_links":{"self":[{"href":"https:\/\/portaltela.pt\/api\/wp\/v2\/posts\/446681","targetHints":{"allow":["GET"]}}],"collection":[{"href":"https:\/\/portaltela.pt\/api\/wp\/v2\/posts"}],"about":[{"href":"https:\/\/portaltela.pt\/api\/wp\/v2\/types\/post"}],"author":[{"embeddable":true,"href":"https:\/\/portaltela.pt\/api\/wp\/v2\/users\/2"}],"replies":[{"embeddable":true,"href":"https:\/\/portaltela.pt\/api\/wp\/v2\/comments?post=446681"}],"version-history":[{"count":0,"href":"https:\/\/portaltela.pt\/api\/wp\/v2\/posts\/446681\/revisions"}],"wp:featuredmedia":[{"embeddable":true,"href":"https:\/\/portaltela.pt\/api\/wp\/v2\/media\/446684"}],"wp:attachment":[{"href":"https:\/\/portaltela.pt\/api\/wp\/v2\/media?parent=446681"}],"wp:term":[{"taxonomy":"category","embeddable":true,"href":"https:\/\/portaltela.pt\/api\/wp\/v2\/categories?post=446681"},{"taxonomy":"post_tag","embeddable":true,"href":"https:\/\/portaltela.pt\/api\/wp\/v2\/tags?post=446681"}],"curies":[{"name":"wp","href":"https:\/\/api.w.org\/{rel}","templated":true}]}}