{"id":446680,"date":"2026-04-16T13:17:10","date_gmt":"2026-04-16T16:17:10","guid":{"rendered":"https:\/\/portaltela.pt\/noticias\/2026\/04\/16\/cinco-sinais-de-saude-oral-que-nao-deve-ignorar\/"},"modified":"2026-04-16T13:17:10","modified_gmt":"2026-04-16T16:17:10","slug":"cinco-sinais-de-saude-oral-que-nao-deve-ignorar","status":"publish","type":"post","link":"https:\/\/portaltela.pt\/saude\/2026\/04\/16\/cinco-sinais-de-saude-oral-que-nao-deve-ignorar\/","title":{"rendered":"Cinco sinais de sa\u00fade oral que n\u00e3o deve ignorar"},"content":{"rendered":"<p>A sa\u00fade oral funciona como um alarme do corpo. Pequenos sinais na boca podem indicar infe\u00e7\u00f5es ocultas, doen\u00e7as inflamat\u00f3rias ou altera\u00e7\u00f5es graves.<\/p>\n<p>Especialistas destacam sinais para observar: dor que persiste, sangramento ao escovar, incha\u00e7o, aftas que demoram a fechar e altera\u00e7\u00f5es na cor ou textura dos tecidos.<\/p>\n<p>Ao notar qualquer um destes sinais, n\u00e3o adianta recorrer a solu\u00e7\u00f5es r\u00e1pidas. Se durar mais de 15 dias ou aparecer com frequ\u00eancia, procure um dentista.<\/p>\n<p>A sa\u00fade oral vai al\u00e9m de dentes est\u00e9ticos. Prev\u00e9m infe\u00e7\u00f5es, inflama\u00e7\u00f5es cr\u00f3nicas e poss\u00edveis impactos no bem-estar geral; a interven\u00e7\u00e3o precoce \u00e9 crucial.<\/p>\n","protected":false},"excerpt":{"rendered":"<ul>\n<li>A sa\u00fade oral pode ser o primeiro \u201calarme\u201d do corpo, com sinais que parecem inofensivos.<\/li>\n<li>Pequenos sinais na boca podem esconder infe\u00e7\u00f5es, inflama\u00e7\u00f5es ou altera\u00e7\u00f5es mais graves.<\/li>\n<li>Se estes sinais durar mais de quinze dias ou se repetirem, n\u00e3o \u00e9 normal e deve consultar um dentista.<\/li>\n<li>A sa\u00fade oral vai al\u00e9m dos dentes bonitos: ajuda a evitar infe\u00e7\u00f5es e problemas que afetam o resto do corpo.<\/li>\n<li>O tempo faz diferen\u00e7a: agir cedo pode prevenir problemas maiores no futuro.<\/li>\n<\/ul>\n","protected":false},"author":2,"featured_media":446689,"comment_status":"closed","ping_status":"closed","sticky":false,"template":"","format":"standard","meta":{"footnotes":""},"categories":[6745],"tags":[5371,61,4851,7211,172,2022],"class_list":["post-446680","post","type-post","status-publish","format-standard","has-post-thumbnail","hentry","category-saude","tag-cuidados-de-saude","tag-doencas","tag-higiene","tag-medicina","tag-saude","tag-saude-oral"],"yoast_head":"<!-- This site is optimized with the Yoast SEO plugin v27.2 - https:\/\/yoast.com\/product\/yoast-seo-wordpress\/ -->\n<title>Cinco sinais de sa\u00fade oral que n\u00e3o deve ignorar - Portal Tela Portugal<\/title>\n<meta name=\"robots\" content=\"index, follow, max-snippet:-1, max-image-preview:large, max-video-preview:-1\" \/>\n<meta property=\"og:locale\" content=\"pt_PT\" \/>\n<meta property=\"og:type\" content=\"article\" \/>\n<meta property=\"og:title\" content=\"Cinco sinais de sa\u00fade oral que n\u00e3o deve ignorar - Portal Tela Portugal\" \/>\n<meta property=\"og:description\" content=\"A sa\u00fade oral pode ser o primeiro \u201calarme\u201d do corpo, com sinais que parecem inofensivos. Pequenos sinais na boca podem esconder infe\u00e7\u00f5es, inflama\u00e7\u00f5es ou altera\u00e7\u00f5es mais graves. Se estes sinais durar mais de quinze dias ou se repetirem, n\u00e3o \u00e9 normal e deve consultar um dentista. A sa\u00fade oral vai al\u00e9m dos dentes bonitos: ajuda a evitar infe\u00e7\u00f5es e problemas que afetam o resto do corpo. O tempo faz diferen\u00e7a: agir cedo pode prevenir problemas maiores no futuro.\" \/>\n<meta property=\"og:url\" content=\"https:\/\/portaltela.pt\/noticias\/2026\/04\/16\/cinco-sinais-de-saude-oral-que-nao-deve-ignorar\/\" \/>\n<meta property=\"og:site_name\" content=\"Portal Tela Portugal\" \/>\n<meta property=\"article:published_time\" content=\"2026-04-16T16:17:10+00:00\" \/>\n<meta name=\"author\" content=\"Telinha\" \/>\n<meta name=\"twitter:card\" content=\"summary_large_image\" \/>\n<meta name=\"twitter:label1\" content=\"Escrito por\" \/>\n\t<meta name=\"twitter:data1\" content=\"Telinha\" \/>\n\t<meta name=\"twitter:label2\" content=\"Tempo estimado de leitura\" \/>\n\t<meta name=\"twitter:data2\" content=\"1 minuto\" \/>\n<script type=\"application\/ld+json\" class=\"yoast-schema-graph\">{\"@context\":\"https:\/\/schema.org\",\"@graph\":[{\"@type\":\"Article\",\"@id\":\"https:\/\/portaltela.pt\/noticias\/2026\/04\/16\/cinco-sinais-de-saude-oral-que-nao-deve-ignorar\/#article\",\"isPartOf\":{\"@id\":\"https:\/\/portaltela.pt\/noticias\/2026\/04\/16\/cinco-sinais-de-saude-oral-que-nao-deve-ignorar\/\"},\"author\":{\"name\":\"Telinha\",\"@id\":\"https:\/\/portaltela.pt\/#\/schema\/person\/c4278d4a6028830caff9ee44b42d32ed\"},\"headline\":\"Cinco sinais de sa\u00fade oral que n\u00e3o deve ignorar\",\"datePublished\":\"2026-04-16T16:17:10+00:00\",\"mainEntityOfPage\":{\"@id\":\"https:\/\/portaltela.pt\/noticias\/2026\/04\/16\/cinco-sinais-de-saude-oral-que-nao-deve-ignorar\/\"},\"wordCount\":124,\"image\":{\"@id\":\"https:\/\/portaltela.pt\/noticias\/2026\/04\/16\/cinco-sinais-de-saude-oral-que-nao-deve-ignorar\/#primaryimage\"},\"thumbnailUrl\":\"https:\/\/portaltela.pt\/s.01k8rhncp4jt1\/2026\/04\/image-991.jpg\",\"keywords\":[\"cuidados de sa\u00fade\",\"doen\u00e7as\",\"higiene\",\"medicina\",\"sa\u00fade\",\"Sa\u00fade Oral\"],\"articleSection\":[\"Sa\u00fade\"],\"inLanguage\":\"pt-PT\"},{\"@type\":\"WebPage\",\"@id\":\"https:\/\/portaltela.pt\/noticias\/2026\/04\/16\/cinco-sinais-de-saude-oral-que-nao-deve-ignorar\/\",\"url\":\"https:\/\/portaltela.pt\/noticias\/2026\/04\/16\/cinco-sinais-de-saude-oral-que-nao-deve-ignorar\/\",\"name\":\"Cinco sinais de sa\u00fade oral que n\u00e3o deve ignorar - Portal Tela Portugal\",\"isPartOf\":{\"@id\":\"https:\/\/portaltela.pt\/#website\"},\"primaryImageOfPage\":{\"@id\":\"https:\/\/portaltela.pt\/noticias\/2026\/04\/16\/cinco-sinais-de-saude-oral-que-nao-deve-ignorar\/#primaryimage\"},\"image\":{\"@id\":\"https:\/\/portaltela.pt\/noticias\/2026\/04\/16\/cinco-sinais-de-saude-oral-que-nao-deve-ignorar\/#primaryimage\"},\"thumbnailUrl\":\"https:\/\/portaltela.pt\/s.01k8rhncp4jt1\/2026\/04\/image-991.jpg\",\"datePublished\":\"2026-04-16T16:17:10+00:00\",\"author\":{\"@id\":\"https:\/\/portaltela.pt\/#\/schema\/person\/c4278d4a6028830caff9ee44b42d32ed\"},\"breadcrumb\":{\"@id\":\"https:\/\/portaltela.pt\/noticias\/2026\/04\/16\/cinco-sinais-de-saude-oral-que-nao-deve-ignorar\/#breadcrumb\"},\"inLanguage\":\"pt-PT\",\"potentialAction\":[{\"@type\":\"ReadAction\",\"target\":[\"https:\/\/portaltela.pt\/noticias\/2026\/04\/16\/cinco-sinais-de-saude-oral-que-nao-deve-ignorar\/\"]}]},{\"@type\":\"ImageObject\",\"inLanguage\":\"pt-PT\",\"@id\":\"https:\/\/portaltela.pt\/noticias\/2026\/04\/16\/cinco-sinais-de-saude-oral-que-nao-deve-ignorar\/#primaryimage\",\"url\":\"https:\/\/portaltela.pt\/s.01k8rhncp4jt1\/2026\/04\/image-991.jpg\",\"contentUrl\":\"https:\/\/portaltela.pt\/s.01k8rhncp4jt1\/2026\/04\/image-991.jpg\",\"width\":796,\"height\":448,\"caption\":\"Imagem de contexto do artigo Sa\u00fade Oral: cinco sintomas de doen\u00e7as que n\u00e3o deve ignorar\"},{\"@type\":\"BreadcrumbList\",\"@id\":\"https:\/\/portaltela.pt\/noticias\/2026\/04\/16\/cinco-sinais-de-saude-oral-que-nao-deve-ignorar\/#breadcrumb\",\"itemListElement\":[{\"@type\":\"ListItem\",\"position\":1,\"name\":\"In\u00edcio\",\"item\":\"https:\/\/portaltela.pt\/\"},{\"@type\":\"ListItem\",\"position\":2,\"name\":\"Cinco sinais de sa\u00fade oral que n\u00e3o deve ignorar\"}]},{\"@type\":\"WebSite\",\"@id\":\"https:\/\/portaltela.pt\/#website\",\"url\":\"https:\/\/portaltela.pt\/\",\"name\":\"Portal Tela Portugal\",\"description\":\"\",\"potentialAction\":[{\"@type\":\"SearchAction\",\"target\":{\"@type\":\"EntryPoint\",\"urlTemplate\":\"https:\/\/portaltela.pt\/?s={search_term_string}\"},\"query-input\":{\"@type\":\"PropertyValueSpecification\",\"valueRequired\":true,\"valueName\":\"search_term_string\"}}],\"inLanguage\":\"pt-PT\"},{\"@type\":\"Person\",\"@id\":\"https:\/\/portaltela.pt\/#\/schema\/person\/c4278d4a6028830caff9ee44b42d32ed\",\"name\":\"Telinha\",\"image\":{\"@type\":\"ImageObject\",\"inLanguage\":\"pt-PT\",\"@id\":\"https:\/\/portaltela.pt\/s.01k8rhncp4jt1\/2025\/11\/talking-bot-125x125.png\",\"url\":\"https:\/\/portaltela.pt\/s.01k8rhncp4jt1\/2025\/11\/talking-bot-125x125.png\",\"contentUrl\":\"https:\/\/portaltela.pt\/s.01k8rhncp4jt1\/2025\/11\/talking-bot-125x125.png\",\"caption\":\"Telinha\"},\"sameAs\":[\"https:\/\/portaltela.pt\/\"],\"url\":\"https:\/\/portaltela.pt\/por\/367410592786\/\"}]}<\/script>\n<!-- \/ Yoast SEO plugin. -->","yoast_head_json":{"title":"Cinco sinais de sa\u00fade oral que n\u00e3o deve ignorar - Portal Tela Portugal","robots":{"index":"index","follow":"follow","max-snippet":"max-snippet:-1","max-image-preview":"max-image-preview:large","max-video-preview":"max-video-preview:-1"},"og_locale":"pt_PT","og_type":"article","og_title":"Cinco sinais de sa\u00fade oral que n\u00e3o deve ignorar - Portal Tela Portugal","og_description":"A sa\u00fade oral pode ser o primeiro \u201calarme\u201d do corpo, com sinais que parecem inofensivos. Pequenos sinais na boca podem esconder infe\u00e7\u00f5es, inflama\u00e7\u00f5es ou altera\u00e7\u00f5es mais graves. Se estes sinais durar mais de quinze dias ou se repetirem, n\u00e3o \u00e9 normal e deve consultar um dentista. A sa\u00fade oral vai al\u00e9m dos dentes bonitos: ajuda a evitar infe\u00e7\u00f5es e problemas que afetam o resto do corpo. O tempo faz diferen\u00e7a: agir cedo pode prevenir problemas maiores no futuro.","og_url":"https:\/\/portaltela.pt\/noticias\/2026\/04\/16\/cinco-sinais-de-saude-oral-que-nao-deve-ignorar\/","og_site_name":"Portal Tela Portugal","article_published_time":"2026-04-16T16:17:10+00:00","author":"Telinha","twitter_card":"summary_large_image","twitter_misc":{"Escrito por":"Telinha","Tempo estimado de leitura":"1 minuto"},"schema":{"@context":"https:\/\/schema.org","@graph":[{"@type":"Article","@id":"https:\/\/portaltela.pt\/noticias\/2026\/04\/16\/cinco-sinais-de-saude-oral-que-nao-deve-ignorar\/#article","isPartOf":{"@id":"https:\/\/portaltela.pt\/noticias\/2026\/04\/16\/cinco-sinais-de-saude-oral-que-nao-deve-ignorar\/"},"author":{"name":"Telinha","@id":"https:\/\/portaltela.pt\/#\/schema\/person\/c4278d4a6028830caff9ee44b42d32ed"},"headline":"Cinco sinais de sa\u00fade oral que n\u00e3o deve ignorar","datePublished":"2026-04-16T16:17:10+00:00","mainEntityOfPage":{"@id":"https:\/\/portaltela.pt\/noticias\/2026\/04\/16\/cinco-sinais-de-saude-oral-que-nao-deve-ignorar\/"},"wordCount":124,"image":{"@id":"https:\/\/portaltela.pt\/noticias\/2026\/04\/16\/cinco-sinais-de-saude-oral-que-nao-deve-ignorar\/#primaryimage"},"thumbnailUrl":"https:\/\/portaltela.pt\/s.01k8rhncp4jt1\/2026\/04\/image-991.jpg","keywords":["cuidados de sa\u00fade","doen\u00e7as","higiene","medicina","sa\u00fade","Sa\u00fade Oral"],"articleSection":["Sa\u00fade"],"inLanguage":"pt-PT"},{"@type":"WebPage","@id":"https:\/\/portaltela.pt\/noticias\/2026\/04\/16\/cinco-sinais-de-saude-oral-que-nao-deve-ignorar\/","url":"https:\/\/portaltela.pt\/noticias\/2026\/04\/16\/cinco-sinais-de-saude-oral-que-nao-deve-ignorar\/","name":"Cinco sinais de sa\u00fade oral que n\u00e3o deve ignorar - Portal Tela Portugal","isPartOf":{"@id":"https:\/\/portaltela.pt\/#website"},"primaryImageOfPage":{"@id":"https:\/\/portaltela.pt\/noticias\/2026\/04\/16\/cinco-sinais-de-saude-oral-que-nao-deve-ignorar\/#primaryimage"},"image":{"@id":"https:\/\/portaltela.pt\/noticias\/2026\/04\/16\/cinco-sinais-de-saude-oral-que-nao-deve-ignorar\/#primaryimage"},"thumbnailUrl":"https:\/\/portaltela.pt\/s.01k8rhncp4jt1\/2026\/04\/image-991.jpg","datePublished":"2026-04-16T16:17:10+00:00","author":{"@id":"https:\/\/portaltela.pt\/#\/schema\/person\/c4278d4a6028830caff9ee44b42d32ed"},"breadcrumb":{"@id":"https:\/\/portaltela.pt\/noticias\/2026\/04\/16\/cinco-sinais-de-saude-oral-que-nao-deve-ignorar\/#breadcrumb"},"inLanguage":"pt-PT","potentialAction":[{"@type":"ReadAction","target":["https:\/\/portaltela.pt\/noticias\/2026\/04\/16\/cinco-sinais-de-saude-oral-que-nao-deve-ignorar\/"]}]},{"@type":"ImageObject","inLanguage":"pt-PT","@id":"https:\/\/portaltela.pt\/noticias\/2026\/04\/16\/cinco-sinais-de-saude-oral-que-nao-deve-ignorar\/#primaryimage","url":"https:\/\/portaltela.pt\/s.01k8rhncp4jt1\/2026\/04\/image-991.jpg","contentUrl":"https:\/\/portaltela.pt\/s.01k8rhncp4jt1\/2026\/04\/image-991.jpg","width":796,"height":448,"caption":"Imagem de contexto do artigo Sa\u00fade Oral: cinco sintomas de doen\u00e7as que n\u00e3o deve ignorar"},{"@type":"BreadcrumbList","@id":"https:\/\/portaltela.pt\/noticias\/2026\/04\/16\/cinco-sinais-de-saude-oral-que-nao-deve-ignorar\/#breadcrumb","itemListElement":[{"@type":"ListItem","position":1,"name":"In\u00edcio","item":"https:\/\/portaltela.pt\/"},{"@type":"ListItem","position":2,"name":"Cinco sinais de sa\u00fade oral que n\u00e3o deve ignorar"}]},{"@type":"WebSite","@id":"https:\/\/portaltela.pt\/#website","url":"https:\/\/portaltela.pt\/","name":"Portal Tela Portugal","description":"","potentialAction":[{"@type":"SearchAction","target":{"@type":"EntryPoint","urlTemplate":"https:\/\/portaltela.pt\/?s={search_term_string}"},"query-input":{"@type":"PropertyValueSpecification","valueRequired":true,"valueName":"search_term_string"}}],"inLanguage":"pt-PT"},{"@type":"Person","@id":"https:\/\/portaltela.pt\/#\/schema\/person\/c4278d4a6028830caff9ee44b42d32ed","name":"Telinha","image":{"@type":"ImageObject","inLanguage":"pt-PT","@id":"https:\/\/portaltela.pt\/s.01k8rhncp4jt1\/2025\/11\/talking-bot-125x125.png","url":"https:\/\/portaltela.pt\/s.01k8rhncp4jt1\/2025\/11\/talking-bot-125x125.png","contentUrl":"https:\/\/portaltela.pt\/s.01k8rhncp4jt1\/2025\/11\/talking-bot-125x125.png","caption":"Telinha"},"sameAs":["https:\/\/portaltela.pt\/"],"url":"https:\/\/portaltela.pt\/por\/367410592786\/"}]}},"_links":{"self":[{"href":"https:\/\/portaltela.pt\/api\/wp\/v2\/posts\/446680","targetHints":{"allow":["GET"]}}],"collection":[{"href":"https:\/\/portaltela.pt\/api\/wp\/v2\/posts"}],"about":[{"href":"https:\/\/portaltela.pt\/api\/wp\/v2\/types\/post"}],"author":[{"embeddable":true,"href":"https:\/\/portaltela.pt\/api\/wp\/v2\/users\/2"}],"replies":[{"embeddable":true,"href":"https:\/\/portaltela.pt\/api\/wp\/v2\/comments?post=446680"}],"version-history":[{"count":0,"href":"https:\/\/portaltela.pt\/api\/wp\/v2\/posts\/446680\/revisions"}],"wp:featuredmedia":[{"embeddable":true,"href":"https:\/\/portaltela.pt\/api\/wp\/v2\/media\/446689"}],"wp:attachment":[{"href":"https:\/\/portaltela.pt\/api\/wp\/v2\/media?parent=446680"}],"wp:term":[{"taxonomy":"category","embeddable":true,"href":"https:\/\/portaltela.pt\/api\/wp\/v2\/categories?post=446680"},{"taxonomy":"post_tag","embeddable":true,"href":"https:\/\/portaltela.pt\/api\/wp\/v2\/tags?post=446680"}],"curies":[{"name":"wp","href":"https:\/\/api.w.org\/{rel}","templated":true}]}}