{"id":446677,"date":"2026-04-16T13:17:07","date_gmt":"2026-04-16T16:17:07","guid":{"rendered":"https:\/\/portaltela.pt\/noticias\/2026\/04\/16\/adeptos-do-fc-porto-celebram-nas-instalacoes-do-notts-county\/"},"modified":"2026-04-16T13:17:07","modified_gmt":"2026-04-16T16:17:07","slug":"adeptos-do-fc-porto-celebram-nas-instalacoes-do-notts-county","status":"publish","type":"post","link":"https:\/\/portaltela.pt\/desporto\/futebol\/2026\/04\/16\/adeptos-do-fc-porto-celebram-nas-instalacoes-do-notts-county\/","title":{"rendered":"Adeptos do FC Porto celebram nas instala\u00e7\u00f5es do Notts County"},"content":{"rendered":"<p>Os adeptos do FC Porto j\u00e1 ocupam o The Nest, instala\u00e7\u00f5es do Notts County, em Nottingham, onde o clube tem a concentra\u00e7\u00e3o antes da partida da Liga Europa. O ambiente \u00e9 de apoio \u00e0 equipa azul e branca.<\/p>\n<p>Espera-se a presen\u00e7a de cerca de 2 mil f\u00e3s portistas, que viajam para acompanhar a segunda m\u00e3o dos quartos de final. O movimento \u00e9 centrado na divulga\u00e7\u00e3o de apoio \u00e0 equipa antes do jogo.<\/p>\n<p>A partida desta noite envolve o FC Porto frente ao Notts County, rival do Nottingham. O objetivo \u00e9 confirmar a passagem \u00e0s meias-finais ap\u00f3s o resultado da primeira m\u00e3o, disputada em territ\u00f3rio neutro.<\/p>\n","protected":false},"excerpt":{"rendered":"<ul>\n<li>Os adeptos do FC Porto j\u00e1 est\u00e3o no The Nest, nas instala\u00e7\u00f5es do Notts County.<\/li>\n<li>O encontro desta noite \u00e9 a 2.\u00aa m\u00e3o dos quartos de final da Liga Europa.<\/li>\n<li>O Notts County \u00e9 o rival dos drag\u00f5es nesta eliminat\u00f3ria.<\/li>\n<li>Esperam-se cerca de 2 mil adeptos azuis e brancos na bancada.<\/li>\n<li>A partida vale a posi\u00e7\u00e3o na pr\u00f3xima fase da competi\u00e7\u00e3o.<\/li>\n<\/ul>\n","protected":false},"author":2,"featured_media":446686,"comment_status":"closed","ping_status":"closed","sticky":false,"template":"","format":"standard","meta":{"footnotes":""},"categories":[21,24],"tags":[2533,5544,2028,32,6014],"class_list":["post-446677","post","type-post","status-publish","format-standard","has-post-thumbnail","hentry","category-desporto","category-futebol","tag-adeptos","tag-europa-league","tag-fc-porto","tag-futebol","tag-noticias-internacionais"],"yoast_head":"<!-- This site is optimized with the Yoast SEO plugin v27.2 - https:\/\/yoast.com\/product\/yoast-seo-wordpress\/ -->\n<title>Adeptos do FC Porto celebram nas instala\u00e7\u00f5es do Notts County - Portal Tela Portugal<\/title>\n<meta name=\"robots\" content=\"index, follow, max-snippet:-1, max-image-preview:large, max-video-preview:-1\" \/>\n<meta property=\"og:locale\" content=\"pt_PT\" \/>\n<meta property=\"og:type\" content=\"article\" \/>\n<meta property=\"og:title\" content=\"Adeptos do FC Porto celebram nas instala\u00e7\u00f5es do Notts County - Portal Tela Portugal\" \/>\n<meta property=\"og:description\" content=\"Os adeptos do FC Porto j\u00e1 est\u00e3o no The Nest, nas instala\u00e7\u00f5es do Notts County. O encontro desta noite \u00e9 a 2.\u00aa m\u00e3o dos quartos de final da Liga Europa. O Notts County \u00e9 o rival dos drag\u00f5es nesta eliminat\u00f3ria. Esperam-se cerca de 2 mil adeptos azuis e brancos na bancada. A partida vale a posi\u00e7\u00e3o na pr\u00f3xima fase da competi\u00e7\u00e3o.\" \/>\n<meta property=\"og:url\" content=\"https:\/\/portaltela.pt\/noticias\/2026\/04\/16\/adeptos-do-fc-porto-celebram-nas-instalacoes-do-notts-county\/\" \/>\n<meta property=\"og:site_name\" content=\"Portal Tela Portugal\" \/>\n<meta property=\"article:published_time\" content=\"2026-04-16T16:17:07+00:00\" \/>\n<meta name=\"author\" content=\"Telinha\" \/>\n<meta name=\"twitter:card\" content=\"summary_large_image\" \/>\n<meta name=\"twitter:label1\" content=\"Escrito por\" \/>\n\t<meta name=\"twitter:data1\" content=\"Telinha\" \/>\n\t<meta name=\"twitter:label2\" content=\"Tempo estimado de leitura\" \/>\n\t<meta name=\"twitter:data2\" content=\"1 minuto\" \/>\n<script type=\"application\/ld+json\" class=\"yoast-schema-graph\">{\"@context\":\"https:\/\/schema.org\",\"@graph\":[{\"@type\":\"Article\",\"@id\":\"https:\/\/portaltela.pt\/noticias\/2026\/04\/16\/adeptos-do-fc-porto-celebram-nas-instalacoes-do-notts-county\/#article\",\"isPartOf\":{\"@id\":\"https:\/\/portaltela.pt\/noticias\/2026\/04\/16\/adeptos-do-fc-porto-celebram-nas-instalacoes-do-notts-county\/\"},\"author\":{\"name\":\"Telinha\",\"@id\":\"https:\/\/portaltela.pt\/#\/schema\/person\/c4278d4a6028830caff9ee44b42d32ed\"},\"headline\":\"Adeptos do FC Porto celebram nas instala\u00e7\u00f5es do Notts County\",\"datePublished\":\"2026-04-16T16:17:07+00:00\",\"mainEntityOfPage\":{\"@id\":\"https:\/\/portaltela.pt\/noticias\/2026\/04\/16\/adeptos-do-fc-porto-celebram-nas-instalacoes-do-notts-county\/\"},\"wordCount\":119,\"image\":{\"@id\":\"https:\/\/portaltela.pt\/noticias\/2026\/04\/16\/adeptos-do-fc-porto-celebram-nas-instalacoes-do-notts-county\/#primaryimage\"},\"thumbnailUrl\":\"https:\/\/portaltela.pt\/s.01k8rhncp4jt1\/2026\/04\/img_1200x721uu2026-04-16-17-08-26-2433420.jpg\",\"keywords\":[\"adeptos\",\"Europa League\",\"FC Porto\",\"futebol\",\"not\u00edcias internacionais\"],\"articleSection\":[\"Desporto\",\"Futebol\"],\"inLanguage\":\"pt-PT\"},{\"@type\":\"WebPage\",\"@id\":\"https:\/\/portaltela.pt\/noticias\/2026\/04\/16\/adeptos-do-fc-porto-celebram-nas-instalacoes-do-notts-county\/\",\"url\":\"https:\/\/portaltela.pt\/noticias\/2026\/04\/16\/adeptos-do-fc-porto-celebram-nas-instalacoes-do-notts-county\/\",\"name\":\"Adeptos do FC Porto celebram nas instala\u00e7\u00f5es do Notts County - Portal Tela Portugal\",\"isPartOf\":{\"@id\":\"https:\/\/portaltela.pt\/#website\"},\"primaryImageOfPage\":{\"@id\":\"https:\/\/portaltela.pt\/noticias\/2026\/04\/16\/adeptos-do-fc-porto-celebram-nas-instalacoes-do-notts-county\/#primaryimage\"},\"image\":{\"@id\":\"https:\/\/portaltela.pt\/noticias\/2026\/04\/16\/adeptos-do-fc-porto-celebram-nas-instalacoes-do-notts-county\/#primaryimage\"},\"thumbnailUrl\":\"https:\/\/portaltela.pt\/s.01k8rhncp4jt1\/2026\/04\/img_1200x721uu2026-04-16-17-08-26-2433420.jpg\",\"datePublished\":\"2026-04-16T16:17:07+00:00\",\"author\":{\"@id\":\"https:\/\/portaltela.pt\/#\/schema\/person\/c4278d4a6028830caff9ee44b42d32ed\"},\"breadcrumb\":{\"@id\":\"https:\/\/portaltela.pt\/noticias\/2026\/04\/16\/adeptos-do-fc-porto-celebram-nas-instalacoes-do-notts-county\/#breadcrumb\"},\"inLanguage\":\"pt-PT\",\"potentialAction\":[{\"@type\":\"ReadAction\",\"target\":[\"https:\/\/portaltela.pt\/noticias\/2026\/04\/16\/adeptos-do-fc-porto-celebram-nas-instalacoes-do-notts-county\/\"]}]},{\"@type\":\"ImageObject\",\"inLanguage\":\"pt-PT\",\"@id\":\"https:\/\/portaltela.pt\/noticias\/2026\/04\/16\/adeptos-do-fc-porto-celebram-nas-instalacoes-do-notts-county\/#primaryimage\",\"url\":\"https:\/\/portaltela.pt\/s.01k8rhncp4jt1\/2026\/04\/img_1200x721uu2026-04-16-17-08-26-2433420.jpg\",\"contentUrl\":\"https:\/\/portaltela.pt\/s.01k8rhncp4jt1\/2026\/04\/img_1200x721uu2026-04-16-17-08-26-2433420.jpg\",\"width\":796,\"height\":448,\"caption\":\"Photo\"},{\"@type\":\"BreadcrumbList\",\"@id\":\"https:\/\/portaltela.pt\/noticias\/2026\/04\/16\/adeptos-do-fc-porto-celebram-nas-instalacoes-do-notts-county\/#breadcrumb\",\"itemListElement\":[{\"@type\":\"ListItem\",\"position\":1,\"name\":\"In\u00edcio\",\"item\":\"https:\/\/portaltela.pt\/\"},{\"@type\":\"ListItem\",\"position\":2,\"name\":\"Adeptos do FC Porto celebram nas instala\u00e7\u00f5es do Notts County\"}]},{\"@type\":\"WebSite\",\"@id\":\"https:\/\/portaltela.pt\/#website\",\"url\":\"https:\/\/portaltela.pt\/\",\"name\":\"Portal Tela Portugal\",\"description\":\"\",\"potentialAction\":[{\"@type\":\"SearchAction\",\"target\":{\"@type\":\"EntryPoint\",\"urlTemplate\":\"https:\/\/portaltela.pt\/?s={search_term_string}\"},\"query-input\":{\"@type\":\"PropertyValueSpecification\",\"valueRequired\":true,\"valueName\":\"search_term_string\"}}],\"inLanguage\":\"pt-PT\"},{\"@type\":\"Person\",\"@id\":\"https:\/\/portaltela.pt\/#\/schema\/person\/c4278d4a6028830caff9ee44b42d32ed\",\"name\":\"Telinha\",\"image\":{\"@type\":\"ImageObject\",\"inLanguage\":\"pt-PT\",\"@id\":\"https:\/\/portaltela.pt\/s.01k8rhncp4jt1\/2025\/11\/talking-bot-125x125.png\",\"url\":\"https:\/\/portaltela.pt\/s.01k8rhncp4jt1\/2025\/11\/talking-bot-125x125.png\",\"contentUrl\":\"https:\/\/portaltela.pt\/s.01k8rhncp4jt1\/2025\/11\/talking-bot-125x125.png\",\"caption\":\"Telinha\"},\"sameAs\":[\"https:\/\/portaltela.pt\/\"],\"url\":\"https:\/\/portaltela.pt\/por\/367410592786\/\"}]}<\/script>\n<!-- \/ Yoast SEO plugin. -->","yoast_head_json":{"title":"Adeptos do FC Porto celebram nas instala\u00e7\u00f5es do Notts County - Portal Tela Portugal","robots":{"index":"index","follow":"follow","max-snippet":"max-snippet:-1","max-image-preview":"max-image-preview:large","max-video-preview":"max-video-preview:-1"},"og_locale":"pt_PT","og_type":"article","og_title":"Adeptos do FC Porto celebram nas instala\u00e7\u00f5es do Notts County - Portal Tela Portugal","og_description":"Os adeptos do FC Porto j\u00e1 est\u00e3o no The Nest, nas instala\u00e7\u00f5es do Notts County. O encontro desta noite \u00e9 a 2.\u00aa m\u00e3o dos quartos de final da Liga Europa. O Notts County \u00e9 o rival dos drag\u00f5es nesta eliminat\u00f3ria. Esperam-se cerca de 2 mil adeptos azuis e brancos na bancada. A partida vale a posi\u00e7\u00e3o na pr\u00f3xima fase da competi\u00e7\u00e3o.","og_url":"https:\/\/portaltela.pt\/noticias\/2026\/04\/16\/adeptos-do-fc-porto-celebram-nas-instalacoes-do-notts-county\/","og_site_name":"Portal Tela Portugal","article_published_time":"2026-04-16T16:17:07+00:00","author":"Telinha","twitter_card":"summary_large_image","twitter_misc":{"Escrito por":"Telinha","Tempo estimado de leitura":"1 minuto"},"schema":{"@context":"https:\/\/schema.org","@graph":[{"@type":"Article","@id":"https:\/\/portaltela.pt\/noticias\/2026\/04\/16\/adeptos-do-fc-porto-celebram-nas-instalacoes-do-notts-county\/#article","isPartOf":{"@id":"https:\/\/portaltela.pt\/noticias\/2026\/04\/16\/adeptos-do-fc-porto-celebram-nas-instalacoes-do-notts-county\/"},"author":{"name":"Telinha","@id":"https:\/\/portaltela.pt\/#\/schema\/person\/c4278d4a6028830caff9ee44b42d32ed"},"headline":"Adeptos do FC Porto celebram nas instala\u00e7\u00f5es do Notts County","datePublished":"2026-04-16T16:17:07+00:00","mainEntityOfPage":{"@id":"https:\/\/portaltela.pt\/noticias\/2026\/04\/16\/adeptos-do-fc-porto-celebram-nas-instalacoes-do-notts-county\/"},"wordCount":119,"image":{"@id":"https:\/\/portaltela.pt\/noticias\/2026\/04\/16\/adeptos-do-fc-porto-celebram-nas-instalacoes-do-notts-county\/#primaryimage"},"thumbnailUrl":"https:\/\/portaltela.pt\/s.01k8rhncp4jt1\/2026\/04\/img_1200x721uu2026-04-16-17-08-26-2433420.jpg","keywords":["adeptos","Europa League","FC Porto","futebol","not\u00edcias internacionais"],"articleSection":["Desporto","Futebol"],"inLanguage":"pt-PT"},{"@type":"WebPage","@id":"https:\/\/portaltela.pt\/noticias\/2026\/04\/16\/adeptos-do-fc-porto-celebram-nas-instalacoes-do-notts-county\/","url":"https:\/\/portaltela.pt\/noticias\/2026\/04\/16\/adeptos-do-fc-porto-celebram-nas-instalacoes-do-notts-county\/","name":"Adeptos do FC Porto celebram nas instala\u00e7\u00f5es do Notts County - Portal Tela Portugal","isPartOf":{"@id":"https:\/\/portaltela.pt\/#website"},"primaryImageOfPage":{"@id":"https:\/\/portaltela.pt\/noticias\/2026\/04\/16\/adeptos-do-fc-porto-celebram-nas-instalacoes-do-notts-county\/#primaryimage"},"image":{"@id":"https:\/\/portaltela.pt\/noticias\/2026\/04\/16\/adeptos-do-fc-porto-celebram-nas-instalacoes-do-notts-county\/#primaryimage"},"thumbnailUrl":"https:\/\/portaltela.pt\/s.01k8rhncp4jt1\/2026\/04\/img_1200x721uu2026-04-16-17-08-26-2433420.jpg","datePublished":"2026-04-16T16:17:07+00:00","author":{"@id":"https:\/\/portaltela.pt\/#\/schema\/person\/c4278d4a6028830caff9ee44b42d32ed"},"breadcrumb":{"@id":"https:\/\/portaltela.pt\/noticias\/2026\/04\/16\/adeptos-do-fc-porto-celebram-nas-instalacoes-do-notts-county\/#breadcrumb"},"inLanguage":"pt-PT","potentialAction":[{"@type":"ReadAction","target":["https:\/\/portaltela.pt\/noticias\/2026\/04\/16\/adeptos-do-fc-porto-celebram-nas-instalacoes-do-notts-county\/"]}]},{"@type":"ImageObject","inLanguage":"pt-PT","@id":"https:\/\/portaltela.pt\/noticias\/2026\/04\/16\/adeptos-do-fc-porto-celebram-nas-instalacoes-do-notts-county\/#primaryimage","url":"https:\/\/portaltela.pt\/s.01k8rhncp4jt1\/2026\/04\/img_1200x721uu2026-04-16-17-08-26-2433420.jpg","contentUrl":"https:\/\/portaltela.pt\/s.01k8rhncp4jt1\/2026\/04\/img_1200x721uu2026-04-16-17-08-26-2433420.jpg","width":796,"height":448,"caption":"Photo"},{"@type":"BreadcrumbList","@id":"https:\/\/portaltela.pt\/noticias\/2026\/04\/16\/adeptos-do-fc-porto-celebram-nas-instalacoes-do-notts-county\/#breadcrumb","itemListElement":[{"@type":"ListItem","position":1,"name":"In\u00edcio","item":"https:\/\/portaltela.pt\/"},{"@type":"ListItem","position":2,"name":"Adeptos do FC Porto celebram nas instala\u00e7\u00f5es do Notts County"}]},{"@type":"WebSite","@id":"https:\/\/portaltela.pt\/#website","url":"https:\/\/portaltela.pt\/","name":"Portal Tela Portugal","description":"","potentialAction":[{"@type":"SearchAction","target":{"@type":"EntryPoint","urlTemplate":"https:\/\/portaltela.pt\/?s={search_term_string}"},"query-input":{"@type":"PropertyValueSpecification","valueRequired":true,"valueName":"search_term_string"}}],"inLanguage":"pt-PT"},{"@type":"Person","@id":"https:\/\/portaltela.pt\/#\/schema\/person\/c4278d4a6028830caff9ee44b42d32ed","name":"Telinha","image":{"@type":"ImageObject","inLanguage":"pt-PT","@id":"https:\/\/portaltela.pt\/s.01k8rhncp4jt1\/2025\/11\/talking-bot-125x125.png","url":"https:\/\/portaltela.pt\/s.01k8rhncp4jt1\/2025\/11\/talking-bot-125x125.png","contentUrl":"https:\/\/portaltela.pt\/s.01k8rhncp4jt1\/2025\/11\/talking-bot-125x125.png","caption":"Telinha"},"sameAs":["https:\/\/portaltela.pt\/"],"url":"https:\/\/portaltela.pt\/por\/367410592786\/"}]}},"_links":{"self":[{"href":"https:\/\/portaltela.pt\/api\/wp\/v2\/posts\/446677","targetHints":{"allow":["GET"]}}],"collection":[{"href":"https:\/\/portaltela.pt\/api\/wp\/v2\/posts"}],"about":[{"href":"https:\/\/portaltela.pt\/api\/wp\/v2\/types\/post"}],"author":[{"embeddable":true,"href":"https:\/\/portaltela.pt\/api\/wp\/v2\/users\/2"}],"replies":[{"embeddable":true,"href":"https:\/\/portaltela.pt\/api\/wp\/v2\/comments?post=446677"}],"version-history":[{"count":0,"href":"https:\/\/portaltela.pt\/api\/wp\/v2\/posts\/446677\/revisions"}],"wp:featuredmedia":[{"embeddable":true,"href":"https:\/\/portaltela.pt\/api\/wp\/v2\/media\/446686"}],"wp:attachment":[{"href":"https:\/\/portaltela.pt\/api\/wp\/v2\/media?parent=446677"}],"wp:term":[{"taxonomy":"category","embeddable":true,"href":"https:\/\/portaltela.pt\/api\/wp\/v2\/categories?post=446677"},{"taxonomy":"post_tag","embeddable":true,"href":"https:\/\/portaltela.pt\/api\/wp\/v2\/tags?post=446677"}],"curies":[{"name":"wp","href":"https:\/\/api.w.org\/{rel}","templated":true}]}}