{"id":446655,"date":"2026-04-16T13:02:19","date_gmt":"2026-04-16T16:02:19","guid":{"rendered":"https:\/\/portaltela.pt\/noticias\/2026\/04\/16\/cgtp-denuncia-simulacro-entre-patroes-e-ugt-antes-da-concertacao-social\/"},"modified":"2026-04-16T13:02:19","modified_gmt":"2026-04-16T16:02:19","slug":"cgtp-denuncia-simulacro-entre-patroes-e-ugt-antes-da-concertacao-social","status":"publish","type":"post","link":"https:\/\/portaltela.pt\/sociedade\/2026\/04\/16\/cgtp-denuncia-simulacro-entre-patroes-e-ugt-antes-da-concertacao-social\/","title":{"rendered":"CGTP denuncia simulacro entre patr\u00f5es e UGT antes da Concerta\u00e7\u00e3o Social"},"content":{"rendered":"<p>A CGTP denunciou esta quinta-feira um alegado simulacro de negocia\u00e7\u00e3o na legisla\u00e7\u00e3o laboral, afirmando que a ministra do Trabalho se reuniu com os l\u00edderes patronais e da UGT antes de o grupo de Concerta\u00e7\u00e3o Social iniciar a sess\u00e3o, deixando a central sindical de fora do processo.<\/p>\n<p>Fonte oficial da CGTP, liderada por Tiago Oliveira, afirmou que o que caracterizam como simulacro se manteve, com a reuni\u00e3o entre a ministra, patronais e UGT a ocorrer sem a presen\u00e7a da CGTP presente na negocia\u00e7\u00e3o. A central aguarda participa\u00e7\u00e3o formal no processo.<\/p>\n<p>A reuni\u00e3o da Comiss\u00e3o Permanente de Concerta\u00e7\u00e3o Social, que n\u00e3o teve in\u00edcio \u00e0s 15h, acabou por arrancar cerca de meia hora depois, segundo relatos. A CGTP contesta a forma como decorreu o preparativo da discuss\u00e3o sobre a legisla\u00e7\u00e3o laboral.<\/p>\n<p>O Minist\u00e9rio do Trabalho, Solidariedade e Seguran\u00e7a Social confirmou que foi realizada a reuni\u00e3o, mas n\u00e3o fez coment\u00e1rios adicionais sobre o que ocorreu antes do in\u00edcio da sess\u00e3o. A pasta remeteu esclarecimentos para a confer\u00eancia de imprensa ap\u00f3s a reuni\u00e3o.<\/p>\n","protected":false},"excerpt":{"rendered":"<ul>\n<li>A CGTP denuncia um &#8220;simulacro&#8221; de negocia\u00e7\u00e3o da legisla\u00e7\u00e3o laboral, alegando que a ministra do Trabalho reuniu-se com os l\u00edderes patronais e a UGT antes de come\u00e7ar a Concerta\u00e7\u00e3o Social, deixando a central sindical de fora.<\/li>\n<li>A fonte oficial da CGTP afirmou que o processo continua a ser um simulacro, com a ministra reunida com patr\u00f5es e a UGT sem a CGTP presente.<\/li>\n<li>A reuni\u00e3o da Comiss\u00e3o Permanente de Concerta\u00e7\u00e3o Social estava prevista para as 15h, mas iniciou-se apenas cerca de meia hora depois.<\/li>\n<li>O Minist\u00e9rio do Trabalho, Solidariedade e Seguran\u00e7a Social n\u00e3o comentou o assunto, remetendo a esclarecimentos para a confer\u00eancia de imprensa ap\u00f3s a reuni\u00e3o.<\/li>\n<li>O epis\u00f3dio ocorreu na v\u00e9spera de uma nova sess\u00e3o de Concerta\u00e7\u00e3o Social, com a CGTP a contestar o acompanhamento das negocia\u00e7\u00f5es pelos trabalhadores.<\/li>\n<\/ul>\n","protected":false},"author":2,"featured_media":446662,"comment_status":"closed","ping_status":"closed","sticky":false,"template":"","format":"standard","meta":{"footnotes":""},"categories":[7384,6871],"tags":[8107,2431,966,2201],"class_list":["post-446655","post","type-post","status-publish","format-standard","has-post-thumbnail","hentry","category-curiosidades","category-sociedade","tag-_cgtp","tag-concertacao-social","tag-sindicatos","tag-trabalho"],"yoast_head":"<!-- This site is optimized with the Yoast SEO plugin v27.2 - https:\/\/yoast.com\/product\/yoast-seo-wordpress\/ -->\n<title>CGTP denuncia simulacro entre patr\u00f5es e UGT antes da Concerta\u00e7\u00e3o Social - Portal Tela Portugal<\/title>\n<meta name=\"robots\" content=\"index, follow, max-snippet:-1, max-image-preview:large, max-video-preview:-1\" \/>\n<meta property=\"og:locale\" content=\"pt_PT\" \/>\n<meta property=\"og:type\" content=\"article\" \/>\n<meta property=\"og:title\" content=\"CGTP denuncia simulacro entre patr\u00f5es e UGT antes da Concerta\u00e7\u00e3o Social - Portal Tela Portugal\" \/>\n<meta property=\"og:description\" content=\"A CGTP denuncia um &quot;simulacro&quot; de negocia\u00e7\u00e3o da legisla\u00e7\u00e3o laboral, alegando que a ministra do Trabalho reuniu-se com os l\u00edderes patronais e a UGT antes de come\u00e7ar a Concerta\u00e7\u00e3o Social, deixando a central sindical de fora. A fonte oficial da CGTP afirmou que o processo continua a ser um simulacro, com a ministra reunida com patr\u00f5es e a UGT sem a CGTP presente. A reuni\u00e3o da Comiss\u00e3o Permanente de Concerta\u00e7\u00e3o Social estava prevista para as 15h, mas iniciou-se apenas cerca de meia hora depois. O Minist\u00e9rio do Trabalho, Solidariedade e Seguran\u00e7a Social n\u00e3o comentou o assunto, remetendo a esclarecimentos para a confer\u00eancia de imprensa ap\u00f3s a reuni\u00e3o. O epis\u00f3dio ocorreu na v\u00e9spera de uma nova sess\u00e3o de Concerta\u00e7\u00e3o Social, com a CGTP a contestar o acompanhamento das negocia\u00e7\u00f5es pelos trabalhadores.\" \/>\n<meta property=\"og:url\" content=\"https:\/\/portaltela.pt\/noticias\/2026\/04\/16\/cgtp-denuncia-simulacro-entre-patroes-e-ugt-antes-da-concertacao-social\/\" \/>\n<meta property=\"og:site_name\" content=\"Portal Tela Portugal\" \/>\n<meta property=\"article:published_time\" content=\"2026-04-16T16:02:19+00:00\" \/>\n<meta name=\"author\" content=\"Telinha\" \/>\n<meta name=\"twitter:card\" content=\"summary_large_image\" \/>\n<meta name=\"twitter:label1\" content=\"Escrito por\" \/>\n\t<meta name=\"twitter:data1\" content=\"Telinha\" \/>\n\t<meta name=\"twitter:label2\" content=\"Tempo estimado de leitura\" \/>\n\t<meta name=\"twitter:data2\" content=\"1 minuto\" \/>\n<script type=\"application\/ld+json\" class=\"yoast-schema-graph\">{\"@context\":\"https:\/\/schema.org\",\"@graph\":[{\"@type\":\"Article\",\"@id\":\"https:\/\/portaltela.pt\/noticias\/2026\/04\/16\/cgtp-denuncia-simulacro-entre-patroes-e-ugt-antes-da-concertacao-social\/#article\",\"isPartOf\":{\"@id\":\"https:\/\/portaltela.pt\/noticias\/2026\/04\/16\/cgtp-denuncia-simulacro-entre-patroes-e-ugt-antes-da-concertacao-social\/\"},\"author\":{\"name\":\"Telinha\",\"@id\":\"https:\/\/portaltela.pt\/#\/schema\/person\/c4278d4a6028830caff9ee44b42d32ed\"},\"headline\":\"CGTP denuncia simulacro entre patr\u00f5es e UGT antes da Concerta\u00e7\u00e3o Social\",\"datePublished\":\"2026-04-16T16:02:19+00:00\",\"mainEntityOfPage\":{\"@id\":\"https:\/\/portaltela.pt\/noticias\/2026\/04\/16\/cgtp-denuncia-simulacro-entre-patroes-e-ugt-antes-da-concertacao-social\/\"},\"wordCount\":207,\"image\":{\"@id\":\"https:\/\/portaltela.pt\/noticias\/2026\/04\/16\/cgtp-denuncia-simulacro-entre-patroes-e-ugt-antes-da-concertacao-social\/#primaryimage\"},\"thumbnailUrl\":\"https:\/\/portaltela.pt\/s.01k8rhncp4jt1\/2026\/04\/image-990.jpg\",\"keywords\":[\"_CGTP\",\"Concerta\u00e7\u00e3o Social\",\"sindicatos\",\"trabalho\"],\"articleSection\":[\"Curiosidades\",\"Sociedade\"],\"inLanguage\":\"pt-PT\"},{\"@type\":\"WebPage\",\"@id\":\"https:\/\/portaltela.pt\/noticias\/2026\/04\/16\/cgtp-denuncia-simulacro-entre-patroes-e-ugt-antes-da-concertacao-social\/\",\"url\":\"https:\/\/portaltela.pt\/noticias\/2026\/04\/16\/cgtp-denuncia-simulacro-entre-patroes-e-ugt-antes-da-concertacao-social\/\",\"name\":\"CGTP denuncia simulacro entre patr\u00f5es e UGT antes da Concerta\u00e7\u00e3o Social - Portal Tela Portugal\",\"isPartOf\":{\"@id\":\"https:\/\/portaltela.pt\/#website\"},\"primaryImageOfPage\":{\"@id\":\"https:\/\/portaltela.pt\/noticias\/2026\/04\/16\/cgtp-denuncia-simulacro-entre-patroes-e-ugt-antes-da-concertacao-social\/#primaryimage\"},\"image\":{\"@id\":\"https:\/\/portaltela.pt\/noticias\/2026\/04\/16\/cgtp-denuncia-simulacro-entre-patroes-e-ugt-antes-da-concertacao-social\/#primaryimage\"},\"thumbnailUrl\":\"https:\/\/portaltela.pt\/s.01k8rhncp4jt1\/2026\/04\/image-990.jpg\",\"datePublished\":\"2026-04-16T16:02:19+00:00\",\"author\":{\"@id\":\"https:\/\/portaltela.pt\/#\/schema\/person\/c4278d4a6028830caff9ee44b42d32ed\"},\"breadcrumb\":{\"@id\":\"https:\/\/portaltela.pt\/noticias\/2026\/04\/16\/cgtp-denuncia-simulacro-entre-patroes-e-ugt-antes-da-concertacao-social\/#breadcrumb\"},\"inLanguage\":\"pt-PT\",\"potentialAction\":[{\"@type\":\"ReadAction\",\"target\":[\"https:\/\/portaltela.pt\/noticias\/2026\/04\/16\/cgtp-denuncia-simulacro-entre-patroes-e-ugt-antes-da-concertacao-social\/\"]}]},{\"@type\":\"ImageObject\",\"inLanguage\":\"pt-PT\",\"@id\":\"https:\/\/portaltela.pt\/noticias\/2026\/04\/16\/cgtp-denuncia-simulacro-entre-patroes-e-ugt-antes-da-concertacao-social\/#primaryimage\",\"url\":\"https:\/\/portaltela.pt\/s.01k8rhncp4jt1\/2026\/04\/image-990.jpg\",\"contentUrl\":\"https:\/\/portaltela.pt\/s.01k8rhncp4jt1\/2026\/04\/image-990.jpg\",\"width\":796,\"height\":448,\"caption\":\"Tiago Oliveira, l\u00edder da CGTP\"},{\"@type\":\"BreadcrumbList\",\"@id\":\"https:\/\/portaltela.pt\/noticias\/2026\/04\/16\/cgtp-denuncia-simulacro-entre-patroes-e-ugt-antes-da-concertacao-social\/#breadcrumb\",\"itemListElement\":[{\"@type\":\"ListItem\",\"position\":1,\"name\":\"In\u00edcio\",\"item\":\"https:\/\/portaltela.pt\/\"},{\"@type\":\"ListItem\",\"position\":2,\"name\":\"CGTP denuncia simulacro entre patr\u00f5es e UGT antes da Concerta\u00e7\u00e3o Social\"}]},{\"@type\":\"WebSite\",\"@id\":\"https:\/\/portaltela.pt\/#website\",\"url\":\"https:\/\/portaltela.pt\/\",\"name\":\"Portal Tela Portugal\",\"description\":\"\",\"potentialAction\":[{\"@type\":\"SearchAction\",\"target\":{\"@type\":\"EntryPoint\",\"urlTemplate\":\"https:\/\/portaltela.pt\/?s={search_term_string}\"},\"query-input\":{\"@type\":\"PropertyValueSpecification\",\"valueRequired\":true,\"valueName\":\"search_term_string\"}}],\"inLanguage\":\"pt-PT\"},{\"@type\":\"Person\",\"@id\":\"https:\/\/portaltela.pt\/#\/schema\/person\/c4278d4a6028830caff9ee44b42d32ed\",\"name\":\"Telinha\",\"image\":{\"@type\":\"ImageObject\",\"inLanguage\":\"pt-PT\",\"@id\":\"https:\/\/portaltela.pt\/s.01k8rhncp4jt1\/2025\/11\/talking-bot-125x125.png\",\"url\":\"https:\/\/portaltela.pt\/s.01k8rhncp4jt1\/2025\/11\/talking-bot-125x125.png\",\"contentUrl\":\"https:\/\/portaltela.pt\/s.01k8rhncp4jt1\/2025\/11\/talking-bot-125x125.png\",\"caption\":\"Telinha\"},\"sameAs\":[\"https:\/\/portaltela.pt\/\"],\"url\":\"https:\/\/portaltela.pt\/por\/367410592786\/\"}]}<\/script>\n<!-- \/ Yoast SEO plugin. -->","yoast_head_json":{"title":"CGTP denuncia simulacro entre patr\u00f5es e UGT antes da Concerta\u00e7\u00e3o Social - Portal Tela Portugal","robots":{"index":"index","follow":"follow","max-snippet":"max-snippet:-1","max-image-preview":"max-image-preview:large","max-video-preview":"max-video-preview:-1"},"og_locale":"pt_PT","og_type":"article","og_title":"CGTP denuncia simulacro entre patr\u00f5es e UGT antes da Concerta\u00e7\u00e3o Social - Portal Tela Portugal","og_description":"A CGTP denuncia um \"simulacro\" de negocia\u00e7\u00e3o da legisla\u00e7\u00e3o laboral, alegando que a ministra do Trabalho reuniu-se com os l\u00edderes patronais e a UGT antes de come\u00e7ar a Concerta\u00e7\u00e3o Social, deixando a central sindical de fora. A fonte oficial da CGTP afirmou que o processo continua a ser um simulacro, com a ministra reunida com patr\u00f5es e a UGT sem a CGTP presente. A reuni\u00e3o da Comiss\u00e3o Permanente de Concerta\u00e7\u00e3o Social estava prevista para as 15h, mas iniciou-se apenas cerca de meia hora depois. O Minist\u00e9rio do Trabalho, Solidariedade e Seguran\u00e7a Social n\u00e3o comentou o assunto, remetendo a esclarecimentos para a confer\u00eancia de imprensa ap\u00f3s a reuni\u00e3o. O epis\u00f3dio ocorreu na v\u00e9spera de uma nova sess\u00e3o de Concerta\u00e7\u00e3o Social, com a CGTP a contestar o acompanhamento das negocia\u00e7\u00f5es pelos trabalhadores.","og_url":"https:\/\/portaltela.pt\/noticias\/2026\/04\/16\/cgtp-denuncia-simulacro-entre-patroes-e-ugt-antes-da-concertacao-social\/","og_site_name":"Portal Tela Portugal","article_published_time":"2026-04-16T16:02:19+00:00","author":"Telinha","twitter_card":"summary_large_image","twitter_misc":{"Escrito por":"Telinha","Tempo estimado de leitura":"1 minuto"},"schema":{"@context":"https:\/\/schema.org","@graph":[{"@type":"Article","@id":"https:\/\/portaltela.pt\/noticias\/2026\/04\/16\/cgtp-denuncia-simulacro-entre-patroes-e-ugt-antes-da-concertacao-social\/#article","isPartOf":{"@id":"https:\/\/portaltela.pt\/noticias\/2026\/04\/16\/cgtp-denuncia-simulacro-entre-patroes-e-ugt-antes-da-concertacao-social\/"},"author":{"name":"Telinha","@id":"https:\/\/portaltela.pt\/#\/schema\/person\/c4278d4a6028830caff9ee44b42d32ed"},"headline":"CGTP denuncia simulacro entre patr\u00f5es e UGT antes da Concerta\u00e7\u00e3o Social","datePublished":"2026-04-16T16:02:19+00:00","mainEntityOfPage":{"@id":"https:\/\/portaltela.pt\/noticias\/2026\/04\/16\/cgtp-denuncia-simulacro-entre-patroes-e-ugt-antes-da-concertacao-social\/"},"wordCount":207,"image":{"@id":"https:\/\/portaltela.pt\/noticias\/2026\/04\/16\/cgtp-denuncia-simulacro-entre-patroes-e-ugt-antes-da-concertacao-social\/#primaryimage"},"thumbnailUrl":"https:\/\/portaltela.pt\/s.01k8rhncp4jt1\/2026\/04\/image-990.jpg","keywords":["_CGTP","Concerta\u00e7\u00e3o Social","sindicatos","trabalho"],"articleSection":["Curiosidades","Sociedade"],"inLanguage":"pt-PT"},{"@type":"WebPage","@id":"https:\/\/portaltela.pt\/noticias\/2026\/04\/16\/cgtp-denuncia-simulacro-entre-patroes-e-ugt-antes-da-concertacao-social\/","url":"https:\/\/portaltela.pt\/noticias\/2026\/04\/16\/cgtp-denuncia-simulacro-entre-patroes-e-ugt-antes-da-concertacao-social\/","name":"CGTP denuncia simulacro entre patr\u00f5es e UGT antes da Concerta\u00e7\u00e3o Social - Portal Tela Portugal","isPartOf":{"@id":"https:\/\/portaltela.pt\/#website"},"primaryImageOfPage":{"@id":"https:\/\/portaltela.pt\/noticias\/2026\/04\/16\/cgtp-denuncia-simulacro-entre-patroes-e-ugt-antes-da-concertacao-social\/#primaryimage"},"image":{"@id":"https:\/\/portaltela.pt\/noticias\/2026\/04\/16\/cgtp-denuncia-simulacro-entre-patroes-e-ugt-antes-da-concertacao-social\/#primaryimage"},"thumbnailUrl":"https:\/\/portaltela.pt\/s.01k8rhncp4jt1\/2026\/04\/image-990.jpg","datePublished":"2026-04-16T16:02:19+00:00","author":{"@id":"https:\/\/portaltela.pt\/#\/schema\/person\/c4278d4a6028830caff9ee44b42d32ed"},"breadcrumb":{"@id":"https:\/\/portaltela.pt\/noticias\/2026\/04\/16\/cgtp-denuncia-simulacro-entre-patroes-e-ugt-antes-da-concertacao-social\/#breadcrumb"},"inLanguage":"pt-PT","potentialAction":[{"@type":"ReadAction","target":["https:\/\/portaltela.pt\/noticias\/2026\/04\/16\/cgtp-denuncia-simulacro-entre-patroes-e-ugt-antes-da-concertacao-social\/"]}]},{"@type":"ImageObject","inLanguage":"pt-PT","@id":"https:\/\/portaltela.pt\/noticias\/2026\/04\/16\/cgtp-denuncia-simulacro-entre-patroes-e-ugt-antes-da-concertacao-social\/#primaryimage","url":"https:\/\/portaltela.pt\/s.01k8rhncp4jt1\/2026\/04\/image-990.jpg","contentUrl":"https:\/\/portaltela.pt\/s.01k8rhncp4jt1\/2026\/04\/image-990.jpg","width":796,"height":448,"caption":"Tiago Oliveira, l\u00edder da CGTP"},{"@type":"BreadcrumbList","@id":"https:\/\/portaltela.pt\/noticias\/2026\/04\/16\/cgtp-denuncia-simulacro-entre-patroes-e-ugt-antes-da-concertacao-social\/#breadcrumb","itemListElement":[{"@type":"ListItem","position":1,"name":"In\u00edcio","item":"https:\/\/portaltela.pt\/"},{"@type":"ListItem","position":2,"name":"CGTP denuncia simulacro entre patr\u00f5es e UGT antes da Concerta\u00e7\u00e3o Social"}]},{"@type":"WebSite","@id":"https:\/\/portaltela.pt\/#website","url":"https:\/\/portaltela.pt\/","name":"Portal Tela Portugal","description":"","potentialAction":[{"@type":"SearchAction","target":{"@type":"EntryPoint","urlTemplate":"https:\/\/portaltela.pt\/?s={search_term_string}"},"query-input":{"@type":"PropertyValueSpecification","valueRequired":true,"valueName":"search_term_string"}}],"inLanguage":"pt-PT"},{"@type":"Person","@id":"https:\/\/portaltela.pt\/#\/schema\/person\/c4278d4a6028830caff9ee44b42d32ed","name":"Telinha","image":{"@type":"ImageObject","inLanguage":"pt-PT","@id":"https:\/\/portaltela.pt\/s.01k8rhncp4jt1\/2025\/11\/talking-bot-125x125.png","url":"https:\/\/portaltela.pt\/s.01k8rhncp4jt1\/2025\/11\/talking-bot-125x125.png","contentUrl":"https:\/\/portaltela.pt\/s.01k8rhncp4jt1\/2025\/11\/talking-bot-125x125.png","caption":"Telinha"},"sameAs":["https:\/\/portaltela.pt\/"],"url":"https:\/\/portaltela.pt\/por\/367410592786\/"}]}},"_links":{"self":[{"href":"https:\/\/portaltela.pt\/api\/wp\/v2\/posts\/446655","targetHints":{"allow":["GET"]}}],"collection":[{"href":"https:\/\/portaltela.pt\/api\/wp\/v2\/posts"}],"about":[{"href":"https:\/\/portaltela.pt\/api\/wp\/v2\/types\/post"}],"author":[{"embeddable":true,"href":"https:\/\/portaltela.pt\/api\/wp\/v2\/users\/2"}],"replies":[{"embeddable":true,"href":"https:\/\/portaltela.pt\/api\/wp\/v2\/comments?post=446655"}],"version-history":[{"count":0,"href":"https:\/\/portaltela.pt\/api\/wp\/v2\/posts\/446655\/revisions"}],"wp:featuredmedia":[{"embeddable":true,"href":"https:\/\/portaltela.pt\/api\/wp\/v2\/media\/446662"}],"wp:attachment":[{"href":"https:\/\/portaltela.pt\/api\/wp\/v2\/media?parent=446655"}],"wp:term":[{"taxonomy":"category","embeddable":true,"href":"https:\/\/portaltela.pt\/api\/wp\/v2\/categories?post=446655"},{"taxonomy":"post_tag","embeddable":true,"href":"https:\/\/portaltela.pt\/api\/wp\/v2\/tags?post=446655"}],"curies":[{"name":"wp","href":"https:\/\/api.w.org\/{rel}","templated":true}]}}