{"id":446645,"date":"2026-04-16T12:47:34","date_gmt":"2026-04-16T15:47:34","guid":{"rendered":"https:\/\/portaltela.pt\/noticias\/2026\/04\/16\/franca-palacio-de-conto-de-fadas-e-icone-art-deco-em-the-white-lotus-4\/"},"modified":"2026-04-16T12:47:34","modified_gmt":"2026-04-16T15:47:34","slug":"franca-palacio-de-conto-de-fadas-e-icone-art-deco-em-the-white-lotus-4","status":"publish","type":"post","link":"https:\/\/portaltela.pt\/series-e-filmes\/2026\/04\/16\/franca-palacio-de-conto-de-fadas-e-icone-art-deco-em-the-white-lotus-4\/","title":{"rendered":"Fran\u00e7a: pal\u00e1cio de conto de fadas e \u00edcone Art D\u00e9co em The White Lotus 4"},"content":{"rendered":"<p>A s\u00e9rie The White Lotus, da HBO, iniciou as filmagens na Riviera Francesa para a sua quarta temporada. O enredo segue um novo grupo de h\u00f3spedes e funcion\u00e1rios ao longo de uma semana, durante o Festival de Cinema de Cannes. Localiza\u00e7\u00f5es e enredo mant\u00eam-se sob sigilo at\u00e9 agora.<\/p>\n<p>De acordo com os produtores, os principais cen\u00e1rios incluem Cannes, Saint-Tropez e M\u00f3naco, com cenas a decorrer tamb\u00e9m em Paris. A narrativa continua centrada na C\u00f4te d&#8217;Azur, mantendo o tom de drama entre resort de luxo e intrigas.<\/p>\n<h3>Locais de rodagem<\/h3>\n<p>Entre as escolhas, o Airelles Ch\u00e2teau de la Messardi\u00e8re em Saint-Tropez aparece como o White Lotus du Cap, combinando castelo e villa mediterr\u00e2nica. O pal\u00e1cio data do s\u00e9culo XIX e est\u00e1 rodeado por 13 hectares de jardins.<\/p>\n<p>Em Cannes, o H\u00f4tel Martinez, ic\u00f3nico da Croisette, figura como o White Lotus Cannes. O hotel, inaugurado em 1929, exibe fachada Art D\u00e9co e interiores renovados em 2017, com o restaurante Palme d\u2019Or a merecer uma estrela Michelin.<\/p>\n<h3>Sobre o cen\u00e1rio de luxo<\/h3>\n<p>O conjunto da produ\u00e7\u00e3o aposta em hot\u00e9is luxuosos para explorar dramas entre personagens. Ambos os im\u00f3veis oferecem servi\u00e7os de alto n\u00edvel, incluindo spa, beach club e vistas para o mar, refor\u00e7ando o ambiente glamoroso da s\u00e9rie.<\/p>\n<p>O elenco de The White Lotus j\u00e1 se associou a nomes hist\u00f3ricos de cinema, como Grace Kelly, Uma Thurman, Bruce Willis e Scarlett Johansson, destacando o estatuto da produ\u00e7\u00e3o na ind\u00fastria.<\/p>\n","protected":false},"excerpt":{"rendered":"<ul>\n<li>The White Lotus, s\u00e9rie da HBO, iniciou as filmagens na Riviera Francesa para a sua quarta temporada, que acompanha um novo grupo de h\u00f3spedes e funcion\u00e1rios ao longo de uma semana durante o Festival de Cinema de Cannes.<\/li>\n<li>As grava\u00e7\u00f5es confirmadas decorrem em Cannes, Saint-Tropez e M\u00f3naco, com cap\u00edtulos tamb\u00e9m a decorrer em Paris, mantendo o foco na C\u00f4te d\u2019Azur.<\/li>\n<li>O Airelles Ch\u00e2teau de la Messardi\u00e8re, em Saint-Tropez, ser\u00e1 o White Lotus du Cap, enquanto o H\u00f4tel Martinez, em Cannes, ser\u00e1 o White Lotus Cannes.<\/li>\n<li>O Airelles Ch\u00e2teau de la Messardi\u00e8re mistura uma villa mediterr\u00e2nica com um castelo medieval, rodeado por um parque de 13 hectares, com interiores em tons pastel.<\/li>\n<li>O H\u00f4tel Martinez, parte da Unbound Collection by Hyatt, \u00e9 uma refer\u00eancia da Croisette, com fachada Art D\u00e9co, interior renovado em 2017, e o restaurante Palme d\u2019Or, com uma estrela Michelin.<\/li>\n<\/ul>\n","protected":false},"author":2,"featured_media":446646,"comment_status":"closed","ping_status":"closed","sticky":false,"template":"","format":"standard","meta":{"footnotes":""},"categories":[12,7368],"tags":[8721,8111,8295,5612,719,169],"class_list":["post-446645","post","type-post","status-publish","format-standard","has-post-thumbnail","hentry","category-entretenimento","category-series-e-filmes","tag-_art-deco","tag-_cinema","tag-_franca","tag-hoteis","tag-hotelaria","tag-turismo"],"yoast_head":"<!-- This site is optimized with the Yoast SEO plugin v27.2 - https:\/\/yoast.com\/product\/yoast-seo-wordpress\/ -->\n<title>Fran\u00e7a: pal\u00e1cio de conto de fadas e \u00edcone Art D\u00e9co em The White Lotus 4 - Portal Tela Portugal<\/title>\n<meta name=\"robots\" content=\"index, follow, max-snippet:-1, max-image-preview:large, max-video-preview:-1\" \/>\n<meta property=\"og:locale\" content=\"pt_PT\" \/>\n<meta property=\"og:type\" content=\"article\" \/>\n<meta property=\"og:title\" content=\"Fran\u00e7a: pal\u00e1cio de conto de fadas e \u00edcone Art D\u00e9co em The White Lotus 4 - Portal Tela Portugal\" \/>\n<meta property=\"og:description\" content=\"The White Lotus, s\u00e9rie da HBO, iniciou as filmagens na Riviera Francesa para a sua quarta temporada, que acompanha um novo grupo de h\u00f3spedes e funcion\u00e1rios ao longo de uma semana durante o Festival de Cinema de Cannes. As grava\u00e7\u00f5es confirmadas decorrem em Cannes, Saint-Tropez e M\u00f3naco, com cap\u00edtulos tamb\u00e9m a decorrer em Paris, mantendo o foco na C\u00f4te d\u2019Azur. O Airelles Ch\u00e2teau de la Messardi\u00e8re, em Saint-Tropez, ser\u00e1 o White Lotus du Cap, enquanto o H\u00f4tel Martinez, em Cannes, ser\u00e1 o White Lotus Cannes. O Airelles Ch\u00e2teau de la Messardi\u00e8re mistura uma villa mediterr\u00e2nica com um castelo medieval, rodeado por um parque de 13 hectares, com interiores em tons pastel. O H\u00f4tel Martinez, parte da Unbound Collection by Hyatt, \u00e9 uma refer\u00eancia da Croisette, com fachada Art D\u00e9co, interior renovado em 2017, e o restaurante Palme d\u2019Or, com uma estrela Michelin.\" \/>\n<meta property=\"og:url\" content=\"https:\/\/portaltela.pt\/noticias\/2026\/04\/16\/franca-palacio-de-conto-de-fadas-e-icone-art-deco-em-the-white-lotus-4\/\" \/>\n<meta property=\"og:site_name\" content=\"Portal Tela Portugal\" \/>\n<meta property=\"article:published_time\" content=\"2026-04-16T15:47:34+00:00\" \/>\n<meta name=\"author\" content=\"Telinha\" \/>\n<meta name=\"twitter:card\" content=\"summary_large_image\" \/>\n<meta name=\"twitter:label1\" content=\"Escrito por\" \/>\n\t<meta name=\"twitter:data1\" content=\"Telinha\" \/>\n\t<meta name=\"twitter:label2\" content=\"Tempo estimado de leitura\" \/>\n\t<meta name=\"twitter:data2\" content=\"1 minuto\" \/>\n<script type=\"application\/ld+json\" class=\"yoast-schema-graph\">{\"@context\":\"https:\/\/schema.org\",\"@graph\":[{\"@type\":\"Article\",\"@id\":\"https:\/\/portaltela.pt\/noticias\/2026\/04\/16\/franca-palacio-de-conto-de-fadas-e-icone-art-deco-em-the-white-lotus-4\/#article\",\"isPartOf\":{\"@id\":\"https:\/\/portaltela.pt\/noticias\/2026\/04\/16\/franca-palacio-de-conto-de-fadas-e-icone-art-deco-em-the-white-lotus-4\/\"},\"author\":{\"name\":\"Telinha\",\"@id\":\"https:\/\/portaltela.pt\/#\/schema\/person\/c4278d4a6028830caff9ee44b42d32ed\"},\"headline\":\"Fran\u00e7a: pal\u00e1cio de conto de fadas e \u00edcone Art D\u00e9co em The White Lotus 4\",\"datePublished\":\"2026-04-16T15:47:34+00:00\",\"mainEntityOfPage\":{\"@id\":\"https:\/\/portaltela.pt\/noticias\/2026\/04\/16\/franca-palacio-de-conto-de-fadas-e-icone-art-deco-em-the-white-lotus-4\/\"},\"wordCount\":280,\"image\":{\"@id\":\"https:\/\/portaltela.pt\/noticias\/2026\/04\/16\/franca-palacio-de-conto-de-fadas-e-icone-art-deco-em-the-white-lotus-4\/#primaryimage\"},\"thumbnailUrl\":\"https:\/\/portaltela.pt\/s.01k8rhncp4jt1\/2026\/04\/1536x864_cmsv2_a77e3898-6d68-5d63-9891-68ad2d980fc8-9724690.jpg\",\"keywords\":[\"_Art D\u00e9co\",\"_cinema\",\"_Fran\u00e7a\",\"hot\u00e9is\",\"hotelaria\",\"turismo\"],\"articleSection\":[\"Entretenimento\",\"S\u00e9ries e filmes\"],\"inLanguage\":\"pt-PT\"},{\"@type\":\"WebPage\",\"@id\":\"https:\/\/portaltela.pt\/noticias\/2026\/04\/16\/franca-palacio-de-conto-de-fadas-e-icone-art-deco-em-the-white-lotus-4\/\",\"url\":\"https:\/\/portaltela.pt\/noticias\/2026\/04\/16\/franca-palacio-de-conto-de-fadas-e-icone-art-deco-em-the-white-lotus-4\/\",\"name\":\"Fran\u00e7a: pal\u00e1cio de conto de fadas e \u00edcone Art D\u00e9co em The White Lotus 4 - Portal Tela Portugal\",\"isPartOf\":{\"@id\":\"https:\/\/portaltela.pt\/#website\"},\"primaryImageOfPage\":{\"@id\":\"https:\/\/portaltela.pt\/noticias\/2026\/04\/16\/franca-palacio-de-conto-de-fadas-e-icone-art-deco-em-the-white-lotus-4\/#primaryimage\"},\"image\":{\"@id\":\"https:\/\/portaltela.pt\/noticias\/2026\/04\/16\/franca-palacio-de-conto-de-fadas-e-icone-art-deco-em-the-white-lotus-4\/#primaryimage\"},\"thumbnailUrl\":\"https:\/\/portaltela.pt\/s.01k8rhncp4jt1\/2026\/04\/1536x864_cmsv2_a77e3898-6d68-5d63-9891-68ad2d980fc8-9724690.jpg\",\"datePublished\":\"2026-04-16T15:47:34+00:00\",\"author\":{\"@id\":\"https:\/\/portaltela.pt\/#\/schema\/person\/c4278d4a6028830caff9ee44b42d32ed\"},\"breadcrumb\":{\"@id\":\"https:\/\/portaltela.pt\/noticias\/2026\/04\/16\/franca-palacio-de-conto-de-fadas-e-icone-art-deco-em-the-white-lotus-4\/#breadcrumb\"},\"inLanguage\":\"pt-PT\",\"potentialAction\":[{\"@type\":\"ReadAction\",\"target\":[\"https:\/\/portaltela.pt\/noticias\/2026\/04\/16\/franca-palacio-de-conto-de-fadas-e-icone-art-deco-em-the-white-lotus-4\/\"]}]},{\"@type\":\"ImageObject\",\"inLanguage\":\"pt-PT\",\"@id\":\"https:\/\/portaltela.pt\/noticias\/2026\/04\/16\/franca-palacio-de-conto-de-fadas-e-icone-art-deco-em-the-white-lotus-4\/#primaryimage\",\"url\":\"https:\/\/portaltela.pt\/s.01k8rhncp4jt1\/2026\/04\/1536x864_cmsv2_a77e3898-6d68-5d63-9891-68ad2d980fc8-9724690.jpg\",\"contentUrl\":\"https:\/\/portaltela.pt\/s.01k8rhncp4jt1\/2026\/04\/1536x864_cmsv2_a77e3898-6d68-5d63-9891-68ad2d980fc8-9724690.jpg\",\"width\":796,\"height\":448,\"caption\":\"Locais de rodagem confirmados: Cannes, Saint-Tropez e M\u00f3naco\"},{\"@type\":\"BreadcrumbList\",\"@id\":\"https:\/\/portaltela.pt\/noticias\/2026\/04\/16\/franca-palacio-de-conto-de-fadas-e-icone-art-deco-em-the-white-lotus-4\/#breadcrumb\",\"itemListElement\":[{\"@type\":\"ListItem\",\"position\":1,\"name\":\"In\u00edcio\",\"item\":\"https:\/\/portaltela.pt\/\"},{\"@type\":\"ListItem\",\"position\":2,\"name\":\"Fran\u00e7a: pal\u00e1cio de conto de fadas e \u00edcone Art D\u00e9co em The White Lotus 4\"}]},{\"@type\":\"WebSite\",\"@id\":\"https:\/\/portaltela.pt\/#website\",\"url\":\"https:\/\/portaltela.pt\/\",\"name\":\"Portal Tela Portugal\",\"description\":\"\",\"potentialAction\":[{\"@type\":\"SearchAction\",\"target\":{\"@type\":\"EntryPoint\",\"urlTemplate\":\"https:\/\/portaltela.pt\/?s={search_term_string}\"},\"query-input\":{\"@type\":\"PropertyValueSpecification\",\"valueRequired\":true,\"valueName\":\"search_term_string\"}}],\"inLanguage\":\"pt-PT\"},{\"@type\":\"Person\",\"@id\":\"https:\/\/portaltela.pt\/#\/schema\/person\/c4278d4a6028830caff9ee44b42d32ed\",\"name\":\"Telinha\",\"image\":{\"@type\":\"ImageObject\",\"inLanguage\":\"pt-PT\",\"@id\":\"https:\/\/portaltela.pt\/s.01k8rhncp4jt1\/2025\/11\/talking-bot-125x125.png\",\"url\":\"https:\/\/portaltela.pt\/s.01k8rhncp4jt1\/2025\/11\/talking-bot-125x125.png\",\"contentUrl\":\"https:\/\/portaltela.pt\/s.01k8rhncp4jt1\/2025\/11\/talking-bot-125x125.png\",\"caption\":\"Telinha\"},\"sameAs\":[\"https:\/\/portaltela.pt\/\"],\"url\":\"https:\/\/portaltela.pt\/por\/367410592786\/\"}]}<\/script>\n<!-- \/ Yoast SEO plugin. -->","yoast_head_json":{"title":"Fran\u00e7a: pal\u00e1cio de conto de fadas e \u00edcone Art D\u00e9co em The White Lotus 4 - Portal Tela Portugal","robots":{"index":"index","follow":"follow","max-snippet":"max-snippet:-1","max-image-preview":"max-image-preview:large","max-video-preview":"max-video-preview:-1"},"og_locale":"pt_PT","og_type":"article","og_title":"Fran\u00e7a: pal\u00e1cio de conto de fadas e \u00edcone Art D\u00e9co em The White Lotus 4 - Portal Tela Portugal","og_description":"The White Lotus, s\u00e9rie da HBO, iniciou as filmagens na Riviera Francesa para a sua quarta temporada, que acompanha um novo grupo de h\u00f3spedes e funcion\u00e1rios ao longo de uma semana durante o Festival de Cinema de Cannes. As grava\u00e7\u00f5es confirmadas decorrem em Cannes, Saint-Tropez e M\u00f3naco, com cap\u00edtulos tamb\u00e9m a decorrer em Paris, mantendo o foco na C\u00f4te d\u2019Azur. O Airelles Ch\u00e2teau de la Messardi\u00e8re, em Saint-Tropez, ser\u00e1 o White Lotus du Cap, enquanto o H\u00f4tel Martinez, em Cannes, ser\u00e1 o White Lotus Cannes. O Airelles Ch\u00e2teau de la Messardi\u00e8re mistura uma villa mediterr\u00e2nica com um castelo medieval, rodeado por um parque de 13 hectares, com interiores em tons pastel. O H\u00f4tel Martinez, parte da Unbound Collection by Hyatt, \u00e9 uma refer\u00eancia da Croisette, com fachada Art D\u00e9co, interior renovado em 2017, e o restaurante Palme d\u2019Or, com uma estrela Michelin.","og_url":"https:\/\/portaltela.pt\/noticias\/2026\/04\/16\/franca-palacio-de-conto-de-fadas-e-icone-art-deco-em-the-white-lotus-4\/","og_site_name":"Portal Tela Portugal","article_published_time":"2026-04-16T15:47:34+00:00","author":"Telinha","twitter_card":"summary_large_image","twitter_misc":{"Escrito por":"Telinha","Tempo estimado de leitura":"1 minuto"},"schema":{"@context":"https:\/\/schema.org","@graph":[{"@type":"Article","@id":"https:\/\/portaltela.pt\/noticias\/2026\/04\/16\/franca-palacio-de-conto-de-fadas-e-icone-art-deco-em-the-white-lotus-4\/#article","isPartOf":{"@id":"https:\/\/portaltela.pt\/noticias\/2026\/04\/16\/franca-palacio-de-conto-de-fadas-e-icone-art-deco-em-the-white-lotus-4\/"},"author":{"name":"Telinha","@id":"https:\/\/portaltela.pt\/#\/schema\/person\/c4278d4a6028830caff9ee44b42d32ed"},"headline":"Fran\u00e7a: pal\u00e1cio de conto de fadas e \u00edcone Art D\u00e9co em The White Lotus 4","datePublished":"2026-04-16T15:47:34+00:00","mainEntityOfPage":{"@id":"https:\/\/portaltela.pt\/noticias\/2026\/04\/16\/franca-palacio-de-conto-de-fadas-e-icone-art-deco-em-the-white-lotus-4\/"},"wordCount":280,"image":{"@id":"https:\/\/portaltela.pt\/noticias\/2026\/04\/16\/franca-palacio-de-conto-de-fadas-e-icone-art-deco-em-the-white-lotus-4\/#primaryimage"},"thumbnailUrl":"https:\/\/portaltela.pt\/s.01k8rhncp4jt1\/2026\/04\/1536x864_cmsv2_a77e3898-6d68-5d63-9891-68ad2d980fc8-9724690.jpg","keywords":["_Art D\u00e9co","_cinema","_Fran\u00e7a","hot\u00e9is","hotelaria","turismo"],"articleSection":["Entretenimento","S\u00e9ries e filmes"],"inLanguage":"pt-PT"},{"@type":"WebPage","@id":"https:\/\/portaltela.pt\/noticias\/2026\/04\/16\/franca-palacio-de-conto-de-fadas-e-icone-art-deco-em-the-white-lotus-4\/","url":"https:\/\/portaltela.pt\/noticias\/2026\/04\/16\/franca-palacio-de-conto-de-fadas-e-icone-art-deco-em-the-white-lotus-4\/","name":"Fran\u00e7a: pal\u00e1cio de conto de fadas e \u00edcone Art D\u00e9co em The White Lotus 4 - Portal Tela Portugal","isPartOf":{"@id":"https:\/\/portaltela.pt\/#website"},"primaryImageOfPage":{"@id":"https:\/\/portaltela.pt\/noticias\/2026\/04\/16\/franca-palacio-de-conto-de-fadas-e-icone-art-deco-em-the-white-lotus-4\/#primaryimage"},"image":{"@id":"https:\/\/portaltela.pt\/noticias\/2026\/04\/16\/franca-palacio-de-conto-de-fadas-e-icone-art-deco-em-the-white-lotus-4\/#primaryimage"},"thumbnailUrl":"https:\/\/portaltela.pt\/s.01k8rhncp4jt1\/2026\/04\/1536x864_cmsv2_a77e3898-6d68-5d63-9891-68ad2d980fc8-9724690.jpg","datePublished":"2026-04-16T15:47:34+00:00","author":{"@id":"https:\/\/portaltela.pt\/#\/schema\/person\/c4278d4a6028830caff9ee44b42d32ed"},"breadcrumb":{"@id":"https:\/\/portaltela.pt\/noticias\/2026\/04\/16\/franca-palacio-de-conto-de-fadas-e-icone-art-deco-em-the-white-lotus-4\/#breadcrumb"},"inLanguage":"pt-PT","potentialAction":[{"@type":"ReadAction","target":["https:\/\/portaltela.pt\/noticias\/2026\/04\/16\/franca-palacio-de-conto-de-fadas-e-icone-art-deco-em-the-white-lotus-4\/"]}]},{"@type":"ImageObject","inLanguage":"pt-PT","@id":"https:\/\/portaltela.pt\/noticias\/2026\/04\/16\/franca-palacio-de-conto-de-fadas-e-icone-art-deco-em-the-white-lotus-4\/#primaryimage","url":"https:\/\/portaltela.pt\/s.01k8rhncp4jt1\/2026\/04\/1536x864_cmsv2_a77e3898-6d68-5d63-9891-68ad2d980fc8-9724690.jpg","contentUrl":"https:\/\/portaltela.pt\/s.01k8rhncp4jt1\/2026\/04\/1536x864_cmsv2_a77e3898-6d68-5d63-9891-68ad2d980fc8-9724690.jpg","width":796,"height":448,"caption":"Locais de rodagem confirmados: Cannes, Saint-Tropez e M\u00f3naco"},{"@type":"BreadcrumbList","@id":"https:\/\/portaltela.pt\/noticias\/2026\/04\/16\/franca-palacio-de-conto-de-fadas-e-icone-art-deco-em-the-white-lotus-4\/#breadcrumb","itemListElement":[{"@type":"ListItem","position":1,"name":"In\u00edcio","item":"https:\/\/portaltela.pt\/"},{"@type":"ListItem","position":2,"name":"Fran\u00e7a: pal\u00e1cio de conto de fadas e \u00edcone Art D\u00e9co em The White Lotus 4"}]},{"@type":"WebSite","@id":"https:\/\/portaltela.pt\/#website","url":"https:\/\/portaltela.pt\/","name":"Portal Tela Portugal","description":"","potentialAction":[{"@type":"SearchAction","target":{"@type":"EntryPoint","urlTemplate":"https:\/\/portaltela.pt\/?s={search_term_string}"},"query-input":{"@type":"PropertyValueSpecification","valueRequired":true,"valueName":"search_term_string"}}],"inLanguage":"pt-PT"},{"@type":"Person","@id":"https:\/\/portaltela.pt\/#\/schema\/person\/c4278d4a6028830caff9ee44b42d32ed","name":"Telinha","image":{"@type":"ImageObject","inLanguage":"pt-PT","@id":"https:\/\/portaltela.pt\/s.01k8rhncp4jt1\/2025\/11\/talking-bot-125x125.png","url":"https:\/\/portaltela.pt\/s.01k8rhncp4jt1\/2025\/11\/talking-bot-125x125.png","contentUrl":"https:\/\/portaltela.pt\/s.01k8rhncp4jt1\/2025\/11\/talking-bot-125x125.png","caption":"Telinha"},"sameAs":["https:\/\/portaltela.pt\/"],"url":"https:\/\/portaltela.pt\/por\/367410592786\/"}]}},"_links":{"self":[{"href":"https:\/\/portaltela.pt\/api\/wp\/v2\/posts\/446645","targetHints":{"allow":["GET"]}}],"collection":[{"href":"https:\/\/portaltela.pt\/api\/wp\/v2\/posts"}],"about":[{"href":"https:\/\/portaltela.pt\/api\/wp\/v2\/types\/post"}],"author":[{"embeddable":true,"href":"https:\/\/portaltela.pt\/api\/wp\/v2\/users\/2"}],"replies":[{"embeddable":true,"href":"https:\/\/portaltela.pt\/api\/wp\/v2\/comments?post=446645"}],"version-history":[{"count":0,"href":"https:\/\/portaltela.pt\/api\/wp\/v2\/posts\/446645\/revisions"}],"wp:featuredmedia":[{"embeddable":true,"href":"https:\/\/portaltela.pt\/api\/wp\/v2\/media\/446646"}],"wp:attachment":[{"href":"https:\/\/portaltela.pt\/api\/wp\/v2\/media?parent=446645"}],"wp:term":[{"taxonomy":"category","embeddable":true,"href":"https:\/\/portaltela.pt\/api\/wp\/v2\/categories?post=446645"},{"taxonomy":"post_tag","embeddable":true,"href":"https:\/\/portaltela.pt\/api\/wp\/v2\/tags?post=446645"}],"curies":[{"name":"wp","href":"https:\/\/api.w.org\/{rel}","templated":true}]}}