{"id":446633,"date":"2026-04-16T12:47:12","date_gmt":"2026-04-16T15:47:12","guid":{"rendered":"https:\/\/portaltela.pt\/noticias\/2026\/04\/16\/kvantidze-disputa-o-europeu-de-tbilissi-terra-onde-nasceu\/"},"modified":"2026-04-16T12:47:12","modified_gmt":"2026-04-16T15:47:12","slug":"kvantidze-disputa-o-europeu-de-tbilissi-terra-onde-nasceu","status":"publish","type":"post","link":"https:\/\/portaltela.pt\/desporto\/futebol\/2026\/04\/16\/kvantidze-disputa-o-europeu-de-tbilissi-terra-onde-nasceu\/","title":{"rendered":"Kvantidze disputa o Europeu de Tbilissi, terra onde nasceu"},"content":{"rendered":"<p>Kvantidze defende as cores de Portugal no European Judo Championships, em Tbilissi, capital da Ge\u00f3rgia, numa prova disputada esta sexta-feira. O atleta luso-georgiano, agora aos 26 anos, compete na categoria de 73 kg e entra em competi\u00e7\u00e3o com o respaldo da sele\u00e7\u00e3o nacional. A participa\u00e7\u00e3o ocorre numa zona com v\u00e1rias aus\u00eancias por les\u00e3o.<\/p>\n<p>Nascido em Tblissi, Kvantidze viveu em Portugal desde os 14 anos, onde cresceu a liga\u00e7\u00e3o ao pa\u00eds que representa. O judoca reconhece a press\u00e3o do regresso \u00e0 sua cidade natal, mas v\u00ea-a como uma oportunidade de demonstrar o trabalho desenvolvido junto da equipa lus\u00f3fona.<\/p>\n<p>Otimista, o atleta revela ter treinado intensamente para este campeonato e pretende mostrar a evolu\u00e7\u00e3o fruto da prepara\u00e7\u00e3o. A presen\u00e7a da fam\u00edlia, especialmente do pai a acompanhar de perto, adiciona motiva\u00e7\u00e3o \u00e0 participa\u00e7\u00e3o.<\/p>\n<p>O torneio tem contado com v\u00e1rias aus\u00eancias na Sele\u00e7\u00e3o Portuguesa, entre les\u00f5es, como Patr\u00edcia Sampaio, Jorge Fonseca e Catarina Costa. Kvantidze \u00e9 o \u00fanico portugu\u00eas a competir na sexta-feira na sua categoria, entrando na segunda ronda.<\/p>\n<p>Na primeira ronda, o advers\u00e1rio de Kvantidze ser\u00e1 o vencedor do duelo entre Yehonatan Elbaz, de Israel, e Vlad Mitru, da Mold\u00e1via. Este ser\u00e1 o terceiro Europeu do judoca, que j\u00e1 disputou os eventos de Zagreb 2024 e Podgorica 2025, sempre eliminado nos oitavos de final.<\/p>\n<p>Al\u00e9m de Kvantidze, a equipa de Portugal tem ainda B\u00e1rbara Timo, no s\u00e1bado, e Rochele Nunes e Diogo Brites, no domingo, com participa\u00e7\u00e3o de outros atletas a completar o programa at\u00e9 ao final do evento.<\/p>\n<h3>Desempenho e perspetivas<\/h3>\n<p>A expectativa \u00e9 manter a trajet\u00f3ria de Kvantidze, que encara o Europeu como casa e oportunidade de progredir no ranking mundial. O atleta quer manter o foco nos seus treinos e mostrar o progresso feito desde o \u00faltimo campeonato.<\/p>\n","protected":false},"excerpt":{"rendered":"<ul>\n<li>Otari Kvantidze compete na prova de -73 kg dos Europeus em Tbilissi, capital da Ge\u00f3rgia, nesta sexta-feira, representando Portugal.<\/li>\n<li>O atleta luso-georgiano \u00e9 26.\u00ba do ranking mundial e est\u00e1 em s\u00e9tima posi\u00e7\u00e3o de s S\u00e9ries entre 41 atletas na sua categoria.<\/li>\n<li>Nascido em Tbilissi e em Portugal desde os 14 anos, Kvantidze diz sentir press\u00e3o, mas tamb\u00e9m motiva\u00e7\u00e3o por lutar pela sele\u00e7\u00e3o \u00e0 frente do pai, que o acompanha.<\/li>\n<li>O combate da segunda ronda ser\u00e1 contra o vencedor do duelo entre Yehonatan Elbaz e Vlad Mitru; este \u00e9 o terceiro Europeu do judoca, ap\u00f3s Zagreb, 2024, e Podgorica, 2025, sempre eliminado nos oitavos.<\/li>\n<li>A comitiva portuguesa tem aus\u00eancias por les\u00f5es (Patr\u00edcia Sampaio, Jorge Fonseca, Catarina Costa) e inclui ainda Miguel Gago, Bernardo Tralh\u00e3o, Maria Siderot, B\u00e1rbara Timo, Rochele Nunes e Diogo Brites, com atua\u00e7\u00f5es programadas ao longo do fim de semana.<\/li>\n<\/ul>\n","protected":false},"author":2,"featured_media":446639,"comment_status":"closed","ping_status":"closed","sticky":false,"template":"","format":"standard","meta":{"footnotes":""},"categories":[21,24],"tags":[227,2463,152,2487,1862,1014],"class_list":["post-446633","post","type-post","status-publish","format-standard","has-post-thumbnail","hentry","category-desporto","category-futebol","tag-campeonato","tag-competicao-internacional","tag-desporto","tag-europa","tag-judo","tag-portugal"],"yoast_head":"<!-- This site is optimized with the Yoast SEO plugin v27.2 - https:\/\/yoast.com\/product\/yoast-seo-wordpress\/ -->\n<title>Kvantidze disputa o Europeu de Tbilissi, terra onde nasceu - Portal Tela Portugal<\/title>\n<meta name=\"robots\" content=\"index, follow, max-snippet:-1, max-image-preview:large, max-video-preview:-1\" \/>\n<meta property=\"og:locale\" content=\"pt_PT\" \/>\n<meta property=\"og:type\" content=\"article\" \/>\n<meta property=\"og:title\" content=\"Kvantidze disputa o Europeu de Tbilissi, terra onde nasceu - Portal Tela Portugal\" \/>\n<meta property=\"og:description\" content=\"Otari Kvantidze compete na prova de -73 kg dos Europeus em Tbilissi, capital da Ge\u00f3rgia, nesta sexta-feira, representando Portugal. O atleta luso-georgiano \u00e9 26.\u00ba do ranking mundial e est\u00e1 em s\u00e9tima posi\u00e7\u00e3o de s S\u00e9ries entre 41 atletas na sua categoria. Nascido em Tbilissi e em Portugal desde os 14 anos, Kvantidze diz sentir press\u00e3o, mas tamb\u00e9m motiva\u00e7\u00e3o por lutar pela sele\u00e7\u00e3o \u00e0 frente do pai, que o acompanha. O combate da segunda ronda ser\u00e1 contra o vencedor do duelo entre Yehonatan Elbaz e Vlad Mitru; este \u00e9 o terceiro Europeu do judoca, ap\u00f3s Zagreb, 2024, e Podgorica, 2025, sempre eliminado nos oitavos. A comitiva portuguesa tem aus\u00eancias por les\u00f5es (Patr\u00edcia Sampaio, Jorge Fonseca, Catarina Costa) e inclui ainda Miguel Gago, Bernardo Tralh\u00e3o, Maria Siderot, B\u00e1rbara Timo, Rochele Nunes e Diogo Brites, com atua\u00e7\u00f5es programadas ao longo do fim de semana.\" \/>\n<meta property=\"og:url\" content=\"https:\/\/portaltela.pt\/noticias\/2026\/04\/16\/kvantidze-disputa-o-europeu-de-tbilissi-terra-onde-nasceu\/\" \/>\n<meta property=\"og:site_name\" content=\"Portal Tela Portugal\" \/>\n<meta property=\"article:published_time\" content=\"2026-04-16T15:47:12+00:00\" \/>\n<meta name=\"author\" content=\"Telinha\" \/>\n<meta name=\"twitter:card\" content=\"summary_large_image\" \/>\n<meta name=\"twitter:label1\" content=\"Escrito por\" \/>\n\t<meta name=\"twitter:data1\" content=\"Telinha\" \/>\n\t<meta name=\"twitter:label2\" content=\"Tempo estimado de leitura\" \/>\n\t<meta name=\"twitter:data2\" content=\"2 minutos\" \/>\n<script type=\"application\/ld+json\" class=\"yoast-schema-graph\">{\"@context\":\"https:\/\/schema.org\",\"@graph\":[{\"@type\":\"Article\",\"@id\":\"https:\/\/portaltela.pt\/noticias\/2026\/04\/16\/kvantidze-disputa-o-europeu-de-tbilissi-terra-onde-nasceu\/#article\",\"isPartOf\":{\"@id\":\"https:\/\/portaltela.pt\/noticias\/2026\/04\/16\/kvantidze-disputa-o-europeu-de-tbilissi-terra-onde-nasceu\/\"},\"author\":{\"name\":\"Telinha\",\"@id\":\"https:\/\/portaltela.pt\/#\/schema\/person\/c4278d4a6028830caff9ee44b42d32ed\"},\"headline\":\"Kvantidze disputa o Europeu de Tbilissi, terra onde nasceu\",\"datePublished\":\"2026-04-16T15:47:12+00:00\",\"mainEntityOfPage\":{\"@id\":\"https:\/\/portaltela.pt\/noticias\/2026\/04\/16\/kvantidze-disputa-o-europeu-de-tbilissi-terra-onde-nasceu\/\"},\"wordCount\":320,\"image\":{\"@id\":\"https:\/\/portaltela.pt\/noticias\/2026\/04\/16\/kvantidze-disputa-o-europeu-de-tbilissi-terra-onde-nasceu\/#primaryimage\"},\"thumbnailUrl\":\"https:\/\/portaltela.pt\/s.01k8rhncp4jt1\/2026\/04\/img_920x518uu2026-04-16-16-39-12-2433412.jpg\",\"keywords\":[\"campeonato\",\"competi\u00e7\u00e3o internacional\",\"desporto\",\"Europa\",\"judo\",\"Portugal\"],\"articleSection\":[\"Desporto\",\"Futebol\"],\"inLanguage\":\"pt-PT\"},{\"@type\":\"WebPage\",\"@id\":\"https:\/\/portaltela.pt\/noticias\/2026\/04\/16\/kvantidze-disputa-o-europeu-de-tbilissi-terra-onde-nasceu\/\",\"url\":\"https:\/\/portaltela.pt\/noticias\/2026\/04\/16\/kvantidze-disputa-o-europeu-de-tbilissi-terra-onde-nasceu\/\",\"name\":\"Kvantidze disputa o Europeu de Tbilissi, terra onde nasceu - Portal Tela Portugal\",\"isPartOf\":{\"@id\":\"https:\/\/portaltela.pt\/#website\"},\"primaryImageOfPage\":{\"@id\":\"https:\/\/portaltela.pt\/noticias\/2026\/04\/16\/kvantidze-disputa-o-europeu-de-tbilissi-terra-onde-nasceu\/#primaryimage\"},\"image\":{\"@id\":\"https:\/\/portaltela.pt\/noticias\/2026\/04\/16\/kvantidze-disputa-o-europeu-de-tbilissi-terra-onde-nasceu\/#primaryimage\"},\"thumbnailUrl\":\"https:\/\/portaltela.pt\/s.01k8rhncp4jt1\/2026\/04\/img_920x518uu2026-04-16-16-39-12-2433412.jpg\",\"datePublished\":\"2026-04-16T15:47:12+00:00\",\"author\":{\"@id\":\"https:\/\/portaltela.pt\/#\/schema\/person\/c4278d4a6028830caff9ee44b42d32ed\"},\"breadcrumb\":{\"@id\":\"https:\/\/portaltela.pt\/noticias\/2026\/04\/16\/kvantidze-disputa-o-europeu-de-tbilissi-terra-onde-nasceu\/#breadcrumb\"},\"inLanguage\":\"pt-PT\",\"potentialAction\":[{\"@type\":\"ReadAction\",\"target\":[\"https:\/\/portaltela.pt\/noticias\/2026\/04\/16\/kvantidze-disputa-o-europeu-de-tbilissi-terra-onde-nasceu\/\"]}]},{\"@type\":\"ImageObject\",\"inLanguage\":\"pt-PT\",\"@id\":\"https:\/\/portaltela.pt\/noticias\/2026\/04\/16\/kvantidze-disputa-o-europeu-de-tbilissi-terra-onde-nasceu\/#primaryimage\",\"url\":\"https:\/\/portaltela.pt\/s.01k8rhncp4jt1\/2026\/04\/img_920x518uu2026-04-16-16-39-12-2433412.jpg\",\"contentUrl\":\"https:\/\/portaltela.pt\/s.01k8rhncp4jt1\/2026\/04\/img_920x518uu2026-04-16-16-39-12-2433412.jpg\",\"width\":796,\"height\":448,\"caption\":\"Otari Kvantidze\"},{\"@type\":\"BreadcrumbList\",\"@id\":\"https:\/\/portaltela.pt\/noticias\/2026\/04\/16\/kvantidze-disputa-o-europeu-de-tbilissi-terra-onde-nasceu\/#breadcrumb\",\"itemListElement\":[{\"@type\":\"ListItem\",\"position\":1,\"name\":\"In\u00edcio\",\"item\":\"https:\/\/portaltela.pt\/\"},{\"@type\":\"ListItem\",\"position\":2,\"name\":\"Kvantidze disputa o Europeu de Tbilissi, terra onde nasceu\"}]},{\"@type\":\"WebSite\",\"@id\":\"https:\/\/portaltela.pt\/#website\",\"url\":\"https:\/\/portaltela.pt\/\",\"name\":\"Portal Tela Portugal\",\"description\":\"\",\"potentialAction\":[{\"@type\":\"SearchAction\",\"target\":{\"@type\":\"EntryPoint\",\"urlTemplate\":\"https:\/\/portaltela.pt\/?s={search_term_string}\"},\"query-input\":{\"@type\":\"PropertyValueSpecification\",\"valueRequired\":true,\"valueName\":\"search_term_string\"}}],\"inLanguage\":\"pt-PT\"},{\"@type\":\"Person\",\"@id\":\"https:\/\/portaltela.pt\/#\/schema\/person\/c4278d4a6028830caff9ee44b42d32ed\",\"name\":\"Telinha\",\"image\":{\"@type\":\"ImageObject\",\"inLanguage\":\"pt-PT\",\"@id\":\"https:\/\/portaltela.pt\/s.01k8rhncp4jt1\/2025\/11\/talking-bot-125x125.png\",\"url\":\"https:\/\/portaltela.pt\/s.01k8rhncp4jt1\/2025\/11\/talking-bot-125x125.png\",\"contentUrl\":\"https:\/\/portaltela.pt\/s.01k8rhncp4jt1\/2025\/11\/talking-bot-125x125.png\",\"caption\":\"Telinha\"},\"sameAs\":[\"https:\/\/portaltela.pt\/\"],\"url\":\"https:\/\/portaltela.pt\/por\/367410592786\/\"}]}<\/script>\n<!-- \/ Yoast SEO plugin. -->","yoast_head_json":{"title":"Kvantidze disputa o Europeu de Tbilissi, terra onde nasceu - Portal Tela Portugal","robots":{"index":"index","follow":"follow","max-snippet":"max-snippet:-1","max-image-preview":"max-image-preview:large","max-video-preview":"max-video-preview:-1"},"og_locale":"pt_PT","og_type":"article","og_title":"Kvantidze disputa o Europeu de Tbilissi, terra onde nasceu - Portal Tela Portugal","og_description":"Otari Kvantidze compete na prova de -73 kg dos Europeus em Tbilissi, capital da Ge\u00f3rgia, nesta sexta-feira, representando Portugal. O atleta luso-georgiano \u00e9 26.\u00ba do ranking mundial e est\u00e1 em s\u00e9tima posi\u00e7\u00e3o de s S\u00e9ries entre 41 atletas na sua categoria. Nascido em Tbilissi e em Portugal desde os 14 anos, Kvantidze diz sentir press\u00e3o, mas tamb\u00e9m motiva\u00e7\u00e3o por lutar pela sele\u00e7\u00e3o \u00e0 frente do pai, que o acompanha. O combate da segunda ronda ser\u00e1 contra o vencedor do duelo entre Yehonatan Elbaz e Vlad Mitru; este \u00e9 o terceiro Europeu do judoca, ap\u00f3s Zagreb, 2024, e Podgorica, 2025, sempre eliminado nos oitavos. A comitiva portuguesa tem aus\u00eancias por les\u00f5es (Patr\u00edcia Sampaio, Jorge Fonseca, Catarina Costa) e inclui ainda Miguel Gago, Bernardo Tralh\u00e3o, Maria Siderot, B\u00e1rbara Timo, Rochele Nunes e Diogo Brites, com atua\u00e7\u00f5es programadas ao longo do fim de semana.","og_url":"https:\/\/portaltela.pt\/noticias\/2026\/04\/16\/kvantidze-disputa-o-europeu-de-tbilissi-terra-onde-nasceu\/","og_site_name":"Portal Tela Portugal","article_published_time":"2026-04-16T15:47:12+00:00","author":"Telinha","twitter_card":"summary_large_image","twitter_misc":{"Escrito por":"Telinha","Tempo estimado de leitura":"2 minutos"},"schema":{"@context":"https:\/\/schema.org","@graph":[{"@type":"Article","@id":"https:\/\/portaltela.pt\/noticias\/2026\/04\/16\/kvantidze-disputa-o-europeu-de-tbilissi-terra-onde-nasceu\/#article","isPartOf":{"@id":"https:\/\/portaltela.pt\/noticias\/2026\/04\/16\/kvantidze-disputa-o-europeu-de-tbilissi-terra-onde-nasceu\/"},"author":{"name":"Telinha","@id":"https:\/\/portaltela.pt\/#\/schema\/person\/c4278d4a6028830caff9ee44b42d32ed"},"headline":"Kvantidze disputa o Europeu de Tbilissi, terra onde nasceu","datePublished":"2026-04-16T15:47:12+00:00","mainEntityOfPage":{"@id":"https:\/\/portaltela.pt\/noticias\/2026\/04\/16\/kvantidze-disputa-o-europeu-de-tbilissi-terra-onde-nasceu\/"},"wordCount":320,"image":{"@id":"https:\/\/portaltela.pt\/noticias\/2026\/04\/16\/kvantidze-disputa-o-europeu-de-tbilissi-terra-onde-nasceu\/#primaryimage"},"thumbnailUrl":"https:\/\/portaltela.pt\/s.01k8rhncp4jt1\/2026\/04\/img_920x518uu2026-04-16-16-39-12-2433412.jpg","keywords":["campeonato","competi\u00e7\u00e3o internacional","desporto","Europa","judo","Portugal"],"articleSection":["Desporto","Futebol"],"inLanguage":"pt-PT"},{"@type":"WebPage","@id":"https:\/\/portaltela.pt\/noticias\/2026\/04\/16\/kvantidze-disputa-o-europeu-de-tbilissi-terra-onde-nasceu\/","url":"https:\/\/portaltela.pt\/noticias\/2026\/04\/16\/kvantidze-disputa-o-europeu-de-tbilissi-terra-onde-nasceu\/","name":"Kvantidze disputa o Europeu de Tbilissi, terra onde nasceu - Portal Tela Portugal","isPartOf":{"@id":"https:\/\/portaltela.pt\/#website"},"primaryImageOfPage":{"@id":"https:\/\/portaltela.pt\/noticias\/2026\/04\/16\/kvantidze-disputa-o-europeu-de-tbilissi-terra-onde-nasceu\/#primaryimage"},"image":{"@id":"https:\/\/portaltela.pt\/noticias\/2026\/04\/16\/kvantidze-disputa-o-europeu-de-tbilissi-terra-onde-nasceu\/#primaryimage"},"thumbnailUrl":"https:\/\/portaltela.pt\/s.01k8rhncp4jt1\/2026\/04\/img_920x518uu2026-04-16-16-39-12-2433412.jpg","datePublished":"2026-04-16T15:47:12+00:00","author":{"@id":"https:\/\/portaltela.pt\/#\/schema\/person\/c4278d4a6028830caff9ee44b42d32ed"},"breadcrumb":{"@id":"https:\/\/portaltela.pt\/noticias\/2026\/04\/16\/kvantidze-disputa-o-europeu-de-tbilissi-terra-onde-nasceu\/#breadcrumb"},"inLanguage":"pt-PT","potentialAction":[{"@type":"ReadAction","target":["https:\/\/portaltela.pt\/noticias\/2026\/04\/16\/kvantidze-disputa-o-europeu-de-tbilissi-terra-onde-nasceu\/"]}]},{"@type":"ImageObject","inLanguage":"pt-PT","@id":"https:\/\/portaltela.pt\/noticias\/2026\/04\/16\/kvantidze-disputa-o-europeu-de-tbilissi-terra-onde-nasceu\/#primaryimage","url":"https:\/\/portaltela.pt\/s.01k8rhncp4jt1\/2026\/04\/img_920x518uu2026-04-16-16-39-12-2433412.jpg","contentUrl":"https:\/\/portaltela.pt\/s.01k8rhncp4jt1\/2026\/04\/img_920x518uu2026-04-16-16-39-12-2433412.jpg","width":796,"height":448,"caption":"Otari Kvantidze"},{"@type":"BreadcrumbList","@id":"https:\/\/portaltela.pt\/noticias\/2026\/04\/16\/kvantidze-disputa-o-europeu-de-tbilissi-terra-onde-nasceu\/#breadcrumb","itemListElement":[{"@type":"ListItem","position":1,"name":"In\u00edcio","item":"https:\/\/portaltela.pt\/"},{"@type":"ListItem","position":2,"name":"Kvantidze disputa o Europeu de Tbilissi, terra onde nasceu"}]},{"@type":"WebSite","@id":"https:\/\/portaltela.pt\/#website","url":"https:\/\/portaltela.pt\/","name":"Portal Tela Portugal","description":"","potentialAction":[{"@type":"SearchAction","target":{"@type":"EntryPoint","urlTemplate":"https:\/\/portaltela.pt\/?s={search_term_string}"},"query-input":{"@type":"PropertyValueSpecification","valueRequired":true,"valueName":"search_term_string"}}],"inLanguage":"pt-PT"},{"@type":"Person","@id":"https:\/\/portaltela.pt\/#\/schema\/person\/c4278d4a6028830caff9ee44b42d32ed","name":"Telinha","image":{"@type":"ImageObject","inLanguage":"pt-PT","@id":"https:\/\/portaltela.pt\/s.01k8rhncp4jt1\/2025\/11\/talking-bot-125x125.png","url":"https:\/\/portaltela.pt\/s.01k8rhncp4jt1\/2025\/11\/talking-bot-125x125.png","contentUrl":"https:\/\/portaltela.pt\/s.01k8rhncp4jt1\/2025\/11\/talking-bot-125x125.png","caption":"Telinha"},"sameAs":["https:\/\/portaltela.pt\/"],"url":"https:\/\/portaltela.pt\/por\/367410592786\/"}]}},"_links":{"self":[{"href":"https:\/\/portaltela.pt\/api\/wp\/v2\/posts\/446633","targetHints":{"allow":["GET"]}}],"collection":[{"href":"https:\/\/portaltela.pt\/api\/wp\/v2\/posts"}],"about":[{"href":"https:\/\/portaltela.pt\/api\/wp\/v2\/types\/post"}],"author":[{"embeddable":true,"href":"https:\/\/portaltela.pt\/api\/wp\/v2\/users\/2"}],"replies":[{"embeddable":true,"href":"https:\/\/portaltela.pt\/api\/wp\/v2\/comments?post=446633"}],"version-history":[{"count":0,"href":"https:\/\/portaltela.pt\/api\/wp\/v2\/posts\/446633\/revisions"}],"wp:featuredmedia":[{"embeddable":true,"href":"https:\/\/portaltela.pt\/api\/wp\/v2\/media\/446639"}],"wp:attachment":[{"href":"https:\/\/portaltela.pt\/api\/wp\/v2\/media?parent=446633"}],"wp:term":[{"taxonomy":"category","embeddable":true,"href":"https:\/\/portaltela.pt\/api\/wp\/v2\/categories?post=446633"},{"taxonomy":"post_tag","embeddable":true,"href":"https:\/\/portaltela.pt\/api\/wp\/v2\/tags?post=446633"}],"curies":[{"name":"wp","href":"https:\/\/api.w.org\/{rel}","templated":true}]}}