{"id":446619,"date":"2026-04-16T12:46:57","date_gmt":"2026-04-16T15:46:57","guid":{"rendered":"https:\/\/portaltela.pt\/noticias\/2026\/04\/16\/presidente-do-libano-recusa-contacto-direto-com-netanyahu\/"},"modified":"2026-04-16T12:46:57","modified_gmt":"2026-04-16T15:46:57","slug":"presidente-do-libano-recusa-contacto-direto-com-netanyahu","status":"publish","type":"post","link":"https:\/\/portaltela.pt\/noticias\/politica\/2026\/04\/16\/presidente-do-libano-recusa-contacto-direto-com-netanyahu\/","title":{"rendered":"Presidente do L\u00edbano recusa contacto direto com Netanyahu"},"content":{"rendered":"<p>O presidente liban\u00eas recusou contacto direto com o primeiro-ministro de Israel, Benjamin Netanyahu, segundo fontes oficiais citadas pela imprensa. O an\u00fancio surge num contexto de tens\u00f5es entre L\u00edbano e Israel.<\/p>\n<p>N\u00e3o ficou claro quando ocorreu a recusa nem se houve tentativa de contato por outras vias. As autoridades libanesas n\u00e3o detalharam o epis\u00f3dio, que \u00e9 visto no \u00e2mbito das rela\u00e7\u00f5es diplom\u00e1ticas regionais.<\/p>\n<p>O comunicado limitou-se a registar a posi\u00e7\u00e3o do chefe de Estado liban\u00eas, sem emitir coment\u00e1rios adicionais. Netanyahu n\u00e3o se pronunciou publicamente sobre o tema.<\/p>\n<p>Analistas destacam que as rela\u00e7\u00f5es entre L\u00edbano e Israel permanecem sens\u00edveis, com quest\u00f5es fronteiri\u00e7as e hist\u00f3ricas ainda por resolver. No momento, n\u00e3o h\u00e1 informa\u00e7\u00f5es adicionais dispon\u00edveis.<\/p>\n","protected":false},"excerpt":{"rendered":"<ul>\n<li>O presidente do L\u00edbano recusou contacto direto com o primeiro-ministro de Israel, Benjamin Netanyahu.<\/li>\n<li>O conte\u00fado completo da not\u00edcia est\u00e1 acess\u00edvel apenas para subscritores.<\/li>\n<li>N\u00e3o foram apresentados pormenores adicionais no material partilhado.<\/li>\n<\/ul>\n","protected":false},"author":2,"featured_media":446624,"comment_status":"closed","ping_status":"closed","sticky":false,"template":"","format":"standard","meta":{"footnotes":""},"categories":[6912,5],"tags":[29,4002,3708,6635,5698,27],"class_list":["post-446619","post","type-post","status-publish","format-standard","has-post-thumbnail","hentry","category-internacionais","category-politica","tag-diplomacia","tag-fronteiras","tag-israel","tag-libano","tag-politica-internacional","tag-relacoes-internacionais"],"yoast_head":"<!-- This site is optimized with the Yoast SEO plugin v27.2 - https:\/\/yoast.com\/product\/yoast-seo-wordpress\/ -->\n<title>Presidente do L\u00edbano recusa contacto direto com Netanyahu - Portal Tela Portugal<\/title>\n<meta name=\"robots\" content=\"index, follow, max-snippet:-1, max-image-preview:large, max-video-preview:-1\" \/>\n<meta property=\"og:locale\" content=\"pt_PT\" \/>\n<meta property=\"og:type\" content=\"article\" \/>\n<meta property=\"og:title\" content=\"Presidente do L\u00edbano recusa contacto direto com Netanyahu - Portal Tela Portugal\" \/>\n<meta property=\"og:description\" content=\"O presidente do L\u00edbano recusou contacto direto com o primeiro-ministro de Israel, Benjamin Netanyahu. O conte\u00fado completo da not\u00edcia est\u00e1 acess\u00edvel apenas para subscritores. N\u00e3o foram apresentados pormenores adicionais no material partilhado.\" \/>\n<meta property=\"og:url\" content=\"https:\/\/portaltela.pt\/noticias\/2026\/04\/16\/presidente-do-libano-recusa-contacto-direto-com-netanyahu\/\" \/>\n<meta property=\"og:site_name\" content=\"Portal Tela Portugal\" \/>\n<meta property=\"article:published_time\" content=\"2026-04-16T15:46:57+00:00\" \/>\n<meta name=\"author\" content=\"Telinha\" \/>\n<meta name=\"twitter:card\" content=\"summary_large_image\" \/>\n<meta name=\"twitter:label1\" content=\"Escrito por\" \/>\n\t<meta name=\"twitter:data1\" content=\"Telinha\" \/>\n\t<meta name=\"twitter:label2\" content=\"Tempo estimado de leitura\" \/>\n\t<meta name=\"twitter:data2\" content=\"1 minuto\" \/>\n<script type=\"application\/ld+json\" class=\"yoast-schema-graph\">{\"@context\":\"https:\/\/schema.org\",\"@graph\":[{\"@type\":\"Article\",\"@id\":\"https:\/\/portaltela.pt\/noticias\/2026\/04\/16\/presidente-do-libano-recusa-contacto-direto-com-netanyahu\/#article\",\"isPartOf\":{\"@id\":\"https:\/\/portaltela.pt\/noticias\/2026\/04\/16\/presidente-do-libano-recusa-contacto-direto-com-netanyahu\/\"},\"author\":{\"name\":\"Telinha\",\"@id\":\"https:\/\/portaltela.pt\/#\/schema\/person\/c4278d4a6028830caff9ee44b42d32ed\"},\"headline\":\"Presidente do L\u00edbano recusa contacto direto com Netanyahu\",\"datePublished\":\"2026-04-16T15:46:57+00:00\",\"mainEntityOfPage\":{\"@id\":\"https:\/\/portaltela.pt\/noticias\/2026\/04\/16\/presidente-do-libano-recusa-contacto-direto-com-netanyahu\/\"},\"wordCount\":142,\"image\":{\"@id\":\"https:\/\/portaltela.pt\/noticias\/2026\/04\/16\/presidente-do-libano-recusa-contacto-direto-com-netanyahu\/#primaryimage\"},\"thumbnailUrl\":\"https:\/\/portaltela.pt\/s.01k8rhncp4jt1\/2026\/04\/CACHE_780X1200_ANALOG_WATERMARKED_45604729_405915916163917-1.jpg\",\"keywords\":[\"diplomacia\",\"fronteiras\",\"Israel\",\"L\u00edbano\",\"pol\u00edtica internacional\",\"rela\u00e7\u00f5es internacionais\"],\"articleSection\":[\"Internacionais\",\"Pol\u00edtica\"],\"inLanguage\":\"pt-PT\"},{\"@type\":\"WebPage\",\"@id\":\"https:\/\/portaltela.pt\/noticias\/2026\/04\/16\/presidente-do-libano-recusa-contacto-direto-com-netanyahu\/\",\"url\":\"https:\/\/portaltela.pt\/noticias\/2026\/04\/16\/presidente-do-libano-recusa-contacto-direto-com-netanyahu\/\",\"name\":\"Presidente do L\u00edbano recusa contacto direto com Netanyahu - Portal Tela Portugal\",\"isPartOf\":{\"@id\":\"https:\/\/portaltela.pt\/#website\"},\"primaryImageOfPage\":{\"@id\":\"https:\/\/portaltela.pt\/noticias\/2026\/04\/16\/presidente-do-libano-recusa-contacto-direto-com-netanyahu\/#primaryimage\"},\"image\":{\"@id\":\"https:\/\/portaltela.pt\/noticias\/2026\/04\/16\/presidente-do-libano-recusa-contacto-direto-com-netanyahu\/#primaryimage\"},\"thumbnailUrl\":\"https:\/\/portaltela.pt\/s.01k8rhncp4jt1\/2026\/04\/CACHE_780X1200_ANALOG_WATERMARKED_45604729_405915916163917-1.jpg\",\"datePublished\":\"2026-04-16T15:46:57+00:00\",\"author\":{\"@id\":\"https:\/\/portaltela.pt\/#\/schema\/person\/c4278d4a6028830caff9ee44b42d32ed\"},\"breadcrumb\":{\"@id\":\"https:\/\/portaltela.pt\/noticias\/2026\/04\/16\/presidente-do-libano-recusa-contacto-direto-com-netanyahu\/#breadcrumb\"},\"inLanguage\":\"pt-PT\",\"potentialAction\":[{\"@type\":\"ReadAction\",\"target\":[\"https:\/\/portaltela.pt\/noticias\/2026\/04\/16\/presidente-do-libano-recusa-contacto-direto-com-netanyahu\/\"]}]},{\"@type\":\"ImageObject\",\"inLanguage\":\"pt-PT\",\"@id\":\"https:\/\/portaltela.pt\/noticias\/2026\/04\/16\/presidente-do-libano-recusa-contacto-direto-com-netanyahu\/#primaryimage\",\"url\":\"https:\/\/portaltela.pt\/s.01k8rhncp4jt1\/2026\/04\/CACHE_780X1200_ANALOG_WATERMARKED_45604729_405915916163917-1.jpg\",\"contentUrl\":\"https:\/\/portaltela.pt\/s.01k8rhncp4jt1\/2026\/04\/CACHE_780X1200_ANALOG_WATERMARKED_45604729_405915916163917-1.jpg\",\"width\":796,\"height\":448,\"caption\":\"Photo\"},{\"@type\":\"BreadcrumbList\",\"@id\":\"https:\/\/portaltela.pt\/noticias\/2026\/04\/16\/presidente-do-libano-recusa-contacto-direto-com-netanyahu\/#breadcrumb\",\"itemListElement\":[{\"@type\":\"ListItem\",\"position\":1,\"name\":\"In\u00edcio\",\"item\":\"https:\/\/portaltela.pt\/\"},{\"@type\":\"ListItem\",\"position\":2,\"name\":\"Presidente do L\u00edbano recusa contacto direto com Netanyahu\"}]},{\"@type\":\"WebSite\",\"@id\":\"https:\/\/portaltela.pt\/#website\",\"url\":\"https:\/\/portaltela.pt\/\",\"name\":\"Portal Tela Portugal\",\"description\":\"\",\"potentialAction\":[{\"@type\":\"SearchAction\",\"target\":{\"@type\":\"EntryPoint\",\"urlTemplate\":\"https:\/\/portaltela.pt\/?s={search_term_string}\"},\"query-input\":{\"@type\":\"PropertyValueSpecification\",\"valueRequired\":true,\"valueName\":\"search_term_string\"}}],\"inLanguage\":\"pt-PT\"},{\"@type\":\"Person\",\"@id\":\"https:\/\/portaltela.pt\/#\/schema\/person\/c4278d4a6028830caff9ee44b42d32ed\",\"name\":\"Telinha\",\"image\":{\"@type\":\"ImageObject\",\"inLanguage\":\"pt-PT\",\"@id\":\"https:\/\/portaltela.pt\/s.01k8rhncp4jt1\/2025\/11\/talking-bot-125x125.png\",\"url\":\"https:\/\/portaltela.pt\/s.01k8rhncp4jt1\/2025\/11\/talking-bot-125x125.png\",\"contentUrl\":\"https:\/\/portaltela.pt\/s.01k8rhncp4jt1\/2025\/11\/talking-bot-125x125.png\",\"caption\":\"Telinha\"},\"sameAs\":[\"https:\/\/portaltela.pt\/\"],\"url\":\"https:\/\/portaltela.pt\/por\/367410592786\/\"}]}<\/script>\n<!-- \/ Yoast SEO plugin. -->","yoast_head_json":{"title":"Presidente do L\u00edbano recusa contacto direto com Netanyahu - Portal Tela Portugal","robots":{"index":"index","follow":"follow","max-snippet":"max-snippet:-1","max-image-preview":"max-image-preview:large","max-video-preview":"max-video-preview:-1"},"og_locale":"pt_PT","og_type":"article","og_title":"Presidente do L\u00edbano recusa contacto direto com Netanyahu - Portal Tela Portugal","og_description":"O presidente do L\u00edbano recusou contacto direto com o primeiro-ministro de Israel, Benjamin Netanyahu. O conte\u00fado completo da not\u00edcia est\u00e1 acess\u00edvel apenas para subscritores. N\u00e3o foram apresentados pormenores adicionais no material partilhado.","og_url":"https:\/\/portaltela.pt\/noticias\/2026\/04\/16\/presidente-do-libano-recusa-contacto-direto-com-netanyahu\/","og_site_name":"Portal Tela Portugal","article_published_time":"2026-04-16T15:46:57+00:00","author":"Telinha","twitter_card":"summary_large_image","twitter_misc":{"Escrito por":"Telinha","Tempo estimado de leitura":"1 minuto"},"schema":{"@context":"https:\/\/schema.org","@graph":[{"@type":"Article","@id":"https:\/\/portaltela.pt\/noticias\/2026\/04\/16\/presidente-do-libano-recusa-contacto-direto-com-netanyahu\/#article","isPartOf":{"@id":"https:\/\/portaltela.pt\/noticias\/2026\/04\/16\/presidente-do-libano-recusa-contacto-direto-com-netanyahu\/"},"author":{"name":"Telinha","@id":"https:\/\/portaltela.pt\/#\/schema\/person\/c4278d4a6028830caff9ee44b42d32ed"},"headline":"Presidente do L\u00edbano recusa contacto direto com Netanyahu","datePublished":"2026-04-16T15:46:57+00:00","mainEntityOfPage":{"@id":"https:\/\/portaltela.pt\/noticias\/2026\/04\/16\/presidente-do-libano-recusa-contacto-direto-com-netanyahu\/"},"wordCount":142,"image":{"@id":"https:\/\/portaltela.pt\/noticias\/2026\/04\/16\/presidente-do-libano-recusa-contacto-direto-com-netanyahu\/#primaryimage"},"thumbnailUrl":"https:\/\/portaltela.pt\/s.01k8rhncp4jt1\/2026\/04\/CACHE_780X1200_ANALOG_WATERMARKED_45604729_405915916163917-1.jpg","keywords":["diplomacia","fronteiras","Israel","L\u00edbano","pol\u00edtica internacional","rela\u00e7\u00f5es internacionais"],"articleSection":["Internacionais","Pol\u00edtica"],"inLanguage":"pt-PT"},{"@type":"WebPage","@id":"https:\/\/portaltela.pt\/noticias\/2026\/04\/16\/presidente-do-libano-recusa-contacto-direto-com-netanyahu\/","url":"https:\/\/portaltela.pt\/noticias\/2026\/04\/16\/presidente-do-libano-recusa-contacto-direto-com-netanyahu\/","name":"Presidente do L\u00edbano recusa contacto direto com Netanyahu - Portal Tela Portugal","isPartOf":{"@id":"https:\/\/portaltela.pt\/#website"},"primaryImageOfPage":{"@id":"https:\/\/portaltela.pt\/noticias\/2026\/04\/16\/presidente-do-libano-recusa-contacto-direto-com-netanyahu\/#primaryimage"},"image":{"@id":"https:\/\/portaltela.pt\/noticias\/2026\/04\/16\/presidente-do-libano-recusa-contacto-direto-com-netanyahu\/#primaryimage"},"thumbnailUrl":"https:\/\/portaltela.pt\/s.01k8rhncp4jt1\/2026\/04\/CACHE_780X1200_ANALOG_WATERMARKED_45604729_405915916163917-1.jpg","datePublished":"2026-04-16T15:46:57+00:00","author":{"@id":"https:\/\/portaltela.pt\/#\/schema\/person\/c4278d4a6028830caff9ee44b42d32ed"},"breadcrumb":{"@id":"https:\/\/portaltela.pt\/noticias\/2026\/04\/16\/presidente-do-libano-recusa-contacto-direto-com-netanyahu\/#breadcrumb"},"inLanguage":"pt-PT","potentialAction":[{"@type":"ReadAction","target":["https:\/\/portaltela.pt\/noticias\/2026\/04\/16\/presidente-do-libano-recusa-contacto-direto-com-netanyahu\/"]}]},{"@type":"ImageObject","inLanguage":"pt-PT","@id":"https:\/\/portaltela.pt\/noticias\/2026\/04\/16\/presidente-do-libano-recusa-contacto-direto-com-netanyahu\/#primaryimage","url":"https:\/\/portaltela.pt\/s.01k8rhncp4jt1\/2026\/04\/CACHE_780X1200_ANALOG_WATERMARKED_45604729_405915916163917-1.jpg","contentUrl":"https:\/\/portaltela.pt\/s.01k8rhncp4jt1\/2026\/04\/CACHE_780X1200_ANALOG_WATERMARKED_45604729_405915916163917-1.jpg","width":796,"height":448,"caption":"Photo"},{"@type":"BreadcrumbList","@id":"https:\/\/portaltela.pt\/noticias\/2026\/04\/16\/presidente-do-libano-recusa-contacto-direto-com-netanyahu\/#breadcrumb","itemListElement":[{"@type":"ListItem","position":1,"name":"In\u00edcio","item":"https:\/\/portaltela.pt\/"},{"@type":"ListItem","position":2,"name":"Presidente do L\u00edbano recusa contacto direto com Netanyahu"}]},{"@type":"WebSite","@id":"https:\/\/portaltela.pt\/#website","url":"https:\/\/portaltela.pt\/","name":"Portal Tela Portugal","description":"","potentialAction":[{"@type":"SearchAction","target":{"@type":"EntryPoint","urlTemplate":"https:\/\/portaltela.pt\/?s={search_term_string}"},"query-input":{"@type":"PropertyValueSpecification","valueRequired":true,"valueName":"search_term_string"}}],"inLanguage":"pt-PT"},{"@type":"Person","@id":"https:\/\/portaltela.pt\/#\/schema\/person\/c4278d4a6028830caff9ee44b42d32ed","name":"Telinha","image":{"@type":"ImageObject","inLanguage":"pt-PT","@id":"https:\/\/portaltela.pt\/s.01k8rhncp4jt1\/2025\/11\/talking-bot-125x125.png","url":"https:\/\/portaltela.pt\/s.01k8rhncp4jt1\/2025\/11\/talking-bot-125x125.png","contentUrl":"https:\/\/portaltela.pt\/s.01k8rhncp4jt1\/2025\/11\/talking-bot-125x125.png","caption":"Telinha"},"sameAs":["https:\/\/portaltela.pt\/"],"url":"https:\/\/portaltela.pt\/por\/367410592786\/"}]}},"_links":{"self":[{"href":"https:\/\/portaltela.pt\/api\/wp\/v2\/posts\/446619","targetHints":{"allow":["GET"]}}],"collection":[{"href":"https:\/\/portaltela.pt\/api\/wp\/v2\/posts"}],"about":[{"href":"https:\/\/portaltela.pt\/api\/wp\/v2\/types\/post"}],"author":[{"embeddable":true,"href":"https:\/\/portaltela.pt\/api\/wp\/v2\/users\/2"}],"replies":[{"embeddable":true,"href":"https:\/\/portaltela.pt\/api\/wp\/v2\/comments?post=446619"}],"version-history":[{"count":0,"href":"https:\/\/portaltela.pt\/api\/wp\/v2\/posts\/446619\/revisions"}],"wp:featuredmedia":[{"embeddable":true,"href":"https:\/\/portaltela.pt\/api\/wp\/v2\/media\/446624"}],"wp:attachment":[{"href":"https:\/\/portaltela.pt\/api\/wp\/v2\/media?parent=446619"}],"wp:term":[{"taxonomy":"category","embeddable":true,"href":"https:\/\/portaltela.pt\/api\/wp\/v2\/categories?post=446619"},{"taxonomy":"post_tag","embeddable":true,"href":"https:\/\/portaltela.pt\/api\/wp\/v2\/tags?post=446619"}],"curies":[{"name":"wp","href":"https:\/\/api.w.org\/{rel}","templated":true}]}}