{"id":446610,"date":"2026-04-16T12:32:39","date_gmt":"2026-04-16T15:32:39","guid":{"rendered":"https:\/\/portaltela.pt\/noticias\/2026\/04\/16\/detida-no-aeroporto-de-faro-com-passaporte-de-outra-pessoa\/"},"modified":"2026-04-16T12:32:39","modified_gmt":"2026-04-16T15:32:39","slug":"detida-no-aeroporto-de-faro-com-passaporte-de-outra-pessoa","status":"publish","type":"post","link":"https:\/\/portaltela.pt\/policia\/2026\/04\/16\/detida-no-aeroporto-de-faro-com-passaporte-de-outra-pessoa\/","title":{"rendered":"Detida no aeroporto de Faro com passaporte de outra pessoa"},"content":{"rendered":"<p>Oito em Faro: uma mulher foi detida no aeroporto de Faro por apresentar um passaporte com a fotografia de outra pessoa. A interven\u00e7\u00e3o ocorreu na quarta-feira, durante controlos de passagem, com ind\u00edcios de uso de documento alheio em circunst\u00e2ncias suspeitas.<\/p>\n<p>A PSP revelou ainda que o passaporte inclu\u00eda um carimbo de entrada no espa\u00e7o Schengen que aparenta ser falsificado. A verifica\u00e7\u00e3o de documentos levou \u00e0 identifica\u00e7\u00e3o de irregularidades associadas ao expediente apresentado.<\/p>\n<p>Foi confrontada pela equipa de seguran\u00e7a, que a informou de que o documento n\u00e3o correspondia \u00e0 sua identidade. A mulher admitiu utilizar um passaporte com dados diferentes dos constantes no documento exibido.<\/p>\n<p>A opera\u00e7\u00e3o decorreu sob coordena\u00e7\u00e3o da Unidade Nacional de Estrangeiros e Fronteiras (UNEF) da PSP, com a participa\u00e7\u00e3o da Divis\u00e3o de Seguran\u00e7a Aeroportu\u00e1ria e Controlo Fronteiri\u00e7o no Aeroporto Gago Coutinho, em Faro.<\/p>\n<p>As autoridades manter\u00e3o o caso em investiga\u00e7\u00e3o para confirmar a identidade associada ao passaporte e apurar eventuais liga\u00e7\u00f5es com outras situa\u00e7\u00f5es de irregularidade de entrada no pa\u00eds.<\/p>\n","protected":false},"excerpt":{"rendered":"<ul>\n<li>A PSP deteve, no aeroporto de Faro, uma mulher que apresentou um passaporte com a fotografia de outra pessoa.<\/li>\n<li>Verifica\u00e7\u00f5es laterais indicaram que o documento continha um carimbo de entrada no espa\u00e7o Schengen, com ind\u00edcios de falsifica\u00e7\u00e3o.<\/li>\n<li>A detida admitiu, perante a PSP, que o documento utilizado n\u00e3o era seu, identificando-se com nome e nacionalidade diferentes dos constantes no passaporte exibido.<\/li>\n<li>Foi detida pela pr\u00e1tica de falsifica\u00e7\u00e3o de documento e de perman\u00eancia irregular em territ\u00f3rio nacional.<\/li>\n<li>A opera\u00e7\u00e3o, da Divis\u00e3o de Seguran\u00e7a Aeroportu\u00e1ria e Controlo Fronteiri\u00e7o, decorreu no Aeroporto de Faro sob coordena\u00e7\u00e3o da Unidade Nacional de Estrangeiros e Fronteiras (UNEF) da PSP.<\/li>\n<\/ul>\n","protected":false},"author":2,"featured_media":446613,"comment_status":"closed","ping_status":"closed","sticky":false,"template":"","format":"standard","meta":{"footnotes":""},"categories":[6907,6781],"tags":[3302,260,992,5001,1381,4767],"class_list":["post-446610","post","type-post","status-publish","format-standard","has-post-thumbnail","hentry","category-crime","category-policia","tag-aeroportos","tag-falsificacao-de-documentos","tag-faro","tag-passaportes","tag-psp","tag-unef"],"yoast_head":"<!-- This site is optimized with the Yoast SEO plugin v27.2 - https:\/\/yoast.com\/product\/yoast-seo-wordpress\/ -->\n<title>Detida no aeroporto de Faro com passaporte de outra pessoa - Portal Tela Portugal<\/title>\n<meta name=\"robots\" content=\"index, follow, max-snippet:-1, max-image-preview:large, max-video-preview:-1\" \/>\n<meta property=\"og:locale\" content=\"pt_PT\" \/>\n<meta property=\"og:type\" content=\"article\" \/>\n<meta property=\"og:title\" content=\"Detida no aeroporto de Faro com passaporte de outra pessoa - Portal Tela Portugal\" \/>\n<meta property=\"og:description\" content=\"A PSP deteve, no aeroporto de Faro, uma mulher que apresentou um passaporte com a fotografia de outra pessoa. Verifica\u00e7\u00f5es laterais indicaram que o documento continha um carimbo de entrada no espa\u00e7o Schengen, com ind\u00edcios de falsifica\u00e7\u00e3o. A detida admitiu, perante a PSP, que o documento utilizado n\u00e3o era seu, identificando-se com nome e nacionalidade diferentes dos constantes no passaporte exibido. Foi detida pela pr\u00e1tica de falsifica\u00e7\u00e3o de documento e de perman\u00eancia irregular em territ\u00f3rio nacional. A opera\u00e7\u00e3o, da Divis\u00e3o de Seguran\u00e7a Aeroportu\u00e1ria e Controlo Fronteiri\u00e7o, decorreu no Aeroporto de Faro sob coordena\u00e7\u00e3o da Unidade Nacional de Estrangeiros e Fronteiras (UNEF) da PSP.\" \/>\n<meta property=\"og:url\" content=\"https:\/\/portaltela.pt\/noticias\/2026\/04\/16\/detida-no-aeroporto-de-faro-com-passaporte-de-outra-pessoa\/\" \/>\n<meta property=\"og:site_name\" content=\"Portal Tela Portugal\" \/>\n<meta property=\"article:published_time\" content=\"2026-04-16T15:32:39+00:00\" \/>\n<meta name=\"author\" content=\"Telinha\" \/>\n<meta name=\"twitter:card\" content=\"summary_large_image\" \/>\n<meta name=\"twitter:label1\" content=\"Escrito por\" \/>\n\t<meta name=\"twitter:data1\" content=\"Telinha\" \/>\n\t<meta name=\"twitter:label2\" content=\"Tempo estimado de leitura\" \/>\n\t<meta name=\"twitter:data2\" content=\"1 minuto\" \/>\n<script type=\"application\/ld+json\" class=\"yoast-schema-graph\">{\"@context\":\"https:\/\/schema.org\",\"@graph\":[{\"@type\":\"Article\",\"@id\":\"https:\/\/portaltela.pt\/noticias\/2026\/04\/16\/detida-no-aeroporto-de-faro-com-passaporte-de-outra-pessoa\/#article\",\"isPartOf\":{\"@id\":\"https:\/\/portaltela.pt\/noticias\/2026\/04\/16\/detida-no-aeroporto-de-faro-com-passaporte-de-outra-pessoa\/\"},\"author\":{\"name\":\"Telinha\",\"@id\":\"https:\/\/portaltela.pt\/#\/schema\/person\/c4278d4a6028830caff9ee44b42d32ed\"},\"headline\":\"Detida no aeroporto de Faro com passaporte de outra pessoa\",\"datePublished\":\"2026-04-16T15:32:39+00:00\",\"mainEntityOfPage\":{\"@id\":\"https:\/\/portaltela.pt\/noticias\/2026\/04\/16\/detida-no-aeroporto-de-faro-com-passaporte-de-outra-pessoa\/\"},\"wordCount\":192,\"image\":{\"@id\":\"https:\/\/portaltela.pt\/noticias\/2026\/04\/16\/detida-no-aeroporto-de-faro-com-passaporte-de-outra-pessoa\/#primaryimage\"},\"thumbnailUrl\":\"https:\/\/portaltela.pt\/s.01k8rhncp4jt1\/2026\/04\/img_1500x1000uu2025-02-26-21-25-00-2195303.jpg\",\"keywords\":[\"aeroportos\",\"falsifica\u00e7\u00e3o de documentos\",\"Faro\",\"passaportes\",\"PSP\",\"UNEF\"],\"articleSection\":[\"Crime\",\"Pol\u00edcia\"],\"inLanguage\":\"pt-PT\"},{\"@type\":\"WebPage\",\"@id\":\"https:\/\/portaltela.pt\/noticias\/2026\/04\/16\/detida-no-aeroporto-de-faro-com-passaporte-de-outra-pessoa\/\",\"url\":\"https:\/\/portaltela.pt\/noticias\/2026\/04\/16\/detida-no-aeroporto-de-faro-com-passaporte-de-outra-pessoa\/\",\"name\":\"Detida no aeroporto de Faro com passaporte de outra pessoa - Portal Tela Portugal\",\"isPartOf\":{\"@id\":\"https:\/\/portaltela.pt\/#website\"},\"primaryImageOfPage\":{\"@id\":\"https:\/\/portaltela.pt\/noticias\/2026\/04\/16\/detida-no-aeroporto-de-faro-com-passaporte-de-outra-pessoa\/#primaryimage\"},\"image\":{\"@id\":\"https:\/\/portaltela.pt\/noticias\/2026\/04\/16\/detida-no-aeroporto-de-faro-com-passaporte-de-outra-pessoa\/#primaryimage\"},\"thumbnailUrl\":\"https:\/\/portaltela.pt\/s.01k8rhncp4jt1\/2026\/04\/img_1500x1000uu2025-02-26-21-25-00-2195303.jpg\",\"datePublished\":\"2026-04-16T15:32:39+00:00\",\"author\":{\"@id\":\"https:\/\/portaltela.pt\/#\/schema\/person\/c4278d4a6028830caff9ee44b42d32ed\"},\"breadcrumb\":{\"@id\":\"https:\/\/portaltela.pt\/noticias\/2026\/04\/16\/detida-no-aeroporto-de-faro-com-passaporte-de-outra-pessoa\/#breadcrumb\"},\"inLanguage\":\"pt-PT\",\"potentialAction\":[{\"@type\":\"ReadAction\",\"target\":[\"https:\/\/portaltela.pt\/noticias\/2026\/04\/16\/detida-no-aeroporto-de-faro-com-passaporte-de-outra-pessoa\/\"]}]},{\"@type\":\"ImageObject\",\"inLanguage\":\"pt-PT\",\"@id\":\"https:\/\/portaltela.pt\/noticias\/2026\/04\/16\/detida-no-aeroporto-de-faro-com-passaporte-de-outra-pessoa\/#primaryimage\",\"url\":\"https:\/\/portaltela.pt\/s.01k8rhncp4jt1\/2026\/04\/img_1500x1000uu2025-02-26-21-25-00-2195303.jpg\",\"contentUrl\":\"https:\/\/portaltela.pt\/s.01k8rhncp4jt1\/2026\/04\/img_1500x1000uu2025-02-26-21-25-00-2195303.jpg\",\"width\":796,\"height\":448,\"caption\":\"PSP no aeroporto\"},{\"@type\":\"BreadcrumbList\",\"@id\":\"https:\/\/portaltela.pt\/noticias\/2026\/04\/16\/detida-no-aeroporto-de-faro-com-passaporte-de-outra-pessoa\/#breadcrumb\",\"itemListElement\":[{\"@type\":\"ListItem\",\"position\":1,\"name\":\"In\u00edcio\",\"item\":\"https:\/\/portaltela.pt\/\"},{\"@type\":\"ListItem\",\"position\":2,\"name\":\"Detida no aeroporto de Faro com passaporte de outra pessoa\"}]},{\"@type\":\"WebSite\",\"@id\":\"https:\/\/portaltela.pt\/#website\",\"url\":\"https:\/\/portaltela.pt\/\",\"name\":\"Portal Tela Portugal\",\"description\":\"\",\"potentialAction\":[{\"@type\":\"SearchAction\",\"target\":{\"@type\":\"EntryPoint\",\"urlTemplate\":\"https:\/\/portaltela.pt\/?s={search_term_string}\"},\"query-input\":{\"@type\":\"PropertyValueSpecification\",\"valueRequired\":true,\"valueName\":\"search_term_string\"}}],\"inLanguage\":\"pt-PT\"},{\"@type\":\"Person\",\"@id\":\"https:\/\/portaltela.pt\/#\/schema\/person\/c4278d4a6028830caff9ee44b42d32ed\",\"name\":\"Telinha\",\"image\":{\"@type\":\"ImageObject\",\"inLanguage\":\"pt-PT\",\"@id\":\"https:\/\/portaltela.pt\/s.01k8rhncp4jt1\/2025\/11\/talking-bot-125x125.png\",\"url\":\"https:\/\/portaltela.pt\/s.01k8rhncp4jt1\/2025\/11\/talking-bot-125x125.png\",\"contentUrl\":\"https:\/\/portaltela.pt\/s.01k8rhncp4jt1\/2025\/11\/talking-bot-125x125.png\",\"caption\":\"Telinha\"},\"sameAs\":[\"https:\/\/portaltela.pt\/\"],\"url\":\"https:\/\/portaltela.pt\/por\/367410592786\/\"}]}<\/script>\n<!-- \/ Yoast SEO plugin. -->","yoast_head_json":{"title":"Detida no aeroporto de Faro com passaporte de outra pessoa - Portal Tela Portugal","robots":{"index":"index","follow":"follow","max-snippet":"max-snippet:-1","max-image-preview":"max-image-preview:large","max-video-preview":"max-video-preview:-1"},"og_locale":"pt_PT","og_type":"article","og_title":"Detida no aeroporto de Faro com passaporte de outra pessoa - Portal Tela Portugal","og_description":"A PSP deteve, no aeroporto de Faro, uma mulher que apresentou um passaporte com a fotografia de outra pessoa. Verifica\u00e7\u00f5es laterais indicaram que o documento continha um carimbo de entrada no espa\u00e7o Schengen, com ind\u00edcios de falsifica\u00e7\u00e3o. A detida admitiu, perante a PSP, que o documento utilizado n\u00e3o era seu, identificando-se com nome e nacionalidade diferentes dos constantes no passaporte exibido. Foi detida pela pr\u00e1tica de falsifica\u00e7\u00e3o de documento e de perman\u00eancia irregular em territ\u00f3rio nacional. A opera\u00e7\u00e3o, da Divis\u00e3o de Seguran\u00e7a Aeroportu\u00e1ria e Controlo Fronteiri\u00e7o, decorreu no Aeroporto de Faro sob coordena\u00e7\u00e3o da Unidade Nacional de Estrangeiros e Fronteiras (UNEF) da PSP.","og_url":"https:\/\/portaltela.pt\/noticias\/2026\/04\/16\/detida-no-aeroporto-de-faro-com-passaporte-de-outra-pessoa\/","og_site_name":"Portal Tela Portugal","article_published_time":"2026-04-16T15:32:39+00:00","author":"Telinha","twitter_card":"summary_large_image","twitter_misc":{"Escrito por":"Telinha","Tempo estimado de leitura":"1 minuto"},"schema":{"@context":"https:\/\/schema.org","@graph":[{"@type":"Article","@id":"https:\/\/portaltela.pt\/noticias\/2026\/04\/16\/detida-no-aeroporto-de-faro-com-passaporte-de-outra-pessoa\/#article","isPartOf":{"@id":"https:\/\/portaltela.pt\/noticias\/2026\/04\/16\/detida-no-aeroporto-de-faro-com-passaporte-de-outra-pessoa\/"},"author":{"name":"Telinha","@id":"https:\/\/portaltela.pt\/#\/schema\/person\/c4278d4a6028830caff9ee44b42d32ed"},"headline":"Detida no aeroporto de Faro com passaporte de outra pessoa","datePublished":"2026-04-16T15:32:39+00:00","mainEntityOfPage":{"@id":"https:\/\/portaltela.pt\/noticias\/2026\/04\/16\/detida-no-aeroporto-de-faro-com-passaporte-de-outra-pessoa\/"},"wordCount":192,"image":{"@id":"https:\/\/portaltela.pt\/noticias\/2026\/04\/16\/detida-no-aeroporto-de-faro-com-passaporte-de-outra-pessoa\/#primaryimage"},"thumbnailUrl":"https:\/\/portaltela.pt\/s.01k8rhncp4jt1\/2026\/04\/img_1500x1000uu2025-02-26-21-25-00-2195303.jpg","keywords":["aeroportos","falsifica\u00e7\u00e3o de documentos","Faro","passaportes","PSP","UNEF"],"articleSection":["Crime","Pol\u00edcia"],"inLanguage":"pt-PT"},{"@type":"WebPage","@id":"https:\/\/portaltela.pt\/noticias\/2026\/04\/16\/detida-no-aeroporto-de-faro-com-passaporte-de-outra-pessoa\/","url":"https:\/\/portaltela.pt\/noticias\/2026\/04\/16\/detida-no-aeroporto-de-faro-com-passaporte-de-outra-pessoa\/","name":"Detida no aeroporto de Faro com passaporte de outra pessoa - Portal Tela Portugal","isPartOf":{"@id":"https:\/\/portaltela.pt\/#website"},"primaryImageOfPage":{"@id":"https:\/\/portaltela.pt\/noticias\/2026\/04\/16\/detida-no-aeroporto-de-faro-com-passaporte-de-outra-pessoa\/#primaryimage"},"image":{"@id":"https:\/\/portaltela.pt\/noticias\/2026\/04\/16\/detida-no-aeroporto-de-faro-com-passaporte-de-outra-pessoa\/#primaryimage"},"thumbnailUrl":"https:\/\/portaltela.pt\/s.01k8rhncp4jt1\/2026\/04\/img_1500x1000uu2025-02-26-21-25-00-2195303.jpg","datePublished":"2026-04-16T15:32:39+00:00","author":{"@id":"https:\/\/portaltela.pt\/#\/schema\/person\/c4278d4a6028830caff9ee44b42d32ed"},"breadcrumb":{"@id":"https:\/\/portaltela.pt\/noticias\/2026\/04\/16\/detida-no-aeroporto-de-faro-com-passaporte-de-outra-pessoa\/#breadcrumb"},"inLanguage":"pt-PT","potentialAction":[{"@type":"ReadAction","target":["https:\/\/portaltela.pt\/noticias\/2026\/04\/16\/detida-no-aeroporto-de-faro-com-passaporte-de-outra-pessoa\/"]}]},{"@type":"ImageObject","inLanguage":"pt-PT","@id":"https:\/\/portaltela.pt\/noticias\/2026\/04\/16\/detida-no-aeroporto-de-faro-com-passaporte-de-outra-pessoa\/#primaryimage","url":"https:\/\/portaltela.pt\/s.01k8rhncp4jt1\/2026\/04\/img_1500x1000uu2025-02-26-21-25-00-2195303.jpg","contentUrl":"https:\/\/portaltela.pt\/s.01k8rhncp4jt1\/2026\/04\/img_1500x1000uu2025-02-26-21-25-00-2195303.jpg","width":796,"height":448,"caption":"PSP no aeroporto"},{"@type":"BreadcrumbList","@id":"https:\/\/portaltela.pt\/noticias\/2026\/04\/16\/detida-no-aeroporto-de-faro-com-passaporte-de-outra-pessoa\/#breadcrumb","itemListElement":[{"@type":"ListItem","position":1,"name":"In\u00edcio","item":"https:\/\/portaltela.pt\/"},{"@type":"ListItem","position":2,"name":"Detida no aeroporto de Faro com passaporte de outra pessoa"}]},{"@type":"WebSite","@id":"https:\/\/portaltela.pt\/#website","url":"https:\/\/portaltela.pt\/","name":"Portal Tela Portugal","description":"","potentialAction":[{"@type":"SearchAction","target":{"@type":"EntryPoint","urlTemplate":"https:\/\/portaltela.pt\/?s={search_term_string}"},"query-input":{"@type":"PropertyValueSpecification","valueRequired":true,"valueName":"search_term_string"}}],"inLanguage":"pt-PT"},{"@type":"Person","@id":"https:\/\/portaltela.pt\/#\/schema\/person\/c4278d4a6028830caff9ee44b42d32ed","name":"Telinha","image":{"@type":"ImageObject","inLanguage":"pt-PT","@id":"https:\/\/portaltela.pt\/s.01k8rhncp4jt1\/2025\/11\/talking-bot-125x125.png","url":"https:\/\/portaltela.pt\/s.01k8rhncp4jt1\/2025\/11\/talking-bot-125x125.png","contentUrl":"https:\/\/portaltela.pt\/s.01k8rhncp4jt1\/2025\/11\/talking-bot-125x125.png","caption":"Telinha"},"sameAs":["https:\/\/portaltela.pt\/"],"url":"https:\/\/portaltela.pt\/por\/367410592786\/"}]}},"_links":{"self":[{"href":"https:\/\/portaltela.pt\/api\/wp\/v2\/posts\/446610","targetHints":{"allow":["GET"]}}],"collection":[{"href":"https:\/\/portaltela.pt\/api\/wp\/v2\/posts"}],"about":[{"href":"https:\/\/portaltela.pt\/api\/wp\/v2\/types\/post"}],"author":[{"embeddable":true,"href":"https:\/\/portaltela.pt\/api\/wp\/v2\/users\/2"}],"replies":[{"embeddable":true,"href":"https:\/\/portaltela.pt\/api\/wp\/v2\/comments?post=446610"}],"version-history":[{"count":0,"href":"https:\/\/portaltela.pt\/api\/wp\/v2\/posts\/446610\/revisions"}],"wp:featuredmedia":[{"embeddable":true,"href":"https:\/\/portaltela.pt\/api\/wp\/v2\/media\/446613"}],"wp:attachment":[{"href":"https:\/\/portaltela.pt\/api\/wp\/v2\/media?parent=446610"}],"wp:term":[{"taxonomy":"category","embeddable":true,"href":"https:\/\/portaltela.pt\/api\/wp\/v2\/categories?post=446610"},{"taxonomy":"post_tag","embeddable":true,"href":"https:\/\/portaltela.pt\/api\/wp\/v2\/tags?post=446610"}],"curies":[{"name":"wp","href":"https:\/\/api.w.org\/{rel}","templated":true}]}}