{"id":446538,"date":"2026-04-16T11:47:26","date_gmt":"2026-04-16T14:47:26","guid":{"rendered":"https:\/\/portaltela.pt\/noticias\/2026\/04\/16\/novas-livrarias-infantis-abrem-mundos-alem-do-papel\/"},"modified":"2026-04-16T11:47:26","modified_gmt":"2026-04-16T14:47:26","slug":"novas-livrarias-infantis-abrem-mundos-alem-do-papel","status":"publish","type":"post","link":"https:\/\/portaltela.pt\/lazer\/2026\/04\/16\/novas-livrarias-infantis-abrem-mundos-alem-do-papel\/","title":{"rendered":"Novas livrarias infantis abrem mundos al\u00e9m do papel"},"content":{"rendered":"<p>Duas empresas de livrarias infantis crescem num cen\u00e1rio de crise no setor, apostando em atividades al\u00e9m da leitura. Al\u00e9m de livros, oferecem oficinas, hora do conto, cafetaria, ludoteca e at\u00e9 tric\u00f4, demonstrando que \u00e9 poss\u00edvel cativar p\u00fablicos com op\u00e7\u00f5es diversificadas. O objetivo \u00e9 atrair fam\u00edlias com propostas acess\u00edveis, mantendo o foco na promo\u00e7\u00e3o de leitura entre crian\u00e7as e adultos.<\/p>\n<p>Estas iniciativas surgem numa altura em que o com\u00e9rcio de rua enfrenta desafios, mas tamb\u00e9m marcam presen\u00e7a com espa\u00e7os mais vers\u00e1teis, onde o p\u00fablico pode passar mais tempo e experimentar experi\u00eancias ligadas ao mundo infantil.<\/p>\n<h3>Passear<\/h3>\n<p>De 24 de abril a 3 de maio, Ericeira recebe a d\u00e9cima edi\u00e7\u00e3o do Festival Internacional do Ouri\u00e7o-do-Mar, criado pelo consultor gastron\u00f3mico Nuno Nobre. O programa inclui chefs ao vivo, sess\u00f5es de ci\u00eancia, jantares e restaurantes aderentes \u00e0 iniciativa. O festival busca dinamizar mercados locais e atrair visitantes \u00e0 vila.<\/p>\n<p>O evento promete uma agenda diversificada, com atividades para fam\u00edlias e interessados em gastronomia, ci\u00eancia e cultura. A organiza\u00e7\u00e3o revela que a aposta \u00e9 promover encontros entre p\u00fablico, produtores e especialistas, fortalecendo a economia local.<\/p>\n<h3>Novidades<\/h3>\n<p>Os criadores do bar Torto, na Baixa do Porto, abriram A Sede, no final de mar\u00e7o, em frente. A cozinha aberta, com ambiente de laborat\u00f3rio, oferece cocktails de autor e petiscos. O espa\u00e7o convida a prolongar as visitas at\u00e9 \u00e0 noite, com uma oferta que privilegia a experi\u00eancia social ao redor da mesa.<\/p>\n<p>A aposta de A Sede passa por um conceito de bar moderno, com carta orientada para partilha. A gest\u00e3o afirma que a proposta pretende atrair tanto moradores como visitantes, criando um ponto de encontro na regi\u00e3o central.<\/p>\n<h3>Vinhos<\/h3>\n<p>A cozinha portuguesa \u00e9 apresentada como orientada \u00e0 partilha, com pratos servidos em travessas generosas em dias festivos. A oferta de sobremesas \u00e9 variada e robusta, acompanhada de vinhos de qualidade para harmonizar. O objetivo \u00e9 valorizar a tradi\u00e7\u00e3o com um toque contempor\u00e2neo.<\/p>\n<h3>Ficar<\/h3>\n<p>No centro do Porto, o Kodawari Flores abriu recentemente na Rua das Flores. O hotel promete uma experi\u00eancia de sono superior, com foco no detalhe para uma noite tranquila. Desde o colch\u00e3o at\u00e9 \u00e0 ilumina\u00e7\u00e3o, tudo \u00e9 pensado para favorecer o descanso.<\/p>\n<p>A proposta de Kodawari Flores envolve um ambiente que privilegia o sil\u00eancio, a organiza\u00e7\u00e3o cuidadosa dos espa\u00e7os e um servi\u00e7o que prioriza o conforto do viajante. A comunica\u00e7\u00e3o aponta para uma experi\u00eancia de hospitalidade centrada no bem-estar.<\/p>\n","protected":false},"excerpt":{"rendered":"<ul>\n<li>As livrarias infantis crescem, oferecendo oficinas, horas do conto, cafetaria, ludoteca e at\u00e9 tric\u00f4, mostrando que v\u00e3o al\u00e9m do papel.<\/li>\n<li>De 24 de abril a 3 de maio, Ericeira recebe a d\u00e9cima edi\u00e7\u00e3o do Festival Internacional do Ouri\u00e7o-do-Mar, com chefs ao vivo, sess\u00f5es de ci\u00eancia, jantares e restaurantes aderentes.<\/li>\n<li>Na Baixa do Porto, o grupo que criou o bar Torto abriu A Sede no final de mar\u00e7o, com cozinha aberta de ar laboratorial, cocktails de autor e petiscos para estender o fim de tarde.<\/li>\n<li>A cozinha portuguesa tende a ser para partilha, com comida servida em travessas e sobremesas variadas, acompanhadas de bons vinhos em dias de festa.<\/li>\n<li>O Kodawari Flores, hotel no centro do Porto, promete a \u201cmelhor noite de sono de sempre\u201d e oferece um ambiente onde o sil\u00eancio \u00e9 cuidado, desde os colch\u00f5es \u00e0 ilumina\u00e7\u00e3o.<\/li>\n<\/ul>\n","protected":false},"author":2,"featured_media":446544,"comment_status":"closed","ping_status":"closed","sticky":false,"template":"","format":"standard","meta":{"footnotes":""},"categories":[7381],"tags":[3953,219,5612,1759,130,982],"class_list":["post-446538","post","type-post","status-publish","format-standard","has-post-thumbnail","hentry","category-lazer","tag-criancas","tag-gastronomia","tag-hoteis","tag-infancia","tag-livros","tag-porto"],"yoast_head":"<!-- This site is optimized with the Yoast SEO plugin v27.2 - https:\/\/yoast.com\/product\/yoast-seo-wordpress\/ -->\n<title>Novas livrarias infantis abrem mundos al\u00e9m do papel - Portal Tela Portugal<\/title>\n<meta name=\"robots\" content=\"index, follow, max-snippet:-1, max-image-preview:large, max-video-preview:-1\" \/>\n<meta property=\"og:locale\" content=\"pt_PT\" \/>\n<meta property=\"og:type\" content=\"article\" \/>\n<meta property=\"og:title\" content=\"Novas livrarias infantis abrem mundos al\u00e9m do papel - Portal Tela Portugal\" \/>\n<meta property=\"og:description\" content=\"As livrarias infantis crescem, oferecendo oficinas, horas do conto, cafetaria, ludoteca e at\u00e9 tric\u00f4, mostrando que v\u00e3o al\u00e9m do papel. De 24 de abril a 3 de maio, Ericeira recebe a d\u00e9cima edi\u00e7\u00e3o do Festival Internacional do Ouri\u00e7o-do-Mar, com chefs ao vivo, sess\u00f5es de ci\u00eancia, jantares e restaurantes aderentes. Na Baixa do Porto, o grupo que criou o bar Torto abriu A Sede no final de mar\u00e7o, com cozinha aberta de ar laboratorial, cocktails de autor e petiscos para estender o fim de tarde. A cozinha portuguesa tende a ser para partilha, com comida servida em travessas e sobremesas variadas, acompanhadas de bons vinhos em dias de festa. O Kodawari Flores, hotel no centro do Porto, promete a \u201cmelhor noite de sono de sempre\u201d e oferece um ambiente onde o sil\u00eancio \u00e9 cuidado, desde os colch\u00f5es \u00e0 ilumina\u00e7\u00e3o.\" \/>\n<meta property=\"og:url\" content=\"https:\/\/portaltela.pt\/noticias\/2026\/04\/16\/novas-livrarias-infantis-abrem-mundos-alem-do-papel\/\" \/>\n<meta property=\"og:site_name\" content=\"Portal Tela Portugal\" \/>\n<meta property=\"article:published_time\" content=\"2026-04-16T14:47:26+00:00\" \/>\n<meta name=\"author\" content=\"Telinha\" \/>\n<meta name=\"twitter:card\" content=\"summary_large_image\" \/>\n<meta name=\"twitter:label1\" content=\"Escrito por\" \/>\n\t<meta name=\"twitter:data1\" content=\"Telinha\" \/>\n\t<meta name=\"twitter:label2\" content=\"Tempo estimado de leitura\" \/>\n\t<meta name=\"twitter:data2\" content=\"2 minutos\" \/>\n<script type=\"application\/ld+json\" class=\"yoast-schema-graph\">{\"@context\":\"https:\/\/schema.org\",\"@graph\":[{\"@type\":\"Article\",\"@id\":\"https:\/\/portaltela.pt\/noticias\/2026\/04\/16\/novas-livrarias-infantis-abrem-mundos-alem-do-papel\/#article\",\"isPartOf\":{\"@id\":\"https:\/\/portaltela.pt\/noticias\/2026\/04\/16\/novas-livrarias-infantis-abrem-mundos-alem-do-papel\/\"},\"author\":{\"name\":\"Telinha\",\"@id\":\"https:\/\/portaltela.pt\/#\/schema\/person\/c4278d4a6028830caff9ee44b42d32ed\"},\"headline\":\"Novas livrarias infantis abrem mundos al\u00e9m do papel\",\"datePublished\":\"2026-04-16T14:47:26+00:00\",\"mainEntityOfPage\":{\"@id\":\"https:\/\/portaltela.pt\/noticias\/2026\/04\/16\/novas-livrarias-infantis-abrem-mundos-alem-do-papel\/\"},\"wordCount\":434,\"image\":{\"@id\":\"https:\/\/portaltela.pt\/noticias\/2026\/04\/16\/novas-livrarias-infantis-abrem-mundos-alem-do-papel\/#primaryimage\"},\"thumbnailUrl\":\"https:\/\/portaltela.pt\/s.01k8rhncp4jt1\/2026\/04\/image-985.jpg\",\"keywords\":[\"crian\u00e7as\",\"gastronomia\",\"hot\u00e9is\",\"inf\u00e2ncia\",\"livros\",\"Porto\"],\"articleSection\":[\"Lazer\"],\"inLanguage\":\"pt-PT\"},{\"@type\":\"WebPage\",\"@id\":\"https:\/\/portaltela.pt\/noticias\/2026\/04\/16\/novas-livrarias-infantis-abrem-mundos-alem-do-papel\/\",\"url\":\"https:\/\/portaltela.pt\/noticias\/2026\/04\/16\/novas-livrarias-infantis-abrem-mundos-alem-do-papel\/\",\"name\":\"Novas livrarias infantis abrem mundos al\u00e9m do papel - Portal Tela Portugal\",\"isPartOf\":{\"@id\":\"https:\/\/portaltela.pt\/#website\"},\"primaryImageOfPage\":{\"@id\":\"https:\/\/portaltela.pt\/noticias\/2026\/04\/16\/novas-livrarias-infantis-abrem-mundos-alem-do-papel\/#primaryimage\"},\"image\":{\"@id\":\"https:\/\/portaltela.pt\/noticias\/2026\/04\/16\/novas-livrarias-infantis-abrem-mundos-alem-do-papel\/#primaryimage\"},\"thumbnailUrl\":\"https:\/\/portaltela.pt\/s.01k8rhncp4jt1\/2026\/04\/image-985.jpg\",\"datePublished\":\"2026-04-16T14:47:26+00:00\",\"author\":{\"@id\":\"https:\/\/portaltela.pt\/#\/schema\/person\/c4278d4a6028830caff9ee44b42d32ed\"},\"breadcrumb\":{\"@id\":\"https:\/\/portaltela.pt\/noticias\/2026\/04\/16\/novas-livrarias-infantis-abrem-mundos-alem-do-papel\/#breadcrumb\"},\"inLanguage\":\"pt-PT\",\"potentialAction\":[{\"@type\":\"ReadAction\",\"target\":[\"https:\/\/portaltela.pt\/noticias\/2026\/04\/16\/novas-livrarias-infantis-abrem-mundos-alem-do-papel\/\"]}]},{\"@type\":\"ImageObject\",\"inLanguage\":\"pt-PT\",\"@id\":\"https:\/\/portaltela.pt\/noticias\/2026\/04\/16\/novas-livrarias-infantis-abrem-mundos-alem-do-papel\/#primaryimage\",\"url\":\"https:\/\/portaltela.pt\/s.01k8rhncp4jt1\/2026\/04\/image-985.jpg\",\"contentUrl\":\"https:\/\/portaltela.pt\/s.01k8rhncp4jt1\/2026\/04\/image-985.jpg\",\"width\":796,\"height\":448,\"caption\":\"Imagem de contexto do artigo Evas\u00f5es \u00e0 sexta: nas novas livrarias infantis, h\u00e1 mundos para l\u00e1 do papel\"},{\"@type\":\"BreadcrumbList\",\"@id\":\"https:\/\/portaltela.pt\/noticias\/2026\/04\/16\/novas-livrarias-infantis-abrem-mundos-alem-do-papel\/#breadcrumb\",\"itemListElement\":[{\"@type\":\"ListItem\",\"position\":1,\"name\":\"In\u00edcio\",\"item\":\"https:\/\/portaltela.pt\/\"},{\"@type\":\"ListItem\",\"position\":2,\"name\":\"Novas livrarias infantis abrem mundos al\u00e9m do papel\"}]},{\"@type\":\"WebSite\",\"@id\":\"https:\/\/portaltela.pt\/#website\",\"url\":\"https:\/\/portaltela.pt\/\",\"name\":\"Portal Tela Portugal\",\"description\":\"\",\"potentialAction\":[{\"@type\":\"SearchAction\",\"target\":{\"@type\":\"EntryPoint\",\"urlTemplate\":\"https:\/\/portaltela.pt\/?s={search_term_string}\"},\"query-input\":{\"@type\":\"PropertyValueSpecification\",\"valueRequired\":true,\"valueName\":\"search_term_string\"}}],\"inLanguage\":\"pt-PT\"},{\"@type\":\"Person\",\"@id\":\"https:\/\/portaltela.pt\/#\/schema\/person\/c4278d4a6028830caff9ee44b42d32ed\",\"name\":\"Telinha\",\"image\":{\"@type\":\"ImageObject\",\"inLanguage\":\"pt-PT\",\"@id\":\"https:\/\/portaltela.pt\/s.01k8rhncp4jt1\/2025\/11\/talking-bot-125x125.png\",\"url\":\"https:\/\/portaltela.pt\/s.01k8rhncp4jt1\/2025\/11\/talking-bot-125x125.png\",\"contentUrl\":\"https:\/\/portaltela.pt\/s.01k8rhncp4jt1\/2025\/11\/talking-bot-125x125.png\",\"caption\":\"Telinha\"},\"sameAs\":[\"https:\/\/portaltela.pt\/\"],\"url\":\"https:\/\/portaltela.pt\/por\/367410592786\/\"}]}<\/script>\n<!-- \/ Yoast SEO plugin. -->","yoast_head_json":{"title":"Novas livrarias infantis abrem mundos al\u00e9m do papel - Portal Tela Portugal","robots":{"index":"index","follow":"follow","max-snippet":"max-snippet:-1","max-image-preview":"max-image-preview:large","max-video-preview":"max-video-preview:-1"},"og_locale":"pt_PT","og_type":"article","og_title":"Novas livrarias infantis abrem mundos al\u00e9m do papel - Portal Tela Portugal","og_description":"As livrarias infantis crescem, oferecendo oficinas, horas do conto, cafetaria, ludoteca e at\u00e9 tric\u00f4, mostrando que v\u00e3o al\u00e9m do papel. De 24 de abril a 3 de maio, Ericeira recebe a d\u00e9cima edi\u00e7\u00e3o do Festival Internacional do Ouri\u00e7o-do-Mar, com chefs ao vivo, sess\u00f5es de ci\u00eancia, jantares e restaurantes aderentes. Na Baixa do Porto, o grupo que criou o bar Torto abriu A Sede no final de mar\u00e7o, com cozinha aberta de ar laboratorial, cocktails de autor e petiscos para estender o fim de tarde. A cozinha portuguesa tende a ser para partilha, com comida servida em travessas e sobremesas variadas, acompanhadas de bons vinhos em dias de festa. O Kodawari Flores, hotel no centro do Porto, promete a \u201cmelhor noite de sono de sempre\u201d e oferece um ambiente onde o sil\u00eancio \u00e9 cuidado, desde os colch\u00f5es \u00e0 ilumina\u00e7\u00e3o.","og_url":"https:\/\/portaltela.pt\/noticias\/2026\/04\/16\/novas-livrarias-infantis-abrem-mundos-alem-do-papel\/","og_site_name":"Portal Tela Portugal","article_published_time":"2026-04-16T14:47:26+00:00","author":"Telinha","twitter_card":"summary_large_image","twitter_misc":{"Escrito por":"Telinha","Tempo estimado de leitura":"2 minutos"},"schema":{"@context":"https:\/\/schema.org","@graph":[{"@type":"Article","@id":"https:\/\/portaltela.pt\/noticias\/2026\/04\/16\/novas-livrarias-infantis-abrem-mundos-alem-do-papel\/#article","isPartOf":{"@id":"https:\/\/portaltela.pt\/noticias\/2026\/04\/16\/novas-livrarias-infantis-abrem-mundos-alem-do-papel\/"},"author":{"name":"Telinha","@id":"https:\/\/portaltela.pt\/#\/schema\/person\/c4278d4a6028830caff9ee44b42d32ed"},"headline":"Novas livrarias infantis abrem mundos al\u00e9m do papel","datePublished":"2026-04-16T14:47:26+00:00","mainEntityOfPage":{"@id":"https:\/\/portaltela.pt\/noticias\/2026\/04\/16\/novas-livrarias-infantis-abrem-mundos-alem-do-papel\/"},"wordCount":434,"image":{"@id":"https:\/\/portaltela.pt\/noticias\/2026\/04\/16\/novas-livrarias-infantis-abrem-mundos-alem-do-papel\/#primaryimage"},"thumbnailUrl":"https:\/\/portaltela.pt\/s.01k8rhncp4jt1\/2026\/04\/image-985.jpg","keywords":["crian\u00e7as","gastronomia","hot\u00e9is","inf\u00e2ncia","livros","Porto"],"articleSection":["Lazer"],"inLanguage":"pt-PT"},{"@type":"WebPage","@id":"https:\/\/portaltela.pt\/noticias\/2026\/04\/16\/novas-livrarias-infantis-abrem-mundos-alem-do-papel\/","url":"https:\/\/portaltela.pt\/noticias\/2026\/04\/16\/novas-livrarias-infantis-abrem-mundos-alem-do-papel\/","name":"Novas livrarias infantis abrem mundos al\u00e9m do papel - Portal Tela Portugal","isPartOf":{"@id":"https:\/\/portaltela.pt\/#website"},"primaryImageOfPage":{"@id":"https:\/\/portaltela.pt\/noticias\/2026\/04\/16\/novas-livrarias-infantis-abrem-mundos-alem-do-papel\/#primaryimage"},"image":{"@id":"https:\/\/portaltela.pt\/noticias\/2026\/04\/16\/novas-livrarias-infantis-abrem-mundos-alem-do-papel\/#primaryimage"},"thumbnailUrl":"https:\/\/portaltela.pt\/s.01k8rhncp4jt1\/2026\/04\/image-985.jpg","datePublished":"2026-04-16T14:47:26+00:00","author":{"@id":"https:\/\/portaltela.pt\/#\/schema\/person\/c4278d4a6028830caff9ee44b42d32ed"},"breadcrumb":{"@id":"https:\/\/portaltela.pt\/noticias\/2026\/04\/16\/novas-livrarias-infantis-abrem-mundos-alem-do-papel\/#breadcrumb"},"inLanguage":"pt-PT","potentialAction":[{"@type":"ReadAction","target":["https:\/\/portaltela.pt\/noticias\/2026\/04\/16\/novas-livrarias-infantis-abrem-mundos-alem-do-papel\/"]}]},{"@type":"ImageObject","inLanguage":"pt-PT","@id":"https:\/\/portaltela.pt\/noticias\/2026\/04\/16\/novas-livrarias-infantis-abrem-mundos-alem-do-papel\/#primaryimage","url":"https:\/\/portaltela.pt\/s.01k8rhncp4jt1\/2026\/04\/image-985.jpg","contentUrl":"https:\/\/portaltela.pt\/s.01k8rhncp4jt1\/2026\/04\/image-985.jpg","width":796,"height":448,"caption":"Imagem de contexto do artigo Evas\u00f5es \u00e0 sexta: nas novas livrarias infantis, h\u00e1 mundos para l\u00e1 do papel"},{"@type":"BreadcrumbList","@id":"https:\/\/portaltela.pt\/noticias\/2026\/04\/16\/novas-livrarias-infantis-abrem-mundos-alem-do-papel\/#breadcrumb","itemListElement":[{"@type":"ListItem","position":1,"name":"In\u00edcio","item":"https:\/\/portaltela.pt\/"},{"@type":"ListItem","position":2,"name":"Novas livrarias infantis abrem mundos al\u00e9m do papel"}]},{"@type":"WebSite","@id":"https:\/\/portaltela.pt\/#website","url":"https:\/\/portaltela.pt\/","name":"Portal Tela Portugal","description":"","potentialAction":[{"@type":"SearchAction","target":{"@type":"EntryPoint","urlTemplate":"https:\/\/portaltela.pt\/?s={search_term_string}"},"query-input":{"@type":"PropertyValueSpecification","valueRequired":true,"valueName":"search_term_string"}}],"inLanguage":"pt-PT"},{"@type":"Person","@id":"https:\/\/portaltela.pt\/#\/schema\/person\/c4278d4a6028830caff9ee44b42d32ed","name":"Telinha","image":{"@type":"ImageObject","inLanguage":"pt-PT","@id":"https:\/\/portaltela.pt\/s.01k8rhncp4jt1\/2025\/11\/talking-bot-125x125.png","url":"https:\/\/portaltela.pt\/s.01k8rhncp4jt1\/2025\/11\/talking-bot-125x125.png","contentUrl":"https:\/\/portaltela.pt\/s.01k8rhncp4jt1\/2025\/11\/talking-bot-125x125.png","caption":"Telinha"},"sameAs":["https:\/\/portaltela.pt\/"],"url":"https:\/\/portaltela.pt\/por\/367410592786\/"}]}},"_links":{"self":[{"href":"https:\/\/portaltela.pt\/api\/wp\/v2\/posts\/446538","targetHints":{"allow":["GET"]}}],"collection":[{"href":"https:\/\/portaltela.pt\/api\/wp\/v2\/posts"}],"about":[{"href":"https:\/\/portaltela.pt\/api\/wp\/v2\/types\/post"}],"author":[{"embeddable":true,"href":"https:\/\/portaltela.pt\/api\/wp\/v2\/users\/2"}],"replies":[{"embeddable":true,"href":"https:\/\/portaltela.pt\/api\/wp\/v2\/comments?post=446538"}],"version-history":[{"count":0,"href":"https:\/\/portaltela.pt\/api\/wp\/v2\/posts\/446538\/revisions"}],"wp:featuredmedia":[{"embeddable":true,"href":"https:\/\/portaltela.pt\/api\/wp\/v2\/media\/446544"}],"wp:attachment":[{"href":"https:\/\/portaltela.pt\/api\/wp\/v2\/media?parent=446538"}],"wp:term":[{"taxonomy":"category","embeddable":true,"href":"https:\/\/portaltela.pt\/api\/wp\/v2\/categories?post=446538"},{"taxonomy":"post_tag","embeddable":true,"href":"https:\/\/portaltela.pt\/api\/wp\/v2\/tags?post=446538"}],"curies":[{"name":"wp","href":"https:\/\/api.w.org\/{rel}","templated":true}]}}